{"id":9766,"date":"2021-09-30T18:00:59","date_gmt":"2021-09-30T16:00:59","guid":{"rendered":"https:\/\/kirche-hettenhausen.de\/site\/?p=9766"},"modified":"2021-10-01T17:20:50","modified_gmt":"2021-10-01T15:20:50","slug":"die-koenigin-spielt-auf","status":"publish","type":"post","link":"https:\/\/www.kirche-hettenhausen.de\/site\/2021\/09\/die-koenigin-spielt-auf\/","title":{"rendered":"Die K\u00f6nigin spielt auf!"},"content":{"rendered":"<h2 style=\"text-align: center;\"><strong><span style=\"color: #db1385;\">Orgelkonzert<\/span><\/strong><\/h2>\n<h3 style=\"text-align: center;\"><span style=\"color: #db1385;\">in der Kirche St. Georg Hettenhausen<\/span><\/h3>\n<h3 style=\"text-align: center;\"><span style=\"color: #db1385;\">mit dem Orgelvirtuosen Filip Presseisen, Krakau<\/span><\/h3>\n<p><!--more--><\/p>\n<h3 style=\"text-align: center;\"><span style=\"color: #db1385;\">Samstag, 25. September 2021, 19:00\u00a0Uhr<\/span><\/h3>\n<p>&nbsp;<\/p>\n<p>&nbsp;<\/p>\n<div id=\"attachment_10114\" style=\"width: 631px\" class=\"wp-caption aligncenter\"><a href=\"https:\/\/www.kirche-hettenhausen.de\/site\/wp-content\/uploads\/2021\/10\/Orgelkonzert-FZ-30.09.2021_1.jpg\"><img loading=\"lazy\" decoding=\"async\" aria-describedby=\"caption-attachment-10114\" class=\"size-full wp-image-10114\" src=\"https:\/\/www.kirche-hettenhausen.de\/site\/wp-content\/uploads\/2021\/10\/Orgelkonzert-FZ-30.09.2021_1.jpg\" alt=\"Orgelprojekt St. Georg\" width=\"621\" height=\"1024\" srcset=\"https:\/\/www.kirche-hettenhausen.de\/site\/wp-content\/uploads\/2021\/10\/Orgelkonzert-FZ-30.09.2021_1.jpg 621w, https:\/\/www.kirche-hettenhausen.de\/site\/wp-content\/uploads\/2021\/10\/Orgelkonzert-FZ-30.09.2021_1-182x300.jpg 182w\" sizes=\"auto, (max-width: 621px) 100vw, 621px\" \/><\/a><p id=\"caption-attachment-10114\" class=\"wp-caption-text\">Fuldaer Zeitung 30.09.2021<\/p><\/div>\n<p>&nbsp;<\/p>\n<h4 style=\"text-align: center;\">Karten f\u00fcr 5,00 \u20ac erh\u00e4ltlich bei Fa. Hermann Ochs, Hauptstra\u00dfe 56, Hettenhausen<br \/>\n(ab 5. September 2021)<\/h4>\n<h4 style=\"text-align: center;\">&#8211; begrenzte Teilnehmerzahl &#8211;<\/h4>\n<h4 style=\"text-align: center;\">Es gelten die aktuellen Corona-Abstands- und Hygieneregeln. Eine Erfassung der Kontaktdaten (Papierform bzw. luca App) ist zwingend erforderlich!<\/h4>\n<h4 style=\"text-align: center;\">Zutritt NUR f\u00fcr Geimpfte, Genesene oder Getestete!<\/h4>\n<h4 style=\"text-align: center;\">Einlass:<strong> ab 18:00 Uhr<\/strong><\/h4>\n<p>&nbsp;<\/p>\n<h4 style=\"text-align: center;\"><img loading=\"lazy\" decoding=\"async\" class=\"aligncenter wp-image-9874 size-large\" src=\"https:\/\/www.kirche-hettenhausen.de\/site\/wp-content\/uploads\/2021\/08\/Orgelkonzert-Plakat-724x1024.jpg\" alt=\"Orgelprojekt St. Georg\" width=\"724\" height=\"1024\" srcset=\"https:\/\/www.kirche-hettenhausen.de\/site\/wp-content\/uploads\/2021\/08\/Orgelkonzert-Plakat-724x1024.jpg 724w, https:\/\/www.kirche-hettenhausen.de\/site\/wp-content\/uploads\/2021\/08\/Orgelkonzert-Plakat-212x300.jpg 212w, https:\/\/www.kirche-hettenhausen.de\/site\/wp-content\/uploads\/2021\/08\/Orgelkonzert-Plakat-768x1086.jpg 768w, https:\/\/www.kirche-hettenhausen.de\/site\/wp-content\/uploads\/2021\/08\/Orgelkonzert-Plakat-1086x1536.jpg 1086w, https:\/\/www.kirche-hettenhausen.de\/site\/wp-content\/uploads\/2021\/08\/Orgelkonzert-Plakat.jpg 1414w\" sizes=\"auto, (max-width: 724px) 100vw, 724px\" \/><\/h4>\n<h4><\/h4>\n<h4><\/h4>\n<p>&nbsp;<\/p>\n<h4><span style=\"color: #db1385;\">Restaurierung &amp; Rekonstruktion der Orgel abgeschlossen<\/span><\/h4>\n<p>F\u00fcr Sonntag, den 1. November im vergangenen Jahr konnte der Kirchenvorstand zur Vorstellung der restaurierten und rekonstruierten Orgel in unsere Kirche einladen. Wir mussten allerdings noch mit dem Umstand leben, dass nicht alle Register einsetzbar waren. Vor allem die vielen Spender und Spenderinnen haben es aber verdient, dass die Orgel in ihrem originalen Klang, die der Orgelbauer Adam Eifert dem Instrument im Jahr 1879 gegeben hatte, vorgestellt wird.<\/p>\n<p>Die Verz\u00f6gerungen beim Abschluss der letzten Arbeiten der Orgelbauer konnten schnell behoben werden. Von Klaus Vogt, Orgelsachverst\u00e4ndiger der Landeskirche, war aber noch kritisch angemerkt worden, dass der lange Weg, den der \u201eWind\u201c f\u00fcr die 1000 Pfeifen von dem restaurierten und wieder in Betrieb gesetzten originalen \u201eDoppelfaltenmagazinbalg\u201c im Turm der Kirche bis zur Orgel nehmen muss, der Orgel zwar nicht die Luft nimmt, aber zu \u201eWindst\u00f6\u00dfigkeit\u201c f\u00fchrt. Auch das konnte der Restaurator, Orgelbaumeister Andreas Hahn, durch einen klugen Eingriff l\u00f6sen.<\/p>\n<p>&nbsp;<\/p>\n<h4><span style=\"color: #db1385;\">Der lange Weg zum Erfolg<\/span><\/h4>\n<p>Bereits im Jahr 2008 hatte der Orgelsachverst\u00e4ndige die Landesdenkmalpflege \u00fcber unsere Orgel informiert. Er schrieb damals: \u201eEs kann kein Zweifel daran bestehen, dass die Eifert-Orgel in Hettenhausen zum erhaltenswerten Kulturgut gez\u00e4hlt werden muss und damit eine denkmalgerechte Behandlung erfahren sollte.\u201c<\/p>\n<p>Im Januar 2019 rief der Kirchenvorstand die Vereine in der Kirchengemeinde Hettenhausen, die Ortsbeir\u00e4te und interessierte B\u00fcrgerinnen und B\u00fcrger dazu auf, die Restaurierung unserer Orgel, \u201edie unser aller Interesse bedarf\u201c, zu unterst\u00fctzen. Daraufhin wurde aus der Mitte der Gemeinde Hettenhausen und dem Vorstand der Kirchengemeinde das <strong>Orgelprojekt St. Georg Hettenhausen<\/strong> gegr\u00fcndet. Damit nahm eine Kampagne ihren Anfang, die in weniger als zwei Jahren zum Erfolg gef\u00fchrt werden konnte.<\/p>\n<p>&nbsp;<\/p>\n<h4><span style=\"color: #db1385;\">Einladung zu einem Orgelkonzert<\/span><\/h4>\n<div id=\"attachment_9768\" style=\"width: 210px\" class=\"wp-caption alignleft\"><img loading=\"lazy\" decoding=\"async\" aria-describedby=\"caption-attachment-9768\" class=\"wp-image-9768 size-medium\" src=\"https:\/\/www.kirche-hettenhausen.de\/site\/wp-content\/uploads\/2021\/07\/Presseisen-Filip_1-200x300.jpg\" alt=\"\" width=\"200\" height=\"300\" srcset=\"https:\/\/www.kirche-hettenhausen.de\/site\/wp-content\/uploads\/2021\/07\/Presseisen-Filip_1-200x300.jpg 200w, https:\/\/www.kirche-hettenhausen.de\/site\/wp-content\/uploads\/2021\/07\/Presseisen-Filip_1.jpg 683w\" sizes=\"auto, (max-width: 200px) 100vw, 200px\" \/><p id=\"caption-attachment-9768\" class=\"wp-caption-text\">Filip Presseisen, Krakau<\/p><\/div>\n<p>In einem Gespr\u00e4chskonzert wird Filip Presseisen im ersten Teil mit Improvisationen demonstrieren, wozu die tausend Pfeifen, die siebzehn Registern zugeordnet sind, \u00fcber die unsere Orgel verf\u00fcgt, musikalisch f\u00e4hig sind. Besondere Bedeutung wird dabei der romantische Klang haben, den der Orgelbauer dem Instrument im Jahr 1879 gegeben hat. Die Restauratoren haben darauf hingewiesen, dass unsere Orgel eine der fr\u00fchen Orgeln ist, die diesen romantischen Klangvorstellungen folgen.<\/p>\n<p>Im zweiten Teil des Konzertes h\u00f6ren wir Werke von Johann Sebastian Bach und Felix Mendelssohn Bartholdy sowie weitere Werke, die erl\u00e4uternd vorgestellt werden.<\/p>\n<p>Filip Presseisen, der u. a. im nahen W\u00fcrzburg studiert hat, erhielt neben vielen Auszeichnungen auch einen ersten Preis f\u00fcr die Begleitung von Stummfilmen im Kino Babylon in Berlin.<\/p>\n<p>&nbsp;<\/p>\n<p>&nbsp;<\/p>\n<p>Zur Zeit des Abschlusses der Orgelrestaurierung wurde der Zusammenschluss der Kirchengemeinden Hettenhausen und Dalherda vorbereitet. Jetzt r\u00fccken deren Kirchen und das Melanchthonhaus als Orte der Musik in den Blick. Die Gemeinde ist eingeladen, diese Orte bei Gelegenheiten wie der des Konzerts am 25. September kennenzulernen.<\/p>\n<p>&nbsp;<\/p>\n<p style=\"text-align: right;\">(Simone Ke\u00dfler, Edzard Kr\u00fcckeberg, Eckard W\u00f6rner)<\/p>\n<p>&nbsp;<\/p>\n<p>&nbsp;<\/p>\n<p>Das Konzert wird gef\u00f6rdert vom <img loading=\"lazy\" decoding=\"async\" class=\"alignnone wp-image-9815 size-medium\" src=\"https:\/\/www.kirche-hettenhausen.de\/site\/wp-content\/uploads\/2021\/07\/Logo_farbe_KultursommerMainKinzigFulda-300x150.png\" alt=\"\" width=\"300\" height=\"150\" srcset=\"https:\/\/www.kirche-hettenhausen.de\/site\/wp-content\/uploads\/2021\/07\/Logo_farbe_KultursommerMainKinzigFulda-300x150.png 300w, https:\/\/www.kirche-hettenhausen.de\/site\/wp-content\/uploads\/2021\/07\/Logo_farbe_KultursommerMainKinzigFulda-1024x512.png 1024w, https:\/\/www.kirche-hettenhausen.de\/site\/wp-content\/uploads\/2021\/07\/Logo_farbe_KultursommerMainKinzigFulda-768x384.png 768w, https:\/\/www.kirche-hettenhausen.de\/site\/wp-content\/uploads\/2021\/07\/Logo_farbe_KultursommerMainKinzigFulda-1536x768.png 1536w, https:\/\/www.kirche-hettenhausen.de\/site\/wp-content\/uploads\/2021\/07\/Logo_farbe_KultursommerMainKinzigFulda.png 1890w\" sizes=\"auto, (max-width: 300px) 100vw, 300px\" \/><\/p>\n<p>&nbsp;<\/p>\n<p>&nbsp;<\/p>\n<p style=\"text-align: right;\">\u00a0(mf)<\/p>\n","protected":false},"excerpt":{"rendered":"<p>Orgelkonzert in der Kirche St. Georg Hettenhausen mit dem Orgelvirtuosen Filip Presseisen, Krakau<\/p>\n","protected":false},"author":2,"featured_media":10114,"comment_status":"closed","ping_status":"closed","sticky":false,"template":"","format":"standard","meta":{"footnotes":""},"categories":[129,22,23,17,25],"tags":[15,128,36,38,34,39],"class_list":["post-9766","post","type-post","status-publish","format-standard","has-post-thumbnail","hentry","category-hettenhausen","category-kirche-st-georg","category-kirchenmusik","category-orgelprojekt-st-georg","category-veranstaltungen","tag-adam-eifert-orgel","tag-hettenhausen","tag-musik","tag-orgelprojekt-st-georg","tag-pfarrkirche-st-georg","tag-veranstaltungen"],"yoast_head":"<!-- This site is optimized with the Yoast SEO plugin v27.4 - https:\/\/yoast.com\/product\/yoast-seo-wordpress\/ -->\n<title>Die K\u00f6nigin spielt auf! - Ev.-luth. Kirchengemeinde Hettenhausen - Dalherda<\/title>\n<meta name=\"description\" content=\"Ev.-luth. Kirchengemeinde Hettenhausen - Dalherda - Orgelprojekt St. Georg - Die K\u00f6nigin spielt auf! -\" \/>\n<meta name=\"robots\" content=\"index, follow, max-snippet:-1, max-image-preview:large, max-video-preview:-1\" \/>\n<link rel=\"canonical\" href=\"https:\/\/www.kirche-hettenhausen.de\/site\/2021\/09\/die-koenigin-spielt-auf\/\" \/>\n<meta property=\"og:locale\" content=\"de_DE\" \/>\n<meta property=\"og:type\" content=\"article\" \/>\n<meta property=\"og:title\" content=\"Die K\u00f6nigin spielt auf! - Ev.-luth. Kirchengemeinde Hettenhausen - Dalherda\" \/>\n<meta property=\"og:description\" content=\"Ev.-luth. Kirchengemeinde Hettenhausen - Dalherda - Orgelprojekt St. Georg - Die K\u00f6nigin spielt auf! -\" \/>\n<meta property=\"og:url\" content=\"https:\/\/www.kirche-hettenhausen.de\/site\/2021\/09\/die-koenigin-spielt-auf\/\" \/>\n<meta property=\"og:site_name\" content=\"Ev.-luth. Kirchengemeinde Hettenhausen - Dalherda\" \/>\n<meta property=\"article:published_time\" content=\"2021-09-30T16:00:59+00:00\" \/>\n<meta property=\"article:modified_time\" content=\"2021-10-01T15:20:50+00:00\" \/>\n<meta property=\"og:image\" content=\"https:\/\/www.kirche-hettenhausen.de\/site\/wp-content\/uploads\/2021\/10\/Orgelkonzert-FZ-30.09.2021_1.jpg\" \/>\n\t<meta property=\"og:image:width\" content=\"621\" \/>\n\t<meta property=\"og:image:height\" content=\"1024\" \/>\n\t<meta property=\"og:image:type\" content=\"image\/jpeg\" \/>\n<meta name=\"author\" content=\"Marion Friedrich\" \/>\n<meta name=\"twitter:card\" content=\"summary_large_image\" \/>\n<meta name=\"twitter:label1\" content=\"Verfasst von\" \/>\n\t<meta name=\"twitter:data1\" content=\"Marion Friedrich\" \/>\n\t<meta name=\"twitter:label2\" content=\"Gesch\u00e4tzte Lesezeit\" \/>\n\t<meta name=\"twitter:data2\" content=\"3\u00a0Minuten\" \/>\n<script type=\"application\/ld+json\" class=\"yoast-schema-graph\">{\"@context\":\"https:\\\/\\\/schema.org\",\"@graph\":[{\"@type\":\"Article\",\"@id\":\"https:\\\/\\\/www.kirche-hettenhausen.de\\\/site\\\/2021\\\/09\\\/die-koenigin-spielt-auf\\\/#article\",\"isPartOf\":{\"@id\":\"https:\\\/\\\/www.kirche-hettenhausen.de\\\/site\\\/2021\\\/09\\\/die-koenigin-spielt-auf\\\/\"},\"author\":{\"name\":\"Marion Friedrich\",\"@id\":\"https:\\\/\\\/www.kirche-hettenhausen.de\\\/site\\\/#\\\/schema\\\/person\\\/7740d89d8f816da861ece2b378a21c57\"},\"headline\":\"Die K\u00f6nigin spielt auf!\",\"datePublished\":\"2021-09-30T16:00:59+00:00\",\"dateModified\":\"2021-10-01T15:20:50+00:00\",\"mainEntityOfPage\":{\"@id\":\"https:\\\/\\\/www.kirche-hettenhausen.de\\\/site\\\/2021\\\/09\\\/die-koenigin-spielt-auf\\\/\"},\"wordCount\":565,\"image\":{\"@id\":\"https:\\\/\\\/www.kirche-hettenhausen.de\\\/site\\\/2021\\\/09\\\/die-koenigin-spielt-auf\\\/#primaryimage\"},\"thumbnailUrl\":\"https:\\\/\\\/www.kirche-hettenhausen.de\\\/site\\\/wp-content\\\/uploads\\\/2021\\\/10\\\/Orgelkonzert-FZ-30.09.2021_1.jpg\",\"keywords\":[\"Adam-Eifert-Orgel\",\"Hettenhausen\",\"Musik\",\"Orgelprojekt St. Georg\",\"Pfarrkirche St. Georg\",\"Veranstaltungen\"],\"articleSection\":[\"Hettenhausen\",\"Kirche St. Georg\",\"Kirchenmusik\",\"Orgelprojekt St. Georg\",\"Veranstaltungen\"],\"inLanguage\":\"de\"},{\"@type\":\"WebPage\",\"@id\":\"https:\\\/\\\/www.kirche-hettenhausen.de\\\/site\\\/2021\\\/09\\\/die-koenigin-spielt-auf\\\/\",\"url\":\"https:\\\/\\\/www.kirche-hettenhausen.de\\\/site\\\/2021\\\/09\\\/die-koenigin-spielt-auf\\\/\",\"name\":\"Die K\u00f6nigin spielt auf! - Ev.-luth. Kirchengemeinde Hettenhausen - Dalherda\",\"isPartOf\":{\"@id\":\"https:\\\/\\\/www.kirche-hettenhausen.de\\\/site\\\/#website\"},\"primaryImageOfPage\":{\"@id\":\"https:\\\/\\\/www.kirche-hettenhausen.de\\\/site\\\/2021\\\/09\\\/die-koenigin-spielt-auf\\\/#primaryimage\"},\"image\":{\"@id\":\"https:\\\/\\\/www.kirche-hettenhausen.de\\\/site\\\/2021\\\/09\\\/die-koenigin-spielt-auf\\\/#primaryimage\"},\"thumbnailUrl\":\"https:\\\/\\\/www.kirche-hettenhausen.de\\\/site\\\/wp-content\\\/uploads\\\/2021\\\/10\\\/Orgelkonzert-FZ-30.09.2021_1.jpg\",\"datePublished\":\"2021-09-30T16:00:59+00:00\",\"dateModified\":\"2021-10-01T15:20:50+00:00\",\"author\":{\"@id\":\"https:\\\/\\\/www.kirche-hettenhausen.de\\\/site\\\/#\\\/schema\\\/person\\\/7740d89d8f816da861ece2b378a21c57\"},\"description\":\"Ev.-luth. Kirchengemeinde Hettenhausen - Dalherda - Orgelprojekt St. Georg - Die K\u00f6nigin spielt auf! -\",\"breadcrumb\":{\"@id\":\"https:\\\/\\\/www.kirche-hettenhausen.de\\\/site\\\/2021\\\/09\\\/die-koenigin-spielt-auf\\\/#breadcrumb\"},\"inLanguage\":\"de\",\"potentialAction\":[{\"@type\":\"ReadAction\",\"target\":[\"https:\\\/\\\/www.kirche-hettenhausen.de\\\/site\\\/2021\\\/09\\\/die-koenigin-spielt-auf\\\/\"]}]},{\"@type\":\"ImageObject\",\"inLanguage\":\"de\",\"@id\":\"https:\\\/\\\/www.kirche-hettenhausen.de\\\/site\\\/2021\\\/09\\\/die-koenigin-spielt-auf\\\/#primaryimage\",\"url\":\"https:\\\/\\\/www.kirche-hettenhausen.de\\\/site\\\/wp-content\\\/uploads\\\/2021\\\/10\\\/Orgelkonzert-FZ-30.09.2021_1.jpg\",\"contentUrl\":\"https:\\\/\\\/www.kirche-hettenhausen.de\\\/site\\\/wp-content\\\/uploads\\\/2021\\\/10\\\/Orgelkonzert-FZ-30.09.2021_1.jpg\",\"width\":621,\"height\":1024,\"caption\":\"Fuldaer Zeitung 30.09.2021\"},{\"@type\":\"BreadcrumbList\",\"@id\":\"https:\\\/\\\/www.kirche-hettenhausen.de\\\/site\\\/2021\\\/09\\\/die-koenigin-spielt-auf\\\/#breadcrumb\",\"itemListElement\":[{\"@type\":\"ListItem\",\"position\":1,\"name\":\"Startseite\",\"item\":\"https:\\\/\\\/www.kirche-hettenhausen.de\\\/site\\\/\"},{\"@type\":\"ListItem\",\"position\":2,\"name\":\"Die K\u00f6nigin spielt auf!\"}]},{\"@type\":\"WebSite\",\"@id\":\"https:\\\/\\\/www.kirche-hettenhausen.de\\\/site\\\/#website\",\"url\":\"https:\\\/\\\/www.kirche-hettenhausen.de\\\/site\\\/\",\"name\":\"Ev.-luth. Kirchengemeinde Hettenhausen - Dalherda\",\"description\":\"Homepage der Ev.-luth. Kirchengemeinde Hettenhausen - Dalherda\",\"potentialAction\":[{\"@type\":\"SearchAction\",\"target\":{\"@type\":\"EntryPoint\",\"urlTemplate\":\"https:\\\/\\\/www.kirche-hettenhausen.de\\\/site\\\/?s={search_term_string}\"},\"query-input\":{\"@type\":\"PropertyValueSpecification\",\"valueRequired\":true,\"valueName\":\"search_term_string\"}}],\"inLanguage\":\"de\"},{\"@type\":\"Person\",\"@id\":\"https:\\\/\\\/www.kirche-hettenhausen.de\\\/site\\\/#\\\/schema\\\/person\\\/7740d89d8f816da861ece2b378a21c57\",\"name\":\"Marion Friedrich\",\"url\":\"https:\\\/\\\/www.kirche-hettenhausen.de\\\/site\\\/author\\\/m-friedrichkirche-hettenhausen-de\\\/\"}]}<\/script>\n<!-- \/ Yoast SEO plugin. -->","yoast_head_json":{"title":"Die K\u00f6nigin spielt auf! - Ev.-luth. Kirchengemeinde Hettenhausen - Dalherda","description":"Ev.-luth. Kirchengemeinde Hettenhausen - Dalherda - Orgelprojekt St. Georg - Die K\u00f6nigin spielt auf! -","robots":{"index":"index","follow":"follow","max-snippet":"max-snippet:-1","max-image-preview":"max-image-preview:large","max-video-preview":"max-video-preview:-1"},"canonical":"https:\/\/www.kirche-hettenhausen.de\/site\/2021\/09\/die-koenigin-spielt-auf\/","og_locale":"de_DE","og_type":"article","og_title":"Die K\u00f6nigin spielt auf! - Ev.-luth. Kirchengemeinde Hettenhausen - Dalherda","og_description":"Ev.-luth. Kirchengemeinde Hettenhausen - Dalherda - Orgelprojekt St. Georg - Die K\u00f6nigin spielt auf! -","og_url":"https:\/\/www.kirche-hettenhausen.de\/site\/2021\/09\/die-koenigin-spielt-auf\/","og_site_name":"Ev.-luth. Kirchengemeinde Hettenhausen - Dalherda","article_published_time":"2021-09-30T16:00:59+00:00","article_modified_time":"2021-10-01T15:20:50+00:00","og_image":[{"width":621,"height":1024,"url":"https:\/\/www.kirche-hettenhausen.de\/site\/wp-content\/uploads\/2021\/10\/Orgelkonzert-FZ-30.09.2021_1.jpg","type":"image\/jpeg"}],"author":"Marion Friedrich","twitter_card":"summary_large_image","twitter_misc":{"Verfasst von":"Marion Friedrich","Gesch\u00e4tzte Lesezeit":"3\u00a0Minuten"},"schema":{"@context":"https:\/\/schema.org","@graph":[{"@type":"Article","@id":"https:\/\/www.kirche-hettenhausen.de\/site\/2021\/09\/die-koenigin-spielt-auf\/#article","isPartOf":{"@id":"https:\/\/www.kirche-hettenhausen.de\/site\/2021\/09\/die-koenigin-spielt-auf\/"},"author":{"name":"Marion Friedrich","@id":"https:\/\/www.kirche-hettenhausen.de\/site\/#\/schema\/person\/7740d89d8f816da861ece2b378a21c57"},"headline":"Die K\u00f6nigin spielt auf!","datePublished":"2021-09-30T16:00:59+00:00","dateModified":"2021-10-01T15:20:50+00:00","mainEntityOfPage":{"@id":"https:\/\/www.kirche-hettenhausen.de\/site\/2021\/09\/die-koenigin-spielt-auf\/"},"wordCount":565,"image":{"@id":"https:\/\/www.kirche-hettenhausen.de\/site\/2021\/09\/die-koenigin-spielt-auf\/#primaryimage"},"thumbnailUrl":"https:\/\/www.kirche-hettenhausen.de\/site\/wp-content\/uploads\/2021\/10\/Orgelkonzert-FZ-30.09.2021_1.jpg","keywords":["Adam-Eifert-Orgel","Hettenhausen","Musik","Orgelprojekt St. Georg","Pfarrkirche St. Georg","Veranstaltungen"],"articleSection":["Hettenhausen","Kirche St. Georg","Kirchenmusik","Orgelprojekt St. Georg","Veranstaltungen"],"inLanguage":"de"},{"@type":"WebPage","@id":"https:\/\/www.kirche-hettenhausen.de\/site\/2021\/09\/die-koenigin-spielt-auf\/","url":"https:\/\/www.kirche-hettenhausen.de\/site\/2021\/09\/die-koenigin-spielt-auf\/","name":"Die K\u00f6nigin spielt auf! - Ev.-luth. Kirchengemeinde Hettenhausen - Dalherda","isPartOf":{"@id":"https:\/\/www.kirche-hettenhausen.de\/site\/#website"},"primaryImageOfPage":{"@id":"https:\/\/www.kirche-hettenhausen.de\/site\/2021\/09\/die-koenigin-spielt-auf\/#primaryimage"},"image":{"@id":"https:\/\/www.kirche-hettenhausen.de\/site\/2021\/09\/die-koenigin-spielt-auf\/#primaryimage"},"thumbnailUrl":"https:\/\/www.kirche-hettenhausen.de\/site\/wp-content\/uploads\/2021\/10\/Orgelkonzert-FZ-30.09.2021_1.jpg","datePublished":"2021-09-30T16:00:59+00:00","dateModified":"2021-10-01T15:20:50+00:00","author":{"@id":"https:\/\/www.kirche-hettenhausen.de\/site\/#\/schema\/person\/7740d89d8f816da861ece2b378a21c57"},"description":"Ev.-luth. Kirchengemeinde Hettenhausen - Dalherda - Orgelprojekt St. Georg - Die K\u00f6nigin spielt auf! -","breadcrumb":{"@id":"https:\/\/www.kirche-hettenhausen.de\/site\/2021\/09\/die-koenigin-spielt-auf\/#breadcrumb"},"inLanguage":"de","potentialAction":[{"@type":"ReadAction","target":["https:\/\/www.kirche-hettenhausen.de\/site\/2021\/09\/die-koenigin-spielt-auf\/"]}]},{"@type":"ImageObject","inLanguage":"de","@id":"https:\/\/www.kirche-hettenhausen.de\/site\/2021\/09\/die-koenigin-spielt-auf\/#primaryimage","url":"https:\/\/www.kirche-hettenhausen.de\/site\/wp-content\/uploads\/2021\/10\/Orgelkonzert-FZ-30.09.2021_1.jpg","contentUrl":"https:\/\/www.kirche-hettenhausen.de\/site\/wp-content\/uploads\/2021\/10\/Orgelkonzert-FZ-30.09.2021_1.jpg","width":621,"height":1024,"caption":"Fuldaer Zeitung 30.09.2021"},{"@type":"BreadcrumbList","@id":"https:\/\/www.kirche-hettenhausen.de\/site\/2021\/09\/die-koenigin-spielt-auf\/#breadcrumb","itemListElement":[{"@type":"ListItem","position":1,"name":"Startseite","item":"https:\/\/www.kirche-hettenhausen.de\/site\/"},{"@type":"ListItem","position":2,"name":"Die K\u00f6nigin spielt auf!"}]},{"@type":"WebSite","@id":"https:\/\/www.kirche-hettenhausen.de\/site\/#website","url":"https:\/\/www.kirche-hettenhausen.de\/site\/","name":"Ev.-luth. Kirchengemeinde Hettenhausen - Dalherda","description":"Homepage der Ev.-luth. Kirchengemeinde Hettenhausen - Dalherda","potentialAction":[{"@type":"SearchAction","target":{"@type":"EntryPoint","urlTemplate":"https:\/\/www.kirche-hettenhausen.de\/site\/?s={search_term_string}"},"query-input":{"@type":"PropertyValueSpecification","valueRequired":true,"valueName":"search_term_string"}}],"inLanguage":"de"},{"@type":"Person","@id":"https:\/\/www.kirche-hettenhausen.de\/site\/#\/schema\/person\/7740d89d8f816da861ece2b378a21c57","name":"Marion Friedrich","url":"https:\/\/www.kirche-hettenhausen.de\/site\/author\/m-friedrichkirche-hettenhausen-de\/"}]}},"_links":{"self":[{"href":"https:\/\/www.kirche-hettenhausen.de\/site\/wp-json\/wp\/v2\/posts\/9766","targetHints":{"allow":["GET"]}}],"collection":[{"href":"https:\/\/www.kirche-hettenhausen.de\/site\/wp-json\/wp\/v2\/posts"}],"about":[{"href":"https:\/\/www.kirche-hettenhausen.de\/site\/wp-json\/wp\/v2\/types\/post"}],"author":[{"embeddable":true,"href":"https:\/\/www.kirche-hettenhausen.de\/site\/wp-json\/wp\/v2\/users\/2"}],"replies":[{"embeddable":true,"href":"https:\/\/www.kirche-hettenhausen.de\/site\/wp-json\/wp\/v2\/comments?post=9766"}],"version-history":[{"count":37,"href":"https:\/\/www.kirche-hettenhausen.de\/site\/wp-json\/wp\/v2\/posts\/9766\/revisions"}],"predecessor-version":[{"id":10118,"href":"https:\/\/www.kirche-hettenhausen.de\/site\/wp-json\/wp\/v2\/posts\/9766\/revisions\/10118"}],"wp:featuredmedia":[{"embeddable":true,"href":"https:\/\/www.kirche-hettenhausen.de\/site\/wp-json\/wp\/v2\/media\/10114"}],"wp:attachment":[{"href":"https:\/\/www.kirche-hettenhausen.de\/site\/wp-json\/wp\/v2\/media?parent=9766"}],"wp:term":[{"taxonomy":"category","embeddable":true,"href":"https:\/\/www.kirche-hettenhausen.de\/site\/wp-json\/wp\/v2\/categories?post=9766"},{"taxonomy":"post_tag","embeddable":true,"href":"https:\/\/www.kirche-hettenhausen.de\/site\/wp-json\/wp\/v2\/tags?post=9766"}],"curies":[{"name":"wp","href":"https:\/\/api.w.org\/{rel}","templated":true}]}}