{"id":8843,"date":"2021-06-03T17:10:57","date_gmt":"2021-06-03T15:10:57","guid":{"rendered":"https:\/\/kirche-hettenhausen.de\/site\/?p=8843"},"modified":"2021-07-01T13:32:09","modified_gmt":"2021-07-01T11:32:09","slug":"zeltplatz-am-hauck","status":"publish","type":"post","link":"https:\/\/www.kirche-hettenhausen.de\/site\/2021\/06\/zeltplatz-am-hauck\/","title":{"rendered":"Zeltplatz am Hauck"},"content":{"rendered":"<p>Sie suchen einen idyllischen Ort f\u00fcr die Veranstaltung des Zeltlagers f\u00fcr Ihre Jugendgruppe, Ihrer Sommerfreizeit oder Ihres Ferienlagers? Wir hei\u00dfen Sie auf unserem Zeltplatz am Hauck inmitten der Rh\u00f6n herzlich willkommen!<\/p>\n<p>Wir freuen uns, dass wir unseren Jugendzeltplatz in Dalherda zum 1. Juli 2021 wieder f\u00fcr Gruppen \u00f6ffnen k\u00f6nnen! M\u00f6glich gemacht hat das die Ausarbeitung eines umfangreichen Hygienekonzeptes.<\/p>\n<p>Au\u00dferdem haben wir die Zeit genutzt, um dem digitalen Auftritt unseres Zeltplatzes einen neuen und modernen Anstrich zu verpassen. Ab sofort finden Sie alle Informationen zum Zeltplatz am Hauck bei uns unter<\/p>\n<p><a href=\"https:\/\/www.kirche-hettenhausen.de\/site\/einrichtungen\/zeltplatz-am-hauck\/\"><img loading=\"lazy\" decoding=\"async\" class=\"aligncenter wp-image-9499 size-thumbnail\" src=\"https:\/\/www.kirche-hettenhausen.de\/site\/wp-content\/uploads\/2021\/06\/QR-Code-Zeltplatz-am-Hauck-150x150.png\" alt=\"Zeltplatz Dalherda\" width=\"150\" height=\"150\" srcset=\"https:\/\/www.kirche-hettenhausen.de\/site\/wp-content\/uploads\/2021\/06\/QR-Code-Zeltplatz-am-Hauck-150x150.png 150w, https:\/\/www.kirche-hettenhausen.de\/site\/wp-content\/uploads\/2021\/06\/QR-Code-Zeltplatz-am-Hauck-300x300.png 300w, https:\/\/www.kirche-hettenhausen.de\/site\/wp-content\/uploads\/2021\/06\/QR-Code-Zeltplatz-am-Hauck-1024x1024.png 1024w, https:\/\/www.kirche-hettenhausen.de\/site\/wp-content\/uploads\/2021\/06\/QR-Code-Zeltplatz-am-Hauck-768x768.png 768w, https:\/\/www.kirche-hettenhausen.de\/site\/wp-content\/uploads\/2021\/06\/QR-Code-Zeltplatz-am-Hauck-1536x1536.png 1536w, https:\/\/www.kirche-hettenhausen.de\/site\/wp-content\/uploads\/2021\/06\/QR-Code-Zeltplatz-am-Hauck-2048x2048.png 2048w, https:\/\/www.kirche-hettenhausen.de\/site\/wp-content\/uploads\/2021\/06\/QR-Code-Zeltplatz-am-Hauck-260x260.png 260w, https:\/\/www.kirche-hettenhausen.de\/site\/wp-content\/uploads\/2021\/06\/QR-Code-Zeltplatz-am-Hauck-65x65.png 65w\" sizes=\"auto, (max-width: 150px) 100vw, 150px\" \/><\/a><\/p>\n<h4 style=\"text-align: center;\"><strong><a href=\"https:\/\/www.kirche-hettenhausen.de\/site\/einrichtungen\/zeltplatz-am-hauck\/\" rel=\"noopener\">zeltplatz.www.kirche-hettenhausen.de<\/a><\/strong><\/h4>\n<p>&nbsp;<\/p>\n<p>Schauen Sie doch einfach mal vorbei!<\/p>\n","protected":false},"excerpt":{"rendered":"<p>Sie suchen einen idyllischen Ort f\u00fcr die Veranstaltung des Zeltlagers f\u00fcr Ihre Jugendgruppe, Ihrer Sommerfreizeit oder Ihres Ferienlagers? Wir hei\u00dfen Sie auf unserem Zeltplatz am Hauck inmitten der Rh\u00f6n herzlich willkommen! Wir freuen uns, dass wir unseren Jugendzeltplatz in Dalherda zum 1. Juli 2021 wieder f\u00fcr Gruppen \u00f6ffnen k\u00f6nnen! M\u00f6glich gemacht hat das die Ausarbeitung [&hellip;]<\/p>\n","protected":false},"author":2,"featured_media":8871,"comment_status":"closed","ping_status":"closed","sticky":false,"template":"","format":"standard","meta":{"footnotes":""},"categories":[104,149],"tags":[32,102,101,28,61,148],"class_list":["post-8843","post","type-post","status-publish","format-standard","has-post-thumbnail","hentry","category-dalherda","category-zeltplatz-am-hauck","tag-corona","tag-dalherda","tag-jugend","tag-kinder","tag-pfadfinder","tag-zeltplatz-am-hauck"],"yoast_head":"<!-- This site is optimized with the Yoast SEO plugin v27.5 - https:\/\/yoast.com\/product\/yoast-seo-wordpress\/ -->\n<title>Zeltplatz am Hauck - Ev.-luth. Kirchengemeinde Hettenhausen - Dalherda<\/title>\n<meta name=\"description\" content=\"Ev.-luth. Kirchengemeinde Hettenhausen - Dalherda - Zeltplatz am Hauck - Sie suchen einen idyllischen Ort f\u00fcr die Veranstaltung des Zeltlagers f\u00fcr Ihre Jugendgruppe, Ihrer Sommerfreizeit oder Ihres Ferienlagers? Wir hei\u00dfen Sie auf unserem Zeltplatz am Hauck inmitten der Rh\u00f6n herzlich willkommen!\" \/>\n<meta name=\"robots\" content=\"index, follow, max-snippet:-1, max-image-preview:large, max-video-preview:-1\" \/>\n<link rel=\"canonical\" href=\"https:\/\/www.kirche-hettenhausen.de\/site\/2021\/06\/zeltplatz-am-hauck\/\" \/>\n<meta property=\"og:locale\" content=\"de_DE\" \/>\n<meta property=\"og:type\" content=\"article\" \/>\n<meta property=\"og:title\" content=\"Zeltplatz am Hauck - Ev.-luth. Kirchengemeinde Hettenhausen - Dalherda\" \/>\n<meta property=\"og:description\" content=\"Ev.-luth. Kirchengemeinde Hettenhausen - Dalherda - Zeltplatz am Hauck - Sie suchen einen idyllischen Ort f\u00fcr die Veranstaltung des Zeltlagers f\u00fcr Ihre Jugendgruppe, Ihrer Sommerfreizeit oder Ihres Ferienlagers? Wir hei\u00dfen Sie auf unserem Zeltplatz am Hauck inmitten der Rh\u00f6n herzlich willkommen!\" \/>\n<meta property=\"og:url\" content=\"https:\/\/www.kirche-hettenhausen.de\/site\/2021\/06\/zeltplatz-am-hauck\/\" \/>\n<meta property=\"og:site_name\" content=\"Ev.-luth. Kirchengemeinde Hettenhausen - Dalherda\" \/>\n<meta property=\"article:published_time\" content=\"2021-06-03T15:10:57+00:00\" \/>\n<meta property=\"article:modified_time\" content=\"2021-07-01T11:32:09+00:00\" \/>\n<meta property=\"og:image\" content=\"https:\/\/www.kirche-hettenhausen.de\/site\/wp-content\/uploads\/2021\/05\/2439919232.jpg\" \/>\n\t<meta property=\"og:image:width\" content=\"450\" \/>\n\t<meta property=\"og:image:height\" content=\"299\" \/>\n\t<meta property=\"og:image:type\" content=\"image\/jpeg\" \/>\n<meta name=\"author\" content=\"Marion Friedrich\" \/>\n<meta name=\"twitter:card\" content=\"summary_large_image\" \/>\n<meta name=\"twitter:label1\" content=\"Verfasst von\" \/>\n\t<meta name=\"twitter:data1\" content=\"Marion Friedrich\" \/>\n\t<meta name=\"twitter:label2\" content=\"Gesch\u00e4tzte Lesezeit\" \/>\n\t<meta name=\"twitter:data2\" content=\"1\u00a0Minute\" \/>\n<script type=\"application\/ld+json\" class=\"yoast-schema-graph\">{\"@context\":\"https:\\\/\\\/schema.org\",\"@graph\":[{\"@type\":\"Article\",\"@id\":\"https:\\\/\\\/www.kirche-hettenhausen.de\\\/site\\\/2021\\\/06\\\/zeltplatz-am-hauck\\\/#article\",\"isPartOf\":{\"@id\":\"https:\\\/\\\/www.kirche-hettenhausen.de\\\/site\\\/2021\\\/06\\\/zeltplatz-am-hauck\\\/\"},\"author\":{\"name\":\"Marion Friedrich\",\"@id\":\"https:\\\/\\\/www.kirche-hettenhausen.de\\\/site\\\/#\\\/schema\\\/person\\\/7740d89d8f816da861ece2b378a21c57\"},\"headline\":\"Zeltplatz am Hauck\",\"datePublished\":\"2021-06-03T15:10:57+00:00\",\"dateModified\":\"2021-07-01T11:32:09+00:00\",\"mainEntityOfPage\":{\"@id\":\"https:\\\/\\\/www.kirche-hettenhausen.de\\\/site\\\/2021\\\/06\\\/zeltplatz-am-hauck\\\/\"},\"wordCount\":110,\"image\":{\"@id\":\"https:\\\/\\\/www.kirche-hettenhausen.de\\\/site\\\/2021\\\/06\\\/zeltplatz-am-hauck\\\/#primaryimage\"},\"thumbnailUrl\":\"https:\\\/\\\/www.kirche-hettenhausen.de\\\/site\\\/wp-content\\\/uploads\\\/2021\\\/05\\\/2439919232.jpg\",\"keywords\":[\"Corona\",\"Dalherda\",\"Jugend\",\"Kinder\",\"Pfadfinder\",\"Zeltplatz am Hauck\"],\"articleSection\":[\"Dalherda\",\"Zeltplatz am Hauck\"],\"inLanguage\":\"de\"},{\"@type\":\"WebPage\",\"@id\":\"https:\\\/\\\/www.kirche-hettenhausen.de\\\/site\\\/2021\\\/06\\\/zeltplatz-am-hauck\\\/\",\"url\":\"https:\\\/\\\/www.kirche-hettenhausen.de\\\/site\\\/2021\\\/06\\\/zeltplatz-am-hauck\\\/\",\"name\":\"Zeltplatz am Hauck - Ev.-luth. Kirchengemeinde Hettenhausen - Dalherda\",\"isPartOf\":{\"@id\":\"https:\\\/\\\/www.kirche-hettenhausen.de\\\/site\\\/#website\"},\"primaryImageOfPage\":{\"@id\":\"https:\\\/\\\/www.kirche-hettenhausen.de\\\/site\\\/2021\\\/06\\\/zeltplatz-am-hauck\\\/#primaryimage\"},\"image\":{\"@id\":\"https:\\\/\\\/www.kirche-hettenhausen.de\\\/site\\\/2021\\\/06\\\/zeltplatz-am-hauck\\\/#primaryimage\"},\"thumbnailUrl\":\"https:\\\/\\\/www.kirche-hettenhausen.de\\\/site\\\/wp-content\\\/uploads\\\/2021\\\/05\\\/2439919232.jpg\",\"datePublished\":\"2021-06-03T15:10:57+00:00\",\"dateModified\":\"2021-07-01T11:32:09+00:00\",\"author\":{\"@id\":\"https:\\\/\\\/www.kirche-hettenhausen.de\\\/site\\\/#\\\/schema\\\/person\\\/7740d89d8f816da861ece2b378a21c57\"},\"description\":\"Ev.-luth. Kirchengemeinde Hettenhausen - Dalherda - Zeltplatz am Hauck - Sie suchen einen idyllischen Ort f\u00fcr die Veranstaltung des Zeltlagers f\u00fcr Ihre Jugendgruppe, Ihrer Sommerfreizeit oder Ihres Ferienlagers? Wir hei\u00dfen Sie auf unserem Zeltplatz am Hauck inmitten der Rh\u00f6n herzlich willkommen!\",\"breadcrumb\":{\"@id\":\"https:\\\/\\\/www.kirche-hettenhausen.de\\\/site\\\/2021\\\/06\\\/zeltplatz-am-hauck\\\/#breadcrumb\"},\"inLanguage\":\"de\",\"potentialAction\":[{\"@type\":\"ReadAction\",\"target\":[\"https:\\\/\\\/www.kirche-hettenhausen.de\\\/site\\\/2021\\\/06\\\/zeltplatz-am-hauck\\\/\"]}]},{\"@type\":\"ImageObject\",\"inLanguage\":\"de\",\"@id\":\"https:\\\/\\\/www.kirche-hettenhausen.de\\\/site\\\/2021\\\/06\\\/zeltplatz-am-hauck\\\/#primaryimage\",\"url\":\"https:\\\/\\\/www.kirche-hettenhausen.de\\\/site\\\/wp-content\\\/uploads\\\/2021\\\/05\\\/2439919232.jpg\",\"contentUrl\":\"https:\\\/\\\/www.kirche-hettenhausen.de\\\/site\\\/wp-content\\\/uploads\\\/2021\\\/05\\\/2439919232.jpg\",\"width\":450,\"height\":299},{\"@type\":\"BreadcrumbList\",\"@id\":\"https:\\\/\\\/www.kirche-hettenhausen.de\\\/site\\\/2021\\\/06\\\/zeltplatz-am-hauck\\\/#breadcrumb\",\"itemListElement\":[{\"@type\":\"ListItem\",\"position\":1,\"name\":\"Startseite\",\"item\":\"https:\\\/\\\/www.kirche-hettenhausen.de\\\/site\\\/\"},{\"@type\":\"ListItem\",\"position\":2,\"name\":\"Zeltplatz am Hauck\"}]},{\"@type\":\"WebSite\",\"@id\":\"https:\\\/\\\/www.kirche-hettenhausen.de\\\/site\\\/#website\",\"url\":\"https:\\\/\\\/www.kirche-hettenhausen.de\\\/site\\\/\",\"name\":\"Ev.-luth. Kirchengemeinde Hettenhausen - Dalherda\",\"description\":\"Homepage der Ev.-luth. Kirchengemeinde Hettenhausen - Dalherda\",\"potentialAction\":[{\"@type\":\"SearchAction\",\"target\":{\"@type\":\"EntryPoint\",\"urlTemplate\":\"https:\\\/\\\/www.kirche-hettenhausen.de\\\/site\\\/?s={search_term_string}\"},\"query-input\":{\"@type\":\"PropertyValueSpecification\",\"valueRequired\":true,\"valueName\":\"search_term_string\"}}],\"inLanguage\":\"de\"},{\"@type\":\"Person\",\"@id\":\"https:\\\/\\\/www.kirche-hettenhausen.de\\\/site\\\/#\\\/schema\\\/person\\\/7740d89d8f816da861ece2b378a21c57\",\"name\":\"Marion Friedrich\",\"url\":\"https:\\\/\\\/www.kirche-hettenhausen.de\\\/site\\\/author\\\/m-friedrichkirche-hettenhausen-de\\\/\"}]}<\/script>\n<!-- \/ Yoast SEO plugin. -->","yoast_head_json":{"title":"Zeltplatz am Hauck - Ev.-luth. Kirchengemeinde Hettenhausen - Dalherda","description":"Ev.-luth. Kirchengemeinde Hettenhausen - Dalherda - Zeltplatz am Hauck - Sie suchen einen idyllischen Ort f\u00fcr die Veranstaltung des Zeltlagers f\u00fcr Ihre Jugendgruppe, Ihrer Sommerfreizeit oder Ihres Ferienlagers? Wir hei\u00dfen Sie auf unserem Zeltplatz am Hauck inmitten der Rh\u00f6n herzlich willkommen!","robots":{"index":"index","follow":"follow","max-snippet":"max-snippet:-1","max-image-preview":"max-image-preview:large","max-video-preview":"max-video-preview:-1"},"canonical":"https:\/\/www.kirche-hettenhausen.de\/site\/2021\/06\/zeltplatz-am-hauck\/","og_locale":"de_DE","og_type":"article","og_title":"Zeltplatz am Hauck - Ev.-luth. Kirchengemeinde Hettenhausen - Dalherda","og_description":"Ev.-luth. Kirchengemeinde Hettenhausen - Dalherda - Zeltplatz am Hauck - Sie suchen einen idyllischen Ort f\u00fcr die Veranstaltung des Zeltlagers f\u00fcr Ihre Jugendgruppe, Ihrer Sommerfreizeit oder Ihres Ferienlagers? Wir hei\u00dfen Sie auf unserem Zeltplatz am Hauck inmitten der Rh\u00f6n herzlich willkommen!","og_url":"https:\/\/www.kirche-hettenhausen.de\/site\/2021\/06\/zeltplatz-am-hauck\/","og_site_name":"Ev.-luth. Kirchengemeinde Hettenhausen - Dalherda","article_published_time":"2021-06-03T15:10:57+00:00","article_modified_time":"2021-07-01T11:32:09+00:00","og_image":[{"width":450,"height":299,"url":"https:\/\/www.kirche-hettenhausen.de\/site\/wp-content\/uploads\/2021\/05\/2439919232.jpg","type":"image\/jpeg"}],"author":"Marion Friedrich","twitter_card":"summary_large_image","twitter_misc":{"Verfasst von":"Marion Friedrich","Gesch\u00e4tzte Lesezeit":"1\u00a0Minute"},"schema":{"@context":"https:\/\/schema.org","@graph":[{"@type":"Article","@id":"https:\/\/www.kirche-hettenhausen.de\/site\/2021\/06\/zeltplatz-am-hauck\/#article","isPartOf":{"@id":"https:\/\/www.kirche-hettenhausen.de\/site\/2021\/06\/zeltplatz-am-hauck\/"},"author":{"name":"Marion Friedrich","@id":"https:\/\/www.kirche-hettenhausen.de\/site\/#\/schema\/person\/7740d89d8f816da861ece2b378a21c57"},"headline":"Zeltplatz am Hauck","datePublished":"2021-06-03T15:10:57+00:00","dateModified":"2021-07-01T11:32:09+00:00","mainEntityOfPage":{"@id":"https:\/\/www.kirche-hettenhausen.de\/site\/2021\/06\/zeltplatz-am-hauck\/"},"wordCount":110,"image":{"@id":"https:\/\/www.kirche-hettenhausen.de\/site\/2021\/06\/zeltplatz-am-hauck\/#primaryimage"},"thumbnailUrl":"https:\/\/www.kirche-hettenhausen.de\/site\/wp-content\/uploads\/2021\/05\/2439919232.jpg","keywords":["Corona","Dalherda","Jugend","Kinder","Pfadfinder","Zeltplatz am Hauck"],"articleSection":["Dalherda","Zeltplatz am Hauck"],"inLanguage":"de"},{"@type":"WebPage","@id":"https:\/\/www.kirche-hettenhausen.de\/site\/2021\/06\/zeltplatz-am-hauck\/","url":"https:\/\/www.kirche-hettenhausen.de\/site\/2021\/06\/zeltplatz-am-hauck\/","name":"Zeltplatz am Hauck - Ev.-luth. Kirchengemeinde Hettenhausen - Dalherda","isPartOf":{"@id":"https:\/\/www.kirche-hettenhausen.de\/site\/#website"},"primaryImageOfPage":{"@id":"https:\/\/www.kirche-hettenhausen.de\/site\/2021\/06\/zeltplatz-am-hauck\/#primaryimage"},"image":{"@id":"https:\/\/www.kirche-hettenhausen.de\/site\/2021\/06\/zeltplatz-am-hauck\/#primaryimage"},"thumbnailUrl":"https:\/\/www.kirche-hettenhausen.de\/site\/wp-content\/uploads\/2021\/05\/2439919232.jpg","datePublished":"2021-06-03T15:10:57+00:00","dateModified":"2021-07-01T11:32:09+00:00","author":{"@id":"https:\/\/www.kirche-hettenhausen.de\/site\/#\/schema\/person\/7740d89d8f816da861ece2b378a21c57"},"description":"Ev.-luth. Kirchengemeinde Hettenhausen - Dalherda - Zeltplatz am Hauck - Sie suchen einen idyllischen Ort f\u00fcr die Veranstaltung des Zeltlagers f\u00fcr Ihre Jugendgruppe, Ihrer Sommerfreizeit oder Ihres Ferienlagers? Wir hei\u00dfen Sie auf unserem Zeltplatz am Hauck inmitten der Rh\u00f6n herzlich willkommen!","breadcrumb":{"@id":"https:\/\/www.kirche-hettenhausen.de\/site\/2021\/06\/zeltplatz-am-hauck\/#breadcrumb"},"inLanguage":"de","potentialAction":[{"@type":"ReadAction","target":["https:\/\/www.kirche-hettenhausen.de\/site\/2021\/06\/zeltplatz-am-hauck\/"]}]},{"@type":"ImageObject","inLanguage":"de","@id":"https:\/\/www.kirche-hettenhausen.de\/site\/2021\/06\/zeltplatz-am-hauck\/#primaryimage","url":"https:\/\/www.kirche-hettenhausen.de\/site\/wp-content\/uploads\/2021\/05\/2439919232.jpg","contentUrl":"https:\/\/www.kirche-hettenhausen.de\/site\/wp-content\/uploads\/2021\/05\/2439919232.jpg","width":450,"height":299},{"@type":"BreadcrumbList","@id":"https:\/\/www.kirche-hettenhausen.de\/site\/2021\/06\/zeltplatz-am-hauck\/#breadcrumb","itemListElement":[{"@type":"ListItem","position":1,"name":"Startseite","item":"https:\/\/www.kirche-hettenhausen.de\/site\/"},{"@type":"ListItem","position":2,"name":"Zeltplatz am Hauck"}]},{"@type":"WebSite","@id":"https:\/\/www.kirche-hettenhausen.de\/site\/#website","url":"https:\/\/www.kirche-hettenhausen.de\/site\/","name":"Ev.-luth. Kirchengemeinde Hettenhausen - Dalherda","description":"Homepage der Ev.-luth. Kirchengemeinde Hettenhausen - Dalherda","potentialAction":[{"@type":"SearchAction","target":{"@type":"EntryPoint","urlTemplate":"https:\/\/www.kirche-hettenhausen.de\/site\/?s={search_term_string}"},"query-input":{"@type":"PropertyValueSpecification","valueRequired":true,"valueName":"search_term_string"}}],"inLanguage":"de"},{"@type":"Person","@id":"https:\/\/www.kirche-hettenhausen.de\/site\/#\/schema\/person\/7740d89d8f816da861ece2b378a21c57","name":"Marion Friedrich","url":"https:\/\/www.kirche-hettenhausen.de\/site\/author\/m-friedrichkirche-hettenhausen-de\/"}]}},"_links":{"self":[{"href":"https:\/\/www.kirche-hettenhausen.de\/site\/wp-json\/wp\/v2\/posts\/8843","targetHints":{"allow":["GET"]}}],"collection":[{"href":"https:\/\/www.kirche-hettenhausen.de\/site\/wp-json\/wp\/v2\/posts"}],"about":[{"href":"https:\/\/www.kirche-hettenhausen.de\/site\/wp-json\/wp\/v2\/types\/post"}],"author":[{"embeddable":true,"href":"https:\/\/www.kirche-hettenhausen.de\/site\/wp-json\/wp\/v2\/users\/2"}],"replies":[{"embeddable":true,"href":"https:\/\/www.kirche-hettenhausen.de\/site\/wp-json\/wp\/v2\/comments?post=8843"}],"version-history":[{"count":18,"href":"https:\/\/www.kirche-hettenhausen.de\/site\/wp-json\/wp\/v2\/posts\/8843\/revisions"}],"predecessor-version":[{"id":9502,"href":"https:\/\/www.kirche-hettenhausen.de\/site\/wp-json\/wp\/v2\/posts\/8843\/revisions\/9502"}],"wp:featuredmedia":[{"embeddable":true,"href":"https:\/\/www.kirche-hettenhausen.de\/site\/wp-json\/wp\/v2\/media\/8871"}],"wp:attachment":[{"href":"https:\/\/www.kirche-hettenhausen.de\/site\/wp-json\/wp\/v2\/media?parent=8843"}],"wp:term":[{"taxonomy":"category","embeddable":true,"href":"https:\/\/www.kirche-hettenhausen.de\/site\/wp-json\/wp\/v2\/categories?post=8843"},{"taxonomy":"post_tag","embeddable":true,"href":"https:\/\/www.kirche-hettenhausen.de\/site\/wp-json\/wp\/v2\/tags?post=8843"}],"curies":[{"name":"wp","href":"https:\/\/api.w.org\/{rel}","templated":true}]}}