{"id":8703,"date":"2021-05-06T11:06:53","date_gmt":"2021-05-06T09:06:53","guid":{"rendered":"https:\/\/kirche-hettenhausen.de\/site\/?p=8703"},"modified":"2021-05-06T21:25:46","modified_gmt":"2021-05-06T19:25:46","slug":"alte-dame-haelt-die-luft-an","status":"publish","type":"post","link":"https:\/\/www.kirche-hettenhausen.de\/site\/2021\/05\/alte-dame-haelt-die-luft-an\/","title":{"rendered":"Alte Dame h\u00e4lt die Luft an"},"content":{"rendered":"<h4>Zweite Orgelabnahme am 5. Mai 2021<\/h4>\n<p>Bei der Orgelabnahme am 6. November 2020, nach der umfangreichen Restaurierung und Rekonstruktion unserer historischen Adam-Eifert-Orgel, wurde durch den Orgelsachverst\u00e4ndigen Klaus Vogt leider festgestellt, dass die sogenannte Windst\u00f6\u00dfigkeit, die bereits in fr\u00fcheren Jahren thematisiert wurde, wieder zu Tage trat. Seinerzeit wurde zur Stabilisierung der Windversorgung ein externer Schwimmerbalg eingebaut (der gro\u00dfe Kasten auf der linken Seite der Orgel). Im Zuge einer denkmalpflegerisch konsequenten Restaurierung wurde jedoch dieser Balg demontiert und die alte historische Balganlage wieder in Betrieb genommen. Dies hatte leider das oben geschilderte Problem zur Folge.<\/p>\n<p>Einfach erkl\u00e4rt, ist die Windst\u00f6\u00dfigkeit nichts anderes, als dass der Orgel ab einem bestimmten Volumen &#8222;die Luft ausgeht&#8220;. Wenn alle Register gezogen sind, k\u00f6nnen Schwankungen in den T\u00f6nen auftreten, weil der Luftstrom ungleichm\u00e4\u00dfig wird. Dieser Problematik hat sich Orgelbaumeister Andreas Hahn (Jehmlich Orgelbau Dresden GmbH) nachtr\u00e4glich angenommen und verschiedene Theorien entwickelt und Vorschl\u00e4ge vorgebracht, wie man die Windverh\u00e4ltnisse m\u00f6glicherweise nachtr\u00e4glich stabilisieren k\u00f6nnte.<\/p>\n<p>Herr Hahn hat diese Herausforderung hervorragend gemeistert und mit einer besonderen Konstruktion eines Zwischenbalgs, der mit einem &#8222;Windladenschwabbelboden&#8220; versehen ist, daf\u00fcr gesorgt, dass unserer alten Dame auf absehbare Zeit nicht mehr die Luft ausgeht.<\/p>\n<p>Herr Vogt war nach seiner eingehenden \u00dcberpr\u00fcfung sehr zufrieden mit dieser L\u00f6sung. Mit minimalen Einschr\u00e4nkungen im Oberwerk, die dem fortgeschrittenen Alter unserer Orgel geschuldet sind, haben wir wieder stabile Windverh\u00e4ltnisse. Somit ist die Kirchengemeinde jetzt nicht nur im Besitz eines wundersch\u00f6nen und einzigartigen, denkmalgerecht restaurierten, sondern auch eines musikalisch uneingeschr\u00e4nkt funktionsf\u00e4higen Instruments. Wir freuen uns auf viele Eins\u00e4tze in Gottesdiensten und Konzerten, um den fantastischen Klang unserer romantischen Orgel in voller Bandbreite zu genie\u00dfen!<\/p>\n<p>&nbsp;<\/p>\n<div style=\"width: 540px;\" class=\"wp-video\"><video class=\"wp-video-shortcode\" id=\"video-8703-1\" width=\"540\" height=\"960\" preload=\"metadata\" controls=\"controls\"><source type=\"video\/mp4\" src=\"https:\/\/www.kirche-hettenhausen.de\/site\/wp-content\/uploads\/2021\/05\/20210505_172542_1.mp4?_=1\" \/><a href=\"https:\/\/www.kirche-hettenhausen.de\/site\/wp-content\/uploads\/2021\/05\/20210505_172542_1.mp4\">https:\/\/www.kirche-hettenhausen.de\/site\/wp-content\/uploads\/2021\/05\/20210505_172542_1.mp4<\/a><\/video><\/div>\n<p style=\"text-align: right;\">(mf)<\/p>\n","protected":false},"excerpt":{"rendered":"<p>Zweite Orgelabnahme am 5. Mai 2021 Bei der Orgelabnahme am 6. November 2020, nach der umfangreichen Restaurierung und Rekonstruktion unserer historischen Adam-Eifert-Orgel, wurde durch den Orgelsachverst\u00e4ndigen Klaus Vogt leider festgestellt, dass die sogenannte Windst\u00f6\u00dfigkeit, die bereits in fr\u00fcheren Jahren thematisiert wurde, wieder zu Tage trat. Seinerzeit wurde zur Stabilisierung der Windversorgung ein externer Schwimmerbalg eingebaut [&hellip;]<\/p>\n","protected":false},"author":2,"featured_media":6354,"comment_status":"closed","ping_status":"closed","sticky":false,"template":"","format":"standard","meta":{"footnotes":""},"categories":[129,22,23,76,17],"tags":[15,128,77,36,38],"class_list":["post-8703","post","type-post","status-publish","format-standard","has-post-thumbnail","hentry","category-hettenhausen","category-kirche-st-georg","category-kirchenmusik","category-kirchenvorstand","category-orgelprojekt-st-georg","tag-adam-eifert-orgel","tag-hettenhausen","tag-kirchenvorstand","tag-musik","tag-orgelprojekt-st-georg"],"yoast_head":"<!-- This site is optimized with the Yoast SEO plugin v27.4 - https:\/\/yoast.com\/product\/yoast-seo-wordpress\/ -->\n<title>Alte Dame h\u00e4lt die Luft an - Ev.-luth. Kirchengemeinde Hettenhausen - Dalherda<\/title>\n<meta name=\"description\" content=\"Ev.-luth. Kirchengemeinde Hettenhausen - Dalherda - Orgelprojekt St. Georg - Alte Dame h\u00e4lt die Luft an -\" \/>\n<meta name=\"robots\" content=\"index, follow, max-snippet:-1, max-image-preview:large, max-video-preview:-1\" \/>\n<link rel=\"canonical\" href=\"https:\/\/www.kirche-hettenhausen.de\/site\/2021\/05\/alte-dame-haelt-die-luft-an\/\" \/>\n<meta property=\"og:locale\" content=\"de_DE\" \/>\n<meta property=\"og:type\" content=\"article\" \/>\n<meta property=\"og:title\" content=\"Alte Dame h\u00e4lt die Luft an - Ev.-luth. Kirchengemeinde Hettenhausen - Dalherda\" \/>\n<meta property=\"og:description\" content=\"Ev.-luth. Kirchengemeinde Hettenhausen - Dalherda - Orgelprojekt St. Georg - Alte Dame h\u00e4lt die Luft an -\" \/>\n<meta property=\"og:url\" content=\"https:\/\/www.kirche-hettenhausen.de\/site\/2021\/05\/alte-dame-haelt-die-luft-an\/\" \/>\n<meta property=\"og:site_name\" content=\"Ev.-luth. Kirchengemeinde Hettenhausen - Dalherda\" \/>\n<meta property=\"article:published_time\" content=\"2021-05-06T09:06:53+00:00\" \/>\n<meta property=\"article:modified_time\" content=\"2021-05-06T19:25:46+00:00\" \/>\n<meta property=\"og:image\" content=\"https:\/\/www.kirche-hettenhausen.de\/site\/wp-content\/uploads\/2020\/11\/DSC09170.jpg\" \/>\n\t<meta property=\"og:image:width\" content=\"2128\" \/>\n\t<meta property=\"og:image:height\" content=\"1424\" \/>\n\t<meta property=\"og:image:type\" content=\"image\/jpeg\" \/>\n<meta name=\"author\" content=\"Marion Friedrich\" \/>\n<meta name=\"twitter:card\" content=\"summary_large_image\" \/>\n<meta name=\"twitter:label1\" content=\"Verfasst von\" \/>\n\t<meta name=\"twitter:data1\" content=\"Marion Friedrich\" \/>\n\t<meta name=\"twitter:label2\" content=\"Gesch\u00e4tzte Lesezeit\" \/>\n\t<meta name=\"twitter:data2\" content=\"2\u00a0Minuten\" \/>\n<script type=\"application\/ld+json\" class=\"yoast-schema-graph\">{\"@context\":\"https:\\\/\\\/schema.org\",\"@graph\":[{\"@type\":\"Article\",\"@id\":\"https:\\\/\\\/www.kirche-hettenhausen.de\\\/site\\\/2021\\\/05\\\/alte-dame-haelt-die-luft-an\\\/#article\",\"isPartOf\":{\"@id\":\"https:\\\/\\\/www.kirche-hettenhausen.de\\\/site\\\/2021\\\/05\\\/alte-dame-haelt-die-luft-an\\\/\"},\"author\":{\"name\":\"Marion Friedrich\",\"@id\":\"https:\\\/\\\/www.kirche-hettenhausen.de\\\/site\\\/#\\\/schema\\\/person\\\/7740d89d8f816da861ece2b378a21c57\"},\"headline\":\"Alte Dame h\u00e4lt die Luft an\",\"datePublished\":\"2021-05-06T09:06:53+00:00\",\"dateModified\":\"2021-05-06T19:25:46+00:00\",\"mainEntityOfPage\":{\"@id\":\"https:\\\/\\\/www.kirche-hettenhausen.de\\\/site\\\/2021\\\/05\\\/alte-dame-haelt-die-luft-an\\\/\"},\"wordCount\":306,\"image\":{\"@id\":\"https:\\\/\\\/www.kirche-hettenhausen.de\\\/site\\\/2021\\\/05\\\/alte-dame-haelt-die-luft-an\\\/#primaryimage\"},\"thumbnailUrl\":\"https:\\\/\\\/www.kirche-hettenhausen.de\\\/site\\\/wp-content\\\/uploads\\\/2020\\\/11\\\/DSC09170.jpg\",\"keywords\":[\"Adam-Eifert-Orgel\",\"Hettenhausen\",\"Kirchenvorstand\",\"Musik\",\"Orgelprojekt St. Georg\"],\"articleSection\":[\"Hettenhausen\",\"Kirche St. Georg\",\"Kirchenmusik\",\"Kirchenvorstand\",\"Orgelprojekt St. Georg\"],\"inLanguage\":\"de\"},{\"@type\":\"WebPage\",\"@id\":\"https:\\\/\\\/www.kirche-hettenhausen.de\\\/site\\\/2021\\\/05\\\/alte-dame-haelt-die-luft-an\\\/\",\"url\":\"https:\\\/\\\/www.kirche-hettenhausen.de\\\/site\\\/2021\\\/05\\\/alte-dame-haelt-die-luft-an\\\/\",\"name\":\"Alte Dame h\u00e4lt die Luft an - Ev.-luth. Kirchengemeinde Hettenhausen - Dalherda\",\"isPartOf\":{\"@id\":\"https:\\\/\\\/www.kirche-hettenhausen.de\\\/site\\\/#website\"},\"primaryImageOfPage\":{\"@id\":\"https:\\\/\\\/www.kirche-hettenhausen.de\\\/site\\\/2021\\\/05\\\/alte-dame-haelt-die-luft-an\\\/#primaryimage\"},\"image\":{\"@id\":\"https:\\\/\\\/www.kirche-hettenhausen.de\\\/site\\\/2021\\\/05\\\/alte-dame-haelt-die-luft-an\\\/#primaryimage\"},\"thumbnailUrl\":\"https:\\\/\\\/www.kirche-hettenhausen.de\\\/site\\\/wp-content\\\/uploads\\\/2020\\\/11\\\/DSC09170.jpg\",\"datePublished\":\"2021-05-06T09:06:53+00:00\",\"dateModified\":\"2021-05-06T19:25:46+00:00\",\"author\":{\"@id\":\"https:\\\/\\\/www.kirche-hettenhausen.de\\\/site\\\/#\\\/schema\\\/person\\\/7740d89d8f816da861ece2b378a21c57\"},\"description\":\"Ev.-luth. Kirchengemeinde Hettenhausen - Dalherda - Orgelprojekt St. Georg - Alte Dame h\u00e4lt die Luft an -\",\"breadcrumb\":{\"@id\":\"https:\\\/\\\/www.kirche-hettenhausen.de\\\/site\\\/2021\\\/05\\\/alte-dame-haelt-die-luft-an\\\/#breadcrumb\"},\"inLanguage\":\"de\",\"potentialAction\":[{\"@type\":\"ReadAction\",\"target\":[\"https:\\\/\\\/www.kirche-hettenhausen.de\\\/site\\\/2021\\\/05\\\/alte-dame-haelt-die-luft-an\\\/\"]}]},{\"@type\":\"ImageObject\",\"inLanguage\":\"de\",\"@id\":\"https:\\\/\\\/www.kirche-hettenhausen.de\\\/site\\\/2021\\\/05\\\/alte-dame-haelt-die-luft-an\\\/#primaryimage\",\"url\":\"https:\\\/\\\/www.kirche-hettenhausen.de\\\/site\\\/wp-content\\\/uploads\\\/2020\\\/11\\\/DSC09170.jpg\",\"contentUrl\":\"https:\\\/\\\/www.kirche-hettenhausen.de\\\/site\\\/wp-content\\\/uploads\\\/2020\\\/11\\\/DSC09170.jpg\",\"width\":2128,\"height\":1424,\"caption\":\"Einweihungsgottesdienst Adam-Eifert-Orgel\"},{\"@type\":\"BreadcrumbList\",\"@id\":\"https:\\\/\\\/www.kirche-hettenhausen.de\\\/site\\\/2021\\\/05\\\/alte-dame-haelt-die-luft-an\\\/#breadcrumb\",\"itemListElement\":[{\"@type\":\"ListItem\",\"position\":1,\"name\":\"Startseite\",\"item\":\"https:\\\/\\\/www.kirche-hettenhausen.de\\\/site\\\/\"},{\"@type\":\"ListItem\",\"position\":2,\"name\":\"Alte Dame h\u00e4lt die Luft an\"}]},{\"@type\":\"WebSite\",\"@id\":\"https:\\\/\\\/www.kirche-hettenhausen.de\\\/site\\\/#website\",\"url\":\"https:\\\/\\\/www.kirche-hettenhausen.de\\\/site\\\/\",\"name\":\"Ev.-luth. Kirchengemeinde Hettenhausen - Dalherda\",\"description\":\"Homepage der Ev.-luth. Kirchengemeinde Hettenhausen - Dalherda\",\"potentialAction\":[{\"@type\":\"SearchAction\",\"target\":{\"@type\":\"EntryPoint\",\"urlTemplate\":\"https:\\\/\\\/www.kirche-hettenhausen.de\\\/site\\\/?s={search_term_string}\"},\"query-input\":{\"@type\":\"PropertyValueSpecification\",\"valueRequired\":true,\"valueName\":\"search_term_string\"}}],\"inLanguage\":\"de\"},{\"@type\":\"Person\",\"@id\":\"https:\\\/\\\/www.kirche-hettenhausen.de\\\/site\\\/#\\\/schema\\\/person\\\/7740d89d8f816da861ece2b378a21c57\",\"name\":\"Marion Friedrich\",\"url\":\"https:\\\/\\\/www.kirche-hettenhausen.de\\\/site\\\/author\\\/m-friedrichkirche-hettenhausen-de\\\/\"}]}<\/script>\n<!-- \/ Yoast SEO plugin. -->","yoast_head_json":{"title":"Alte Dame h\u00e4lt die Luft an - Ev.-luth. Kirchengemeinde Hettenhausen - Dalherda","description":"Ev.-luth. Kirchengemeinde Hettenhausen - Dalherda - Orgelprojekt St. Georg - Alte Dame h\u00e4lt die Luft an -","robots":{"index":"index","follow":"follow","max-snippet":"max-snippet:-1","max-image-preview":"max-image-preview:large","max-video-preview":"max-video-preview:-1"},"canonical":"https:\/\/www.kirche-hettenhausen.de\/site\/2021\/05\/alte-dame-haelt-die-luft-an\/","og_locale":"de_DE","og_type":"article","og_title":"Alte Dame h\u00e4lt die Luft an - Ev.-luth. Kirchengemeinde Hettenhausen - Dalherda","og_description":"Ev.-luth. Kirchengemeinde Hettenhausen - Dalherda - Orgelprojekt St. Georg - Alte Dame h\u00e4lt die Luft an -","og_url":"https:\/\/www.kirche-hettenhausen.de\/site\/2021\/05\/alte-dame-haelt-die-luft-an\/","og_site_name":"Ev.-luth. Kirchengemeinde Hettenhausen - Dalherda","article_published_time":"2021-05-06T09:06:53+00:00","article_modified_time":"2021-05-06T19:25:46+00:00","og_image":[{"width":2128,"height":1424,"url":"https:\/\/www.kirche-hettenhausen.de\/site\/wp-content\/uploads\/2020\/11\/DSC09170.jpg","type":"image\/jpeg"}],"author":"Marion Friedrich","twitter_card":"summary_large_image","twitter_misc":{"Verfasst von":"Marion Friedrich","Gesch\u00e4tzte Lesezeit":"2\u00a0Minuten"},"schema":{"@context":"https:\/\/schema.org","@graph":[{"@type":"Article","@id":"https:\/\/www.kirche-hettenhausen.de\/site\/2021\/05\/alte-dame-haelt-die-luft-an\/#article","isPartOf":{"@id":"https:\/\/www.kirche-hettenhausen.de\/site\/2021\/05\/alte-dame-haelt-die-luft-an\/"},"author":{"name":"Marion Friedrich","@id":"https:\/\/www.kirche-hettenhausen.de\/site\/#\/schema\/person\/7740d89d8f816da861ece2b378a21c57"},"headline":"Alte Dame h\u00e4lt die Luft an","datePublished":"2021-05-06T09:06:53+00:00","dateModified":"2021-05-06T19:25:46+00:00","mainEntityOfPage":{"@id":"https:\/\/www.kirche-hettenhausen.de\/site\/2021\/05\/alte-dame-haelt-die-luft-an\/"},"wordCount":306,"image":{"@id":"https:\/\/www.kirche-hettenhausen.de\/site\/2021\/05\/alte-dame-haelt-die-luft-an\/#primaryimage"},"thumbnailUrl":"https:\/\/www.kirche-hettenhausen.de\/site\/wp-content\/uploads\/2020\/11\/DSC09170.jpg","keywords":["Adam-Eifert-Orgel","Hettenhausen","Kirchenvorstand","Musik","Orgelprojekt St. Georg"],"articleSection":["Hettenhausen","Kirche St. Georg","Kirchenmusik","Kirchenvorstand","Orgelprojekt St. Georg"],"inLanguage":"de"},{"@type":"WebPage","@id":"https:\/\/www.kirche-hettenhausen.de\/site\/2021\/05\/alte-dame-haelt-die-luft-an\/","url":"https:\/\/www.kirche-hettenhausen.de\/site\/2021\/05\/alte-dame-haelt-die-luft-an\/","name":"Alte Dame h\u00e4lt die Luft an - Ev.-luth. Kirchengemeinde Hettenhausen - Dalherda","isPartOf":{"@id":"https:\/\/www.kirche-hettenhausen.de\/site\/#website"},"primaryImageOfPage":{"@id":"https:\/\/www.kirche-hettenhausen.de\/site\/2021\/05\/alte-dame-haelt-die-luft-an\/#primaryimage"},"image":{"@id":"https:\/\/www.kirche-hettenhausen.de\/site\/2021\/05\/alte-dame-haelt-die-luft-an\/#primaryimage"},"thumbnailUrl":"https:\/\/www.kirche-hettenhausen.de\/site\/wp-content\/uploads\/2020\/11\/DSC09170.jpg","datePublished":"2021-05-06T09:06:53+00:00","dateModified":"2021-05-06T19:25:46+00:00","author":{"@id":"https:\/\/www.kirche-hettenhausen.de\/site\/#\/schema\/person\/7740d89d8f816da861ece2b378a21c57"},"description":"Ev.-luth. Kirchengemeinde Hettenhausen - Dalherda - Orgelprojekt St. Georg - Alte Dame h\u00e4lt die Luft an -","breadcrumb":{"@id":"https:\/\/www.kirche-hettenhausen.de\/site\/2021\/05\/alte-dame-haelt-die-luft-an\/#breadcrumb"},"inLanguage":"de","potentialAction":[{"@type":"ReadAction","target":["https:\/\/www.kirche-hettenhausen.de\/site\/2021\/05\/alte-dame-haelt-die-luft-an\/"]}]},{"@type":"ImageObject","inLanguage":"de","@id":"https:\/\/www.kirche-hettenhausen.de\/site\/2021\/05\/alte-dame-haelt-die-luft-an\/#primaryimage","url":"https:\/\/www.kirche-hettenhausen.de\/site\/wp-content\/uploads\/2020\/11\/DSC09170.jpg","contentUrl":"https:\/\/www.kirche-hettenhausen.de\/site\/wp-content\/uploads\/2020\/11\/DSC09170.jpg","width":2128,"height":1424,"caption":"Einweihungsgottesdienst Adam-Eifert-Orgel"},{"@type":"BreadcrumbList","@id":"https:\/\/www.kirche-hettenhausen.de\/site\/2021\/05\/alte-dame-haelt-die-luft-an\/#breadcrumb","itemListElement":[{"@type":"ListItem","position":1,"name":"Startseite","item":"https:\/\/www.kirche-hettenhausen.de\/site\/"},{"@type":"ListItem","position":2,"name":"Alte Dame h\u00e4lt die Luft an"}]},{"@type":"WebSite","@id":"https:\/\/www.kirche-hettenhausen.de\/site\/#website","url":"https:\/\/www.kirche-hettenhausen.de\/site\/","name":"Ev.-luth. Kirchengemeinde Hettenhausen - Dalherda","description":"Homepage der Ev.-luth. Kirchengemeinde Hettenhausen - Dalherda","potentialAction":[{"@type":"SearchAction","target":{"@type":"EntryPoint","urlTemplate":"https:\/\/www.kirche-hettenhausen.de\/site\/?s={search_term_string}"},"query-input":{"@type":"PropertyValueSpecification","valueRequired":true,"valueName":"search_term_string"}}],"inLanguage":"de"},{"@type":"Person","@id":"https:\/\/www.kirche-hettenhausen.de\/site\/#\/schema\/person\/7740d89d8f816da861ece2b378a21c57","name":"Marion Friedrich","url":"https:\/\/www.kirche-hettenhausen.de\/site\/author\/m-friedrichkirche-hettenhausen-de\/"}]}},"_links":{"self":[{"href":"https:\/\/www.kirche-hettenhausen.de\/site\/wp-json\/wp\/v2\/posts\/8703","targetHints":{"allow":["GET"]}}],"collection":[{"href":"https:\/\/www.kirche-hettenhausen.de\/site\/wp-json\/wp\/v2\/posts"}],"about":[{"href":"https:\/\/www.kirche-hettenhausen.de\/site\/wp-json\/wp\/v2\/types\/post"}],"author":[{"embeddable":true,"href":"https:\/\/www.kirche-hettenhausen.de\/site\/wp-json\/wp\/v2\/users\/2"}],"replies":[{"embeddable":true,"href":"https:\/\/www.kirche-hettenhausen.de\/site\/wp-json\/wp\/v2\/comments?post=8703"}],"version-history":[{"count":6,"href":"https:\/\/www.kirche-hettenhausen.de\/site\/wp-json\/wp\/v2\/posts\/8703\/revisions"}],"predecessor-version":[{"id":8730,"href":"https:\/\/www.kirche-hettenhausen.de\/site\/wp-json\/wp\/v2\/posts\/8703\/revisions\/8730"}],"wp:featuredmedia":[{"embeddable":true,"href":"https:\/\/www.kirche-hettenhausen.de\/site\/wp-json\/wp\/v2\/media\/6354"}],"wp:attachment":[{"href":"https:\/\/www.kirche-hettenhausen.de\/site\/wp-json\/wp\/v2\/media?parent=8703"}],"wp:term":[{"taxonomy":"category","embeddable":true,"href":"https:\/\/www.kirche-hettenhausen.de\/site\/wp-json\/wp\/v2\/categories?post=8703"},{"taxonomy":"post_tag","embeddable":true,"href":"https:\/\/www.kirche-hettenhausen.de\/site\/wp-json\/wp\/v2\/tags?post=8703"}],"curies":[{"name":"wp","href":"https:\/\/api.w.org\/{rel}","templated":true}]}}