{"id":6428,"date":"2020-11-01T14:00:59","date_gmt":"2020-11-01T13:00:59","guid":{"rendered":"https:\/\/kirche-hettenhausen.de\/site\/?p=6428"},"modified":"2021-02-16T21:34:07","modified_gmt":"2021-02-16T20:34:07","slug":"grussworte-des-orgelsachverstaendigen-klaus-vogt-zur-einweihung-der-restaurierten-orgel","status":"publish","type":"post","link":"https:\/\/www.kirche-hettenhausen.de\/site\/2020\/11\/grussworte-des-orgelsachverstaendigen-klaus-vogt-zur-einweihung-der-restaurierten-orgel\/","title":{"rendered":"Gru\u00dfworte des Orgelsachverst\u00e4ndigen Klaus Vogt zur Einweihung der restaurierten Orgel"},"content":{"rendered":"<p>Liebe Gemeindemitglieder!<\/p>\n<p>Liebe Freundinnen und Freunde der Eifert-Orgel in Hettenhausen!<\/p>\n<p><em>\u00a0<\/em><\/p>\n<p>Wenn in diesen Tagen die Orgel in der Ev.-luth. Kirche St. Georg wieder erklingt, so k\u00f6nnen die Kirchengemeinde und dar\u00fcber hinaus alle Orgelfreunde der Region ein kleines Freudenfest feiern. Nach jahrzehntelangem Warten und Ausharren ist es engagierten Mitgliedern der Gemeinde gelungen, eine Orgel wiedererstehen zu lassen, die, von allen unsachgem\u00e4\u00dfen Ver\u00e4nderungen des 20. Jahrhunderts befreit, ein beachtenswertes Zeugnis der Orgelbaukunst des 19. Jahrhunderts darstellt.<\/p>\n<p>Es ist schon etwas Besonderes, wenn ein Kirchengeb\u00e4ude, einschlie\u00dflich seiner Ausstattung, und die Orgel gleichzeitig entstanden sind &#8211; aus einem Guss sozusagen -, wie das in Hettenhausen der Fall ist. So f\u00fcgt sich auch der sch\u00f6ne neugotische Prospekt (das ist die Vorderfront des Geh\u00e4uses) vorz\u00fcglich in die Innengestaltung der Kirche ein. Auch ist nicht hoch genug einzusch\u00e4tzen, dass der Orgelbauer, der die Orgel in Hettenhausen im Jahr 1879 erstellt hat, Adam Eifert (1841-1910), zu den hochkar\u00e4tigen Orgelbauern in hessisch-th\u00fcringischen Landen seiner Zeit geh\u00f6rte. In Grebenau im Vogelsberg geboren und nach Lehr- und Wanderjahren, die ihn bis nach Barmen und Riga f\u00fchrten, \u00fcbernahm Adam Eifert im Jahr 1871 eine Orgelbauwerkst\u00e4tte im th\u00fcringischen Ilmenau. Th\u00fcringen sollte dann auch sein Hauptwirkungsgebiet werden, wenn es ihn auch immer wieder nach Hessen zog, wo er eine nicht unbedeutende Anzahl von Orgeln, vor allem im heimatlichen Vogelsberg, erstellte. Spuren seines Wirkens sind in beiden L\u00e4ndern noch zu finden, nicht gerade in \u00fcppiger Zahl und h\u00e4ufig in mehr oder weniger ver\u00e4nderter, manchmal auch entstellter Form.<\/p>\n<p>Auch der Orgel in Hettenhausen blieb das Schicksal nicht erspart, in Technik und vor allem im Klang dem jeweiligen Zeitgeschmack angepasst zu werden. Manchmal blieb es nur bei Reparaturen, die das Instrument lediglich spielbar erhielten. Sp\u00e4ter kam es auch zu \u201eVerbesserungen\u201c und \u201eModernisierungen\u201c, die das Ziel hatten, aus dem warmen, sogenannten grundt\u00f6nigen Klang, eine Barockorgel zu zaubern, was \u2013 so sehen wir es heute &#8211; gr\u00fcndlich schief gegangen ist. Kurz gesagt: Der \u201ehelle\u201c, strahlende Klang einer Orgel des 17. und 18.\u00a0Jahrhunderts vertr\u00e4gt sich nur schlecht mit dem \u201edunklen\u201c, warmen Klang einer Orgel des 19.\u00a0Jahrhunderts. Vor allem Umbauten bzw. durchgreifende Reparaturen in den 50er und 80er Jahren des vergangenen Jahrhunderts verunstalteten das Instrument in technischer und klanglicher Hinsicht derma\u00dfen, dass vom urspr\u00fcnglich romantischen Klang der Eifert-Orgel nicht mehr viel \u00fcbrig blieb.<\/p>\n<p>Seit Anfang des 21.\u00a0Jahrhunderts wurden mehrere Anl\u00e4ufe und Versuche unternommen, die als wertvoll und denkmalw\u00fcrdig eingestufte Orgel einer grundlegenden Restaurierung zu unterziehen. Dabei ging es nicht nur darum, die Orgel zu reparieren, sondern sie im Stile und mit den Verfahren und Mitteln der Handwerkskunst ihres Erbauers zu rekonstruieren und sie von artfremden Materialien zu befreien. Hilfreich war auch der Umstand, dass man neben den Spuren am Instrument auch den wieder aufgefundenen Original-Orgelbauvertrag (Recherche: Frau Dr. Ortrud W\u00f6rner-Heil) zugrunde legen konnte. Eine besondere Herausforderung f\u00fcr die beauftragte Orgelbauwerkst\u00e4tte war die Rekonstruktion verloren gegangener Register. So konnte die Disposition (das ist die Zusammenstellung aller Register) originalgetreu wiederhergestellt werden. Sie lautet wie im Jahr der Erbauung der Orgel:<\/p>\n<p>&nbsp;<\/p>\n<table style=\"border-collapse: collapse; width: 100%; height: 320px;\">\n<tbody>\n<tr style=\"height: 24px;\">\n<td style=\"width: 33.3333%; height: 24px;\"><em>I. Manual<\/em><\/td>\n<td style=\"width: 33.3333%; height: 24px;\"><em>II. Manual<\/em><\/td>\n<td style=\"width: 33.3333%; height: 24px;\"><em>Pedal<\/em><\/td>\n<\/tr>\n<tr style=\"height: 24px;\">\n<td style=\"width: 33.3333%; height: 24px;\">Bordun 16&#8242;<\/td>\n<td style=\"width: 33.3333%; height: 24px;\">Liebl. Gedackt 8&#8242;<\/td>\n<td style=\"width: 33.3333%; height: 24px;\">Subbass 16&#8242;<\/td>\n<\/tr>\n<tr style=\"height: 24px;\">\n<td style=\"width: 33.3333%; height: 24px;\">Principal 8&#8242;<\/td>\n<td style=\"width: 33.3333%; height: 24px;\">Flauto angelica 8&#8242;<\/td>\n<td style=\"width: 33.3333%; height: 24px;\">Violonbass 16&#8242;<\/td>\n<\/tr>\n<tr style=\"height: 24px;\">\n<td style=\"width: 33.3333%; height: 24px;\">Hohlfl\u00f6te 8&#8242;<\/td>\n<td style=\"width: 33.3333%; height: 24px;\">Salicional 8&#8242;<\/td>\n<td style=\"width: 33.3333%; height: 24px;\">Oktavbass 8&#8242;<\/td>\n<\/tr>\n<tr>\n<td style=\"width: 33.3333%;\">Viola di Gamba 8&#8242;<\/td>\n<td style=\"width: 33.3333%;\">Gedacktfl\u00f6te 4&#8242;<\/td>\n<td style=\"width: 33.3333%;\">Gedacktbass 8&#8242;<\/td>\n<\/tr>\n<tr style=\"height: 24px;\">\n<td style=\"width: 33.3333%; height: 24px;\">Octave 4&#8242;<\/td>\n<td style=\"width: 33.3333%; height: 24px;\">Waldfl\u00f6te 2&#8242;<\/td>\n<td style=\"width: 33.3333%; height: 24px;\"><\/td>\n<\/tr>\n<tr style=\"height: 24px;\">\n<td style=\"width: 33.3333%; height: 24px;\">Fl\u00f6te 4&#8242;<\/td>\n<td style=\"width: 33.3333%; height: 24px;\"><\/td>\n<td style=\"width: 33.3333%; height: 24px;\"><\/td>\n<\/tr>\n<tr style=\"height: 24px;\">\n<td style=\"width: 33.3333%; height: 24px;\">Octave 2&#8242;<\/td>\n<td style=\"width: 33.3333%; height: 24px;\"><\/td>\n<td style=\"width: 33.3333%; height: 24px;\"><\/td>\n<\/tr>\n<tr style=\"height: 24px;\">\n<td style=\"width: 33.3333%; height: 24px;\">Mixtur 2&#8242; 3-4 fach<\/td>\n<td style=\"width: 33.3333%; height: 24px;\"><\/td>\n<td style=\"width: 33.3333%; height: 24px;\"><\/td>\n<\/tr>\n<tr style=\"height: 24px;\">\n<td style=\"width: 33.3333%; height: 24px;\"><\/td>\n<td style=\"width: 33.3333%; height: 24px;\"><\/td>\n<td style=\"width: 33.3333%; height: 24px;\"><\/td>\n<\/tr>\n<tr style=\"height: 24px;\">\n<td style=\"width: 33.3333%; height: 24px;\">Manual-Coppel<\/td>\n<td style=\"width: 33.3333%; height: 24px;\">Windcontroleur<\/td>\n<td style=\"width: 33.3333%; height: 24px;\">Calcantenzug<\/td>\n<\/tr>\n<tr style=\"height: 24px;\">\n<td style=\"width: 33.3333%; height: 24px;\">Pedal-Coppel<\/td>\n<td style=\"width: 33.3333%; height: 24px;\">Windablass<\/td>\n<td style=\"width: 33.3333%; height: 24px;\"><\/td>\n<\/tr>\n<\/tbody>\n<\/table>\n<p>&nbsp;<\/p>\n<p>Mit der vorz\u00fcglich gelungenen und mit viel Leidenschaft und Kompetenz durchgef\u00fchrten Restaurierung (Leitung: OBM Andreas Hahn) wurde die Fa. Jehmlich (Dresden) betraut, was sich als ausnahmslos gl\u00fcckliche Wahl herausstellte.<\/p>\n<p>Die farbliche Fassung des Geh\u00e4uses befindet sich in einem insgesamt befriedigenden Zustand, so dass man sich auf restauratorische Arbeiten im Spieltischbereich beschr\u00e4nken konnte. Diese Arbeiten wurden von Frau Dipl.-Restauratorin Birgit J\u00fcnger fachkundig und mit gro\u00dfer Sorgfalt ausgef\u00fchrt.<\/p>\n<p>F\u00fcr das Zustandekommen der Restaurierung und Rekonstruktion der Eifert-Orgel sei den eifrigen Mitstreitern aus der Kirchengemeinde und der B\u00fcrgerschaft (stellvertretend die Orgelprojektgruppe) herzlich gedankt. In den Dank m\u00f6chte ich auch einschlie\u00dfen die Hessische Landesregierung zusammen mit der Sparkassen-Kulturstiftung Hessen-Th\u00fcringen (Orgelf\u00f6rderprogramm), die Sparkasse Fulda, die Stadt Gersfeld, die Ev. Kirche von Kurhessen-Waldeck und nicht zuletzt die vielen namenlosen Spender aus der Kirchengemeinde und ihrem lokalen Umfeld.<\/p>\n<p>Mit dem Abschluss der Arbeiten an der Adam-Eifert-Orgel in Hettenhausen ist eine Orgel zur\u00fcckgewonnen, die \u00fcber die Grenzen Hettenhausens hinaus Beachtung erfahren d\u00fcrfte. Die Kirche besitzt nun wieder ein klingendes Dokument mitteldeutschen Orgelbaus des 19.\u00a0Jahrhunderts, das man gemeinhin als Romantik bezeichnet. Die wiedererstandene Eifert-Orgel wird f\u00fcr die reichhaltige und vielf\u00e4ltige Musik dieser Epoche ein authentisches und repr\u00e4sentatives Instrument sein.<\/p>\n<p>Im Ergebnis schlie\u00dfe ich mich als betreuender Orgelsachverst\u00e4ndiger den Worten eines meiner Vorg\u00e4nger aus dem Gutachten vom 19.\u00a0August 1879 an, der \u201edie Auswahl des Holzes und \u00fcbrigen Materials, eine sehr flei\u00dfige Bearbeitung des Pfeifenwerks, dessen Eleganz bewundernswert ist\u201c lobte und seine Bewunderung mit den Worten kr\u00f6nte: \u201cDas aus 17 klingenden Stimmen bestehende Werk auf zwei Manualen und einem Pedale \u00fcberrascht durch seinen wahrhaft prachtvollen und m\u00e4chtigen Ton. Das Prinzipal 8\u2018 \u2026. besitzt einen imponierenden, sonoren Ton. Die Viola di Gamba 8\u2018 und Salicional 8\u2018 sind von edlem, un\u00fcbertrefflich sch\u00f6nen Ton. Auch die Fl\u00f6tenstimmen sind von herrlichster Wirkung \u2026 Herr Eifert hat durch das in allen seinen Teilen wahrhaft gelungene Werk seiner sinnigen Kunst ein neues Denkmal errichtet, welches eine Ehre f\u00fcr die Pfarrgemeinde und eine sch\u00f6ne Zierde ihrer \u2026 Kirche ist.\u201c (T.\u00a0Gesang, Stadtkantor)<\/p>\n<p>Wie sch\u00f6n, dass ich das nach \u00fcber 140 Jahren heute noch einmal best\u00e4tigen und wiederholen darf.<\/p>\n<p>&nbsp;<\/p>\n<p><em>Klaus Vogt<\/em><\/p>\n<p><em>&#8211; Orgelsachverst\u00e4ndiger \u2013<\/em><\/p>\n","protected":false},"excerpt":{"rendered":"<p>Liebe Gemeindemitglieder! Liebe Freundinnen und Freunde der Eifert-Orgel in Hettenhausen! \u00a0 Wenn in diesen Tagen die Orgel in der Ev.-luth. Kirche St. Georg wieder erklingt, so k\u00f6nnen die Kirchengemeinde und dar\u00fcber hinaus alle Orgelfreunde der Region ein kleines Freudenfest feiern. Nach jahrzehntelangem Warten und Ausharren ist es engagierten Mitgliedern der Gemeinde gelungen, eine Orgel wiedererstehen [&hellip;]<\/p>\n","protected":false},"author":2,"featured_media":6431,"comment_status":"closed","ping_status":"closed","sticky":false,"template":"","format":"standard","meta":{"footnotes":""},"categories":[1,48,18,129,22,23,76,17,25],"tags":[15,33,128,77,36,38,34,39],"class_list":["post-6428","post","type-post","status-publish","format-standard","has-post-thumbnail","hentry","category-allgemein","category-feier-festtage","category-gottesdienst","category-hettenhausen","category-kirche-st-georg","category-kirchenmusik","category-kirchenvorstand","category-orgelprojekt-st-georg","category-veranstaltungen","tag-adam-eifert-orgel","tag-gottesdienst","tag-hettenhausen","tag-kirchenvorstand","tag-musik","tag-orgelprojekt-st-georg","tag-pfarrkirche-st-georg","tag-veranstaltungen"],"yoast_head":"<!-- This site is optimized with the Yoast SEO plugin v27.4 - https:\/\/yoast.com\/product\/yoast-seo-wordpress\/ -->\n<title>Gru\u00dfworte des Orgelsachverst\u00e4ndigen Klaus Vogt zur Einweihung der restaurierten Orgel - Ev.-luth. Kirchengemeinde Hettenhausen - Dalherda<\/title>\n<meta name=\"robots\" content=\"index, follow, max-snippet:-1, max-image-preview:large, max-video-preview:-1\" \/>\n<link rel=\"canonical\" href=\"https:\/\/www.kirche-hettenhausen.de\/site\/2020\/11\/grussworte-des-orgelsachverstaendigen-klaus-vogt-zur-einweihung-der-restaurierten-orgel\/\" \/>\n<meta property=\"og:locale\" content=\"de_DE\" \/>\n<meta property=\"og:type\" content=\"article\" \/>\n<meta property=\"og:title\" content=\"Gru\u00dfworte des Orgelsachverst\u00e4ndigen Klaus Vogt zur Einweihung der restaurierten Orgel - Ev.-luth. Kirchengemeinde Hettenhausen - Dalherda\" \/>\n<meta property=\"og:description\" content=\"Liebe Gemeindemitglieder! Liebe Freundinnen und Freunde der Eifert-Orgel in Hettenhausen! \u00a0 Wenn in diesen Tagen die Orgel in der Ev.-luth. Kirche St. Georg wieder erklingt, so k\u00f6nnen die Kirchengemeinde und dar\u00fcber hinaus alle Orgelfreunde der Region ein kleines Freudenfest feiern. Nach jahrzehntelangem Warten und Ausharren ist es engagierten Mitgliedern der Gemeinde gelungen, eine Orgel wiedererstehen [&hellip;]\" \/>\n<meta property=\"og:url\" content=\"https:\/\/www.kirche-hettenhausen.de\/site\/2020\/11\/grussworte-des-orgelsachverstaendigen-klaus-vogt-zur-einweihung-der-restaurierten-orgel\/\" \/>\n<meta property=\"og:site_name\" content=\"Ev.-luth. Kirchengemeinde Hettenhausen - Dalherda\" \/>\n<meta property=\"article:published_time\" content=\"2020-11-01T13:00:59+00:00\" \/>\n<meta property=\"article:modified_time\" content=\"2021-02-16T20:34:07+00:00\" \/>\n<meta property=\"og:image\" content=\"https:\/\/www.kirche-hettenhausen.de\/site\/wp-content\/uploads\/2020\/11\/DSC09152_1.jpg\" \/>\n\t<meta property=\"og:image:width\" content=\"734\" \/>\n\t<meta property=\"og:image:height\" content=\"733\" \/>\n\t<meta property=\"og:image:type\" content=\"image\/jpeg\" \/>\n<meta name=\"author\" content=\"Marion Friedrich\" \/>\n<meta name=\"twitter:card\" content=\"summary_large_image\" \/>\n<meta name=\"twitter:label1\" content=\"Verfasst von\" \/>\n\t<meta name=\"twitter:data1\" content=\"Marion Friedrich\" \/>\n\t<meta name=\"twitter:label2\" content=\"Gesch\u00e4tzte Lesezeit\" \/>\n\t<meta name=\"twitter:data2\" content=\"5\u00a0Minuten\" \/>\n<script type=\"application\/ld+json\" class=\"yoast-schema-graph\">{\"@context\":\"https:\\\/\\\/schema.org\",\"@graph\":[{\"@type\":\"Article\",\"@id\":\"https:\\\/\\\/www.kirche-hettenhausen.de\\\/site\\\/2020\\\/11\\\/grussworte-des-orgelsachverstaendigen-klaus-vogt-zur-einweihung-der-restaurierten-orgel\\\/#article\",\"isPartOf\":{\"@id\":\"https:\\\/\\\/www.kirche-hettenhausen.de\\\/site\\\/2020\\\/11\\\/grussworte-des-orgelsachverstaendigen-klaus-vogt-zur-einweihung-der-restaurierten-orgel\\\/\"},\"author\":{\"name\":\"Marion Friedrich\",\"@id\":\"https:\\\/\\\/www.kirche-hettenhausen.de\\\/site\\\/#\\\/schema\\\/person\\\/7740d89d8f816da861ece2b378a21c57\"},\"headline\":\"Gru\u00dfworte des Orgelsachverst\u00e4ndigen Klaus Vogt zur Einweihung der restaurierten Orgel\",\"datePublished\":\"2020-11-01T13:00:59+00:00\",\"dateModified\":\"2021-02-16T20:34:07+00:00\",\"mainEntityOfPage\":{\"@id\":\"https:\\\/\\\/www.kirche-hettenhausen.de\\\/site\\\/2020\\\/11\\\/grussworte-des-orgelsachverstaendigen-klaus-vogt-zur-einweihung-der-restaurierten-orgel\\\/\"},\"wordCount\":935,\"image\":{\"@id\":\"https:\\\/\\\/www.kirche-hettenhausen.de\\\/site\\\/2020\\\/11\\\/grussworte-des-orgelsachverstaendigen-klaus-vogt-zur-einweihung-der-restaurierten-orgel\\\/#primaryimage\"},\"thumbnailUrl\":\"https:\\\/\\\/www.kirche-hettenhausen.de\\\/site\\\/wp-content\\\/uploads\\\/2020\\\/11\\\/DSC09152_1.jpg\",\"keywords\":[\"Adam-Eifert-Orgel\",\"Gottesdienst\",\"Hettenhausen\",\"Kirchenvorstand\",\"Musik\",\"Orgelprojekt St. Georg\",\"Pfarrkirche St. Georg\",\"Veranstaltungen\"],\"articleSection\":{\"1\":\"Feier-\\\/Festtage\",\"2\":\"Gottesdienst\",\"3\":\"Hettenhausen\",\"4\":\"Kirche St. Georg\",\"5\":\"Kirchenmusik\",\"6\":\"Kirchenvorstand\",\"7\":\"Orgelprojekt St. Georg\",\"8\":\"Veranstaltungen\"},\"inLanguage\":\"de\"},{\"@type\":\"WebPage\",\"@id\":\"https:\\\/\\\/www.kirche-hettenhausen.de\\\/site\\\/2020\\\/11\\\/grussworte-des-orgelsachverstaendigen-klaus-vogt-zur-einweihung-der-restaurierten-orgel\\\/\",\"url\":\"https:\\\/\\\/www.kirche-hettenhausen.de\\\/site\\\/2020\\\/11\\\/grussworte-des-orgelsachverstaendigen-klaus-vogt-zur-einweihung-der-restaurierten-orgel\\\/\",\"name\":\"Gru\u00dfworte des Orgelsachverst\u00e4ndigen Klaus Vogt zur Einweihung der restaurierten Orgel - Ev.-luth. Kirchengemeinde Hettenhausen - Dalherda\",\"isPartOf\":{\"@id\":\"https:\\\/\\\/www.kirche-hettenhausen.de\\\/site\\\/#website\"},\"primaryImageOfPage\":{\"@id\":\"https:\\\/\\\/www.kirche-hettenhausen.de\\\/site\\\/2020\\\/11\\\/grussworte-des-orgelsachverstaendigen-klaus-vogt-zur-einweihung-der-restaurierten-orgel\\\/#primaryimage\"},\"image\":{\"@id\":\"https:\\\/\\\/www.kirche-hettenhausen.de\\\/site\\\/2020\\\/11\\\/grussworte-des-orgelsachverstaendigen-klaus-vogt-zur-einweihung-der-restaurierten-orgel\\\/#primaryimage\"},\"thumbnailUrl\":\"https:\\\/\\\/www.kirche-hettenhausen.de\\\/site\\\/wp-content\\\/uploads\\\/2020\\\/11\\\/DSC09152_1.jpg\",\"datePublished\":\"2020-11-01T13:00:59+00:00\",\"dateModified\":\"2021-02-16T20:34:07+00:00\",\"author\":{\"@id\":\"https:\\\/\\\/www.kirche-hettenhausen.de\\\/site\\\/#\\\/schema\\\/person\\\/7740d89d8f816da861ece2b378a21c57\"},\"breadcrumb\":{\"@id\":\"https:\\\/\\\/www.kirche-hettenhausen.de\\\/site\\\/2020\\\/11\\\/grussworte-des-orgelsachverstaendigen-klaus-vogt-zur-einweihung-der-restaurierten-orgel\\\/#breadcrumb\"},\"inLanguage\":\"de\",\"potentialAction\":[{\"@type\":\"ReadAction\",\"target\":[\"https:\\\/\\\/www.kirche-hettenhausen.de\\\/site\\\/2020\\\/11\\\/grussworte-des-orgelsachverstaendigen-klaus-vogt-zur-einweihung-der-restaurierten-orgel\\\/\"]}]},{\"@type\":\"ImageObject\",\"inLanguage\":\"de\",\"@id\":\"https:\\\/\\\/www.kirche-hettenhausen.de\\\/site\\\/2020\\\/11\\\/grussworte-des-orgelsachverstaendigen-klaus-vogt-zur-einweihung-der-restaurierten-orgel\\\/#primaryimage\",\"url\":\"https:\\\/\\\/www.kirche-hettenhausen.de\\\/site\\\/wp-content\\\/uploads\\\/2020\\\/11\\\/DSC09152_1.jpg\",\"contentUrl\":\"https:\\\/\\\/www.kirche-hettenhausen.de\\\/site\\\/wp-content\\\/uploads\\\/2020\\\/11\\\/DSC09152_1.jpg\",\"width\":734,\"height\":733,\"caption\":\"Adam-Eifert-Orgel\"},{\"@type\":\"BreadcrumbList\",\"@id\":\"https:\\\/\\\/www.kirche-hettenhausen.de\\\/site\\\/2020\\\/11\\\/grussworte-des-orgelsachverstaendigen-klaus-vogt-zur-einweihung-der-restaurierten-orgel\\\/#breadcrumb\",\"itemListElement\":[{\"@type\":\"ListItem\",\"position\":1,\"name\":\"Startseite\",\"item\":\"https:\\\/\\\/www.kirche-hettenhausen.de\\\/site\\\/\"},{\"@type\":\"ListItem\",\"position\":2,\"name\":\"Gru\u00dfworte des Orgelsachverst\u00e4ndigen Klaus Vogt zur Einweihung der restaurierten Orgel\"}]},{\"@type\":\"WebSite\",\"@id\":\"https:\\\/\\\/www.kirche-hettenhausen.de\\\/site\\\/#website\",\"url\":\"https:\\\/\\\/www.kirche-hettenhausen.de\\\/site\\\/\",\"name\":\"Ev.-luth. Kirchengemeinde Hettenhausen - Dalherda\",\"description\":\"Homepage der Ev.-luth. Kirchengemeinde Hettenhausen - Dalherda\",\"potentialAction\":[{\"@type\":\"SearchAction\",\"target\":{\"@type\":\"EntryPoint\",\"urlTemplate\":\"https:\\\/\\\/www.kirche-hettenhausen.de\\\/site\\\/?s={search_term_string}\"},\"query-input\":{\"@type\":\"PropertyValueSpecification\",\"valueRequired\":true,\"valueName\":\"search_term_string\"}}],\"inLanguage\":\"de\"},{\"@type\":\"Person\",\"@id\":\"https:\\\/\\\/www.kirche-hettenhausen.de\\\/site\\\/#\\\/schema\\\/person\\\/7740d89d8f816da861ece2b378a21c57\",\"name\":\"Marion Friedrich\",\"url\":\"https:\\\/\\\/www.kirche-hettenhausen.de\\\/site\\\/author\\\/m-friedrichkirche-hettenhausen-de\\\/\"}]}<\/script>\n<!-- \/ Yoast SEO plugin. -->","yoast_head_json":{"title":"Gru\u00dfworte des Orgelsachverst\u00e4ndigen Klaus Vogt zur Einweihung der restaurierten Orgel - Ev.-luth. Kirchengemeinde Hettenhausen - Dalherda","robots":{"index":"index","follow":"follow","max-snippet":"max-snippet:-1","max-image-preview":"max-image-preview:large","max-video-preview":"max-video-preview:-1"},"canonical":"https:\/\/www.kirche-hettenhausen.de\/site\/2020\/11\/grussworte-des-orgelsachverstaendigen-klaus-vogt-zur-einweihung-der-restaurierten-orgel\/","og_locale":"de_DE","og_type":"article","og_title":"Gru\u00dfworte des Orgelsachverst\u00e4ndigen Klaus Vogt zur Einweihung der restaurierten Orgel - Ev.-luth. Kirchengemeinde Hettenhausen - Dalherda","og_description":"Liebe Gemeindemitglieder! Liebe Freundinnen und Freunde der Eifert-Orgel in Hettenhausen! \u00a0 Wenn in diesen Tagen die Orgel in der Ev.-luth. Kirche St. Georg wieder erklingt, so k\u00f6nnen die Kirchengemeinde und dar\u00fcber hinaus alle Orgelfreunde der Region ein kleines Freudenfest feiern. Nach jahrzehntelangem Warten und Ausharren ist es engagierten Mitgliedern der Gemeinde gelungen, eine Orgel wiedererstehen [&hellip;]","og_url":"https:\/\/www.kirche-hettenhausen.de\/site\/2020\/11\/grussworte-des-orgelsachverstaendigen-klaus-vogt-zur-einweihung-der-restaurierten-orgel\/","og_site_name":"Ev.-luth. Kirchengemeinde Hettenhausen - Dalherda","article_published_time":"2020-11-01T13:00:59+00:00","article_modified_time":"2021-02-16T20:34:07+00:00","og_image":[{"width":734,"height":733,"url":"https:\/\/www.kirche-hettenhausen.de\/site\/wp-content\/uploads\/2020\/11\/DSC09152_1.jpg","type":"image\/jpeg"}],"author":"Marion Friedrich","twitter_card":"summary_large_image","twitter_misc":{"Verfasst von":"Marion Friedrich","Gesch\u00e4tzte Lesezeit":"5\u00a0Minuten"},"schema":{"@context":"https:\/\/schema.org","@graph":[{"@type":"Article","@id":"https:\/\/www.kirche-hettenhausen.de\/site\/2020\/11\/grussworte-des-orgelsachverstaendigen-klaus-vogt-zur-einweihung-der-restaurierten-orgel\/#article","isPartOf":{"@id":"https:\/\/www.kirche-hettenhausen.de\/site\/2020\/11\/grussworte-des-orgelsachverstaendigen-klaus-vogt-zur-einweihung-der-restaurierten-orgel\/"},"author":{"name":"Marion Friedrich","@id":"https:\/\/www.kirche-hettenhausen.de\/site\/#\/schema\/person\/7740d89d8f816da861ece2b378a21c57"},"headline":"Gru\u00dfworte des Orgelsachverst\u00e4ndigen Klaus Vogt zur Einweihung der restaurierten Orgel","datePublished":"2020-11-01T13:00:59+00:00","dateModified":"2021-02-16T20:34:07+00:00","mainEntityOfPage":{"@id":"https:\/\/www.kirche-hettenhausen.de\/site\/2020\/11\/grussworte-des-orgelsachverstaendigen-klaus-vogt-zur-einweihung-der-restaurierten-orgel\/"},"wordCount":935,"image":{"@id":"https:\/\/www.kirche-hettenhausen.de\/site\/2020\/11\/grussworte-des-orgelsachverstaendigen-klaus-vogt-zur-einweihung-der-restaurierten-orgel\/#primaryimage"},"thumbnailUrl":"https:\/\/www.kirche-hettenhausen.de\/site\/wp-content\/uploads\/2020\/11\/DSC09152_1.jpg","keywords":["Adam-Eifert-Orgel","Gottesdienst","Hettenhausen","Kirchenvorstand","Musik","Orgelprojekt St. Georg","Pfarrkirche St. Georg","Veranstaltungen"],"articleSection":{"1":"Feier-\/Festtage","2":"Gottesdienst","3":"Hettenhausen","4":"Kirche St. Georg","5":"Kirchenmusik","6":"Kirchenvorstand","7":"Orgelprojekt St. Georg","8":"Veranstaltungen"},"inLanguage":"de"},{"@type":"WebPage","@id":"https:\/\/www.kirche-hettenhausen.de\/site\/2020\/11\/grussworte-des-orgelsachverstaendigen-klaus-vogt-zur-einweihung-der-restaurierten-orgel\/","url":"https:\/\/www.kirche-hettenhausen.de\/site\/2020\/11\/grussworte-des-orgelsachverstaendigen-klaus-vogt-zur-einweihung-der-restaurierten-orgel\/","name":"Gru\u00dfworte des Orgelsachverst\u00e4ndigen Klaus Vogt zur Einweihung der restaurierten Orgel - Ev.-luth. Kirchengemeinde Hettenhausen - Dalherda","isPartOf":{"@id":"https:\/\/www.kirche-hettenhausen.de\/site\/#website"},"primaryImageOfPage":{"@id":"https:\/\/www.kirche-hettenhausen.de\/site\/2020\/11\/grussworte-des-orgelsachverstaendigen-klaus-vogt-zur-einweihung-der-restaurierten-orgel\/#primaryimage"},"image":{"@id":"https:\/\/www.kirche-hettenhausen.de\/site\/2020\/11\/grussworte-des-orgelsachverstaendigen-klaus-vogt-zur-einweihung-der-restaurierten-orgel\/#primaryimage"},"thumbnailUrl":"https:\/\/www.kirche-hettenhausen.de\/site\/wp-content\/uploads\/2020\/11\/DSC09152_1.jpg","datePublished":"2020-11-01T13:00:59+00:00","dateModified":"2021-02-16T20:34:07+00:00","author":{"@id":"https:\/\/www.kirche-hettenhausen.de\/site\/#\/schema\/person\/7740d89d8f816da861ece2b378a21c57"},"breadcrumb":{"@id":"https:\/\/www.kirche-hettenhausen.de\/site\/2020\/11\/grussworte-des-orgelsachverstaendigen-klaus-vogt-zur-einweihung-der-restaurierten-orgel\/#breadcrumb"},"inLanguage":"de","potentialAction":[{"@type":"ReadAction","target":["https:\/\/www.kirche-hettenhausen.de\/site\/2020\/11\/grussworte-des-orgelsachverstaendigen-klaus-vogt-zur-einweihung-der-restaurierten-orgel\/"]}]},{"@type":"ImageObject","inLanguage":"de","@id":"https:\/\/www.kirche-hettenhausen.de\/site\/2020\/11\/grussworte-des-orgelsachverstaendigen-klaus-vogt-zur-einweihung-der-restaurierten-orgel\/#primaryimage","url":"https:\/\/www.kirche-hettenhausen.de\/site\/wp-content\/uploads\/2020\/11\/DSC09152_1.jpg","contentUrl":"https:\/\/www.kirche-hettenhausen.de\/site\/wp-content\/uploads\/2020\/11\/DSC09152_1.jpg","width":734,"height":733,"caption":"Adam-Eifert-Orgel"},{"@type":"BreadcrumbList","@id":"https:\/\/www.kirche-hettenhausen.de\/site\/2020\/11\/grussworte-des-orgelsachverstaendigen-klaus-vogt-zur-einweihung-der-restaurierten-orgel\/#breadcrumb","itemListElement":[{"@type":"ListItem","position":1,"name":"Startseite","item":"https:\/\/www.kirche-hettenhausen.de\/site\/"},{"@type":"ListItem","position":2,"name":"Gru\u00dfworte des Orgelsachverst\u00e4ndigen Klaus Vogt zur Einweihung der restaurierten Orgel"}]},{"@type":"WebSite","@id":"https:\/\/www.kirche-hettenhausen.de\/site\/#website","url":"https:\/\/www.kirche-hettenhausen.de\/site\/","name":"Ev.-luth. Kirchengemeinde Hettenhausen - Dalherda","description":"Homepage der Ev.-luth. Kirchengemeinde Hettenhausen - Dalherda","potentialAction":[{"@type":"SearchAction","target":{"@type":"EntryPoint","urlTemplate":"https:\/\/www.kirche-hettenhausen.de\/site\/?s={search_term_string}"},"query-input":{"@type":"PropertyValueSpecification","valueRequired":true,"valueName":"search_term_string"}}],"inLanguage":"de"},{"@type":"Person","@id":"https:\/\/www.kirche-hettenhausen.de\/site\/#\/schema\/person\/7740d89d8f816da861ece2b378a21c57","name":"Marion Friedrich","url":"https:\/\/www.kirche-hettenhausen.de\/site\/author\/m-friedrichkirche-hettenhausen-de\/"}]}},"_links":{"self":[{"href":"https:\/\/www.kirche-hettenhausen.de\/site\/wp-json\/wp\/v2\/posts\/6428","targetHints":{"allow":["GET"]}}],"collection":[{"href":"https:\/\/www.kirche-hettenhausen.de\/site\/wp-json\/wp\/v2\/posts"}],"about":[{"href":"https:\/\/www.kirche-hettenhausen.de\/site\/wp-json\/wp\/v2\/types\/post"}],"author":[{"embeddable":true,"href":"https:\/\/www.kirche-hettenhausen.de\/site\/wp-json\/wp\/v2\/users\/2"}],"replies":[{"embeddable":true,"href":"https:\/\/www.kirche-hettenhausen.de\/site\/wp-json\/wp\/v2\/comments?post=6428"}],"version-history":[{"count":3,"href":"https:\/\/www.kirche-hettenhausen.de\/site\/wp-json\/wp\/v2\/posts\/6428\/revisions"}],"predecessor-version":[{"id":6844,"href":"https:\/\/www.kirche-hettenhausen.de\/site\/wp-json\/wp\/v2\/posts\/6428\/revisions\/6844"}],"wp:featuredmedia":[{"embeddable":true,"href":"https:\/\/www.kirche-hettenhausen.de\/site\/wp-json\/wp\/v2\/media\/6431"}],"wp:attachment":[{"href":"https:\/\/www.kirche-hettenhausen.de\/site\/wp-json\/wp\/v2\/media?parent=6428"}],"wp:term":[{"taxonomy":"category","embeddable":true,"href":"https:\/\/www.kirche-hettenhausen.de\/site\/wp-json\/wp\/v2\/categories?post=6428"},{"taxonomy":"post_tag","embeddable":true,"href":"https:\/\/www.kirche-hettenhausen.de\/site\/wp-json\/wp\/v2\/tags?post=6428"}],"curies":[{"name":"wp","href":"https:\/\/api.w.org\/{rel}","templated":true}]}}