{"id":6392,"date":"2020-11-05T00:12:00","date_gmt":"2020-11-04T23:12:00","guid":{"rendered":"https:\/\/kirche-hettenhausen.de\/site\/?p=6392"},"modified":"2021-02-21T11:30:15","modified_gmt":"2021-02-21T10:30:15","slug":"festwochenende-reformation-und-orgel","status":"publish","type":"post","link":"https:\/\/www.kirche-hettenhausen.de\/site\/2020\/11\/festwochenende-reformation-und-orgel\/","title":{"rendered":"Festwochenende Reformation und Orgel"},"content":{"rendered":"<h2>Einf\u00fchrung von Pfarrer Jonas Schindelmann und<br \/>\nEinweihung der restaurierten Adam-Eifert-Orgel<\/h2>\n<p>&nbsp;<\/p>\n<p>An einem tr\u00fcben und regnerischen Herbstwochenende hatte die Kirchengemeinde Hettenhausen trotz des bescheidenen Wetters geh\u00f6rigen Grund zum Feiern! Zum einen konnten wir am Reformationstag einen festlichen Gottesdienst begehen zusammen mit den Gemeinden aus dem Kooperationsraum Rh\u00f6n, die wir in unsere St.-Georgs-Kirche nach Hettenhausen eingeladen hatten. Es ist mittlerweile zu einer sch\u00f6nen Tradition geworden, dass wir mit mehreren Gemeinden des Kooperationsraums diesen f\u00fcr uns Protestanten so besonderen Gottesdienst zusammen feiern und es hat uns sehr gefreut, dass in diesem Jahr Hettenhausen an der Reihe war.<\/p>\n<p>Und das hat noch einen speziellen Grund: Am Reformationstag konnte das Kirchspiel Hettenhausen-Dalherda seinen neuen Pfarrer willkommen hei\u00dfen! Nach 5 Monaten Vakanzzeit, in der Pfr. Maximilian Weber-Weigelt aus Dipperz die Gemeinden Hettenhausen und Dalherda (mit Poppenhausen) vertretungsweise geleitet hat, haben wir nun endlich wieder einen neuen Pfarrer: Jonas Schindelmann. Der geb\u00fcrtig aus dem nordhessischen Schwalmstadt stammende Pfr. Schindelmann absolvierte nach seinem Studium die Vikariatszeit in Neuberg in der N\u00e4he von Hanau und wurde am 25. Oktober 2020 in der Christuskirche Fulda ordiniert. Er tritt nun bei uns seine erste Pfarrstelle an und wurde durch Dekan Bengt Seeberg im Gottesdienst der Gemeinde vorgestellt und in sein Aufgabengebiet eingef\u00fchrt.<\/p>\n<p><a href=\"https:\/\/www.kirche-hettenhausen.de\/site\/wp-content\/uploads\/2020\/11\/DSC09031a.jpg\"><img loading=\"lazy\" decoding=\"async\" class=\"size-large wp-image-6282 aligncenter\" src=\"https:\/\/www.kirche-hettenhausen.de\/site\/wp-content\/uploads\/2020\/11\/DSC09031a-686x1024.jpg\" alt=\"Einf\u00fchrung Pfr. Jonas Schindelmann\" width=\"686\" height=\"1024\" srcset=\"https:\/\/www.kirche-hettenhausen.de\/site\/wp-content\/uploads\/2020\/11\/DSC09031a-686x1024.jpg 686w, https:\/\/www.kirche-hettenhausen.de\/site\/wp-content\/uploads\/2020\/11\/DSC09031a-201x300.jpg 201w, https:\/\/www.kirche-hettenhausen.de\/site\/wp-content\/uploads\/2020\/11\/DSC09031a-768x1147.jpg 768w, https:\/\/www.kirche-hettenhausen.de\/site\/wp-content\/uploads\/2020\/11\/DSC09031a.jpg 807w\" sizes=\"auto, (max-width: 686px) 100vw, 686px\" \/><\/a><\/p>\n<p>&nbsp;<\/p>\n<p>Da Pfarrer Schindelmann selbst aus einem Pfarrhaushalt stammt, d\u00fcrfte bei allem Neuen, das auf ihn zukommt, ein Wissen dar\u00fcber vohanden sein, worauf er sich einl\u00e4sst, so Seeberg. Mit Pfarrer Schindelmanns innerer \u00dcberzeugung, Gottes Segen und der Hilfe der Gemeindeglieder w\u00fcnschte Dekan Seeberg ein erfolgreiches Wirken f\u00fcr die Gemeinde. Wir feierten an diesem Tag im Grunde drei Dinge: Reformation &#8211; Erneuerung, einen neuen Pfarrer und schlie\u00dflich auch die k\u00fcrzliche Unterzeichnung der Fusionsvereinbarung ab 01.01.2021 zur Ev.-luth. Kirchengemeinde Hettenhausen &#8211; Dalherda. Eine anspruchsvolle Aufgabe warte damit auf Pfarrer Schindelmann, die Gemeinde zusammenwachsen zu lassen und das Gemeindeleben zu gestalten. Wobei er selbstverst\u00e4ndlich auf die Hilfe des Kirchenvorstands z\u00e4hlen k\u00f6nne und jedes Mitglied der Gemeinden dazu beitragen k\u00f6nne und m\u00fcsse.<\/p>\n<p><a href=\"https:\/\/www.kirche-hettenhausen.de\/site\/wp-content\/uploads\/2020\/11\/DSC08947a.jpg\"><img loading=\"lazy\" decoding=\"async\" class=\"size-large wp-image-6292 aligncenter\" src=\"https:\/\/www.kirche-hettenhausen.de\/site\/wp-content\/uploads\/2020\/11\/DSC08947a-686x1024.jpg\" alt=\"\" width=\"686\" height=\"1024\" srcset=\"https:\/\/www.kirche-hettenhausen.de\/site\/wp-content\/uploads\/2020\/11\/DSC08947a-686x1024.jpg 686w, https:\/\/www.kirche-hettenhausen.de\/site\/wp-content\/uploads\/2020\/11\/DSC08947a-201x300.jpg 201w, https:\/\/www.kirche-hettenhausen.de\/site\/wp-content\/uploads\/2020\/11\/DSC08947a-768x1147.jpg 768w, https:\/\/www.kirche-hettenhausen.de\/site\/wp-content\/uploads\/2020\/11\/DSC08947a-1029x1536.jpg 1029w, https:\/\/www.kirche-hettenhausen.de\/site\/wp-content\/uploads\/2020\/11\/DSC08947a.jpg 1192w\" sizes=\"auto, (max-width: 686px) 100vw, 686px\" \/><\/a><\/p>\n<p>&nbsp;<\/p>\n<p>Dekan Seeberg dankte anschlie\u00dfend Pfarrer Weber-Weigelt, der, selbst noch neu in seiner Gemeinde Bieberstein-Dipperz, zur Vakanzvertretung in Hettenhausen und Dalherda mit Poppenhausen bereit war. Zum Dank und zur Entspannung wurden ihm Tee und Geb\u00e4ck \u00fcberreicht. Pfarrer Weber-Weigelt bedankte sich, auch f\u00fcr die Hilfe innerhalb der Gemeinde, und versicherte Pfarrer Schindelmann, in einer besonderen Gemeinde angekommen zu sein, sie sei ein Segen.<\/p>\n<p>&nbsp;<\/p>\n<p><a href=\"https:\/\/www.kirche-hettenhausen.de\/site\/wp-content\/uploads\/2020\/11\/DSC08953.jpg\"><img loading=\"lazy\" decoding=\"async\" class=\"size-large wp-image-6294 aligncenter\" src=\"https:\/\/www.kirche-hettenhausen.de\/site\/wp-content\/uploads\/2020\/11\/DSC08953-685x1024.jpg\" alt=\"Einf\u00fchrung Pfr. Jonas Schindelmann\" width=\"685\" height=\"1024\" srcset=\"https:\/\/www.kirche-hettenhausen.de\/site\/wp-content\/uploads\/2020\/11\/DSC08953-685x1024.jpg 685w, https:\/\/www.kirche-hettenhausen.de\/site\/wp-content\/uploads\/2020\/11\/DSC08953-201x300.jpg 201w, https:\/\/www.kirche-hettenhausen.de\/site\/wp-content\/uploads\/2020\/11\/DSC08953-768x1148.jpg 768w, https:\/\/www.kirche-hettenhausen.de\/site\/wp-content\/uploads\/2020\/11\/DSC08953-1028x1536.jpg 1028w, https:\/\/www.kirche-hettenhausen.de\/site\/wp-content\/uploads\/2020\/11\/DSC08953-1370x2048.jpg 1370w, https:\/\/www.kirche-hettenhausen.de\/site\/wp-content\/uploads\/2020\/11\/DSC08953.jpg 1424w\" sizes=\"auto, (max-width: 685px) 100vw, 685px\" \/><\/a><\/p>\n<p>&nbsp;<\/p>\n<p>Nach einem Pauluswort \u00fcber die Entscheidung f\u00fcr Christus sprach Pfarrer Schindelmann in seiner ersten Predigt vor der Gemeinde \u00fcber seine eigenen Entscheidungsschwierigkeiten zwischen dem Kauf eines bequemen, mit technischen Finessen ausgestatteten Sofas und einer (notwendigen) K\u00fcche f\u00fcr das neu einzurichtende Pfarrhaus, das er in diesen Tagen bezogen hat. Einflie\u00dfen lie\u00df er, dass man ihn darauf vorbereitet habe, dass es auf einem Dorf eine gewisse soziale Kontrolle gebe, was Herausforderung und Gewinn bedeuten kann. Man sei nicht nur f\u00fcr sich, sondern in die Menschen um sich herum eingebunden. Paulus Wort \u201eZur Freiheit hat uns Christus befreit\u201c bedeute nicht, dass man ganz frei ist, auch als Christ nicht. Letztlich zeige uns das auch die Corona-Zeit: Ich muss meine eigene Freiheit beschr\u00e4nken, um anderen nicht zu schaden.<\/p>\n<p>&nbsp;<\/p>\n<p>Zum Schluss bedankte sich der Kirchenvorstand bei Pfarrer Weber-Weigelt und betonte, dass man der Nachbargemeinde Bieberstein-Dipperz weiterhin freundschaftlich und unterst\u00fctzend verbunden bleiben wolle. Ein Kissen mit Buch-Gutschein wurde dem begeisterten Leser als kleine Anerkennung \u00fcberreicht. Auch Pfarrer Schindelmann erhielt als Willkommensgru\u00df Rh\u00f6ner Spezialit\u00e4ten, die er auf dem Sofa genie\u00dfen kann, f\u00fcr das er sich dann am Ende entschieden hatte.<\/p>\n<p>&nbsp;<\/p>\n<p>Die Gemeinde hie\u00df ihren neuen Pfarrer herzlich willkommen und dazu gab es das ein oder andere hilfreiche Geschenk zum Start.<\/p>\n<p>&nbsp;<\/p>\n<p><a href=\"https:\/\/www.kirche-hettenhausen.de\/site\/wp-content\/uploads\/2020\/11\/DSC08983.jpg\"><img loading=\"lazy\" decoding=\"async\" class=\"size-large wp-image-6281 aligncenter\" src=\"https:\/\/www.kirche-hettenhausen.de\/site\/wp-content\/uploads\/2020\/11\/DSC08983-1024x685.jpg\" alt=\"Einf\u00fchrung Pfr. Jonas Schindelmann\" width=\"770\" height=\"515\" srcset=\"https:\/\/www.kirche-hettenhausen.de\/site\/wp-content\/uploads\/2020\/11\/DSC08983-1024x685.jpg 1024w, https:\/\/www.kirche-hettenhausen.de\/site\/wp-content\/uploads\/2020\/11\/DSC08983-300x201.jpg 300w, https:\/\/www.kirche-hettenhausen.de\/site\/wp-content\/uploads\/2020\/11\/DSC08983-768x514.jpg 768w, https:\/\/www.kirche-hettenhausen.de\/site\/wp-content\/uploads\/2020\/11\/DSC08983-1536x1028.jpg 1536w, https:\/\/www.kirche-hettenhausen.de\/site\/wp-content\/uploads\/2020\/11\/DSC08983-2048x1370.jpg 2048w\" sizes=\"auto, (max-width: 770px) 100vw, 770px\" \/><\/a><\/p>\n<p>&nbsp;<\/p>\n<p>Pfarrer Schindelmann freut sich auf die neuen Aufgaben in einer lebendigen Gemeinde und die Zusammenarbeit mit vielen engagierten und ehrenamtlichen Gemeindegliedern.<\/p>\n<p><a href=\"https:\/\/www.kirche-hettenhausen.de\/site\/wp-content\/uploads\/2020\/11\/DSC08901.jpg\"><img loading=\"lazy\" decoding=\"async\" class=\"size-large wp-image-6288 aligncenter\" src=\"https:\/\/www.kirche-hettenhausen.de\/site\/wp-content\/uploads\/2020\/11\/DSC08901-1024x685.jpg\" alt=\"Einf\u00fchrung Pfr. Jonas Schindelmann\" width=\"770\" height=\"515\" srcset=\"https:\/\/www.kirche-hettenhausen.de\/site\/wp-content\/uploads\/2020\/11\/DSC08901-1024x685.jpg 1024w, https:\/\/www.kirche-hettenhausen.de\/site\/wp-content\/uploads\/2020\/11\/DSC08901-300x201.jpg 300w, https:\/\/www.kirche-hettenhausen.de\/site\/wp-content\/uploads\/2020\/11\/DSC08901-768x514.jpg 768w, https:\/\/www.kirche-hettenhausen.de\/site\/wp-content\/uploads\/2020\/11\/DSC08901-1536x1028.jpg 1536w, https:\/\/www.kirche-hettenhausen.de\/site\/wp-content\/uploads\/2020\/11\/DSC08901.jpg 1850w\" sizes=\"auto, (max-width: 770px) 100vw, 770px\" \/><\/a><\/p>\n<p>&nbsp;<\/p>\n<p>&nbsp;<\/p>\n<p>&nbsp;<\/p>\n<hr \/>\n<p>Am darauffolgenden Tag, am 1. November, war es endlich soweit: Die Restaurierung unserer Adam-Eifert-Orgel konnte erfolgreich abgeschlossen werden &#8211; \u00a0und auch das w\u00fcrdigten wir nat\u00fcrlich mit einem Festgottesdienst.<\/p>\n<p>&nbsp;<\/p>\n<p><a href=\"https:\/\/www.kirche-hettenhausen.de\/site\/wp-content\/uploads\/2020\/11\/DSC09042.jpg\"><img loading=\"lazy\" decoding=\"async\" class=\"size-large wp-image-6329 aligncenter\" src=\"https:\/\/www.kirche-hettenhausen.de\/site\/wp-content\/uploads\/2020\/11\/DSC09042-1024x685.jpg\" alt=\"Einweihungsgottesdienst Adam-Eifert-Orgel\" width=\"770\" height=\"515\" srcset=\"https:\/\/www.kirche-hettenhausen.de\/site\/wp-content\/uploads\/2020\/11\/DSC09042-1024x685.jpg 1024w, https:\/\/www.kirche-hettenhausen.de\/site\/wp-content\/uploads\/2020\/11\/DSC09042-300x201.jpg 300w, https:\/\/www.kirche-hettenhausen.de\/site\/wp-content\/uploads\/2020\/11\/DSC09042-768x514.jpg 768w, https:\/\/www.kirche-hettenhausen.de\/site\/wp-content\/uploads\/2020\/11\/DSC09042-1536x1028.jpg 1536w, https:\/\/www.kirche-hettenhausen.de\/site\/wp-content\/uploads\/2020\/11\/DSC09042-2048x1370.jpg 2048w\" sizes=\"auto, (max-width: 770px) 100vw, 770px\" \/><\/a><\/p>\n<p>Bezirkskantorin Brigitte Lamohr lie\u00df nun erstmals die restaurierte und rekonstruierte Orgel erklingen und demonstrierte der Festgemeinde den romantischen Klang des Instruments, das 1879 im Rahmen der Neuerrichtung der Kirche von Adam Eifert aus Th\u00fcringen mit 17 Registern verteilt auf zwei Manuale und ein Pedal erbaut wurde.<\/p>\n<p>Landeskirchenmusikdirektor Uwe Maibaum unterst\u00fctzte sie dabei gesanglich durch zwei wundervolle Darbietungen.<\/p>\n<p>&nbsp;<\/p>\n<p><a href=\"https:\/\/www.kirche-hettenhausen.de\/site\/wp-content\/uploads\/2020\/11\/DSC09025a.jpg\"><img loading=\"lazy\" decoding=\"async\" class=\"size-large wp-image-6325 aligncenter\" src=\"https:\/\/www.kirche-hettenhausen.de\/site\/wp-content\/uploads\/2020\/11\/DSC09025a-685x1024.jpg\" alt=\"Einweihungsgottesdienst Adam-Eifert-Orgel\" width=\"685\" height=\"1024\" srcset=\"https:\/\/www.kirche-hettenhausen.de\/site\/wp-content\/uploads\/2020\/11\/DSC09025a-685x1024.jpg 685w, https:\/\/www.kirche-hettenhausen.de\/site\/wp-content\/uploads\/2020\/11\/DSC09025a-201x300.jpg 201w, https:\/\/www.kirche-hettenhausen.de\/site\/wp-content\/uploads\/2020\/11\/DSC09025a.jpg 749w\" sizes=\"auto, (max-width: 685px) 100vw, 685px\" \/><\/a><\/p>\n<p>Pr\u00e4lat Bernd B\u00f6ttner brachte in seiner Predigt seine Bewunderung und Hochachtung zum Ausdruck gegen\u00fcber dem, was die Gemeinde in solch kurzer Zeit auf die Beine gestellt hat, um die Restaurierung ihrer Orgel zu finanzieren. Dabei habe es im Vorfeld sicherlich Fragen gegeben, ob denn eine solch aufwendige Restaurierung \u00fcberhaupt notwendig sei oder vielleicht auch, ob man \u00fcberhaupt noch eine Orgel im Gottesdienst ben\u00f6tige. Bei der Frage, wo denn heute \u201edie Musik spielt\u201c, denke man in erster Linie an die gro\u00dfen Konzert- und Opernh\u00e4user, oder auch an die gro\u00dfen Kirchen. Aber tats\u00e4chlich spiele die Musik auf dem Land, in jeder Kirche, \u00fcber die fast jedes noch so kleine Dorf verf\u00fcge. Und in fast jeder Kirche stehe eine Orgel, und auch wenn heute nat\u00fcrlich auch andere Instrumente wie Gitarren zum Einsatz kommen, so habe die Orgel ihren festen Platz und ihre Berechtigung im Gemeindegottesdienst, f\u00fcr jahrhundertealte Lieder, aber auch f\u00fcr moderne St\u00fccke. Hier werde Musik gemacht, und das sei sehr wichtig. Es sei ein Jammer, dass uns die momentane Pandemie daran hindere, das Evangelium mit Gesang im Gottesdienst zu verk\u00fcndigen. Das belaste viele Menschen, und ab und zu d\u00fcrfe man diesen Jammer auch mal aus sich heraus schreien und sich \u00fcber die Situation beklagen. Umso sch\u00f6ner, dass jetzt zumindest wieder die Orgel erklingen k\u00f6nne.<\/p>\n<p>Ca. 90.000 \u20ac habe die Kirchengemeinde durch zahllose Aktivit\u00e4ten und Spenden selbst aufgebracht. 80.000 \u20ac kamen von der Landeskirche, das Landesamt f\u00fcr Denkmalpflege Hessen und die Sparkassen-Kulturstiftung Hessen-Th\u00fcringen haben jeweils 10.000 \u20ac beigesteuert. Die Sparkasse Fulda und die Deutsche Stiftung Denkmalschutz haben sich mit jeweils 7.000 \u20ac beteiligt und von der Stadt Gersfeld kamen nochmals 6.000 \u20ac an F\u00f6rdermitteln.<\/p>\n<p>Es sei zwar vielleicht im ersten Moment etwas befremdlich, in einer Predigt von Geldbetr\u00e4gen und Finanzen zu sprechen, aber letztlich seien es Kirchensteuern, mit denen solche Projekte von der Landeskirche gef\u00f6rdert w\u00fcrden. Der Pr\u00e4lat hielt diesen Hinweis f\u00fcr wichtig, da die sinnvolle Verwendung dieser Steuern schon ab und an in Frage gestellt w\u00fcrde.<\/p>\n<p>&nbsp;<\/p>\n<p><a href=\"https:\/\/www.kirche-hettenhausen.de\/site\/wp-content\/uploads\/2020\/11\/DSC09165-rotated-e1604436433132.jpg\"><img loading=\"lazy\" decoding=\"async\" class=\"size-large wp-image-6352 aligncenter\" src=\"https:\/\/www.kirche-hettenhausen.de\/site\/wp-content\/uploads\/2020\/11\/DSC09165-rotated-e1604436433132-685x1024.jpg\" alt=\"Einweihungsgottesdienst Adam-Eifert-Orgel\" width=\"685\" height=\"1024\" srcset=\"https:\/\/www.kirche-hettenhausen.de\/site\/wp-content\/uploads\/2020\/11\/DSC09165-rotated-e1604436433132-685x1024.jpg 685w, https:\/\/www.kirche-hettenhausen.de\/site\/wp-content\/uploads\/2020\/11\/DSC09165-rotated-e1604436433132-201x300.jpg 201w, https:\/\/www.kirche-hettenhausen.de\/site\/wp-content\/uploads\/2020\/11\/DSC09165-rotated-e1604436433132-768x1148.jpg 768w, https:\/\/www.kirche-hettenhausen.de\/site\/wp-content\/uploads\/2020\/11\/DSC09165-rotated-e1604436433132-1028x1536.jpg 1028w, https:\/\/www.kirche-hettenhausen.de\/site\/wp-content\/uploads\/2020\/11\/DSC09165-rotated-e1604436433132-1370x2048.jpg 1370w, https:\/\/www.kirche-hettenhausen.de\/site\/wp-content\/uploads\/2020\/11\/DSC09165-rotated-e1604436433132.jpg 1424w\" sizes=\"auto, (max-width: 685px) 100vw, 685px\" \/><\/a><\/p>\n<p>Im Anschluss an den Festgottesdienst waren alle Interessierten zu F\u00fchrungen an der Adam-Eifert-Orgel eingeladen. Der Orgelsachverst\u00e4ndige des Kirchenkreises, Kantor Klaus Vogt, sowie Andreas Hahn, der Chefrestaurator der Firma Jehmlich Orgelbau Dresden GmbH, informierten \u00fcber die Arbeiten im Zuge der Restaurierung und Rekonstruktion. Hier gab es sowohl technische und geschichtliche Hintergr\u00fcnde als auch \u201eetwas f\u00fcr die Ohren\u201c.<\/p>\n<p><a href=\"https:\/\/www.kirche-hettenhausen.de\/site\/wp-content\/uploads\/2020\/11\/DSC09149-rotated-e1604436209745.jpg\"><img loading=\"lazy\" decoding=\"async\" class=\"size-large wp-image-6346 aligncenter\" src=\"https:\/\/www.kirche-hettenhausen.de\/site\/wp-content\/uploads\/2020\/11\/DSC09149-rotated-e1604436209745-685x1024.jpg\" alt=\"Einweihungsgottesdienst Adam-Eifert-Orgel\" width=\"685\" height=\"1024\" srcset=\"https:\/\/www.kirche-hettenhausen.de\/site\/wp-content\/uploads\/2020\/11\/DSC09149-rotated-e1604436209745-685x1024.jpg 685w, https:\/\/www.kirche-hettenhausen.de\/site\/wp-content\/uploads\/2020\/11\/DSC09149-rotated-e1604436209745-201x300.jpg 201w, https:\/\/www.kirche-hettenhausen.de\/site\/wp-content\/uploads\/2020\/11\/DSC09149-rotated-e1604436209745-768x1148.jpg 768w, https:\/\/www.kirche-hettenhausen.de\/site\/wp-content\/uploads\/2020\/11\/DSC09149-rotated-e1604436209745-1028x1536.jpg 1028w, https:\/\/www.kirche-hettenhausen.de\/site\/wp-content\/uploads\/2020\/11\/DSC09149-rotated-e1604436209745-1370x2048.jpg 1370w, https:\/\/www.kirche-hettenhausen.de\/site\/wp-content\/uploads\/2020\/11\/DSC09149-rotated-e1604436209745.jpg 1424w\" sizes=\"auto, (max-width: 685px) 100vw, 685px\" \/><\/a><\/p>\n<p>&nbsp;<\/p>\n<p>&nbsp;<\/p>\n<p><a href=\"https:\/\/www.kirche-hettenhausen.de\/site\/wp-content\/uploads\/2020\/11\/DSC09170.jpg\"><img loading=\"lazy\" decoding=\"async\" class=\"size-large wp-image-6354 aligncenter\" src=\"https:\/\/www.kirche-hettenhausen.de\/site\/wp-content\/uploads\/2020\/11\/DSC09170-1024x685.jpg\" alt=\"Einweihungsgottesdienst Adam-Eifert-Orgel\" width=\"770\" height=\"515\" srcset=\"https:\/\/www.kirche-hettenhausen.de\/site\/wp-content\/uploads\/2020\/11\/DSC09170-1024x685.jpg 1024w, https:\/\/www.kirche-hettenhausen.de\/site\/wp-content\/uploads\/2020\/11\/DSC09170-300x201.jpg 300w, https:\/\/www.kirche-hettenhausen.de\/site\/wp-content\/uploads\/2020\/11\/DSC09170-768x514.jpg 768w, https:\/\/www.kirche-hettenhausen.de\/site\/wp-content\/uploads\/2020\/11\/DSC09170-1536x1028.jpg 1536w, https:\/\/www.kirche-hettenhausen.de\/site\/wp-content\/uploads\/2020\/11\/DSC09170-2048x1370.jpg 2048w\" sizes=\"auto, (max-width: 770px) 100vw, 770px\" \/><\/a><\/p>\n<p>&nbsp;<\/p>\n<p>Wir bedanken uns noch einmal ausdr\u00fccklich und ganz herzlich f\u00fcr alle Spenden und F\u00f6rdergelder, die wir von so vielen Seiten f\u00fcr die aufwendige Restaurierung und Rekonstruktion unserer historisch wertvollen Orgel erhalten haben. Und nat\u00fcrlich auch ein gro\u00dfes Dankesch\u00f6n f\u00fcr das \u00fcberragende Engagement, mit dem sich so viele Gemeindeglieder f\u00fcr \u201eihre Orgel\u201c eingesetzt haben. Die vergangenen Monate haben uns gezeigt, wie wichtig Gemeinschaft und Zusammenarbeit ist, und was man erreichen kann, wenn man ein festes Ziel vor Augen hat!<\/p>\n<p>&nbsp;<\/p>\n<p>Leider war es nicht allen Interessierten m\u00f6glich, an diesen beiden Gottesdiensten pers\u00f6nlich teilzunehmen, da aufgrund der momentanen Beschr\u00e4nkungen die Zahl der m\u00f6glichen Besucher stark reduziert werden musste. Nichtsdestotrotz konnten wir in dieser besonderen Zeit auch unter diesen Voraussetzungen die Gottesdienste sehr feierlich begehen. Um allen Gemeindegliedern dennoch die M\u00f6glichkeit zu geben, zumindest \u201evirtuell\u201c an den Gottesdiensten teilhaben zu k\u00f6nnen, haben wir jeweils einen Livestream angeboten, so dass jeder und jede diese gem\u00fctlich von zu Hause mitverfolgen konnte. Diese Alternative zum direkten Mitfeiern in der Kirche werden wir in Zukunft regelm\u00e4\u00dfig zur Verf\u00fcgung stellen bei \u201ebesonderen\u201c Gottesdiensten.<\/p>\n<p><a href=\"https:\/\/www.kirche-hettenhausen.de\/site\/wp-content\/uploads\/2020\/11\/DSC08885.jpg\"><img loading=\"lazy\" decoding=\"async\" class=\"size-large wp-image-6284 aligncenter\" src=\"https:\/\/www.kirche-hettenhausen.de\/site\/wp-content\/uploads\/2020\/11\/DSC08885-1024x685.jpg\" alt=\"Einf\u00fchrung Pfr. Jonas Schindelmann\" width=\"770\" height=\"515\" srcset=\"https:\/\/www.kirche-hettenhausen.de\/site\/wp-content\/uploads\/2020\/11\/DSC08885-1024x685.jpg 1024w, https:\/\/www.kirche-hettenhausen.de\/site\/wp-content\/uploads\/2020\/11\/DSC08885-300x201.jpg 300w, https:\/\/www.kirche-hettenhausen.de\/site\/wp-content\/uploads\/2020\/11\/DSC08885-768x514.jpg 768w, https:\/\/www.kirche-hettenhausen.de\/site\/wp-content\/uploads\/2020\/11\/DSC08885-1536x1028.jpg 1536w, https:\/\/www.kirche-hettenhausen.de\/site\/wp-content\/uploads\/2020\/11\/DSC08885-2048x1370.jpg 2048w\" sizes=\"auto, (max-width: 770px) 100vw, 770px\" \/><\/a><\/p>\n<p>&nbsp;<\/p>\n<p>Vielen Dank an alle Beteiligten, die zum Gelingen beigetragen haben, in den Gottesdiensten und nat\u00fcrlich auch an die vielen, die im Hintergrund gewirkt haben!<\/p>\n<p>&nbsp;<\/p>\n<p><a href=\"https:\/\/www.kirche-hettenhausen.de\/site\/wp-content\/uploads\/2020\/11\/DSC09155.jpg\"><img loading=\"lazy\" decoding=\"async\" class=\"size-large wp-image-6348 aligncenter\" src=\"https:\/\/www.kirche-hettenhausen.de\/site\/wp-content\/uploads\/2020\/11\/DSC09155-1024x685.jpg\" alt=\"Einweihungsgottesdienst Adam-Eifert-Orgel\" width=\"770\" height=\"515\" srcset=\"https:\/\/www.kirche-hettenhausen.de\/site\/wp-content\/uploads\/2020\/11\/DSC09155-1024x685.jpg 1024w, https:\/\/www.kirche-hettenhausen.de\/site\/wp-content\/uploads\/2020\/11\/DSC09155-300x201.jpg 300w, https:\/\/www.kirche-hettenhausen.de\/site\/wp-content\/uploads\/2020\/11\/DSC09155-768x514.jpg 768w, https:\/\/www.kirche-hettenhausen.de\/site\/wp-content\/uploads\/2020\/11\/DSC09155-1536x1028.jpg 1536w, https:\/\/www.kirche-hettenhausen.de\/site\/wp-content\/uploads\/2020\/11\/DSC09155-2048x1370.jpg 2048w\" sizes=\"auto, (max-width: 770px) 100vw, 770px\" \/><\/a><\/p>\n<p><a href=\"https:\/\/www.kirche-hettenhausen.de\/site\/wp-content\/uploads\/2020\/11\/DSC09032.jpg\"><img loading=\"lazy\" decoding=\"async\" class=\"size-large wp-image-6326 aligncenter\" src=\"https:\/\/www.kirche-hettenhausen.de\/site\/wp-content\/uploads\/2020\/11\/DSC09032-685x1024.jpg\" alt=\"Einweihungsgottesdienst Adam-Eifert-Orgel\" width=\"685\" height=\"1024\" srcset=\"https:\/\/www.kirche-hettenhausen.de\/site\/wp-content\/uploads\/2020\/11\/DSC09032-685x1024.jpg 685w, https:\/\/www.kirche-hettenhausen.de\/site\/wp-content\/uploads\/2020\/11\/DSC09032-201x300.jpg 201w, https:\/\/www.kirche-hettenhausen.de\/site\/wp-content\/uploads\/2020\/11\/DSC09032-768x1148.jpg 768w, https:\/\/www.kirche-hettenhausen.de\/site\/wp-content\/uploads\/2020\/11\/DSC09032-1028x1536.jpg 1028w, https:\/\/www.kirche-hettenhausen.de\/site\/wp-content\/uploads\/2020\/11\/DSC09032.jpg 1173w\" sizes=\"auto, (max-width: 685px) 100vw, 685px\" \/><\/a><\/p>\n<p>&nbsp;<\/p>\n<div id=\"metaslider-id-6300\" style=\"width: 100%;\" class=\"ml-slider-3-108-0 metaslider metaslider-nivo metaslider-6300 ml-slider ms-theme-default\" role=\"region\" aria-label=\"Einf\u00fchrung Pfr. Jonas Schindelmann\" data-height=\"600\" data-width=\"600\">\n    <div id=\"metaslider_container_6300\">\n        <div class='slider-wrapper theme-default'><div class='ribbon'><\/div><div id='metaslider_6300' class='nivoSlider'><img loading=\"lazy\" decoding=\"async\" src=\"https:\/\/www.kirche-hettenhausen.de\/site\/wp-content\/uploads\/2020\/11\/DSC08880-rotated-e1604433996439-600x600.jpg\" height=\"600\" width=\"600\" title=\"Einf\u00fchrung Pfr. Jonas Schindelmann\" alt=\"Ev.-luth. Pfarrkirche St. Georg Hettenhausen\" class=\"slider-6300 slide-6301 msDefaultImage\" \/><img loading=\"lazy\" decoding=\"async\" src=\"https:\/\/www.kirche-hettenhausen.de\/site\/wp-content\/uploads\/2020\/11\/DSC08901-600x600.jpg\" height=\"600\" width=\"600\" title=\"Pfr. Maximilian Weber-Weigelt, Dekan Bengt Seeberg, Pfr. Jonas Schindelmann, Martin Schleicher\" alt=\"Einf\u00fchrung Pfr. Jonas Schindelmann\" class=\"slider-6300 slide-6302 msDefaultImage\" \/><img loading=\"lazy\" decoding=\"async\" src=\"https:\/\/www.kirche-hettenhausen.de\/site\/wp-content\/uploads\/2020\/11\/DSC08895a-600x600.jpg\" height=\"600\" width=\"600\" title=\"Pfr. Maximilian Weber-Weigelt, Pfr. Jonas Schindelmann, Martin Schleicher\" alt=\"Einf\u00fchrung Pfr. Jonas Schindelmann\" class=\"slider-6300 slide-6303 msDefaultImage\" \/><img loading=\"lazy\" decoding=\"async\" src=\"https:\/\/www.kirche-hettenhausen.de\/site\/wp-content\/uploads\/2020\/11\/DSC08907a-600x600.jpg\" height=\"600\" width=\"600\" title=\"Pfr. Jonas Schindelmann\" alt=\"Einf\u00fchrung Pfr. Jonas Schindelmann\" class=\"slider-6300 slide-6317 msDefaultImage\" \/><img loading=\"lazy\" decoding=\"async\" src=\"https:\/\/www.kirche-hettenhausen.de\/site\/wp-content\/uploads\/2020\/11\/DSC08885-600x600.jpg\" height=\"600\" width=\"600\" title=\"Livestream\" alt=\"Einf\u00fchrung Pfr. Jonas Schindelmann\" class=\"slider-6300 slide-6304 msDefaultImage\" \/><img loading=\"lazy\" decoding=\"async\" src=\"https:\/\/www.kirche-hettenhausen.de\/site\/wp-content\/uploads\/2020\/11\/DSC08891-600x600.jpg\" height=\"600\" width=\"600\" title=\"Pfr. Maximilian Weber-Weigelt, Pfr. Jonas Schindelmann\" alt=\"Einf\u00fchrung Pfr. Jonas Schindelmann\" class=\"slider-6300 slide-6305 msDefaultImage\" \/><img loading=\"lazy\" decoding=\"async\" src=\"https:\/\/www.kirche-hettenhausen.de\/site\/wp-content\/uploads\/2020\/11\/DSC08961-600x600.jpg\" height=\"600\" width=\"600\" title=\"Einf\u00fchrung Pfr. Jonas Schindelmann\" alt=\"\" class=\"slider-6300 slide-6306 msDefaultImage\" \/><img loading=\"lazy\" decoding=\"async\" src=\"https:\/\/www.kirche-hettenhausen.de\/site\/wp-content\/uploads\/2020\/11\/DSC08963-600x600.jpg\" height=\"600\" width=\"600\" title=\"Einf\u00fchrung Pfr. Jonas Schindelmann\" alt=\"\" class=\"slider-6300 slide-6307 msDefaultImage\" \/><img loading=\"lazy\" decoding=\"async\" src=\"https:\/\/www.kirche-hettenhausen.de\/site\/wp-content\/uploads\/2020\/11\/DSC08947a-600x600.jpg\" height=\"600\" width=\"600\" title=\"Einf\u00fchrung Pfr. Jonas Schindelmann\" alt=\"\" class=\"slider-6300 slide-6308 msDefaultImage\" \/><img loading=\"lazy\" decoding=\"async\" src=\"https:\/\/www.kirche-hettenhausen.de\/site\/wp-content\/uploads\/2020\/11\/DSC08949a-600x600.jpg\" height=\"600\" width=\"600\" title=\"Einf\u00fchrung Pfr. Jonas Schindelmann\" alt=\"\" class=\"slider-6300 slide-6309 msDefaultImage\" \/><img loading=\"lazy\" decoding=\"async\" src=\"https:\/\/www.kirche-hettenhausen.de\/site\/wp-content\/uploads\/2020\/11\/DSC08933a-600x600.jpg\" height=\"600\" width=\"600\" title=\"Dekan Bengt Seeberg\" alt=\"Einf\u00fchrung Pfr. Jonas Schindelmann\" class=\"slider-6300 slide-6310 msDefaultImage\" \/><img loading=\"lazy\" decoding=\"async\" src=\"https:\/\/www.kirche-hettenhausen.de\/site\/wp-content\/uploads\/2020\/11\/DSC08936-600x600.jpg\" height=\"600\" width=\"600\" title=\"Einf\u00fchrung Pfr. Jonas Schindelmann\" alt=\"\" class=\"slider-6300 slide-6311 msDefaultImage\" \/><img loading=\"lazy\" decoding=\"async\" src=\"https:\/\/www.kirche-hettenhausen.de\/site\/wp-content\/uploads\/2020\/11\/DSC08887-600x600.jpg\" height=\"600\" width=\"600\" title=\"Einf\u00fchrung Pfr. Jonas Schindelmann\" alt=\"\" class=\"slider-6300 slide-6312 msDefaultImage\" \/><img loading=\"lazy\" decoding=\"async\" src=\"https:\/\/www.kirche-hettenhausen.de\/site\/wp-content\/uploads\/2020\/11\/DSC08954a-600x600.jpg\" height=\"600\" width=\"600\" title=\"Pfr. Jonas Schindelmann bei seiner ersten Predigt\" alt=\"Einf\u00fchrung Pfr. Jonas Schindelmann\" class=\"slider-6300 slide-6313 msDefaultImage\" \/><img loading=\"lazy\" decoding=\"async\" src=\"https:\/\/www.kirche-hettenhausen.de\/site\/wp-content\/uploads\/2020\/11\/DSC08953-600x600.jpg\" height=\"600\" width=\"600\" title=\"Pfr. Jonas Schindelmann bei seiner ersten Predigt\" alt=\"Einf\u00fchrung Pfr. Jonas Schindelmann\" class=\"slider-6300 slide-6314 msDefaultImage\" \/><img loading=\"lazy\" decoding=\"async\" src=\"https:\/\/www.kirche-hettenhausen.de\/site\/wp-content\/uploads\/2020\/11\/DSC08958-600x600.jpg\" height=\"600\" width=\"600\" title=\"Verabschiedung Pfr. Maximilian Weber-Weigelt\" alt=\"Einf\u00fchrung Pfr. Jonas Schindelmann\" class=\"slider-6300 slide-6315 msDefaultImage\" \/><img loading=\"lazy\" decoding=\"async\" src=\"https:\/\/www.kirche-hettenhausen.de\/site\/wp-content\/uploads\/2020\/11\/DSC08959-600x600.jpg\" height=\"600\" width=\"600\" title=\"Pfr. Maximilian Weber-Weigelt\" alt=\"Einf\u00fchrung Pfr. Jonas Schindelmann\" class=\"slider-6300 slide-6316 msDefaultImage\" \/><img loading=\"lazy\" decoding=\"async\" src=\"https:\/\/www.kirche-hettenhausen.de\/site\/wp-content\/uploads\/2020\/11\/DSC09002a-600x600.jpg\" height=\"600\" width=\"600\" title=\"Kirchenvorstand\" alt=\"Einf\u00fchrung Pfr. Jonas Schindelmann\" class=\"slider-6300 slide-6318 msDefaultImage\" \/><img loading=\"lazy\" decoding=\"async\" src=\"https:\/\/www.kirche-hettenhausen.de\/site\/wp-content\/uploads\/2020\/11\/DSC08985-600x600.jpg\" height=\"600\" width=\"600\" title=\"Gemeindekreis Geschenk\u00fcbergabe\" alt=\"Einf\u00fchrung Pfr. Jonas Schindelmann\" class=\"slider-6300 slide-6319 msDefaultImage\" \/><img loading=\"lazy\" decoding=\"async\" src=\"https:\/\/www.kirche-hettenhausen.de\/site\/wp-content\/uploads\/2020\/11\/DSC08983-600x600.jpg\" height=\"600\" width=\"600\" title=\"Gemeindekreis Geschenk\u00fcbergabe\" alt=\"Einf\u00fchrung Pfr. Jonas Schindelmann\" class=\"slider-6300 slide-6320 msDefaultImage\" \/><img loading=\"lazy\" decoding=\"async\" src=\"https:\/\/www.kirche-hettenhausen.de\/site\/wp-content\/uploads\/2020\/11\/DSC08989-600x600.jpg\" height=\"600\" width=\"600\" title=\"Gemeindekreis Geschenk\u00fcbergabe\" alt=\"Einf\u00fchrung Pfr. Jonas Schindelmann\" class=\"slider-6300 slide-6321 msDefaultImage\" \/><img loading=\"lazy\" decoding=\"async\" src=\"https:\/\/www.kirche-hettenhausen.de\/site\/wp-content\/uploads\/2020\/11\/DSC09031a-600x600.jpg\" height=\"600\" width=\"600\" title=\"Pfr. Jonas Schindelmann\" alt=\"Einf\u00fchrung Pfr. Jonas Schindelmann\" class=\"slider-6300 slide-6322 msDefaultImage\" \/><\/div><\/div>\n        \n    <\/div>\n<\/div>\n<p>&nbsp;<\/p>\n<p>&nbsp;<\/p>\n<div id=\"metaslider-id-6355\" style=\"width: 100%;\" class=\"ml-slider-3-108-0 metaslider metaslider-nivo metaslider-6355 ml-slider ms-theme-default\" role=\"region\" aria-label=\"Einweihungsgottesdienst Adam-Eifert-Orgel\" data-height=\"650\" data-width=\"600\">\n    <div id=\"metaslider_container_6355\">\n        <div class='slider-wrapper theme-default'><div class='ribbon'><\/div><div id='metaslider_6355' class='nivoSlider'><img loading=\"lazy\" decoding=\"async\" src=\"https:\/\/www.kirche-hettenhausen.de\/site\/wp-content\/uploads\/2020\/11\/IMG-20201101-WA0015-600x650.jpg\" height=\"650\" width=\"600\" title=\"Einweihungsgottesdienst\" alt=\"Adam-Eifert-Orgel\" class=\"slider-6355 slide-6356 msDefaultImage\" \/><img loading=\"lazy\" decoding=\"async\" src=\"https:\/\/www.kirche-hettenhausen.de\/site\/wp-content\/uploads\/2020\/11\/DSC09025a-600x650.jpg\" height=\"650\" width=\"600\" title=\"Pr\u00e4lat Bernd B\u00f6ttner\" alt=\"Einweihungsgottesdienst Adam-Eifert-Orgel\" class=\"slider-6355 slide-6358 msDefaultImage\" \/><img loading=\"lazy\" decoding=\"async\" src=\"https:\/\/www.kirche-hettenhausen.de\/site\/wp-content\/uploads\/2020\/11\/DSC09032-600x650.jpg\" height=\"650\" width=\"600\" title=\"Pr\u00e4lat Bernd B\u00f6ttner, Pfr. Jonas Schindelmann\" alt=\"Einweihungsgottesdienst Adam-Eifert-Orgel\" class=\"slider-6355 slide-6359 msDefaultImage\" \/><img loading=\"lazy\" decoding=\"async\" src=\"https:\/\/www.kirche-hettenhausen.de\/site\/wp-content\/uploads\/2020\/11\/DSC09057-600x650.jpg\" height=\"650\" width=\"600\" title=\"Info-Flyer Orgel\" alt=\"Einweihungsgottesdienst Adam-Eifert-Orgel\" class=\"slider-6355 slide-6360 msDefaultImage\" \/><img loading=\"lazy\" decoding=\"async\" src=\"https:\/\/www.kirche-hettenhausen.de\/site\/wp-content\/uploads\/2020\/11\/DSC09039-600x650.jpg\" height=\"650\" width=\"600\" title=\"Pr\u00e4lat Bernd B\u00f6ttner\" alt=\"Einweihungsgottesdienst Adam-Eifert-Orgel\" class=\"slider-6355 slide-6362 msDefaultImage\" \/><img loading=\"lazy\" decoding=\"async\" src=\"https:\/\/www.kirche-hettenhausen.de\/site\/wp-content\/uploads\/2020\/11\/DSC09038-600x650.jpg\" height=\"650\" width=\"600\" title=\"Pr\u00e4lat Bernd B\u00f6ttner\" alt=\"Einweihungsgottesdienst Adam-Eifert-Orgel\" class=\"slider-6355 slide-6363 msDefaultImage\" \/><img loading=\"lazy\" decoding=\"async\" src=\"https:\/\/www.kirche-hettenhausen.de\/site\/wp-content\/uploads\/2020\/11\/DSC09042-600x650.jpg\" height=\"650\" width=\"600\" title=\"Landeskirchenmusikdirektor Uwe Maibaum, Bezirkskantorin Brigitte Lamohr\" alt=\"Einweihungsgottesdienst Adam-Eifert-Orgel\" class=\"slider-6355 slide-6364 msDefaultImage\" \/><img loading=\"lazy\" decoding=\"async\" src=\"https:\/\/www.kirche-hettenhausen.de\/site\/wp-content\/uploads\/2020\/11\/DSC09066-600x650.jpg\" height=\"650\" width=\"600\" title=\"Kirchenvorstand\" alt=\"Einweihungsgottesdienst Adam-Eifert-Orgel\" class=\"slider-6355 slide-6370 msDefaultImage\" \/><img loading=\"lazy\" decoding=\"async\" src=\"https:\/\/www.kirche-hettenhausen.de\/site\/wp-content\/uploads\/2020\/11\/DSC09069-600x650.jpg\" height=\"650\" width=\"600\" title=\"Pr\u00e4lat Bernd B\u00f6ttner, Kirchenvorstand\" alt=\"Einweihungsgottesdienst Adam-Eifert-Orgel\" class=\"slider-6355 slide-6371 msDefaultImage\" \/><img loading=\"lazy\" decoding=\"async\" src=\"https:\/\/www.kirche-hettenhausen.de\/site\/wp-content\/uploads\/2020\/11\/DSC09050-600x650.jpg\" height=\"650\" width=\"600\" title=\"Dankesrede Marion Friedrich\" alt=\"Einweihungsgottesdienst Adam-Eifert-Orgel\" class=\"slider-6355 slide-6365 msDefaultImage\" \/><img loading=\"lazy\" decoding=\"async\" src=\"https:\/\/www.kirche-hettenhausen.de\/site\/wp-content\/uploads\/2020\/11\/DSC09051-600x650.jpg\" height=\"650\" width=\"600\" title=\"Dankesrede Marion Friedrich\" alt=\"Einweihungsgottesdienst Adam-Eifert-Orgel\" class=\"slider-6355 slide-6366 msDefaultImage\" \/><img loading=\"lazy\" decoding=\"async\" src=\"https:\/\/www.kirche-hettenhausen.de\/site\/wp-content\/uploads\/2020\/11\/IMG-20201101-WA0002-600x650.jpg\" height=\"650\" width=\"600\" title=\"Orgelwein\" alt=\"Einweihungsgottesdienst Adam-Eifert-Orgel\" class=\"slider-6355 slide-6389 msDefaultImage\" \/><img loading=\"lazy\" decoding=\"async\" src=\"https:\/\/www.kirche-hettenhausen.de\/site\/wp-content\/uploads\/2020\/11\/DSC09056-600x650.jpg\" height=\"650\" width=\"600\" title=\"Orgelsachverst\u00e4ndiger Klaus Vogt\" alt=\"Einweihungsgottesdienst Adam-Eifert-Orgel\" class=\"slider-6355 slide-6361 msDefaultImage\" \/><img loading=\"lazy\" decoding=\"async\" src=\"https:\/\/www.kirche-hettenhausen.de\/site\/wp-content\/uploads\/2020\/11\/DSC09059-600x650.jpg\" height=\"650\" width=\"600\" title=\"Hannes Hering, Andreas Hahn\" alt=\"Einweihungsgottesdienst Adam-Eifert-Orgel\" class=\"slider-6355 slide-6367 msDefaultImage\" \/><img loading=\"lazy\" decoding=\"async\" src=\"https:\/\/www.kirche-hettenhausen.de\/site\/wp-content\/uploads\/2020\/11\/DSC09065-600x650.jpg\" height=\"650\" width=\"600\" title=\"Orgelbaumeister Andreas Hahn\" alt=\"Einweihungsgottesdienst Adam-Eifert-Orgel\" class=\"slider-6355 slide-6369 msDefaultImage\" \/><img loading=\"lazy\" decoding=\"async\" src=\"https:\/\/www.kirche-hettenhausen.de\/site\/wp-content\/uploads\/2020\/11\/DSC09014a-600x650.jpg\" height=\"650\" width=\"600\" title=\"Deutsche Stiftung Denkmalschutz\" alt=\"Einweihungsgottesdienst Adam-Eifert-Orgel\" class=\"slider-6355 slide-6373 msDefaultImage\" \/><img loading=\"lazy\" decoding=\"async\" src=\"https:\/\/www.kirche-hettenhausen.de\/site\/wp-content\/uploads\/2020\/11\/DSC09152-600x650.jpg\" height=\"650\" width=\"600\" title=\"Registerzug &quot;Viola die Gamba&quot;\" alt=\"Einweihungsgottesdienst Adam-Eifert-Orgel\" class=\"slider-6355 slide-6374 msDefaultImage\" \/><img loading=\"lazy\" decoding=\"async\" src=\"https:\/\/www.kirche-hettenhausen.de\/site\/wp-content\/uploads\/2020\/11\/DSC09136-600x650.jpg\" height=\"650\" width=\"600\" title=\"Orgelf\u00fchrung Andreas Hahn\" alt=\"Einweihungsgottesdienst Adam-Eifert-Orgel\" class=\"slider-6355 slide-6375 msDefaultImage\" \/><img loading=\"lazy\" decoding=\"async\" src=\"https:\/\/www.kirche-hettenhausen.de\/site\/wp-content\/uploads\/2020\/11\/DSC09165-rotated-e1604436433132-600x650.jpg\" height=\"650\" width=\"600\" title=\"Blick ins Innere\" alt=\"Einweihungsgottesdienst Adam-Eifert-Orgel\" class=\"slider-6355 slide-6376 msDefaultImage\" \/><img loading=\"lazy\" decoding=\"async\" src=\"https:\/\/www.kirche-hettenhausen.de\/site\/wp-content\/uploads\/2020\/11\/DSC09146-600x650.jpg\" height=\"650\" width=\"600\" title=\"Orgelf\u00fchrung\" alt=\"Einweihungsgottesdienst Adam-Eifert-Orgel\" class=\"slider-6355 slide-6377 msDefaultImage\" \/><img loading=\"lazy\" decoding=\"async\" src=\"https:\/\/www.kirche-hettenhausen.de\/site\/wp-content\/uploads\/2020\/11\/DSC09137-600x650.jpg\" height=\"650\" width=\"600\" title=\"Orgelf\u00fchrung\" alt=\"Einweihungsgottesdienst Adam-Eifert-Orgel\" class=\"slider-6355 slide-6378 msDefaultImage\" \/><img loading=\"lazy\" decoding=\"async\" src=\"https:\/\/www.kirche-hettenhausen.de\/site\/wp-content\/uploads\/2020\/11\/DSC09138-600x650.jpg\" height=\"650\" width=\"600\" title=\"Orgelf\u00fchrung\" alt=\"Einweihungsgottesdienst Adam-Eifert-Orgel\" class=\"slider-6355 slide-6379 msDefaultImage\" \/><img loading=\"lazy\" decoding=\"async\" src=\"https:\/\/www.kirche-hettenhausen.de\/site\/wp-content\/uploads\/2020\/11\/DSC09144-600x650.jpg\" height=\"650\" width=\"600\" title=\"Orgelprospekt\" alt=\"Einweihungsgottesdienst Adam-Eifert-Orgel\" class=\"slider-6355 slide-6380 msDefaultImage\" \/><img loading=\"lazy\" decoding=\"async\" src=\"https:\/\/www.kirche-hettenhausen.de\/site\/wp-content\/uploads\/2020\/11\/DSC09149-rotated-e1604436209745-600x650.jpg\" height=\"650\" width=\"600\" title=\"Orgelf\u00fchrung\" alt=\"Einweihungsgottesdienst Adam-Eifert-Orgel\" class=\"slider-6355 slide-6381 msDefaultImage\" \/><img loading=\"lazy\" decoding=\"async\" src=\"https:\/\/www.kirche-hettenhausen.de\/site\/wp-content\/uploads\/2020\/11\/DSC09147-600x650.jpg\" height=\"650\" width=\"600\" title=\"Orgelf\u00fchrung\" alt=\"Einweihungsgottesdienst Adam-Eifert-Orgel\" class=\"slider-6355 slide-6382 msDefaultImage\" \/><img loading=\"lazy\" decoding=\"async\" src=\"https:\/\/www.kirche-hettenhausen.de\/site\/wp-content\/uploads\/2020\/11\/DSC09155-600x650.jpg\" height=\"650\" width=\"600\" title=\"Orgelf\u00fchrung\" alt=\"Einweihungsgottesdienst Adam-Eifert-Orgel\" class=\"slider-6355 slide-6383 msDefaultImage\" \/><img loading=\"lazy\" decoding=\"async\" src=\"https:\/\/www.kirche-hettenhausen.de\/site\/wp-content\/uploads\/2020\/11\/DSC09166-600x650.jpg\" height=\"650\" width=\"600\" title=\"Orgelf\u00fchrung Klaus Vogt\" alt=\"Einweihungsgottesdienst Adam-Eifert-Orgel\" class=\"slider-6355 slide-6384 msDefaultImage\" \/><img loading=\"lazy\" decoding=\"async\" src=\"https:\/\/www.kirche-hettenhausen.de\/site\/wp-content\/uploads\/2020\/11\/DSC09157-600x650.jpg\" height=\"650\" width=\"600\" title=\"Orgelf\u00fchrung Kantor Klaus Vogt\" alt=\"Einweihungsgottesdienst Adam-Eifert-Orgel\" class=\"slider-6355 slide-6385 msDefaultImage\" \/><img loading=\"lazy\" decoding=\"async\" src=\"https:\/\/www.kirche-hettenhausen.de\/site\/wp-content\/uploads\/2020\/11\/DSC09160-600x650.jpg\" height=\"650\" width=\"600\" title=\"Orgelf\u00fchrung Klaus Vogt\" alt=\"Einweihungsgottesdienst Adam-Eifert-Orgel\" class=\"slider-6355 slide-6386 msDefaultImage\" \/><img loading=\"lazy\" decoding=\"async\" src=\"https:\/\/www.kirche-hettenhausen.de\/site\/wp-content\/uploads\/2020\/11\/DSC09162-rotated-e1604435455585-600x650.jpg\" height=\"650\" width=\"600\" title=\"Orgelf\u00fchrung Klaus Vogt\" alt=\"Einweihungsgottesdienst Adam-Eifert-Orgel\" class=\"slider-6355 slide-6387 msDefaultImage\" \/><img loading=\"lazy\" decoding=\"async\" src=\"https:\/\/www.kirche-hettenhausen.de\/site\/wp-content\/uploads\/2020\/11\/DSC09170-600x650.jpg\" height=\"650\" width=\"600\" title=\"Orgelf\u00fchrung Klaus Vogt\" alt=\"Einweihungsgottesdienst Adam-Eifert-Orgel\" class=\"slider-6355 slide-6388 msDefaultImage\" \/><\/div><\/div>\n        \n    <\/div>\n<\/div>\n<p>&nbsp;<\/p>\n<p>&nbsp;<\/p>\n<p>&nbsp;<\/p>\n<p style=\"text-align: right;\">(Marion Friedrich, Sibylle H\u00fcmmer)<\/p>\n<p>&nbsp;<\/p>\n<p>&nbsp;<\/p>\n<div id=\"attachment_6435\" style=\"width: 780px\" class=\"wp-caption aligncenter\"><a href=\"https:\/\/www.kirche-hettenhausen.de\/site\/wp-content\/uploads\/2020\/11\/Bericht-FZ-07.11.2020-scaled.jpg\"><img loading=\"lazy\" decoding=\"async\" aria-describedby=\"caption-attachment-6435\" class=\"size-large wp-image-6435\" src=\"https:\/\/www.kirche-hettenhausen.de\/site\/wp-content\/uploads\/2020\/11\/Bericht-FZ-07.11.2020-1024x674.jpg\" alt=\"Festwochenende 31.10.\/01.11.2020\" width=\"770\" height=\"507\" srcset=\"https:\/\/www.kirche-hettenhausen.de\/site\/wp-content\/uploads\/2020\/11\/Bericht-FZ-07.11.2020-1024x674.jpg 1024w, https:\/\/www.kirche-hettenhausen.de\/site\/wp-content\/uploads\/2020\/11\/Bericht-FZ-07.11.2020-300x198.jpg 300w, https:\/\/www.kirche-hettenhausen.de\/site\/wp-content\/uploads\/2020\/11\/Bericht-FZ-07.11.2020-768x506.jpg 768w, https:\/\/www.kirche-hettenhausen.de\/site\/wp-content\/uploads\/2020\/11\/Bericht-FZ-07.11.2020-1536x1012.jpg 1536w, https:\/\/www.kirche-hettenhausen.de\/site\/wp-content\/uploads\/2020\/11\/Bericht-FZ-07.11.2020-2048x1349.jpg 2048w\" sizes=\"auto, (max-width: 770px) 100vw, 770px\" \/><\/a><p id=\"caption-attachment-6435\" class=\"wp-caption-text\">Fuldaer Zeitung 07.11.2020<\/p><\/div>\n<p>&nbsp;<\/p>\n<p>&nbsp;<\/p>\n<p>Bericht der Deutschen Stiftung Denkmalschutz:<\/p>\n<p><a href=\"https:\/\/www.denkmalschutz.de\/presse\/archiv\/artikel\/orgel-in-der-st-georgs-kirche-in-hettenhausen-wird-restauriert.html\" target=\"_blank\" rel=\"noopener\">https:\/\/www.denkmalschutz.de\/presse\/archiv\/artikel\/orgel-in-der-st-georgs-kirche-in-hettenhausen-wird-restauriert.html<\/a><\/p>\n<hr \/>\n","protected":false},"excerpt":{"rendered":"<p>Einf\u00fchrung von Pfarrer Jonas Schindelmann und Einweihung der restaurierten Adam-Eifert-Orgel &nbsp; An einem tr\u00fcben und regnerischen Herbstwochenende hatte die Kirchengemeinde Hettenhausen trotz des bescheidenen Wetters geh\u00f6rigen Grund zum Feiern! Zum einen konnten wir am Reformationstag einen festlichen Gottesdienst begehen zusammen mit den Gemeinden aus dem Kooperationsraum Rh\u00f6n, die wir in unsere St.-Georgs-Kirche nach Hettenhausen eingeladen [&hellip;]<\/p>\n","protected":false},"author":2,"featured_media":6287,"comment_status":"closed","ping_status":"closed","sticky":false,"template":"","format":"standard","meta":{"footnotes":""},"categories":[1,104,48,18,129,22,27,23,76,24,17,105,25],"tags":[15,14,32,102,33,128,40,77,59,30,52,95,36,91,38,7,34,103,81,67,39],"class_list":["post-6392","post","type-post","status-publish","format-standard","has-post-thumbnail","hentry","category-allgemein","category-dalherda","category-feier-festtage","category-gottesdienst","category-hettenhausen","category-kirche-st-georg","category-kirchen-kurier","category-kirchenmusik","category-kirchenvorstand","category-kooperationsraum-rhoen","category-orgelprojekt-st-georg","category-poppenhausen","category-veranstaltungen","tag-adam-eifert-orgel","tag-bischoefin","tag-corona","tag-dalherda","tag-gottesdienst","tag-hettenhausen","tag-kirchen-kurier","tag-kirchenvorstand","tag-kirchspiel","tag-kooperationsraum-rhoen","tag-kreis-fuer-gemeindearbeit","tag-livestream","tag-musik","tag-oekumene","tag-orgelprojekt-st-georg","tag-pfarrer","tag-pfarrkirche-st-georg","tag-poppenhausen","tag-reformation","tag-singen","tag-veranstaltungen"],"yoast_head":"<!-- This site is optimized with the Yoast SEO plugin v27.5 - https:\/\/yoast.com\/product\/yoast-seo-wordpress\/ -->\n<title>Festwochenende Reformation und Orgel - Ev.-luth. Kirchengemeinde Hettenhausen - Dalherda<\/title>\n<meta name=\"robots\" content=\"index, follow, max-snippet:-1, max-image-preview:large, max-video-preview:-1\" \/>\n<link rel=\"canonical\" href=\"https:\/\/www.kirche-hettenhausen.de\/site\/2020\/11\/festwochenende-reformation-und-orgel\/\" \/>\n<meta property=\"og:locale\" content=\"de_DE\" \/>\n<meta property=\"og:type\" content=\"article\" \/>\n<meta property=\"og:title\" content=\"Festwochenende Reformation und Orgel - Ev.-luth. Kirchengemeinde Hettenhausen - Dalherda\" \/>\n<meta property=\"og:description\" content=\"Einf\u00fchrung von Pfarrer Jonas Schindelmann und Einweihung der restaurierten Adam-Eifert-Orgel &nbsp; An einem tr\u00fcben und regnerischen Herbstwochenende hatte die Kirchengemeinde Hettenhausen trotz des bescheidenen Wetters geh\u00f6rigen Grund zum Feiern! Zum einen konnten wir am Reformationstag einen festlichen Gottesdienst begehen zusammen mit den Gemeinden aus dem Kooperationsraum Rh\u00f6n, die wir in unsere St.-Georgs-Kirche nach Hettenhausen eingeladen [&hellip;]\" \/>\n<meta property=\"og:url\" content=\"https:\/\/www.kirche-hettenhausen.de\/site\/2020\/11\/festwochenende-reformation-und-orgel\/\" \/>\n<meta property=\"og:site_name\" content=\"Ev.-luth. Kirchengemeinde Hettenhausen - Dalherda\" \/>\n<meta property=\"article:published_time\" content=\"2020-11-04T23:12:00+00:00\" \/>\n<meta property=\"article:modified_time\" content=\"2021-02-21T10:30:15+00:00\" \/>\n<meta property=\"og:image\" content=\"https:\/\/www.kirche-hettenhausen.de\/site\/wp-content\/uploads\/2020\/11\/DSC08895a.jpg\" \/>\n\t<meta property=\"og:image:width\" content=\"1618\" \/>\n\t<meta property=\"og:image:height\" content=\"1083\" \/>\n\t<meta property=\"og:image:type\" content=\"image\/jpeg\" \/>\n<meta name=\"author\" content=\"Marion Friedrich\" \/>\n<meta name=\"twitter:card\" content=\"summary_large_image\" \/>\n<meta name=\"twitter:label1\" content=\"Verfasst von\" \/>\n\t<meta name=\"twitter:data1\" content=\"Marion Friedrich\" \/>\n\t<meta name=\"twitter:label2\" content=\"Gesch\u00e4tzte Lesezeit\" \/>\n\t<meta name=\"twitter:data2\" content=\"7\u00a0Minuten\" \/>\n<script type=\"application\/ld+json\" class=\"yoast-schema-graph\">{\"@context\":\"https:\\\/\\\/schema.org\",\"@graph\":[{\"@type\":\"Article\",\"@id\":\"https:\\\/\\\/www.kirche-hettenhausen.de\\\/site\\\/2020\\\/11\\\/festwochenende-reformation-und-orgel\\\/#article\",\"isPartOf\":{\"@id\":\"https:\\\/\\\/www.kirche-hettenhausen.de\\\/site\\\/2020\\\/11\\\/festwochenende-reformation-und-orgel\\\/\"},\"author\":{\"name\":\"Marion Friedrich\",\"@id\":\"https:\\\/\\\/www.kirche-hettenhausen.de\\\/site\\\/#\\\/schema\\\/person\\\/7740d89d8f816da861ece2b378a21c57\"},\"headline\":\"Festwochenende Reformation und Orgel\",\"datePublished\":\"2020-11-04T23:12:00+00:00\",\"dateModified\":\"2021-02-21T10:30:15+00:00\",\"mainEntityOfPage\":{\"@id\":\"https:\\\/\\\/www.kirche-hettenhausen.de\\\/site\\\/2020\\\/11\\\/festwochenende-reformation-und-orgel\\\/\"},\"wordCount\":1408,\"image\":{\"@id\":\"https:\\\/\\\/www.kirche-hettenhausen.de\\\/site\\\/2020\\\/11\\\/festwochenende-reformation-und-orgel\\\/#primaryimage\"},\"thumbnailUrl\":\"https:\\\/\\\/www.kirche-hettenhausen.de\\\/site\\\/wp-content\\\/uploads\\\/2020\\\/11\\\/DSC08895a.jpg\",\"keywords\":[\"Adam-Eifert-Orgel\",\"Bisch\u00f6fin\",\"Corona\",\"Dalherda\",\"Gottesdienst\",\"Hettenhausen\",\"Kirchen-Kurier\",\"Kirchenvorstand\",\"Kirchspiel\",\"Kooperationsraum Rh\u00f6n\",\"Kreis f\u00fcr Gemeindearbeit\",\"Livestream\",\"Musik\",\"\u00d6kumene\",\"Orgelprojekt St. Georg\",\"Pfarrer\",\"Pfarrkirche St. Georg\",\"Poppenhausen\",\"Reformation\",\"Singen\",\"Veranstaltungen\"],\"articleSection\":{\"1\":\"Dalherda\",\"2\":\"Feier-\\\/Festtage\",\"3\":\"Gottesdienst\",\"4\":\"Hettenhausen\",\"5\":\"Kirche St. Georg\",\"6\":\"Kirchen-Kurier\",\"7\":\"Kirchenmusik\",\"8\":\"Kirchenvorstand\",\"9\":\"Kooperationsraum Rh\u00f6n\",\"10\":\"Orgelprojekt St. Georg\",\"11\":\"Poppenhausen\",\"12\":\"Veranstaltungen\"},\"inLanguage\":\"de\"},{\"@type\":\"WebPage\",\"@id\":\"https:\\\/\\\/www.kirche-hettenhausen.de\\\/site\\\/2020\\\/11\\\/festwochenende-reformation-und-orgel\\\/\",\"url\":\"https:\\\/\\\/www.kirche-hettenhausen.de\\\/site\\\/2020\\\/11\\\/festwochenende-reformation-und-orgel\\\/\",\"name\":\"Festwochenende Reformation und Orgel - Ev.-luth. Kirchengemeinde Hettenhausen - Dalherda\",\"isPartOf\":{\"@id\":\"https:\\\/\\\/www.kirche-hettenhausen.de\\\/site\\\/#website\"},\"primaryImageOfPage\":{\"@id\":\"https:\\\/\\\/www.kirche-hettenhausen.de\\\/site\\\/2020\\\/11\\\/festwochenende-reformation-und-orgel\\\/#primaryimage\"},\"image\":{\"@id\":\"https:\\\/\\\/www.kirche-hettenhausen.de\\\/site\\\/2020\\\/11\\\/festwochenende-reformation-und-orgel\\\/#primaryimage\"},\"thumbnailUrl\":\"https:\\\/\\\/www.kirche-hettenhausen.de\\\/site\\\/wp-content\\\/uploads\\\/2020\\\/11\\\/DSC08895a.jpg\",\"datePublished\":\"2020-11-04T23:12:00+00:00\",\"dateModified\":\"2021-02-21T10:30:15+00:00\",\"author\":{\"@id\":\"https:\\\/\\\/www.kirche-hettenhausen.de\\\/site\\\/#\\\/schema\\\/person\\\/7740d89d8f816da861ece2b378a21c57\"},\"breadcrumb\":{\"@id\":\"https:\\\/\\\/www.kirche-hettenhausen.de\\\/site\\\/2020\\\/11\\\/festwochenende-reformation-und-orgel\\\/#breadcrumb\"},\"inLanguage\":\"de\",\"potentialAction\":[{\"@type\":\"ReadAction\",\"target\":[\"https:\\\/\\\/www.kirche-hettenhausen.de\\\/site\\\/2020\\\/11\\\/festwochenende-reformation-und-orgel\\\/\"]}]},{\"@type\":\"ImageObject\",\"inLanguage\":\"de\",\"@id\":\"https:\\\/\\\/www.kirche-hettenhausen.de\\\/site\\\/2020\\\/11\\\/festwochenende-reformation-und-orgel\\\/#primaryimage\",\"url\":\"https:\\\/\\\/www.kirche-hettenhausen.de\\\/site\\\/wp-content\\\/uploads\\\/2020\\\/11\\\/DSC08895a.jpg\",\"contentUrl\":\"https:\\\/\\\/www.kirche-hettenhausen.de\\\/site\\\/wp-content\\\/uploads\\\/2020\\\/11\\\/DSC08895a.jpg\",\"width\":1618,\"height\":1083,\"caption\":\"Einf\u00fchrung Pfr. Jonas Schindelmann\"},{\"@type\":\"BreadcrumbList\",\"@id\":\"https:\\\/\\\/www.kirche-hettenhausen.de\\\/site\\\/2020\\\/11\\\/festwochenende-reformation-und-orgel\\\/#breadcrumb\",\"itemListElement\":[{\"@type\":\"ListItem\",\"position\":1,\"name\":\"Startseite\",\"item\":\"https:\\\/\\\/www.kirche-hettenhausen.de\\\/site\\\/\"},{\"@type\":\"ListItem\",\"position\":2,\"name\":\"Festwochenende Reformation und Orgel\"}]},{\"@type\":\"WebSite\",\"@id\":\"https:\\\/\\\/www.kirche-hettenhausen.de\\\/site\\\/#website\",\"url\":\"https:\\\/\\\/www.kirche-hettenhausen.de\\\/site\\\/\",\"name\":\"Ev.-luth. Kirchengemeinde Hettenhausen - Dalherda\",\"description\":\"Homepage der Ev.-luth. Kirchengemeinde Hettenhausen - Dalherda\",\"potentialAction\":[{\"@type\":\"SearchAction\",\"target\":{\"@type\":\"EntryPoint\",\"urlTemplate\":\"https:\\\/\\\/www.kirche-hettenhausen.de\\\/site\\\/?s={search_term_string}\"},\"query-input\":{\"@type\":\"PropertyValueSpecification\",\"valueRequired\":true,\"valueName\":\"search_term_string\"}}],\"inLanguage\":\"de\"},{\"@type\":\"Person\",\"@id\":\"https:\\\/\\\/www.kirche-hettenhausen.de\\\/site\\\/#\\\/schema\\\/person\\\/7740d89d8f816da861ece2b378a21c57\",\"name\":\"Marion Friedrich\",\"url\":\"https:\\\/\\\/www.kirche-hettenhausen.de\\\/site\\\/author\\\/m-friedrichkirche-hettenhausen-de\\\/\"}]}<\/script>\n<!-- \/ Yoast SEO plugin. -->","yoast_head_json":{"title":"Festwochenende Reformation und Orgel - Ev.-luth. Kirchengemeinde Hettenhausen - Dalherda","robots":{"index":"index","follow":"follow","max-snippet":"max-snippet:-1","max-image-preview":"max-image-preview:large","max-video-preview":"max-video-preview:-1"},"canonical":"https:\/\/www.kirche-hettenhausen.de\/site\/2020\/11\/festwochenende-reformation-und-orgel\/","og_locale":"de_DE","og_type":"article","og_title":"Festwochenende Reformation und Orgel - Ev.-luth. Kirchengemeinde Hettenhausen - Dalherda","og_description":"Einf\u00fchrung von Pfarrer Jonas Schindelmann und Einweihung der restaurierten Adam-Eifert-Orgel &nbsp; An einem tr\u00fcben und regnerischen Herbstwochenende hatte die Kirchengemeinde Hettenhausen trotz des bescheidenen Wetters geh\u00f6rigen Grund zum Feiern! Zum einen konnten wir am Reformationstag einen festlichen Gottesdienst begehen zusammen mit den Gemeinden aus dem Kooperationsraum Rh\u00f6n, die wir in unsere St.-Georgs-Kirche nach Hettenhausen eingeladen [&hellip;]","og_url":"https:\/\/www.kirche-hettenhausen.de\/site\/2020\/11\/festwochenende-reformation-und-orgel\/","og_site_name":"Ev.-luth. Kirchengemeinde Hettenhausen - Dalherda","article_published_time":"2020-11-04T23:12:00+00:00","article_modified_time":"2021-02-21T10:30:15+00:00","og_image":[{"width":1618,"height":1083,"url":"https:\/\/www.kirche-hettenhausen.de\/site\/wp-content\/uploads\/2020\/11\/DSC08895a.jpg","type":"image\/jpeg"}],"author":"Marion Friedrich","twitter_card":"summary_large_image","twitter_misc":{"Verfasst von":"Marion Friedrich","Gesch\u00e4tzte Lesezeit":"7\u00a0Minuten"},"schema":{"@context":"https:\/\/schema.org","@graph":[{"@type":"Article","@id":"https:\/\/www.kirche-hettenhausen.de\/site\/2020\/11\/festwochenende-reformation-und-orgel\/#article","isPartOf":{"@id":"https:\/\/www.kirche-hettenhausen.de\/site\/2020\/11\/festwochenende-reformation-und-orgel\/"},"author":{"name":"Marion Friedrich","@id":"https:\/\/www.kirche-hettenhausen.de\/site\/#\/schema\/person\/7740d89d8f816da861ece2b378a21c57"},"headline":"Festwochenende Reformation und Orgel","datePublished":"2020-11-04T23:12:00+00:00","dateModified":"2021-02-21T10:30:15+00:00","mainEntityOfPage":{"@id":"https:\/\/www.kirche-hettenhausen.de\/site\/2020\/11\/festwochenende-reformation-und-orgel\/"},"wordCount":1408,"image":{"@id":"https:\/\/www.kirche-hettenhausen.de\/site\/2020\/11\/festwochenende-reformation-und-orgel\/#primaryimage"},"thumbnailUrl":"https:\/\/www.kirche-hettenhausen.de\/site\/wp-content\/uploads\/2020\/11\/DSC08895a.jpg","keywords":["Adam-Eifert-Orgel","Bisch\u00f6fin","Corona","Dalherda","Gottesdienst","Hettenhausen","Kirchen-Kurier","Kirchenvorstand","Kirchspiel","Kooperationsraum Rh\u00f6n","Kreis f\u00fcr Gemeindearbeit","Livestream","Musik","\u00d6kumene","Orgelprojekt St. Georg","Pfarrer","Pfarrkirche St. Georg","Poppenhausen","Reformation","Singen","Veranstaltungen"],"articleSection":{"1":"Dalherda","2":"Feier-\/Festtage","3":"Gottesdienst","4":"Hettenhausen","5":"Kirche St. Georg","6":"Kirchen-Kurier","7":"Kirchenmusik","8":"Kirchenvorstand","9":"Kooperationsraum Rh\u00f6n","10":"Orgelprojekt St. Georg","11":"Poppenhausen","12":"Veranstaltungen"},"inLanguage":"de"},{"@type":"WebPage","@id":"https:\/\/www.kirche-hettenhausen.de\/site\/2020\/11\/festwochenende-reformation-und-orgel\/","url":"https:\/\/www.kirche-hettenhausen.de\/site\/2020\/11\/festwochenende-reformation-und-orgel\/","name":"Festwochenende Reformation und Orgel - Ev.-luth. Kirchengemeinde Hettenhausen - Dalherda","isPartOf":{"@id":"https:\/\/www.kirche-hettenhausen.de\/site\/#website"},"primaryImageOfPage":{"@id":"https:\/\/www.kirche-hettenhausen.de\/site\/2020\/11\/festwochenende-reformation-und-orgel\/#primaryimage"},"image":{"@id":"https:\/\/www.kirche-hettenhausen.de\/site\/2020\/11\/festwochenende-reformation-und-orgel\/#primaryimage"},"thumbnailUrl":"https:\/\/www.kirche-hettenhausen.de\/site\/wp-content\/uploads\/2020\/11\/DSC08895a.jpg","datePublished":"2020-11-04T23:12:00+00:00","dateModified":"2021-02-21T10:30:15+00:00","author":{"@id":"https:\/\/www.kirche-hettenhausen.de\/site\/#\/schema\/person\/7740d89d8f816da861ece2b378a21c57"},"breadcrumb":{"@id":"https:\/\/www.kirche-hettenhausen.de\/site\/2020\/11\/festwochenende-reformation-und-orgel\/#breadcrumb"},"inLanguage":"de","potentialAction":[{"@type":"ReadAction","target":["https:\/\/www.kirche-hettenhausen.de\/site\/2020\/11\/festwochenende-reformation-und-orgel\/"]}]},{"@type":"ImageObject","inLanguage":"de","@id":"https:\/\/www.kirche-hettenhausen.de\/site\/2020\/11\/festwochenende-reformation-und-orgel\/#primaryimage","url":"https:\/\/www.kirche-hettenhausen.de\/site\/wp-content\/uploads\/2020\/11\/DSC08895a.jpg","contentUrl":"https:\/\/www.kirche-hettenhausen.de\/site\/wp-content\/uploads\/2020\/11\/DSC08895a.jpg","width":1618,"height":1083,"caption":"Einf\u00fchrung Pfr. Jonas Schindelmann"},{"@type":"BreadcrumbList","@id":"https:\/\/www.kirche-hettenhausen.de\/site\/2020\/11\/festwochenende-reformation-und-orgel\/#breadcrumb","itemListElement":[{"@type":"ListItem","position":1,"name":"Startseite","item":"https:\/\/www.kirche-hettenhausen.de\/site\/"},{"@type":"ListItem","position":2,"name":"Festwochenende Reformation und Orgel"}]},{"@type":"WebSite","@id":"https:\/\/www.kirche-hettenhausen.de\/site\/#website","url":"https:\/\/www.kirche-hettenhausen.de\/site\/","name":"Ev.-luth. Kirchengemeinde Hettenhausen - Dalherda","description":"Homepage der Ev.-luth. Kirchengemeinde Hettenhausen - Dalherda","potentialAction":[{"@type":"SearchAction","target":{"@type":"EntryPoint","urlTemplate":"https:\/\/www.kirche-hettenhausen.de\/site\/?s={search_term_string}"},"query-input":{"@type":"PropertyValueSpecification","valueRequired":true,"valueName":"search_term_string"}}],"inLanguage":"de"},{"@type":"Person","@id":"https:\/\/www.kirche-hettenhausen.de\/site\/#\/schema\/person\/7740d89d8f816da861ece2b378a21c57","name":"Marion Friedrich","url":"https:\/\/www.kirche-hettenhausen.de\/site\/author\/m-friedrichkirche-hettenhausen-de\/"}]}},"_links":{"self":[{"href":"https:\/\/www.kirche-hettenhausen.de\/site\/wp-json\/wp\/v2\/posts\/6392","targetHints":{"allow":["GET"]}}],"collection":[{"href":"https:\/\/www.kirche-hettenhausen.de\/site\/wp-json\/wp\/v2\/posts"}],"about":[{"href":"https:\/\/www.kirche-hettenhausen.de\/site\/wp-json\/wp\/v2\/types\/post"}],"author":[{"embeddable":true,"href":"https:\/\/www.kirche-hettenhausen.de\/site\/wp-json\/wp\/v2\/users\/2"}],"replies":[{"embeddable":true,"href":"https:\/\/www.kirche-hettenhausen.de\/site\/wp-json\/wp\/v2\/comments?post=6392"}],"version-history":[{"count":30,"href":"https:\/\/www.kirche-hettenhausen.de\/site\/wp-json\/wp\/v2\/posts\/6392\/revisions"}],"predecessor-version":[{"id":6917,"href":"https:\/\/www.kirche-hettenhausen.de\/site\/wp-json\/wp\/v2\/posts\/6392\/revisions\/6917"}],"wp:featuredmedia":[{"embeddable":true,"href":"https:\/\/www.kirche-hettenhausen.de\/site\/wp-json\/wp\/v2\/media\/6287"}],"wp:attachment":[{"href":"https:\/\/www.kirche-hettenhausen.de\/site\/wp-json\/wp\/v2\/media?parent=6392"}],"wp:term":[{"taxonomy":"category","embeddable":true,"href":"https:\/\/www.kirche-hettenhausen.de\/site\/wp-json\/wp\/v2\/categories?post=6392"},{"taxonomy":"post_tag","embeddable":true,"href":"https:\/\/www.kirche-hettenhausen.de\/site\/wp-json\/wp\/v2\/tags?post=6392"}],"curies":[{"name":"wp","href":"https:\/\/api.w.org\/{rel}","templated":true}]}}