{"id":6116,"date":"2020-10-24T15:00:13","date_gmt":"2020-10-24T13:00:13","guid":{"rendered":"https:\/\/kirche-hettenhausen.de\/site\/?p=6116"},"modified":"2021-02-16T21:34:28","modified_gmt":"2021-02-16T20:34:28","slug":"unser-neuer-pfarrer-stellt-sich-vor","status":"publish","type":"post","link":"https:\/\/www.kirche-hettenhausen.de\/site\/2020\/10\/unser-neuer-pfarrer-stellt-sich-vor\/","title":{"rendered":"Unser neuer Pfarrer stellt sich vor"},"content":{"rendered":"<p>Das Kirchspiel Hettenhausen-Dalherda hat nach 5 Monaten Vakanz wieder einen Pfarrer und freut sich, dass Jonas Schindelmann am 31. Oktober 2020, dem Reformationstag, von Dekan Bengt Seeberg in sein neues Amt eingef\u00fchrt wurde. Der Gottesdienst in der Ev.-luth. Pfarrkirche St. Georg in Hettenhausen fand um 17:00 Uhr statt.<\/p>\n<p>&nbsp;<\/p>\n<p>Die Ordination von Jonas Schindelmann erfolgte am Sonntag, den 25. Oktober in der Christuskirche Fulda.<\/p>\n<p>&nbsp;<\/p>\n<div id=\"attachment_6066\" style=\"width: 683px\" class=\"wp-caption aligncenter\"><a href=\"https:\/\/www.kirche-hettenhausen.de\/site\/wp-content\/uploads\/2020\/10\/Bericht-Pfarrer-Jonas-Schindelmann-scaled.jpg\"><img loading=\"lazy\" decoding=\"async\" aria-describedby=\"caption-attachment-6066\" class=\"size-large wp-image-6066\" src=\"https:\/\/www.kirche-hettenhausen.de\/site\/wp-content\/uploads\/2020\/10\/Bericht-Pfarrer-Jonas-Schindelmann-673x1024.jpg\" alt=\"Pfarrer Jonas Schindelmann\" width=\"673\" height=\"1024\" srcset=\"https:\/\/www.kirche-hettenhausen.de\/site\/wp-content\/uploads\/2020\/10\/Bericht-Pfarrer-Jonas-Schindelmann-673x1024.jpg 673w, https:\/\/www.kirche-hettenhausen.de\/site\/wp-content\/uploads\/2020\/10\/Bericht-Pfarrer-Jonas-Schindelmann-197x300.jpg 197w, https:\/\/www.kirche-hettenhausen.de\/site\/wp-content\/uploads\/2020\/10\/Bericht-Pfarrer-Jonas-Schindelmann-768x1168.jpg 768w, https:\/\/www.kirche-hettenhausen.de\/site\/wp-content\/uploads\/2020\/10\/Bericht-Pfarrer-Jonas-Schindelmann-1010x1536.jpg 1010w, https:\/\/www.kirche-hettenhausen.de\/site\/wp-content\/uploads\/2020\/10\/Bericht-Pfarrer-Jonas-Schindelmann-1346x2048.jpg 1346w, https:\/\/www.kirche-hettenhausen.de\/site\/wp-content\/uploads\/2020\/10\/Bericht-Pfarrer-Jonas-Schindelmann-scaled.jpg 1683w\" sizes=\"auto, (max-width: 673px) 100vw, 673px\" \/><\/a><p id=\"caption-attachment-6066\" class=\"wp-caption-text\">Fuldaer Zeitung 22.10.2020<\/p><\/div>\n<p>&nbsp;<\/p>\n<p>Ein ausf\u00fchrlicher Bericht mit Vorstellung von Pfr. Jonas Schindelmann folgt in K\u00fcrze.<\/p>\n<p>&nbsp;<\/p>\n<p>&nbsp;<\/p>\n<p>&nbsp;<\/p>\n<p>&nbsp;<\/p>\n<p><iframe loading=\"lazy\" title=\"Ordinationsgottesdienst der EKKW 2020 (Livestream)\" width=\"770\" height=\"433\" src=\"https:\/\/www.youtube.com\/embed\/pkdehyECvLo?feature=oembed\" frameborder=\"0\" allow=\"accelerometer; autoplay; clipboard-write; encrypted-media; gyroscope; picture-in-picture\" allowfullscreen><\/iframe><\/p>\n<p>&nbsp;<\/p>\n<p>Fulda (medio). Es war ein besonderer Gottesdienst unter besonderen Bedingungen \u2013 \u00abin und trotz Corona-Pandemie, aber hygieneregelvertr\u00e4glich\u00bb, wie es die Bisch\u00f6fin der Evangelischen Kirche von Kurhessen-Waldeck, Prof. Dr. Beate Hofmann, in ihrer Predigt formulierte. Hofmann hat am Sonntag (25.10.) in einem Festgottesdienst in der Christuskirche in Fulda 13 Theologinnen und Theologen ordiniert und damit offiziell in ihr Amt als Pfarrerinnen und Pfarrer der Landeskirche eingef\u00fchrt. Besonderes Zeichen der \u00d6kumene: Der katholische Bischof des Bistums Fulda, Dr. Michael Gerber, war an der Liturgie beteiligt. Erstmals wurde zudem ein Ordinationsgottesdient per Livestream im Internet \u00fcbertragen. Das Video ist \u00fcber die Internetseite ekkw.de weiter abrufbar.<\/p>\n<h3>Herausforderungen auch angesichts der Pandemie<\/h3>\n<p>\u00abSie werden ordiniert in einer Zeit, die uns als Kirche vor viele Herausforderungen stellt\u00bb, sagte\u00a0 Bisch\u00f6fin Hofmann weiter im Gottesdienst. So s\u00e4hen sich die angehenden Pfarrerinnen und Pfarrer mit verschiedenen Erwartungen konfrontiert: mit allen Neuerungen, die Corona hervorgebracht hat, aber auch mit der Sehnsucht nach dem, wie es vor der Pandemie war. \u00abDa gibt es Menschen, die sich \u00fcber Kirche \u00e4rgern und andere, die sich auf seelsorgerliche Begleitung freuen und neugierig auf Ihre Predigten sind.\u00bb Trotz aller Herausforderungen bringe das neue Amt aber auch st\u00e4rkende Erfahrungen mit: von Freude an der Verk\u00fcndigung, an einer vielf\u00e4ltigen Arbeit mit Menschen und vor allem die Erfahrung von \u00abGottes Zuspruch und Bejahung, vom Trost durch sein Wort, durch Stille und Gebet\u00bb, erg\u00e4nzte Hofmann.<\/p>\n<h3>Ringen um Regeln<\/h3>\n<p>Das Ringen um das Richtige und das Falsche, das die Corona-Pandemie kennzeichnet, fand im Predigttext (Markus 2, 23-28) seinen Ausdruck. \u00abRegeln sind dazu da, Menschen und ihrem Wohl zu dienen, nicht umgekehrt\u00bb, betonte die Bisch\u00f6fin. Dabei gelte es immer wieder neu und im Dialog herauszufinden, was \u00abum der Menschen willen und f\u00fcr sie geschehen soll\u00bb. In Dilemmasituationen und Regelkonflikten gebe es keine einfachen Antworten. \u00abWollen wir Abendmahl trotz Corona feiern, weil wir darin sichtbar und sp\u00fcrbar Gottes heilsame Gegenwart erfahren? Oder sollen wir lieber darauf verzichten, weil Abendmahlfeiern mit h\u00f6herer Infektionsgefahr verbunden sind und wir das Leben der Menschen sch\u00fctzen wollen? Sollen wir Menschen in Altenheimen und Kliniken besuchen, damit sie nicht einsam sind, oder bleiben wir jetzt lieber wieder zuhause, um Bewohnerinnen und Bewohner und Mitarbeitende nicht unn\u00f6tig zu gef\u00e4hrden?\u00bb Die Liste solcher Fragen sei lang. Auch die Vorbereitung der Ordinationsfeier sei von vielen Entscheidungen begleitet gewesen, sagte Hofmann. \u00abUm des Menschen willen hei\u00dft auch: R\u00fccksicht nehmen auf die, die besonders gef\u00e4hrdet sind, die Grenzen derer achten, die besonders geplagt sind, um der Gemeinschaft willen das akzeptieren, was f\u00fcr alle m\u00f6glich ist.\u00bb<\/p>\n<h3>Digitale Gru\u00dfworte<\/h3>\n<p>Mit seiner beruflichen Existenz, mit seinem Gesicht klar f\u00fcr Kirche zu stehen, sei &#8211; ob evangelisch oder katholisch &#8211; heute alles andere als selbstverst\u00e4ndlich, sagte Bischof. Dr. Michael Gerber in einem digitalen Gru\u00dfwort. Doch eben davon lebe die Kirche \u2013 von Menschen, die der Kirche Herz g\u00e4ben. Neben Gerber schickten auch Landrat Bernd Woide und Fuldas Oberb\u00fcrgermeister Dr. Heiko Wingenfeld gute W\u00fcnsche an die neuen Pfarrerinnen und Pfarrer.<\/p>\n<div class=\"row content-highlighted\">\n<div class=\"col-12\">\n<h3>Die Pfarrerinnen und Pfarrer im Probedienst und ihre Einsatzorte<\/h3>\n<p>Die Ordinierten, sechs Frauen und sieben M\u00e4nner, hatten zuvor ein Studium der Evangelischen Theologie absolviert. Sie waren in der zweiten Ausbildungsphase als Vikarinnen und Vikare in Kirchengemeinden der Landeskirche t\u00e4tig und wurden zugleich am Evangelischen Studienseminar in Hofgeismar ausgebildet. Der Direktor des Evangelischen Studienseminars, Prof. Dr. Lutz Friedrichs, und die Kirchenvorsteherin Uta Born assistierten bei der Ordination. Nach der Ordination treten die Pfarrerinnen bzw. Pfarrer ihren Probedienst zum 1. November 2020 in folgenden Gemeinden an:<\/p>\n<p><strong>Lukas Altvater<\/strong><br \/>\nLandeskirchliche Pfarrstelle mit pfarramtlichem Dienst im Kirchenkreis Hanau<\/p>\n<p><strong>Katharina Betz<\/strong><br \/>\nMerzhausen-Willingshausen (Kirchenkreis Schwalm-Eder)<\/p>\n<p><strong>Anja Conrad<\/strong><br \/>\nBesonderer Dienst im Hans-von-Soden-Institut<\/p>\n<p><strong>Simon Diederich<\/strong><br \/>\nReinhardshagen (Kirchenkreis Hofgeismar-Wolfhagen)<\/p>\n<p><strong>Andr\u00e9 Flimm<\/strong><br \/>\nBesonderer Dienst im Hans-von-Soden-Institut<\/p>\n<p><strong>Dr. Martin Hallaschka<\/strong><br \/>\n3. Pfarrstelle Hessisch-Lichtenau (Kirchenkreis Werra-Mei\u00dfner)<\/p>\n<p><strong>Annika Hofmann<\/strong><br \/>\n3. Pfarrstelle Unteres Lahntal (Kirchenkreis Marburg)<\/p>\n<p><strong>Dr. Tobias Jammerthal<\/strong><br \/>\nBeurlaubung zum Dienst in der Evang.-Luth. Kirche in Bayern<\/p>\n<p><strong>Nelli Michels<\/strong><br \/>\nWehrda-Rhina (Kirchenkreis Hersfeld-Rotenburg)<\/p>\n<p><strong>Eva-Maria Moln\u00e1r<\/strong><br \/>\nBad Zwesten (Kirchenkreis Schwalm-Eder)<\/p>\n<p><strong>Jonas Schindelmann<\/strong><br \/>\nHettenhausen-Dalherda (Kirchenkreis Fulda)<\/p>\n<p><strong>Emil Schlichter<\/strong><br \/>\nPfarrer im Ehrenamt<\/p>\n<p><strong>Natascha Susanne Weigelt<\/strong><br \/>\nHilders (Kirchenkreis Fulda)<\/p>\n<\/div>\n<\/div>\n<div><\/div>\n<div class=\"mtop-25 mbottom-25\">\n<h3>Mitwirkende im Gottesdienst<\/h3>\n<p>Bisch\u00f6fin Prof. Dr. Beate Hofmann, Kassel (Leitung)<br \/>\nBischof Dr. Michael Gerber, Fulda<br \/>\nStudiendirektor Prof. Dr. Lutz Friedrichs, Hofgeismar<br \/>\nStudienleiterin Dr. Friederike Erichsen-Wendt, Hofgeismar<br \/>\nPfarrerin Jana Koch-Zei\u00dfig, Fulda<br \/>\nPfarrer Klaus-Dieter Inerle, Lohfelden<br \/>\nKirchenvorstandsvorsitzende Uta Born, Fulda<\/p>\n<h3>Musikalische Gestaltung<\/h3>\n<p>Band SoulTrain (Anne Hamburger, Jochen Engel, Ingo Hassenstein, Lutz Pauli, Max Jentzen, Leitung und Piano: KMD Peter Hamburger)<br \/>\nVokalensemble (Brigitte Lamohr, Antje Slangen-Moelleney, Detlef Steffan, Paul Berb\u00e9e)<br \/>\nOrgel: Bezirkskantorin Brigitte Lamohr<\/p>\n<\/div>\n<p>&nbsp;<\/p>\n<h3>Stichwort: Ordination<\/h3>\n<p>Mit der Ordination werden die Vikarinnen und Vikare \u00f6ffentlich dazu berufen, zu predigen, zu taufen und das Abendmahl auszuteilen. Zudem ist damit die \u00dcbernahme der Verantwortung f\u00fcr die Seelsorge und Bildung in einer Kirchengemeinde verbunden. Die Frauen und M\u00e4nner haben nach dem Studium in einem zweij\u00e4hrigen Vikariat die kirchliche Praxis in verschiedenen Gemeinden der Landeskirche kennengelernt.<\/p>\n<p>Zum Vikariat geh\u00f6ren auch Kurse im Evangelischen Studienseminar in Hofgeismar unter anderem zu den Themen Predigt und Gottesdienst, Seelsorge, Gemeindeleitung und kirchliche Sozialarbeit. Die Evangelische Kirche von Kurhessen-Waldeck feiert ihre Ordinationsgottesdienste jeweils an wechselnden Orten.<\/p>\n<p><em>(Quelle: https:\/\/www.ekkw.de\/aktuell\/meldung\/aktuell_31479.htm)<\/em><\/p>\n<p>&nbsp;<\/p>\n<p>&nbsp;<\/p>\n<div id=\"attachment_6204\" style=\"width: 778px\" class=\"wp-caption aligncenter\"><a href=\"https:\/\/www.kirche-hettenhausen.de\/site\/wp-content\/uploads\/2020\/10\/Bericht-Ordination-2020_1.jpg\"><img loading=\"lazy\" decoding=\"async\" aria-describedby=\"caption-attachment-6204\" class=\"size-full wp-image-6204\" src=\"https:\/\/www.kirche-hettenhausen.de\/site\/wp-content\/uploads\/2020\/10\/Bericht-Ordination-2020_1.jpg\" alt=\"Pfarrer Jonas Schindelmann\" width=\"768\" height=\"945\" srcset=\"https:\/\/www.kirche-hettenhausen.de\/site\/wp-content\/uploads\/2020\/10\/Bericht-Ordination-2020_1.jpg 768w, https:\/\/www.kirche-hettenhausen.de\/site\/wp-content\/uploads\/2020\/10\/Bericht-Ordination-2020_1-244x300.jpg 244w\" sizes=\"auto, (max-width: 768px) 100vw, 768px\" \/><\/a><p id=\"caption-attachment-6204\" class=\"wp-caption-text\">Fuldaer Zeitung 27.10.2020<\/p><\/div>\n<p>&nbsp;<\/p>\n","protected":false},"excerpt":{"rendered":"<p>Das Kirchspiel Hettenhausen-Dalherda hat nach 5 Monaten Vakanz wieder einen Pfarrer und freut sich, dass Jonas Schindelmann am 31. Oktober 2020, dem Reformationstag, von Dekan Bengt Seeberg in sein neues Amt eingef\u00fchrt wurde. Der Gottesdienst in der Ev.-luth. Pfarrkirche St. Georg in Hettenhausen fand um 17:00 Uhr statt. &nbsp; Die Ordination von Jonas Schindelmann erfolgte [&hellip;]<\/p>\n","protected":false},"author":2,"featured_media":6067,"comment_status":"closed","ping_status":"closed","sticky":false,"template":"","format":"standard","meta":{"footnotes":""},"categories":[1,104,48,18,129,22,27,76,24,97,105,25],"tags":[14,102,33,128,40,77,59,30,98,95,91,7,34,103,81,39],"class_list":["post-6116","post","type-post","status-publish","format-standard","has-post-thumbnail","hentry","category-allgemein","category-dalherda","category-feier-festtage","category-gottesdienst","category-hettenhausen","category-kirche-st-georg","category-kirchen-kurier","category-kirchenvorstand","category-kooperationsraum-rhoen","category-landeskirche","category-poppenhausen","category-veranstaltungen","tag-bischoefin","tag-dalherda","tag-gottesdienst","tag-hettenhausen","tag-kirchen-kurier","tag-kirchenvorstand","tag-kirchspiel","tag-kooperationsraum-rhoen","tag-landeskirche","tag-livestream","tag-oekumene","tag-pfarrer","tag-pfarrkirche-st-georg","tag-poppenhausen","tag-reformation","tag-veranstaltungen"],"yoast_head":"<!-- This site is optimized with the Yoast SEO plugin v27.4 - https:\/\/yoast.com\/product\/yoast-seo-wordpress\/ -->\n<title>Unser neuer Pfarrer stellt sich vor - Ev.-luth. Kirchengemeinde Hettenhausen - Dalherda<\/title>\n<meta name=\"robots\" content=\"index, follow, max-snippet:-1, max-image-preview:large, max-video-preview:-1\" \/>\n<link rel=\"canonical\" href=\"https:\/\/www.kirche-hettenhausen.de\/site\/2020\/10\/unser-neuer-pfarrer-stellt-sich-vor\/\" \/>\n<meta property=\"og:locale\" content=\"de_DE\" \/>\n<meta property=\"og:type\" content=\"article\" \/>\n<meta property=\"og:title\" content=\"Unser neuer Pfarrer stellt sich vor - Ev.-luth. Kirchengemeinde Hettenhausen - Dalherda\" \/>\n<meta property=\"og:description\" content=\"Das Kirchspiel Hettenhausen-Dalherda hat nach 5 Monaten Vakanz wieder einen Pfarrer und freut sich, dass Jonas Schindelmann am 31. Oktober 2020, dem Reformationstag, von Dekan Bengt Seeberg in sein neues Amt eingef\u00fchrt wurde. Der Gottesdienst in der Ev.-luth. Pfarrkirche St. Georg in Hettenhausen fand um 17:00 Uhr statt. &nbsp; Die Ordination von Jonas Schindelmann erfolgte [&hellip;]\" \/>\n<meta property=\"og:url\" content=\"https:\/\/www.kirche-hettenhausen.de\/site\/2020\/10\/unser-neuer-pfarrer-stellt-sich-vor\/\" \/>\n<meta property=\"og:site_name\" content=\"Ev.-luth. Kirchengemeinde Hettenhausen - Dalherda\" \/>\n<meta property=\"article:published_time\" content=\"2020-10-24T13:00:13+00:00\" \/>\n<meta property=\"article:modified_time\" content=\"2021-02-16T20:34:28+00:00\" \/>\n<meta property=\"og:image\" content=\"https:\/\/www.kirche-hettenhausen.de\/site\/wp-content\/uploads\/2020\/10\/KV_Schindelmann_Jonas.jpg\" \/>\n\t<meta property=\"og:image:width\" content=\"107\" \/>\n\t<meta property=\"og:image:height\" content=\"159\" \/>\n\t<meta property=\"og:image:type\" content=\"image\/jpeg\" \/>\n<meta name=\"author\" content=\"Marion Friedrich\" \/>\n<meta name=\"twitter:card\" content=\"summary_large_image\" \/>\n<meta name=\"twitter:label1\" content=\"Verfasst von\" \/>\n\t<meta name=\"twitter:data1\" content=\"Marion Friedrich\" \/>\n\t<meta name=\"twitter:label2\" content=\"Gesch\u00e4tzte Lesezeit\" \/>\n\t<meta name=\"twitter:data2\" content=\"5\u00a0Minuten\" \/>\n<script type=\"application\/ld+json\" class=\"yoast-schema-graph\">{\"@context\":\"https:\\\/\\\/schema.org\",\"@graph\":[{\"@type\":\"Article\",\"@id\":\"https:\\\/\\\/www.kirche-hettenhausen.de\\\/site\\\/2020\\\/10\\\/unser-neuer-pfarrer-stellt-sich-vor\\\/#article\",\"isPartOf\":{\"@id\":\"https:\\\/\\\/www.kirche-hettenhausen.de\\\/site\\\/2020\\\/10\\\/unser-neuer-pfarrer-stellt-sich-vor\\\/\"},\"author\":{\"name\":\"Marion Friedrich\",\"@id\":\"https:\\\/\\\/www.kirche-hettenhausen.de\\\/site\\\/#\\\/schema\\\/person\\\/7740d89d8f816da861ece2b378a21c57\"},\"headline\":\"Unser neuer Pfarrer stellt sich vor\",\"datePublished\":\"2020-10-24T13:00:13+00:00\",\"dateModified\":\"2021-02-16T20:34:28+00:00\",\"mainEntityOfPage\":{\"@id\":\"https:\\\/\\\/www.kirche-hettenhausen.de\\\/site\\\/2020\\\/10\\\/unser-neuer-pfarrer-stellt-sich-vor\\\/\"},\"wordCount\":972,\"image\":{\"@id\":\"https:\\\/\\\/www.kirche-hettenhausen.de\\\/site\\\/2020\\\/10\\\/unser-neuer-pfarrer-stellt-sich-vor\\\/#primaryimage\"},\"thumbnailUrl\":\"https:\\\/\\\/www.kirche-hettenhausen.de\\\/site\\\/wp-content\\\/uploads\\\/2020\\\/10\\\/KV_Schindelmann_Jonas.jpg\",\"keywords\":[\"Bisch\u00f6fin\",\"Dalherda\",\"Gottesdienst\",\"Hettenhausen\",\"Kirchen-Kurier\",\"Kirchenvorstand\",\"Kirchspiel\",\"Kooperationsraum Rh\u00f6n\",\"Landeskirche\",\"Livestream\",\"\u00d6kumene\",\"Pfarrer\",\"Pfarrkirche St. Georg\",\"Poppenhausen\",\"Reformation\",\"Veranstaltungen\"],\"articleSection\":{\"1\":\"Dalherda\",\"2\":\"Feier-\\\/Festtage\",\"3\":\"Gottesdienst\",\"4\":\"Hettenhausen\",\"5\":\"Kirche St. Georg\",\"6\":\"Kirchen-Kurier\",\"7\":\"Kirchenvorstand\",\"8\":\"Kooperationsraum Rh\u00f6n\",\"9\":\"Landeskirche\",\"10\":\"Poppenhausen\",\"11\":\"Veranstaltungen\"},\"inLanguage\":\"de\"},{\"@type\":\"WebPage\",\"@id\":\"https:\\\/\\\/www.kirche-hettenhausen.de\\\/site\\\/2020\\\/10\\\/unser-neuer-pfarrer-stellt-sich-vor\\\/\",\"url\":\"https:\\\/\\\/www.kirche-hettenhausen.de\\\/site\\\/2020\\\/10\\\/unser-neuer-pfarrer-stellt-sich-vor\\\/\",\"name\":\"Unser neuer Pfarrer stellt sich vor - Ev.-luth. Kirchengemeinde Hettenhausen - Dalherda\",\"isPartOf\":{\"@id\":\"https:\\\/\\\/www.kirche-hettenhausen.de\\\/site\\\/#website\"},\"primaryImageOfPage\":{\"@id\":\"https:\\\/\\\/www.kirche-hettenhausen.de\\\/site\\\/2020\\\/10\\\/unser-neuer-pfarrer-stellt-sich-vor\\\/#primaryimage\"},\"image\":{\"@id\":\"https:\\\/\\\/www.kirche-hettenhausen.de\\\/site\\\/2020\\\/10\\\/unser-neuer-pfarrer-stellt-sich-vor\\\/#primaryimage\"},\"thumbnailUrl\":\"https:\\\/\\\/www.kirche-hettenhausen.de\\\/site\\\/wp-content\\\/uploads\\\/2020\\\/10\\\/KV_Schindelmann_Jonas.jpg\",\"datePublished\":\"2020-10-24T13:00:13+00:00\",\"dateModified\":\"2021-02-16T20:34:28+00:00\",\"author\":{\"@id\":\"https:\\\/\\\/www.kirche-hettenhausen.de\\\/site\\\/#\\\/schema\\\/person\\\/7740d89d8f816da861ece2b378a21c57\"},\"breadcrumb\":{\"@id\":\"https:\\\/\\\/www.kirche-hettenhausen.de\\\/site\\\/2020\\\/10\\\/unser-neuer-pfarrer-stellt-sich-vor\\\/#breadcrumb\"},\"inLanguage\":\"de\",\"potentialAction\":[{\"@type\":\"ReadAction\",\"target\":[\"https:\\\/\\\/www.kirche-hettenhausen.de\\\/site\\\/2020\\\/10\\\/unser-neuer-pfarrer-stellt-sich-vor\\\/\"]}]},{\"@type\":\"ImageObject\",\"inLanguage\":\"de\",\"@id\":\"https:\\\/\\\/www.kirche-hettenhausen.de\\\/site\\\/2020\\\/10\\\/unser-neuer-pfarrer-stellt-sich-vor\\\/#primaryimage\",\"url\":\"https:\\\/\\\/www.kirche-hettenhausen.de\\\/site\\\/wp-content\\\/uploads\\\/2020\\\/10\\\/KV_Schindelmann_Jonas.jpg\",\"contentUrl\":\"https:\\\/\\\/www.kirche-hettenhausen.de\\\/site\\\/wp-content\\\/uploads\\\/2020\\\/10\\\/KV_Schindelmann_Jonas.jpg\",\"width\":107,\"height\":159,\"caption\":\"Kirchenvorstand\"},{\"@type\":\"BreadcrumbList\",\"@id\":\"https:\\\/\\\/www.kirche-hettenhausen.de\\\/site\\\/2020\\\/10\\\/unser-neuer-pfarrer-stellt-sich-vor\\\/#breadcrumb\",\"itemListElement\":[{\"@type\":\"ListItem\",\"position\":1,\"name\":\"Startseite\",\"item\":\"https:\\\/\\\/www.kirche-hettenhausen.de\\\/site\\\/\"},{\"@type\":\"ListItem\",\"position\":2,\"name\":\"Unser neuer Pfarrer stellt sich vor\"}]},{\"@type\":\"WebSite\",\"@id\":\"https:\\\/\\\/www.kirche-hettenhausen.de\\\/site\\\/#website\",\"url\":\"https:\\\/\\\/www.kirche-hettenhausen.de\\\/site\\\/\",\"name\":\"Ev.-luth. Kirchengemeinde Hettenhausen - Dalherda\",\"description\":\"Homepage der Ev.-luth. Kirchengemeinde Hettenhausen - Dalherda\",\"potentialAction\":[{\"@type\":\"SearchAction\",\"target\":{\"@type\":\"EntryPoint\",\"urlTemplate\":\"https:\\\/\\\/www.kirche-hettenhausen.de\\\/site\\\/?s={search_term_string}\"},\"query-input\":{\"@type\":\"PropertyValueSpecification\",\"valueRequired\":true,\"valueName\":\"search_term_string\"}}],\"inLanguage\":\"de\"},{\"@type\":\"Person\",\"@id\":\"https:\\\/\\\/www.kirche-hettenhausen.de\\\/site\\\/#\\\/schema\\\/person\\\/7740d89d8f816da861ece2b378a21c57\",\"name\":\"Marion Friedrich\",\"url\":\"https:\\\/\\\/www.kirche-hettenhausen.de\\\/site\\\/author\\\/m-friedrichkirche-hettenhausen-de\\\/\"}]}<\/script>\n<!-- \/ Yoast SEO plugin. -->","yoast_head_json":{"title":"Unser neuer Pfarrer stellt sich vor - Ev.-luth. Kirchengemeinde Hettenhausen - Dalherda","robots":{"index":"index","follow":"follow","max-snippet":"max-snippet:-1","max-image-preview":"max-image-preview:large","max-video-preview":"max-video-preview:-1"},"canonical":"https:\/\/www.kirche-hettenhausen.de\/site\/2020\/10\/unser-neuer-pfarrer-stellt-sich-vor\/","og_locale":"de_DE","og_type":"article","og_title":"Unser neuer Pfarrer stellt sich vor - Ev.-luth. Kirchengemeinde Hettenhausen - Dalherda","og_description":"Das Kirchspiel Hettenhausen-Dalherda hat nach 5 Monaten Vakanz wieder einen Pfarrer und freut sich, dass Jonas Schindelmann am 31. Oktober 2020, dem Reformationstag, von Dekan Bengt Seeberg in sein neues Amt eingef\u00fchrt wurde. Der Gottesdienst in der Ev.-luth. Pfarrkirche St. Georg in Hettenhausen fand um 17:00 Uhr statt. &nbsp; Die Ordination von Jonas Schindelmann erfolgte [&hellip;]","og_url":"https:\/\/www.kirche-hettenhausen.de\/site\/2020\/10\/unser-neuer-pfarrer-stellt-sich-vor\/","og_site_name":"Ev.-luth. Kirchengemeinde Hettenhausen - Dalherda","article_published_time":"2020-10-24T13:00:13+00:00","article_modified_time":"2021-02-16T20:34:28+00:00","og_image":[{"width":107,"height":159,"url":"https:\/\/www.kirche-hettenhausen.de\/site\/wp-content\/uploads\/2020\/10\/KV_Schindelmann_Jonas.jpg","type":"image\/jpeg"}],"author":"Marion Friedrich","twitter_card":"summary_large_image","twitter_misc":{"Verfasst von":"Marion Friedrich","Gesch\u00e4tzte Lesezeit":"5\u00a0Minuten"},"schema":{"@context":"https:\/\/schema.org","@graph":[{"@type":"Article","@id":"https:\/\/www.kirche-hettenhausen.de\/site\/2020\/10\/unser-neuer-pfarrer-stellt-sich-vor\/#article","isPartOf":{"@id":"https:\/\/www.kirche-hettenhausen.de\/site\/2020\/10\/unser-neuer-pfarrer-stellt-sich-vor\/"},"author":{"name":"Marion Friedrich","@id":"https:\/\/www.kirche-hettenhausen.de\/site\/#\/schema\/person\/7740d89d8f816da861ece2b378a21c57"},"headline":"Unser neuer Pfarrer stellt sich vor","datePublished":"2020-10-24T13:00:13+00:00","dateModified":"2021-02-16T20:34:28+00:00","mainEntityOfPage":{"@id":"https:\/\/www.kirche-hettenhausen.de\/site\/2020\/10\/unser-neuer-pfarrer-stellt-sich-vor\/"},"wordCount":972,"image":{"@id":"https:\/\/www.kirche-hettenhausen.de\/site\/2020\/10\/unser-neuer-pfarrer-stellt-sich-vor\/#primaryimage"},"thumbnailUrl":"https:\/\/www.kirche-hettenhausen.de\/site\/wp-content\/uploads\/2020\/10\/KV_Schindelmann_Jonas.jpg","keywords":["Bisch\u00f6fin","Dalherda","Gottesdienst","Hettenhausen","Kirchen-Kurier","Kirchenvorstand","Kirchspiel","Kooperationsraum Rh\u00f6n","Landeskirche","Livestream","\u00d6kumene","Pfarrer","Pfarrkirche St. Georg","Poppenhausen","Reformation","Veranstaltungen"],"articleSection":{"1":"Dalherda","2":"Feier-\/Festtage","3":"Gottesdienst","4":"Hettenhausen","5":"Kirche St. Georg","6":"Kirchen-Kurier","7":"Kirchenvorstand","8":"Kooperationsraum Rh\u00f6n","9":"Landeskirche","10":"Poppenhausen","11":"Veranstaltungen"},"inLanguage":"de"},{"@type":"WebPage","@id":"https:\/\/www.kirche-hettenhausen.de\/site\/2020\/10\/unser-neuer-pfarrer-stellt-sich-vor\/","url":"https:\/\/www.kirche-hettenhausen.de\/site\/2020\/10\/unser-neuer-pfarrer-stellt-sich-vor\/","name":"Unser neuer Pfarrer stellt sich vor - Ev.-luth. Kirchengemeinde Hettenhausen - Dalherda","isPartOf":{"@id":"https:\/\/www.kirche-hettenhausen.de\/site\/#website"},"primaryImageOfPage":{"@id":"https:\/\/www.kirche-hettenhausen.de\/site\/2020\/10\/unser-neuer-pfarrer-stellt-sich-vor\/#primaryimage"},"image":{"@id":"https:\/\/www.kirche-hettenhausen.de\/site\/2020\/10\/unser-neuer-pfarrer-stellt-sich-vor\/#primaryimage"},"thumbnailUrl":"https:\/\/www.kirche-hettenhausen.de\/site\/wp-content\/uploads\/2020\/10\/KV_Schindelmann_Jonas.jpg","datePublished":"2020-10-24T13:00:13+00:00","dateModified":"2021-02-16T20:34:28+00:00","author":{"@id":"https:\/\/www.kirche-hettenhausen.de\/site\/#\/schema\/person\/7740d89d8f816da861ece2b378a21c57"},"breadcrumb":{"@id":"https:\/\/www.kirche-hettenhausen.de\/site\/2020\/10\/unser-neuer-pfarrer-stellt-sich-vor\/#breadcrumb"},"inLanguage":"de","potentialAction":[{"@type":"ReadAction","target":["https:\/\/www.kirche-hettenhausen.de\/site\/2020\/10\/unser-neuer-pfarrer-stellt-sich-vor\/"]}]},{"@type":"ImageObject","inLanguage":"de","@id":"https:\/\/www.kirche-hettenhausen.de\/site\/2020\/10\/unser-neuer-pfarrer-stellt-sich-vor\/#primaryimage","url":"https:\/\/www.kirche-hettenhausen.de\/site\/wp-content\/uploads\/2020\/10\/KV_Schindelmann_Jonas.jpg","contentUrl":"https:\/\/www.kirche-hettenhausen.de\/site\/wp-content\/uploads\/2020\/10\/KV_Schindelmann_Jonas.jpg","width":107,"height":159,"caption":"Kirchenvorstand"},{"@type":"BreadcrumbList","@id":"https:\/\/www.kirche-hettenhausen.de\/site\/2020\/10\/unser-neuer-pfarrer-stellt-sich-vor\/#breadcrumb","itemListElement":[{"@type":"ListItem","position":1,"name":"Startseite","item":"https:\/\/www.kirche-hettenhausen.de\/site\/"},{"@type":"ListItem","position":2,"name":"Unser neuer Pfarrer stellt sich vor"}]},{"@type":"WebSite","@id":"https:\/\/www.kirche-hettenhausen.de\/site\/#website","url":"https:\/\/www.kirche-hettenhausen.de\/site\/","name":"Ev.-luth. Kirchengemeinde Hettenhausen - Dalherda","description":"Homepage der Ev.-luth. Kirchengemeinde Hettenhausen - Dalherda","potentialAction":[{"@type":"SearchAction","target":{"@type":"EntryPoint","urlTemplate":"https:\/\/www.kirche-hettenhausen.de\/site\/?s={search_term_string}"},"query-input":{"@type":"PropertyValueSpecification","valueRequired":true,"valueName":"search_term_string"}}],"inLanguage":"de"},{"@type":"Person","@id":"https:\/\/www.kirche-hettenhausen.de\/site\/#\/schema\/person\/7740d89d8f816da861ece2b378a21c57","name":"Marion Friedrich","url":"https:\/\/www.kirche-hettenhausen.de\/site\/author\/m-friedrichkirche-hettenhausen-de\/"}]}},"_links":{"self":[{"href":"https:\/\/www.kirche-hettenhausen.de\/site\/wp-json\/wp\/v2\/posts\/6116","targetHints":{"allow":["GET"]}}],"collection":[{"href":"https:\/\/www.kirche-hettenhausen.de\/site\/wp-json\/wp\/v2\/posts"}],"about":[{"href":"https:\/\/www.kirche-hettenhausen.de\/site\/wp-json\/wp\/v2\/types\/post"}],"author":[{"embeddable":true,"href":"https:\/\/www.kirche-hettenhausen.de\/site\/wp-json\/wp\/v2\/users\/2"}],"replies":[{"embeddable":true,"href":"https:\/\/www.kirche-hettenhausen.de\/site\/wp-json\/wp\/v2\/comments?post=6116"}],"version-history":[{"count":20,"href":"https:\/\/www.kirche-hettenhausen.de\/site\/wp-json\/wp\/v2\/posts\/6116\/revisions"}],"predecessor-version":[{"id":6845,"href":"https:\/\/www.kirche-hettenhausen.de\/site\/wp-json\/wp\/v2\/posts\/6116\/revisions\/6845"}],"wp:featuredmedia":[{"embeddable":true,"href":"https:\/\/www.kirche-hettenhausen.de\/site\/wp-json\/wp\/v2\/media\/6067"}],"wp:attachment":[{"href":"https:\/\/www.kirche-hettenhausen.de\/site\/wp-json\/wp\/v2\/media?parent=6116"}],"wp:term":[{"taxonomy":"category","embeddable":true,"href":"https:\/\/www.kirche-hettenhausen.de\/site\/wp-json\/wp\/v2\/categories?post=6116"},{"taxonomy":"post_tag","embeddable":true,"href":"https:\/\/www.kirche-hettenhausen.de\/site\/wp-json\/wp\/v2\/tags?post=6116"}],"curies":[{"name":"wp","href":"https:\/\/api.w.org\/{rel}","templated":true}]}}