{"id":6038,"date":"2020-10-18T23:45:13","date_gmt":"2020-10-18T21:45:13","guid":{"rendered":"https:\/\/kirche-hettenhausen.de\/site\/?p=6038"},"modified":"2021-02-16T21:34:43","modified_gmt":"2021-02-16T20:34:43","slug":"fuehrungen-an-der-adam-eifert-orgel","status":"publish","type":"post","link":"https:\/\/www.kirche-hettenhausen.de\/site\/2020\/10\/fuehrungen-an-der-adam-eifert-orgel\/","title":{"rendered":"F\u00fchrungen an der Adam-Eifert-Orgel"},"content":{"rendered":"<p>Im Anschluss an den Einweihungsgottesdienst am 1. November 2020 laden wir zu <strong>Orgelf\u00fchrungen<\/strong> mit unserem Orgelsachverst\u00e4ndigen, Kantor Klaus Vogt, und dem Orgelbaumeister Andreas Hahn <strong>ab ca. 14:30 Uhr<\/strong> ein.<\/p>\n<p><!--more--><\/p>\n<p>Eingeladen sind hierzu ausdr\u00fccklich alle (nicht nur Besucher des Gottesdienstes), die neugierig und wissbegierig sind, unsere restaurierte Orgel n\u00e4her kennenlernen m\u00f6chten und sich \u00fcber die Arbeiten im Zuge der Restaurierung und Rekonstruktion informieren m\u00f6chten. Nutzen Sie diese Gelegenheit!<\/p>\n<p>Die F\u00fchrungen werden in kleinen Gruppen stattfinden, planen Sie evtl. eine kurze Wartezeit mit ein.<\/p>\n<p>Die \u00fcblichen Hygieneregeln sind unbedingt zu beachten!<\/p>\n","protected":false},"excerpt":{"rendered":"<p>Im Anschluss an den Einweihungsgottesdienst am 1. November 2020 laden wir zu Orgelf\u00fchrungen mit unserem Orgelsachverst\u00e4ndigen, Kantor Klaus Vogt, und dem Orgelbaumeister Andreas Hahn ab ca. 14:30 Uhr ein.<\/p>\n","protected":false},"author":2,"featured_media":6003,"comment_status":"closed","ping_status":"closed","sticky":false,"template":"","format":"standard","meta":{"footnotes":""},"categories":[48,129,22,17,25],"tags":[15,128,38,34,39],"class_list":["post-6038","post","type-post","status-publish","format-standard","has-post-thumbnail","hentry","category-feier-festtage","category-hettenhausen","category-kirche-st-georg","category-orgelprojekt-st-georg","category-veranstaltungen","tag-adam-eifert-orgel","tag-hettenhausen","tag-orgelprojekt-st-georg","tag-pfarrkirche-st-georg","tag-veranstaltungen"],"yoast_head":"<!-- This site is optimized with the Yoast SEO plugin v27.4 - https:\/\/yoast.com\/product\/yoast-seo-wordpress\/ -->\n<title>F\u00fchrungen an der Adam-Eifert-Orgel - Ev.-luth. Kirchengemeinde Hettenhausen - Dalherda<\/title>\n<meta name=\"robots\" content=\"index, follow, max-snippet:-1, max-image-preview:large, max-video-preview:-1\" \/>\n<link rel=\"canonical\" href=\"https:\/\/www.kirche-hettenhausen.de\/site\/2020\/10\/fuehrungen-an-der-adam-eifert-orgel\/\" \/>\n<meta property=\"og:locale\" content=\"de_DE\" \/>\n<meta property=\"og:type\" content=\"article\" \/>\n<meta property=\"og:title\" content=\"F\u00fchrungen an der Adam-Eifert-Orgel - Ev.-luth. Kirchengemeinde Hettenhausen - Dalherda\" \/>\n<meta property=\"og:description\" content=\"Im Anschluss an den Einweihungsgottesdienst am 1. November 2020 laden wir zu Orgelf\u00fchrungen mit unserem Orgelsachverst\u00e4ndigen, Kantor Klaus Vogt, und dem Orgelbaumeister Andreas Hahn ab ca. 14:30 Uhr ein.\" \/>\n<meta property=\"og:url\" content=\"https:\/\/www.kirche-hettenhausen.de\/site\/2020\/10\/fuehrungen-an-der-adam-eifert-orgel\/\" \/>\n<meta property=\"og:site_name\" content=\"Ev.-luth. Kirchengemeinde Hettenhausen - Dalherda\" \/>\n<meta property=\"article:published_time\" content=\"2020-10-18T21:45:13+00:00\" \/>\n<meta property=\"article:modified_time\" content=\"2021-02-16T20:34:43+00:00\" \/>\n<meta property=\"og:image\" content=\"https:\/\/www.kirche-hettenhausen.de\/site\/wp-content\/uploads\/2020\/10\/20201011_112648_1-rotated-e1602421128122.jpg\" \/>\n\t<meta property=\"og:image:width\" content=\"768\" \/>\n\t<meta property=\"og:image:height\" content=\"1024\" \/>\n\t<meta property=\"og:image:type\" content=\"image\/jpeg\" \/>\n<meta name=\"author\" content=\"Marion Friedrich\" \/>\n<meta name=\"twitter:card\" content=\"summary_large_image\" \/>\n<meta name=\"twitter:label1\" content=\"Verfasst von\" \/>\n\t<meta name=\"twitter:data1\" content=\"Marion Friedrich\" \/>\n<script type=\"application\/ld+json\" class=\"yoast-schema-graph\">{\"@context\":\"https:\\\/\\\/schema.org\",\"@graph\":[{\"@type\":\"Article\",\"@id\":\"https:\\\/\\\/www.kirche-hettenhausen.de\\\/site\\\/2020\\\/10\\\/fuehrungen-an-der-adam-eifert-orgel\\\/#article\",\"isPartOf\":{\"@id\":\"https:\\\/\\\/www.kirche-hettenhausen.de\\\/site\\\/2020\\\/10\\\/fuehrungen-an-der-adam-eifert-orgel\\\/\"},\"author\":{\"name\":\"Marion Friedrich\",\"@id\":\"https:\\\/\\\/www.kirche-hettenhausen.de\\\/site\\\/#\\\/schema\\\/person\\\/7740d89d8f816da861ece2b378a21c57\"},\"headline\":\"F\u00fchrungen an der Adam-Eifert-Orgel\",\"datePublished\":\"2020-10-18T21:45:13+00:00\",\"dateModified\":\"2021-02-16T20:34:43+00:00\",\"mainEntityOfPage\":{\"@id\":\"https:\\\/\\\/www.kirche-hettenhausen.de\\\/site\\\/2020\\\/10\\\/fuehrungen-an-der-adam-eifert-orgel\\\/\"},\"wordCount\":98,\"image\":{\"@id\":\"https:\\\/\\\/www.kirche-hettenhausen.de\\\/site\\\/2020\\\/10\\\/fuehrungen-an-der-adam-eifert-orgel\\\/#primaryimage\"},\"thumbnailUrl\":\"https:\\\/\\\/www.kirche-hettenhausen.de\\\/site\\\/wp-content\\\/uploads\\\/2020\\\/10\\\/20201011_112648_1-rotated-e1602421128122.jpg\",\"keywords\":[\"Adam-Eifert-Orgel\",\"Hettenhausen\",\"Orgelprojekt St. Georg\",\"Pfarrkirche St. Georg\",\"Veranstaltungen\"],\"articleSection\":[\"Feier-\\\/Festtage\",\"Hettenhausen\",\"Kirche St. Georg\",\"Orgelprojekt St. Georg\",\"Veranstaltungen\"],\"inLanguage\":\"de\"},{\"@type\":\"WebPage\",\"@id\":\"https:\\\/\\\/www.kirche-hettenhausen.de\\\/site\\\/2020\\\/10\\\/fuehrungen-an-der-adam-eifert-orgel\\\/\",\"url\":\"https:\\\/\\\/www.kirche-hettenhausen.de\\\/site\\\/2020\\\/10\\\/fuehrungen-an-der-adam-eifert-orgel\\\/\",\"name\":\"F\u00fchrungen an der Adam-Eifert-Orgel - Ev.-luth. Kirchengemeinde Hettenhausen - Dalherda\",\"isPartOf\":{\"@id\":\"https:\\\/\\\/www.kirche-hettenhausen.de\\\/site\\\/#website\"},\"primaryImageOfPage\":{\"@id\":\"https:\\\/\\\/www.kirche-hettenhausen.de\\\/site\\\/2020\\\/10\\\/fuehrungen-an-der-adam-eifert-orgel\\\/#primaryimage\"},\"image\":{\"@id\":\"https:\\\/\\\/www.kirche-hettenhausen.de\\\/site\\\/2020\\\/10\\\/fuehrungen-an-der-adam-eifert-orgel\\\/#primaryimage\"},\"thumbnailUrl\":\"https:\\\/\\\/www.kirche-hettenhausen.de\\\/site\\\/wp-content\\\/uploads\\\/2020\\\/10\\\/20201011_112648_1-rotated-e1602421128122.jpg\",\"datePublished\":\"2020-10-18T21:45:13+00:00\",\"dateModified\":\"2021-02-16T20:34:43+00:00\",\"author\":{\"@id\":\"https:\\\/\\\/www.kirche-hettenhausen.de\\\/site\\\/#\\\/schema\\\/person\\\/7740d89d8f816da861ece2b378a21c57\"},\"breadcrumb\":{\"@id\":\"https:\\\/\\\/www.kirche-hettenhausen.de\\\/site\\\/2020\\\/10\\\/fuehrungen-an-der-adam-eifert-orgel\\\/#breadcrumb\"},\"inLanguage\":\"de\",\"potentialAction\":[{\"@type\":\"ReadAction\",\"target\":[\"https:\\\/\\\/www.kirche-hettenhausen.de\\\/site\\\/2020\\\/10\\\/fuehrungen-an-der-adam-eifert-orgel\\\/\"]}]},{\"@type\":\"ImageObject\",\"inLanguage\":\"de\",\"@id\":\"https:\\\/\\\/www.kirche-hettenhausen.de\\\/site\\\/2020\\\/10\\\/fuehrungen-an-der-adam-eifert-orgel\\\/#primaryimage\",\"url\":\"https:\\\/\\\/www.kirche-hettenhausen.de\\\/site\\\/wp-content\\\/uploads\\\/2020\\\/10\\\/20201011_112648_1-rotated-e1602421128122.jpg\",\"contentUrl\":\"https:\\\/\\\/www.kirche-hettenhausen.de\\\/site\\\/wp-content\\\/uploads\\\/2020\\\/10\\\/20201011_112648_1-rotated-e1602421128122.jpg\",\"width\":768,\"height\":1024,\"caption\":\"Registerz\u00fcge\"},{\"@type\":\"BreadcrumbList\",\"@id\":\"https:\\\/\\\/www.kirche-hettenhausen.de\\\/site\\\/2020\\\/10\\\/fuehrungen-an-der-adam-eifert-orgel\\\/#breadcrumb\",\"itemListElement\":[{\"@type\":\"ListItem\",\"position\":1,\"name\":\"Startseite\",\"item\":\"https:\\\/\\\/www.kirche-hettenhausen.de\\\/site\\\/\"},{\"@type\":\"ListItem\",\"position\":2,\"name\":\"F\u00fchrungen an der Adam-Eifert-Orgel\"}]},{\"@type\":\"WebSite\",\"@id\":\"https:\\\/\\\/www.kirche-hettenhausen.de\\\/site\\\/#website\",\"url\":\"https:\\\/\\\/www.kirche-hettenhausen.de\\\/site\\\/\",\"name\":\"Ev.-luth. Kirchengemeinde Hettenhausen - Dalherda\",\"description\":\"Homepage der Ev.-luth. Kirchengemeinde Hettenhausen - Dalherda\",\"potentialAction\":[{\"@type\":\"SearchAction\",\"target\":{\"@type\":\"EntryPoint\",\"urlTemplate\":\"https:\\\/\\\/www.kirche-hettenhausen.de\\\/site\\\/?s={search_term_string}\"},\"query-input\":{\"@type\":\"PropertyValueSpecification\",\"valueRequired\":true,\"valueName\":\"search_term_string\"}}],\"inLanguage\":\"de\"},{\"@type\":\"Person\",\"@id\":\"https:\\\/\\\/www.kirche-hettenhausen.de\\\/site\\\/#\\\/schema\\\/person\\\/7740d89d8f816da861ece2b378a21c57\",\"name\":\"Marion Friedrich\",\"url\":\"https:\\\/\\\/www.kirche-hettenhausen.de\\\/site\\\/author\\\/m-friedrichkirche-hettenhausen-de\\\/\"}]}<\/script>\n<!-- \/ Yoast SEO plugin. -->","yoast_head_json":{"title":"F\u00fchrungen an der Adam-Eifert-Orgel - Ev.-luth. Kirchengemeinde Hettenhausen - Dalherda","robots":{"index":"index","follow":"follow","max-snippet":"max-snippet:-1","max-image-preview":"max-image-preview:large","max-video-preview":"max-video-preview:-1"},"canonical":"https:\/\/www.kirche-hettenhausen.de\/site\/2020\/10\/fuehrungen-an-der-adam-eifert-orgel\/","og_locale":"de_DE","og_type":"article","og_title":"F\u00fchrungen an der Adam-Eifert-Orgel - Ev.-luth. Kirchengemeinde Hettenhausen - Dalherda","og_description":"Im Anschluss an den Einweihungsgottesdienst am 1. November 2020 laden wir zu Orgelf\u00fchrungen mit unserem Orgelsachverst\u00e4ndigen, Kantor Klaus Vogt, und dem Orgelbaumeister Andreas Hahn ab ca. 14:30 Uhr ein.","og_url":"https:\/\/www.kirche-hettenhausen.de\/site\/2020\/10\/fuehrungen-an-der-adam-eifert-orgel\/","og_site_name":"Ev.-luth. Kirchengemeinde Hettenhausen - Dalherda","article_published_time":"2020-10-18T21:45:13+00:00","article_modified_time":"2021-02-16T20:34:43+00:00","og_image":[{"width":768,"height":1024,"url":"https:\/\/www.kirche-hettenhausen.de\/site\/wp-content\/uploads\/2020\/10\/20201011_112648_1-rotated-e1602421128122.jpg","type":"image\/jpeg"}],"author":"Marion Friedrich","twitter_card":"summary_large_image","twitter_misc":{"Verfasst von":"Marion Friedrich"},"schema":{"@context":"https:\/\/schema.org","@graph":[{"@type":"Article","@id":"https:\/\/www.kirche-hettenhausen.de\/site\/2020\/10\/fuehrungen-an-der-adam-eifert-orgel\/#article","isPartOf":{"@id":"https:\/\/www.kirche-hettenhausen.de\/site\/2020\/10\/fuehrungen-an-der-adam-eifert-orgel\/"},"author":{"name":"Marion Friedrich","@id":"https:\/\/www.kirche-hettenhausen.de\/site\/#\/schema\/person\/7740d89d8f816da861ece2b378a21c57"},"headline":"F\u00fchrungen an der Adam-Eifert-Orgel","datePublished":"2020-10-18T21:45:13+00:00","dateModified":"2021-02-16T20:34:43+00:00","mainEntityOfPage":{"@id":"https:\/\/www.kirche-hettenhausen.de\/site\/2020\/10\/fuehrungen-an-der-adam-eifert-orgel\/"},"wordCount":98,"image":{"@id":"https:\/\/www.kirche-hettenhausen.de\/site\/2020\/10\/fuehrungen-an-der-adam-eifert-orgel\/#primaryimage"},"thumbnailUrl":"https:\/\/www.kirche-hettenhausen.de\/site\/wp-content\/uploads\/2020\/10\/20201011_112648_1-rotated-e1602421128122.jpg","keywords":["Adam-Eifert-Orgel","Hettenhausen","Orgelprojekt St. Georg","Pfarrkirche St. Georg","Veranstaltungen"],"articleSection":["Feier-\/Festtage","Hettenhausen","Kirche St. Georg","Orgelprojekt St. Georg","Veranstaltungen"],"inLanguage":"de"},{"@type":"WebPage","@id":"https:\/\/www.kirche-hettenhausen.de\/site\/2020\/10\/fuehrungen-an-der-adam-eifert-orgel\/","url":"https:\/\/www.kirche-hettenhausen.de\/site\/2020\/10\/fuehrungen-an-der-adam-eifert-orgel\/","name":"F\u00fchrungen an der Adam-Eifert-Orgel - Ev.-luth. Kirchengemeinde Hettenhausen - Dalherda","isPartOf":{"@id":"https:\/\/www.kirche-hettenhausen.de\/site\/#website"},"primaryImageOfPage":{"@id":"https:\/\/www.kirche-hettenhausen.de\/site\/2020\/10\/fuehrungen-an-der-adam-eifert-orgel\/#primaryimage"},"image":{"@id":"https:\/\/www.kirche-hettenhausen.de\/site\/2020\/10\/fuehrungen-an-der-adam-eifert-orgel\/#primaryimage"},"thumbnailUrl":"https:\/\/www.kirche-hettenhausen.de\/site\/wp-content\/uploads\/2020\/10\/20201011_112648_1-rotated-e1602421128122.jpg","datePublished":"2020-10-18T21:45:13+00:00","dateModified":"2021-02-16T20:34:43+00:00","author":{"@id":"https:\/\/www.kirche-hettenhausen.de\/site\/#\/schema\/person\/7740d89d8f816da861ece2b378a21c57"},"breadcrumb":{"@id":"https:\/\/www.kirche-hettenhausen.de\/site\/2020\/10\/fuehrungen-an-der-adam-eifert-orgel\/#breadcrumb"},"inLanguage":"de","potentialAction":[{"@type":"ReadAction","target":["https:\/\/www.kirche-hettenhausen.de\/site\/2020\/10\/fuehrungen-an-der-adam-eifert-orgel\/"]}]},{"@type":"ImageObject","inLanguage":"de","@id":"https:\/\/www.kirche-hettenhausen.de\/site\/2020\/10\/fuehrungen-an-der-adam-eifert-orgel\/#primaryimage","url":"https:\/\/www.kirche-hettenhausen.de\/site\/wp-content\/uploads\/2020\/10\/20201011_112648_1-rotated-e1602421128122.jpg","contentUrl":"https:\/\/www.kirche-hettenhausen.de\/site\/wp-content\/uploads\/2020\/10\/20201011_112648_1-rotated-e1602421128122.jpg","width":768,"height":1024,"caption":"Registerz\u00fcge"},{"@type":"BreadcrumbList","@id":"https:\/\/www.kirche-hettenhausen.de\/site\/2020\/10\/fuehrungen-an-der-adam-eifert-orgel\/#breadcrumb","itemListElement":[{"@type":"ListItem","position":1,"name":"Startseite","item":"https:\/\/www.kirche-hettenhausen.de\/site\/"},{"@type":"ListItem","position":2,"name":"F\u00fchrungen an der Adam-Eifert-Orgel"}]},{"@type":"WebSite","@id":"https:\/\/www.kirche-hettenhausen.de\/site\/#website","url":"https:\/\/www.kirche-hettenhausen.de\/site\/","name":"Ev.-luth. Kirchengemeinde Hettenhausen - Dalherda","description":"Homepage der Ev.-luth. Kirchengemeinde Hettenhausen - Dalherda","potentialAction":[{"@type":"SearchAction","target":{"@type":"EntryPoint","urlTemplate":"https:\/\/www.kirche-hettenhausen.de\/site\/?s={search_term_string}"},"query-input":{"@type":"PropertyValueSpecification","valueRequired":true,"valueName":"search_term_string"}}],"inLanguage":"de"},{"@type":"Person","@id":"https:\/\/www.kirche-hettenhausen.de\/site\/#\/schema\/person\/7740d89d8f816da861ece2b378a21c57","name":"Marion Friedrich","url":"https:\/\/www.kirche-hettenhausen.de\/site\/author\/m-friedrichkirche-hettenhausen-de\/"}]}},"_links":{"self":[{"href":"https:\/\/www.kirche-hettenhausen.de\/site\/wp-json\/wp\/v2\/posts\/6038","targetHints":{"allow":["GET"]}}],"collection":[{"href":"https:\/\/www.kirche-hettenhausen.de\/site\/wp-json\/wp\/v2\/posts"}],"about":[{"href":"https:\/\/www.kirche-hettenhausen.de\/site\/wp-json\/wp\/v2\/types\/post"}],"author":[{"embeddable":true,"href":"https:\/\/www.kirche-hettenhausen.de\/site\/wp-json\/wp\/v2\/users\/2"}],"replies":[{"embeddable":true,"href":"https:\/\/www.kirche-hettenhausen.de\/site\/wp-json\/wp\/v2\/comments?post=6038"}],"version-history":[{"count":3,"href":"https:\/\/www.kirche-hettenhausen.de\/site\/wp-json\/wp\/v2\/posts\/6038\/revisions"}],"predecessor-version":[{"id":6041,"href":"https:\/\/www.kirche-hettenhausen.de\/site\/wp-json\/wp\/v2\/posts\/6038\/revisions\/6041"}],"wp:featuredmedia":[{"embeddable":true,"href":"https:\/\/www.kirche-hettenhausen.de\/site\/wp-json\/wp\/v2\/media\/6003"}],"wp:attachment":[{"href":"https:\/\/www.kirche-hettenhausen.de\/site\/wp-json\/wp\/v2\/media?parent=6038"}],"wp:term":[{"taxonomy":"category","embeddable":true,"href":"https:\/\/www.kirche-hettenhausen.de\/site\/wp-json\/wp\/v2\/categories?post=6038"},{"taxonomy":"post_tag","embeddable":true,"href":"https:\/\/www.kirche-hettenhausen.de\/site\/wp-json\/wp\/v2\/tags?post=6038"}],"curies":[{"name":"wp","href":"https:\/\/api.w.org\/{rel}","templated":true}]}}