{"id":6022,"date":"2020-10-11T18:51:32","date_gmt":"2020-10-11T16:51:32","guid":{"rendered":"https:\/\/kirche-hettenhausen.de\/site\/?p=6022"},"modified":"2021-02-16T21:34:56","modified_gmt":"2021-02-16T20:34:56","slug":"silberne-konfirmation-2020","status":"publish","type":"post","link":"https:\/\/www.kirche-hettenhausen.de\/site\/2020\/10\/silberne-konfirmation-2020\/","title":{"rendered":"Silberne Konfirmation 2020"},"content":{"rendered":"<p>Nachdem unsere Jubil\u00e4umskonfirmation wegen der Corona-Pandemie im Mai abgesagt werden musste, feierten am 27. September 2020 wir neun ehemaligen Konfirmanden unsere Silberne Konfirmation: Monika Badesheim geb. Heil, Jessica Herbert geb. M\u00fcller, Elmar Kirchner, Katja Kn\u00fcttel geb. Magerhans, Ivonne Koszudowski geb. Heil, Sandra Kuchenbrod geb. Tippner, Ulrike Nissyt geb. Gutermuth, Oliver Seuring und Doreen Wisotzky, die am 30. April 1995 von Pfarrer Jochen Lins eingesegnet wurden.<\/p>\n<p>Gemeinsam zogen wir mit Pfarrer Dieter Dersch in die festlich geschm\u00fcckte Kirche ein. Wir haben zur\u00fcckgeschaut und uns erinnert, an die gemeinsame Konfirmandenzeit, an das was wir erlebt haben und was uns gepr\u00e4gt hat in den letzten 25 Jahren. Und wir dachten nach, \u00fcber den Glauben, den wir damals bekannt haben. In seiner Predigt erinnerte Pfarrer Dersch sich an den Tag zur\u00fcck, als er sein Latein-Abi zu schreiben hatte. Seine Lateinlehrerin hielt am Morgen der Abipr\u00fcfung eine kleine Andacht zu der Geschichte vom K\u00e4mmerer aus \u00c4thiopien, wie wir sie in der Schriftlesung geh\u00f6rt hatten. Nach der Andacht legte sie jedem einen handgeschriebenen Zettel auf den Tisch. Darauf stand nur ein Satz \u201eI per viam tuam gaudens\u201c. Ins Deutsche \u00fcbersetzt hei\u00dft das \u201eGehe deinen Weg fr\u00f6hlich\u201c.<\/p>\n<p>Der K\u00e4mmerer reiste von \u00c4thiopien nach Jerusalem, um mehr von Gott zu erfahren. Doch man verwehrte ihm den Zutritt, da er kein Jude war, sondern ein Eunuch. Er kaufte sich eine Schriftrolle und las das Buch des Propheten Jesaja. Er verstand es aber nicht richtig und Gott sandte ihm einen Wanderapostel \u201ePhilippus\u201c. Er erz\u00e4hlte dem \u00c4thiopier von Jesus und so begann er die Schriftrolle zu verstehen und fand doch noch einen Zugang zu Gott.<\/p>\n<p>Gott hat auch zu uns Ja gesagt in der Taufe. Damals sind wir in unser Leben aufgebrochen mit Gottes Segen \u2013 fr\u00f6hlich und zuversichtlich. Wir haben statistisch gesehen mit der Silbernen Konfirmation die H\u00e4lfte des Lebens erreicht.<\/p>\n<p>Auf der H\u00f6he des Lebens und im Blick auf das, was vor uns liegt, soll das aber auch die Gewissheit st\u00e4rken: Gott, der uns die Treue versprochen und gehalten hat, wird auch weiterhin f\u00fcr uns da sein. Er ist da \u2013 manchmal still und leise, aber immer mit voller Aufmerksamkeit \u2013 weil wir ihm wichtig sind. Das hat er uns in der Taufe gesagt. Und das bleibt! Darum k\u00f6nnen wir unseren Weg fr\u00f6hlich und zuversichtlich weitergehen \u2013 was auch immer kommen mag.<\/p>\n<p>Einzeln traten wir vor den Altar und erhielten dann den Segen und Erinnerungsurkunden.<\/p>\n<p>Aufgrund der aktuellen Situation durften wir und die Gemeinde in der Kirche nicht singen und somit wurde der Gottesdienst gesanglich von Verena Gass und am E-Piano von Marc Covic mitgestaltet.<\/p>\n<p>Unser besonderer Dank gilt Pfarrer Dersch, der extra aus Kassel angereist war. Es war f\u00fcr uns ein sehr sch\u00f6ner Tag, den wir noch lange in Erinnerung behalten werden.<\/p>\n<p style=\"text-align: right;\">(Jessica Herbert)<\/p>\n","protected":false},"excerpt":{"rendered":"<p>Nachdem unsere Jubil\u00e4umskonfirmation wegen der Corona-Pandemie im Mai abgesagt werden musste, feierten am 27. September 2020 wir neun ehemaligen Konfirmanden unsere Silberne Konfirmation: Monika Badesheim geb. Heil, Jessica Herbert geb. M\u00fcller, Elmar Kirchner, Katja Kn\u00fcttel geb. Magerhans, Ivonne Koszudowski geb. Heil, Sandra Kuchenbrod geb. Tippner, Ulrike Nissyt geb. Gutermuth, Oliver Seuring und Doreen Wisotzky, die [&hellip;]<\/p>\n","protected":false},"author":2,"featured_media":489,"comment_status":"closed","ping_status":"closed","sticky":false,"template":"","format":"standard","meta":{"footnotes":""},"categories":[48,18,129,22,27,23,25],"tags":[32,33,128,40,47,36,7,34,67,39],"class_list":["post-6022","post","type-post","status-publish","format-standard","has-post-thumbnail","hentry","category-feier-festtage","category-gottesdienst","category-hettenhausen","category-kirche-st-georg","category-kirchen-kurier","category-kirchenmusik","category-veranstaltungen","tag-corona","tag-gottesdienst","tag-hettenhausen","tag-kirchen-kurier","tag-konfirmanden","tag-musik","tag-pfarrer","tag-pfarrkirche-st-georg","tag-singen","tag-veranstaltungen"],"yoast_head":"<!-- This site is optimized with the Yoast SEO plugin v27.4 - https:\/\/yoast.com\/product\/yoast-seo-wordpress\/ -->\n<title>Silberne Konfirmation 2020 - Ev.-luth. Kirchengemeinde Hettenhausen - Dalherda<\/title>\n<meta name=\"robots\" content=\"index, follow, max-snippet:-1, max-image-preview:large, max-video-preview:-1\" \/>\n<link rel=\"canonical\" href=\"https:\/\/www.kirche-hettenhausen.de\/site\/2020\/10\/silberne-konfirmation-2020\/\" \/>\n<meta property=\"og:locale\" content=\"de_DE\" \/>\n<meta property=\"og:type\" content=\"article\" \/>\n<meta property=\"og:title\" content=\"Silberne Konfirmation 2020 - Ev.-luth. Kirchengemeinde Hettenhausen - Dalherda\" \/>\n<meta property=\"og:description\" content=\"Nachdem unsere Jubil\u00e4umskonfirmation wegen der Corona-Pandemie im Mai abgesagt werden musste, feierten am 27. September 2020 wir neun ehemaligen Konfirmanden unsere Silberne Konfirmation: Monika Badesheim geb. Heil, Jessica Herbert geb. M\u00fcller, Elmar Kirchner, Katja Kn\u00fcttel geb. Magerhans, Ivonne Koszudowski geb. Heil, Sandra Kuchenbrod geb. Tippner, Ulrike Nissyt geb. Gutermuth, Oliver Seuring und Doreen Wisotzky, die [&hellip;]\" \/>\n<meta property=\"og:url\" content=\"https:\/\/www.kirche-hettenhausen.de\/site\/2020\/10\/silberne-konfirmation-2020\/\" \/>\n<meta property=\"og:site_name\" content=\"Ev.-luth. Kirchengemeinde Hettenhausen - Dalherda\" \/>\n<meta property=\"article:published_time\" content=\"2020-10-11T16:51:32+00:00\" \/>\n<meta property=\"article:modified_time\" content=\"2021-02-16T20:34:56+00:00\" \/>\n<meta property=\"og:image\" content=\"https:\/\/www.kirche-hettenhausen.de\/site\/wp-content\/uploads\/2015\/02\/DSC03009-1024x685.jpg\" \/>\n\t<meta property=\"og:image:width\" content=\"1024\" \/>\n\t<meta property=\"og:image:height\" content=\"685\" \/>\n\t<meta property=\"og:image:type\" content=\"image\/jpeg\" \/>\n<meta name=\"author\" content=\"Marion Friedrich\" \/>\n<meta name=\"twitter:card\" content=\"summary_large_image\" \/>\n<meta name=\"twitter:label1\" content=\"Verfasst von\" \/>\n\t<meta name=\"twitter:data1\" content=\"Marion Friedrich\" \/>\n\t<meta name=\"twitter:label2\" content=\"Gesch\u00e4tzte Lesezeit\" \/>\n\t<meta name=\"twitter:data2\" content=\"2\u00a0Minuten\" \/>\n<script type=\"application\/ld+json\" class=\"yoast-schema-graph\">{\"@context\":\"https:\\\/\\\/schema.org\",\"@graph\":[{\"@type\":\"Article\",\"@id\":\"https:\\\/\\\/www.kirche-hettenhausen.de\\\/site\\\/2020\\\/10\\\/silberne-konfirmation-2020\\\/#article\",\"isPartOf\":{\"@id\":\"https:\\\/\\\/www.kirche-hettenhausen.de\\\/site\\\/2020\\\/10\\\/silberne-konfirmation-2020\\\/\"},\"author\":{\"name\":\"Marion Friedrich\",\"@id\":\"https:\\\/\\\/www.kirche-hettenhausen.de\\\/site\\\/#\\\/schema\\\/person\\\/7740d89d8f816da861ece2b378a21c57\"},\"headline\":\"Silberne Konfirmation 2020\",\"datePublished\":\"2020-10-11T16:51:32+00:00\",\"dateModified\":\"2021-02-16T20:34:56+00:00\",\"mainEntityOfPage\":{\"@id\":\"https:\\\/\\\/www.kirche-hettenhausen.de\\\/site\\\/2020\\\/10\\\/silberne-konfirmation-2020\\\/\"},\"wordCount\":472,\"image\":{\"@id\":\"https:\\\/\\\/www.kirche-hettenhausen.de\\\/site\\\/2020\\\/10\\\/silberne-konfirmation-2020\\\/#primaryimage\"},\"thumbnailUrl\":\"https:\\\/\\\/www.kirche-hettenhausen.de\\\/site\\\/wp-content\\\/uploads\\\/2015\\\/02\\\/DSC03009.jpg\",\"keywords\":[\"Corona\",\"Gottesdienst\",\"Hettenhausen\",\"Kirchen-Kurier\",\"Konfirmanden\",\"Musik\",\"Pfarrer\",\"Pfarrkirche St. Georg\",\"Singen\",\"Veranstaltungen\"],\"articleSection\":[\"Feier-\\\/Festtage\",\"Gottesdienst\",\"Hettenhausen\",\"Kirche St. Georg\",\"Kirchen-Kurier\",\"Kirchenmusik\",\"Veranstaltungen\"],\"inLanguage\":\"de\"},{\"@type\":\"WebPage\",\"@id\":\"https:\\\/\\\/www.kirche-hettenhausen.de\\\/site\\\/2020\\\/10\\\/silberne-konfirmation-2020\\\/\",\"url\":\"https:\\\/\\\/www.kirche-hettenhausen.de\\\/site\\\/2020\\\/10\\\/silberne-konfirmation-2020\\\/\",\"name\":\"Silberne Konfirmation 2020 - Ev.-luth. Kirchengemeinde Hettenhausen - Dalherda\",\"isPartOf\":{\"@id\":\"https:\\\/\\\/www.kirche-hettenhausen.de\\\/site\\\/#website\"},\"primaryImageOfPage\":{\"@id\":\"https:\\\/\\\/www.kirche-hettenhausen.de\\\/site\\\/2020\\\/10\\\/silberne-konfirmation-2020\\\/#primaryimage\"},\"image\":{\"@id\":\"https:\\\/\\\/www.kirche-hettenhausen.de\\\/site\\\/2020\\\/10\\\/silberne-konfirmation-2020\\\/#primaryimage\"},\"thumbnailUrl\":\"https:\\\/\\\/www.kirche-hettenhausen.de\\\/site\\\/wp-content\\\/uploads\\\/2015\\\/02\\\/DSC03009.jpg\",\"datePublished\":\"2020-10-11T16:51:32+00:00\",\"dateModified\":\"2021-02-16T20:34:56+00:00\",\"author\":{\"@id\":\"https:\\\/\\\/www.kirche-hettenhausen.de\\\/site\\\/#\\\/schema\\\/person\\\/7740d89d8f816da861ece2b378a21c57\"},\"breadcrumb\":{\"@id\":\"https:\\\/\\\/www.kirche-hettenhausen.de\\\/site\\\/2020\\\/10\\\/silberne-konfirmation-2020\\\/#breadcrumb\"},\"inLanguage\":\"de\",\"potentialAction\":[{\"@type\":\"ReadAction\",\"target\":[\"https:\\\/\\\/www.kirche-hettenhausen.de\\\/site\\\/2020\\\/10\\\/silberne-konfirmation-2020\\\/\"]}]},{\"@type\":\"ImageObject\",\"inLanguage\":\"de\",\"@id\":\"https:\\\/\\\/www.kirche-hettenhausen.de\\\/site\\\/2020\\\/10\\\/silberne-konfirmation-2020\\\/#primaryimage\",\"url\":\"https:\\\/\\\/www.kirche-hettenhausen.de\\\/site\\\/wp-content\\\/uploads\\\/2015\\\/02\\\/DSC03009.jpg\",\"contentUrl\":\"https:\\\/\\\/www.kirche-hettenhausen.de\\\/site\\\/wp-content\\\/uploads\\\/2015\\\/02\\\/DSC03009.jpg\",\"width\":2896,\"height\":1936},{\"@type\":\"BreadcrumbList\",\"@id\":\"https:\\\/\\\/www.kirche-hettenhausen.de\\\/site\\\/2020\\\/10\\\/silberne-konfirmation-2020\\\/#breadcrumb\",\"itemListElement\":[{\"@type\":\"ListItem\",\"position\":1,\"name\":\"Startseite\",\"item\":\"https:\\\/\\\/www.kirche-hettenhausen.de\\\/site\\\/\"},{\"@type\":\"ListItem\",\"position\":2,\"name\":\"Silberne Konfirmation 2020\"}]},{\"@type\":\"WebSite\",\"@id\":\"https:\\\/\\\/www.kirche-hettenhausen.de\\\/site\\\/#website\",\"url\":\"https:\\\/\\\/www.kirche-hettenhausen.de\\\/site\\\/\",\"name\":\"Ev.-luth. Kirchengemeinde Hettenhausen - Dalherda\",\"description\":\"Homepage der Ev.-luth. Kirchengemeinde Hettenhausen - Dalherda\",\"potentialAction\":[{\"@type\":\"SearchAction\",\"target\":{\"@type\":\"EntryPoint\",\"urlTemplate\":\"https:\\\/\\\/www.kirche-hettenhausen.de\\\/site\\\/?s={search_term_string}\"},\"query-input\":{\"@type\":\"PropertyValueSpecification\",\"valueRequired\":true,\"valueName\":\"search_term_string\"}}],\"inLanguage\":\"de\"},{\"@type\":\"Person\",\"@id\":\"https:\\\/\\\/www.kirche-hettenhausen.de\\\/site\\\/#\\\/schema\\\/person\\\/7740d89d8f816da861ece2b378a21c57\",\"name\":\"Marion Friedrich\",\"url\":\"https:\\\/\\\/www.kirche-hettenhausen.de\\\/site\\\/author\\\/m-friedrichkirche-hettenhausen-de\\\/\"}]}<\/script>\n<!-- \/ Yoast SEO plugin. -->","yoast_head_json":{"title":"Silberne Konfirmation 2020 - Ev.-luth. Kirchengemeinde Hettenhausen - Dalherda","robots":{"index":"index","follow":"follow","max-snippet":"max-snippet:-1","max-image-preview":"max-image-preview:large","max-video-preview":"max-video-preview:-1"},"canonical":"https:\/\/www.kirche-hettenhausen.de\/site\/2020\/10\/silberne-konfirmation-2020\/","og_locale":"de_DE","og_type":"article","og_title":"Silberne Konfirmation 2020 - Ev.-luth. Kirchengemeinde Hettenhausen - Dalherda","og_description":"Nachdem unsere Jubil\u00e4umskonfirmation wegen der Corona-Pandemie im Mai abgesagt werden musste, feierten am 27. September 2020 wir neun ehemaligen Konfirmanden unsere Silberne Konfirmation: Monika Badesheim geb. Heil, Jessica Herbert geb. M\u00fcller, Elmar Kirchner, Katja Kn\u00fcttel geb. Magerhans, Ivonne Koszudowski geb. Heil, Sandra Kuchenbrod geb. Tippner, Ulrike Nissyt geb. Gutermuth, Oliver Seuring und Doreen Wisotzky, die [&hellip;]","og_url":"https:\/\/www.kirche-hettenhausen.de\/site\/2020\/10\/silberne-konfirmation-2020\/","og_site_name":"Ev.-luth. Kirchengemeinde Hettenhausen - Dalherda","article_published_time":"2020-10-11T16:51:32+00:00","article_modified_time":"2021-02-16T20:34:56+00:00","og_image":[{"width":1024,"height":685,"url":"https:\/\/www.kirche-hettenhausen.de\/site\/wp-content\/uploads\/2015\/02\/DSC03009-1024x685.jpg","type":"image\/jpeg"}],"author":"Marion Friedrich","twitter_card":"summary_large_image","twitter_misc":{"Verfasst von":"Marion Friedrich","Gesch\u00e4tzte Lesezeit":"2\u00a0Minuten"},"schema":{"@context":"https:\/\/schema.org","@graph":[{"@type":"Article","@id":"https:\/\/www.kirche-hettenhausen.de\/site\/2020\/10\/silberne-konfirmation-2020\/#article","isPartOf":{"@id":"https:\/\/www.kirche-hettenhausen.de\/site\/2020\/10\/silberne-konfirmation-2020\/"},"author":{"name":"Marion Friedrich","@id":"https:\/\/www.kirche-hettenhausen.de\/site\/#\/schema\/person\/7740d89d8f816da861ece2b378a21c57"},"headline":"Silberne Konfirmation 2020","datePublished":"2020-10-11T16:51:32+00:00","dateModified":"2021-02-16T20:34:56+00:00","mainEntityOfPage":{"@id":"https:\/\/www.kirche-hettenhausen.de\/site\/2020\/10\/silberne-konfirmation-2020\/"},"wordCount":472,"image":{"@id":"https:\/\/www.kirche-hettenhausen.de\/site\/2020\/10\/silberne-konfirmation-2020\/#primaryimage"},"thumbnailUrl":"https:\/\/www.kirche-hettenhausen.de\/site\/wp-content\/uploads\/2015\/02\/DSC03009.jpg","keywords":["Corona","Gottesdienst","Hettenhausen","Kirchen-Kurier","Konfirmanden","Musik","Pfarrer","Pfarrkirche St. Georg","Singen","Veranstaltungen"],"articleSection":["Feier-\/Festtage","Gottesdienst","Hettenhausen","Kirche St. Georg","Kirchen-Kurier","Kirchenmusik","Veranstaltungen"],"inLanguage":"de"},{"@type":"WebPage","@id":"https:\/\/www.kirche-hettenhausen.de\/site\/2020\/10\/silberne-konfirmation-2020\/","url":"https:\/\/www.kirche-hettenhausen.de\/site\/2020\/10\/silberne-konfirmation-2020\/","name":"Silberne Konfirmation 2020 - Ev.-luth. Kirchengemeinde Hettenhausen - Dalherda","isPartOf":{"@id":"https:\/\/www.kirche-hettenhausen.de\/site\/#website"},"primaryImageOfPage":{"@id":"https:\/\/www.kirche-hettenhausen.de\/site\/2020\/10\/silberne-konfirmation-2020\/#primaryimage"},"image":{"@id":"https:\/\/www.kirche-hettenhausen.de\/site\/2020\/10\/silberne-konfirmation-2020\/#primaryimage"},"thumbnailUrl":"https:\/\/www.kirche-hettenhausen.de\/site\/wp-content\/uploads\/2015\/02\/DSC03009.jpg","datePublished":"2020-10-11T16:51:32+00:00","dateModified":"2021-02-16T20:34:56+00:00","author":{"@id":"https:\/\/www.kirche-hettenhausen.de\/site\/#\/schema\/person\/7740d89d8f816da861ece2b378a21c57"},"breadcrumb":{"@id":"https:\/\/www.kirche-hettenhausen.de\/site\/2020\/10\/silberne-konfirmation-2020\/#breadcrumb"},"inLanguage":"de","potentialAction":[{"@type":"ReadAction","target":["https:\/\/www.kirche-hettenhausen.de\/site\/2020\/10\/silberne-konfirmation-2020\/"]}]},{"@type":"ImageObject","inLanguage":"de","@id":"https:\/\/www.kirche-hettenhausen.de\/site\/2020\/10\/silberne-konfirmation-2020\/#primaryimage","url":"https:\/\/www.kirche-hettenhausen.de\/site\/wp-content\/uploads\/2015\/02\/DSC03009.jpg","contentUrl":"https:\/\/www.kirche-hettenhausen.de\/site\/wp-content\/uploads\/2015\/02\/DSC03009.jpg","width":2896,"height":1936},{"@type":"BreadcrumbList","@id":"https:\/\/www.kirche-hettenhausen.de\/site\/2020\/10\/silberne-konfirmation-2020\/#breadcrumb","itemListElement":[{"@type":"ListItem","position":1,"name":"Startseite","item":"https:\/\/www.kirche-hettenhausen.de\/site\/"},{"@type":"ListItem","position":2,"name":"Silberne Konfirmation 2020"}]},{"@type":"WebSite","@id":"https:\/\/www.kirche-hettenhausen.de\/site\/#website","url":"https:\/\/www.kirche-hettenhausen.de\/site\/","name":"Ev.-luth. Kirchengemeinde Hettenhausen - Dalherda","description":"Homepage der Ev.-luth. Kirchengemeinde Hettenhausen - Dalherda","potentialAction":[{"@type":"SearchAction","target":{"@type":"EntryPoint","urlTemplate":"https:\/\/www.kirche-hettenhausen.de\/site\/?s={search_term_string}"},"query-input":{"@type":"PropertyValueSpecification","valueRequired":true,"valueName":"search_term_string"}}],"inLanguage":"de"},{"@type":"Person","@id":"https:\/\/www.kirche-hettenhausen.de\/site\/#\/schema\/person\/7740d89d8f816da861ece2b378a21c57","name":"Marion Friedrich","url":"https:\/\/www.kirche-hettenhausen.de\/site\/author\/m-friedrichkirche-hettenhausen-de\/"}]}},"_links":{"self":[{"href":"https:\/\/www.kirche-hettenhausen.de\/site\/wp-json\/wp\/v2\/posts\/6022","targetHints":{"allow":["GET"]}}],"collection":[{"href":"https:\/\/www.kirche-hettenhausen.de\/site\/wp-json\/wp\/v2\/posts"}],"about":[{"href":"https:\/\/www.kirche-hettenhausen.de\/site\/wp-json\/wp\/v2\/types\/post"}],"author":[{"embeddable":true,"href":"https:\/\/www.kirche-hettenhausen.de\/site\/wp-json\/wp\/v2\/users\/2"}],"replies":[{"embeddable":true,"href":"https:\/\/www.kirche-hettenhausen.de\/site\/wp-json\/wp\/v2\/comments?post=6022"}],"version-history":[{"count":2,"href":"https:\/\/www.kirche-hettenhausen.de\/site\/wp-json\/wp\/v2\/posts\/6022\/revisions"}],"predecessor-version":[{"id":6419,"href":"https:\/\/www.kirche-hettenhausen.de\/site\/wp-json\/wp\/v2\/posts\/6022\/revisions\/6419"}],"wp:featuredmedia":[{"embeddable":true,"href":"https:\/\/www.kirche-hettenhausen.de\/site\/wp-json\/wp\/v2\/media\/489"}],"wp:attachment":[{"href":"https:\/\/www.kirche-hettenhausen.de\/site\/wp-json\/wp\/v2\/media?parent=6022"}],"wp:term":[{"taxonomy":"category","embeddable":true,"href":"https:\/\/www.kirche-hettenhausen.de\/site\/wp-json\/wp\/v2\/categories?post=6022"},{"taxonomy":"post_tag","embeddable":true,"href":"https:\/\/www.kirche-hettenhausen.de\/site\/wp-json\/wp\/v2\/tags?post=6022"}],"curies":[{"name":"wp","href":"https:\/\/api.w.org\/{rel}","templated":true}]}}