{"id":5950,"date":"2020-10-12T10:00:20","date_gmt":"2020-10-12T08:00:20","guid":{"rendered":"https:\/\/kirche-hettenhausen.de\/site\/?p=5950"},"modified":"2021-02-16T21:34:50","modified_gmt":"2021-02-16T20:34:50","slug":"herzliche-einladung","status":"publish","type":"post","link":"https:\/\/www.kirche-hettenhausen.de\/site\/2020\/10\/herzliche-einladung\/","title":{"rendered":"Herzliche Einladung"},"content":{"rendered":"<h3>zu zwei besonderen Gottesdiensten in unserer Kirche St. Georg in Hettenhausen!<\/h3>\n<p>&nbsp;<\/p>\n<p>Den Reformationsgottesdienst wollen wir in diesem Jahr zusammen mit den Gemeinden aus dem Kooperationsraum Rh\u00f6n und Dekan Bengt Seeberg in Hettenhausen feiern. Wir freuen uns, dass wir an diesem Tag unseren neuen Gemeindepfarrer Jonas Schindelmann willkommen hei\u00dfen d\u00fcrfen.<\/p>\n<p><!--more--><\/p>\n<p>Am n\u00e4chsten Tag ist es endlich soweit: Die Restaurierung und Rekonstruktion unserer historischen Adam-Eifert-Orgel aus dem Jahr 1879 konnte erfolgreich abgeschlossen werden. Um diesen Anlass geb\u00fchrend zu w\u00fcrdigen, feiern wir einen Festgottesdienst am Sonntag, 1. November 2020 um 13:00 Uhr, zusammen mit Pr\u00e4lat Bernd B\u00f6ttner. Die Orgel wird Bezirkskantorin Brigitte Lamohr spielen mit gesanglicher Unterst\u00fctzung durch Landeskirchenmusikdirektor Uwe Maibaum.<\/p>\n<p>Wir laden Sie ganz herzlich ein, diese Gottesdienste gemeinsam mit uns zu feiern &#8211; egal ob live vor Ort oder per Livestream gem\u00fctlich zu Hause im Wohnzimmer. Denn wir sind uns nat\u00fcrlich bewusst, dass nicht alle Interessierten aufgrund der momentanen Beschr\u00e4nkungen einen Platz in der Kirche finden k\u00f6nnen und haben daher diese M\u00f6glichkeit geschaffen. Einfach den QR-Code mit dem Smartphone abscannen oder dem Link <a href=\"http:\/\/livestream.www.kirche-hettenhausen.de\" target=\"_blank\" rel=\"noopener noreferrer\">livestream.www.kirche-hettenhausen.de<\/a> folgen!<\/p>\n<p>&nbsp;<\/p>\n<p><a href=\"https:\/\/www.kirche-hettenhausen.de\/site\/wp-content\/uploads\/2020\/10\/Flyer-Reformation-und-Orgel.jpg\"><img loading=\"lazy\" decoding=\"async\" class=\"alignleft size-large wp-image-5949\" src=\"https:\/\/www.kirche-hettenhausen.de\/site\/wp-content\/uploads\/2020\/10\/Flyer-Reformation-und-Orgel-724x1024.jpg\" alt=\"\" width=\"724\" height=\"1024\" srcset=\"https:\/\/www.kirche-hettenhausen.de\/site\/wp-content\/uploads\/2020\/10\/Flyer-Reformation-und-Orgel-724x1024.jpg 724w, https:\/\/www.kirche-hettenhausen.de\/site\/wp-content\/uploads\/2020\/10\/Flyer-Reformation-und-Orgel-212x300.jpg 212w, https:\/\/www.kirche-hettenhausen.de\/site\/wp-content\/uploads\/2020\/10\/Flyer-Reformation-und-Orgel-768x1086.jpg 768w, https:\/\/www.kirche-hettenhausen.de\/site\/wp-content\/uploads\/2020\/10\/Flyer-Reformation-und-Orgel-1086x1536.jpg 1086w, https:\/\/www.kirche-hettenhausen.de\/site\/wp-content\/uploads\/2020\/10\/Flyer-Reformation-und-Orgel.jpg 1414w\" sizes=\"auto, (max-width: 724px) 100vw, 724px\" \/><\/a><\/p>\n","protected":false},"excerpt":{"rendered":"<p>zu zwei besonderen Gottesdiensten in unserer Kirche St. Georg in Hettenhausen! &nbsp; Den Reformationsgottesdienst wollen wir in diesem Jahr zusammen mit den Gemeinden aus dem Kooperationsraum Rh\u00f6n und Dekan Bengt Seeberg in Hettenhausen feiern. Wir freuen uns, dass wir an diesem Tag unseren neuen Gemeindepfarrer Jonas Schindelmann willkommen hei\u00dfen d\u00fcrfen.<\/p>\n","protected":false},"author":2,"featured_media":5949,"comment_status":"closed","ping_status":"closed","sticky":false,"template":"","format":"standard","meta":{"footnotes":""},"categories":[48,18,129,22,23,76,17,25],"tags":[15,32,33,128,40,77,59,30,95,36,38,7,34,81,39],"class_list":["post-5950","post","type-post","status-publish","format-standard","has-post-thumbnail","hentry","category-feier-festtage","category-gottesdienst","category-hettenhausen","category-kirche-st-georg","category-kirchenmusik","category-kirchenvorstand","category-orgelprojekt-st-georg","category-veranstaltungen","tag-adam-eifert-orgel","tag-corona","tag-gottesdienst","tag-hettenhausen","tag-kirchen-kurier","tag-kirchenvorstand","tag-kirchspiel","tag-kooperationsraum-rhoen","tag-livestream","tag-musik","tag-orgelprojekt-st-georg","tag-pfarrer","tag-pfarrkirche-st-georg","tag-reformation","tag-veranstaltungen"],"yoast_head":"<!-- This site is optimized with the Yoast SEO plugin v27.4 - https:\/\/yoast.com\/product\/yoast-seo-wordpress\/ -->\n<title>Herzliche Einladung - Ev.-luth. Kirchengemeinde Hettenhausen - Dalherda<\/title>\n<meta name=\"robots\" content=\"index, follow, max-snippet:-1, max-image-preview:large, max-video-preview:-1\" \/>\n<link rel=\"canonical\" href=\"https:\/\/www.kirche-hettenhausen.de\/site\/2020\/10\/herzliche-einladung\/\" \/>\n<meta property=\"og:locale\" content=\"de_DE\" \/>\n<meta property=\"og:type\" content=\"article\" \/>\n<meta property=\"og:title\" content=\"Herzliche Einladung - Ev.-luth. Kirchengemeinde Hettenhausen - Dalherda\" \/>\n<meta property=\"og:description\" content=\"zu zwei besonderen Gottesdiensten in unserer Kirche St. Georg in Hettenhausen! &nbsp; Den Reformationsgottesdienst wollen wir in diesem Jahr zusammen mit den Gemeinden aus dem Kooperationsraum Rh\u00f6n und Dekan Bengt Seeberg in Hettenhausen feiern. Wir freuen uns, dass wir an diesem Tag unseren neuen Gemeindepfarrer Jonas Schindelmann willkommen hei\u00dfen d\u00fcrfen.\" \/>\n<meta property=\"og:url\" content=\"https:\/\/www.kirche-hettenhausen.de\/site\/2020\/10\/herzliche-einladung\/\" \/>\n<meta property=\"og:site_name\" content=\"Ev.-luth. Kirchengemeinde Hettenhausen - Dalherda\" \/>\n<meta property=\"article:published_time\" content=\"2020-10-12T08:00:20+00:00\" \/>\n<meta property=\"article:modified_time\" content=\"2021-02-16T20:34:50+00:00\" \/>\n<meta property=\"og:image\" content=\"https:\/\/www.kirche-hettenhausen.de\/site\/wp-content\/uploads\/2020\/10\/Flyer-Reformation-und-Orgel.jpg\" \/>\n\t<meta property=\"og:image:width\" content=\"1414\" \/>\n\t<meta property=\"og:image:height\" content=\"2000\" \/>\n\t<meta property=\"og:image:type\" content=\"image\/jpeg\" \/>\n<meta name=\"author\" content=\"Marion Friedrich\" \/>\n<meta name=\"twitter:card\" content=\"summary_large_image\" \/>\n<meta name=\"twitter:label1\" content=\"Verfasst von\" \/>\n\t<meta name=\"twitter:data1\" content=\"Marion Friedrich\" \/>\n\t<meta name=\"twitter:label2\" content=\"Gesch\u00e4tzte Lesezeit\" \/>\n\t<meta name=\"twitter:data2\" content=\"1\u00a0Minute\" \/>\n<script type=\"application\/ld+json\" class=\"yoast-schema-graph\">{\"@context\":\"https:\\\/\\\/schema.org\",\"@graph\":[{\"@type\":\"Article\",\"@id\":\"https:\\\/\\\/www.kirche-hettenhausen.de\\\/site\\\/2020\\\/10\\\/herzliche-einladung\\\/#article\",\"isPartOf\":{\"@id\":\"https:\\\/\\\/www.kirche-hettenhausen.de\\\/site\\\/2020\\\/10\\\/herzliche-einladung\\\/\"},\"author\":{\"name\":\"Marion Friedrich\",\"@id\":\"https:\\\/\\\/www.kirche-hettenhausen.de\\\/site\\\/#\\\/schema\\\/person\\\/7740d89d8f816da861ece2b378a21c57\"},\"headline\":\"Herzliche Einladung\",\"datePublished\":\"2020-10-12T08:00:20+00:00\",\"dateModified\":\"2021-02-16T20:34:50+00:00\",\"mainEntityOfPage\":{\"@id\":\"https:\\\/\\\/www.kirche-hettenhausen.de\\\/site\\\/2020\\\/10\\\/herzliche-einladung\\\/\"},\"wordCount\":191,\"image\":{\"@id\":\"https:\\\/\\\/www.kirche-hettenhausen.de\\\/site\\\/2020\\\/10\\\/herzliche-einladung\\\/#primaryimage\"},\"thumbnailUrl\":\"https:\\\/\\\/www.kirche-hettenhausen.de\\\/site\\\/wp-content\\\/uploads\\\/2020\\\/10\\\/Flyer-Reformation-und-Orgel.jpg\",\"keywords\":[\"Adam-Eifert-Orgel\",\"Corona\",\"Gottesdienst\",\"Hettenhausen\",\"Kirchen-Kurier\",\"Kirchenvorstand\",\"Kirchspiel\",\"Kooperationsraum Rh\u00f6n\",\"Livestream\",\"Musik\",\"Orgelprojekt St. Georg\",\"Pfarrer\",\"Pfarrkirche St. Georg\",\"Reformation\",\"Veranstaltungen\"],\"articleSection\":[\"Feier-\\\/Festtage\",\"Gottesdienst\",\"Hettenhausen\",\"Kirche St. Georg\",\"Kirchenmusik\",\"Kirchenvorstand\",\"Orgelprojekt St. Georg\",\"Veranstaltungen\"],\"inLanguage\":\"de\"},{\"@type\":\"WebPage\",\"@id\":\"https:\\\/\\\/www.kirche-hettenhausen.de\\\/site\\\/2020\\\/10\\\/herzliche-einladung\\\/\",\"url\":\"https:\\\/\\\/www.kirche-hettenhausen.de\\\/site\\\/2020\\\/10\\\/herzliche-einladung\\\/\",\"name\":\"Herzliche Einladung - Ev.-luth. Kirchengemeinde Hettenhausen - Dalherda\",\"isPartOf\":{\"@id\":\"https:\\\/\\\/www.kirche-hettenhausen.de\\\/site\\\/#website\"},\"primaryImageOfPage\":{\"@id\":\"https:\\\/\\\/www.kirche-hettenhausen.de\\\/site\\\/2020\\\/10\\\/herzliche-einladung\\\/#primaryimage\"},\"image\":{\"@id\":\"https:\\\/\\\/www.kirche-hettenhausen.de\\\/site\\\/2020\\\/10\\\/herzliche-einladung\\\/#primaryimage\"},\"thumbnailUrl\":\"https:\\\/\\\/www.kirche-hettenhausen.de\\\/site\\\/wp-content\\\/uploads\\\/2020\\\/10\\\/Flyer-Reformation-und-Orgel.jpg\",\"datePublished\":\"2020-10-12T08:00:20+00:00\",\"dateModified\":\"2021-02-16T20:34:50+00:00\",\"author\":{\"@id\":\"https:\\\/\\\/www.kirche-hettenhausen.de\\\/site\\\/#\\\/schema\\\/person\\\/7740d89d8f816da861ece2b378a21c57\"},\"breadcrumb\":{\"@id\":\"https:\\\/\\\/www.kirche-hettenhausen.de\\\/site\\\/2020\\\/10\\\/herzliche-einladung\\\/#breadcrumb\"},\"inLanguage\":\"de\",\"potentialAction\":[{\"@type\":\"ReadAction\",\"target\":[\"https:\\\/\\\/www.kirche-hettenhausen.de\\\/site\\\/2020\\\/10\\\/herzliche-einladung\\\/\"]}]},{\"@type\":\"ImageObject\",\"inLanguage\":\"de\",\"@id\":\"https:\\\/\\\/www.kirche-hettenhausen.de\\\/site\\\/2020\\\/10\\\/herzliche-einladung\\\/#primaryimage\",\"url\":\"https:\\\/\\\/www.kirche-hettenhausen.de\\\/site\\\/wp-content\\\/uploads\\\/2020\\\/10\\\/Flyer-Reformation-und-Orgel.jpg\",\"contentUrl\":\"https:\\\/\\\/www.kirche-hettenhausen.de\\\/site\\\/wp-content\\\/uploads\\\/2020\\\/10\\\/Flyer-Reformation-und-Orgel.jpg\",\"width\":1414,\"height\":2000},{\"@type\":\"BreadcrumbList\",\"@id\":\"https:\\\/\\\/www.kirche-hettenhausen.de\\\/site\\\/2020\\\/10\\\/herzliche-einladung\\\/#breadcrumb\",\"itemListElement\":[{\"@type\":\"ListItem\",\"position\":1,\"name\":\"Startseite\",\"item\":\"https:\\\/\\\/www.kirche-hettenhausen.de\\\/site\\\/\"},{\"@type\":\"ListItem\",\"position\":2,\"name\":\"Herzliche Einladung\"}]},{\"@type\":\"WebSite\",\"@id\":\"https:\\\/\\\/www.kirche-hettenhausen.de\\\/site\\\/#website\",\"url\":\"https:\\\/\\\/www.kirche-hettenhausen.de\\\/site\\\/\",\"name\":\"Ev.-luth. Kirchengemeinde Hettenhausen - Dalherda\",\"description\":\"Homepage der Ev.-luth. Kirchengemeinde Hettenhausen - Dalherda\",\"potentialAction\":[{\"@type\":\"SearchAction\",\"target\":{\"@type\":\"EntryPoint\",\"urlTemplate\":\"https:\\\/\\\/www.kirche-hettenhausen.de\\\/site\\\/?s={search_term_string}\"},\"query-input\":{\"@type\":\"PropertyValueSpecification\",\"valueRequired\":true,\"valueName\":\"search_term_string\"}}],\"inLanguage\":\"de\"},{\"@type\":\"Person\",\"@id\":\"https:\\\/\\\/www.kirche-hettenhausen.de\\\/site\\\/#\\\/schema\\\/person\\\/7740d89d8f816da861ece2b378a21c57\",\"name\":\"Marion Friedrich\",\"url\":\"https:\\\/\\\/www.kirche-hettenhausen.de\\\/site\\\/author\\\/m-friedrichkirche-hettenhausen-de\\\/\"}]}<\/script>\n<!-- \/ Yoast SEO plugin. -->","yoast_head_json":{"title":"Herzliche Einladung - Ev.-luth. Kirchengemeinde Hettenhausen - Dalherda","robots":{"index":"index","follow":"follow","max-snippet":"max-snippet:-1","max-image-preview":"max-image-preview:large","max-video-preview":"max-video-preview:-1"},"canonical":"https:\/\/www.kirche-hettenhausen.de\/site\/2020\/10\/herzliche-einladung\/","og_locale":"de_DE","og_type":"article","og_title":"Herzliche Einladung - Ev.-luth. Kirchengemeinde Hettenhausen - Dalherda","og_description":"zu zwei besonderen Gottesdiensten in unserer Kirche St. Georg in Hettenhausen! &nbsp; Den Reformationsgottesdienst wollen wir in diesem Jahr zusammen mit den Gemeinden aus dem Kooperationsraum Rh\u00f6n und Dekan Bengt Seeberg in Hettenhausen feiern. Wir freuen uns, dass wir an diesem Tag unseren neuen Gemeindepfarrer Jonas Schindelmann willkommen hei\u00dfen d\u00fcrfen.","og_url":"https:\/\/www.kirche-hettenhausen.de\/site\/2020\/10\/herzliche-einladung\/","og_site_name":"Ev.-luth. Kirchengemeinde Hettenhausen - Dalherda","article_published_time":"2020-10-12T08:00:20+00:00","article_modified_time":"2021-02-16T20:34:50+00:00","og_image":[{"width":1414,"height":2000,"url":"https:\/\/www.kirche-hettenhausen.de\/site\/wp-content\/uploads\/2020\/10\/Flyer-Reformation-und-Orgel.jpg","type":"image\/jpeg"}],"author":"Marion Friedrich","twitter_card":"summary_large_image","twitter_misc":{"Verfasst von":"Marion Friedrich","Gesch\u00e4tzte Lesezeit":"1\u00a0Minute"},"schema":{"@context":"https:\/\/schema.org","@graph":[{"@type":"Article","@id":"https:\/\/www.kirche-hettenhausen.de\/site\/2020\/10\/herzliche-einladung\/#article","isPartOf":{"@id":"https:\/\/www.kirche-hettenhausen.de\/site\/2020\/10\/herzliche-einladung\/"},"author":{"name":"Marion Friedrich","@id":"https:\/\/www.kirche-hettenhausen.de\/site\/#\/schema\/person\/7740d89d8f816da861ece2b378a21c57"},"headline":"Herzliche Einladung","datePublished":"2020-10-12T08:00:20+00:00","dateModified":"2021-02-16T20:34:50+00:00","mainEntityOfPage":{"@id":"https:\/\/www.kirche-hettenhausen.de\/site\/2020\/10\/herzliche-einladung\/"},"wordCount":191,"image":{"@id":"https:\/\/www.kirche-hettenhausen.de\/site\/2020\/10\/herzliche-einladung\/#primaryimage"},"thumbnailUrl":"https:\/\/www.kirche-hettenhausen.de\/site\/wp-content\/uploads\/2020\/10\/Flyer-Reformation-und-Orgel.jpg","keywords":["Adam-Eifert-Orgel","Corona","Gottesdienst","Hettenhausen","Kirchen-Kurier","Kirchenvorstand","Kirchspiel","Kooperationsraum Rh\u00f6n","Livestream","Musik","Orgelprojekt St. Georg","Pfarrer","Pfarrkirche St. Georg","Reformation","Veranstaltungen"],"articleSection":["Feier-\/Festtage","Gottesdienst","Hettenhausen","Kirche St. Georg","Kirchenmusik","Kirchenvorstand","Orgelprojekt St. Georg","Veranstaltungen"],"inLanguage":"de"},{"@type":"WebPage","@id":"https:\/\/www.kirche-hettenhausen.de\/site\/2020\/10\/herzliche-einladung\/","url":"https:\/\/www.kirche-hettenhausen.de\/site\/2020\/10\/herzliche-einladung\/","name":"Herzliche Einladung - Ev.-luth. Kirchengemeinde Hettenhausen - Dalherda","isPartOf":{"@id":"https:\/\/www.kirche-hettenhausen.de\/site\/#website"},"primaryImageOfPage":{"@id":"https:\/\/www.kirche-hettenhausen.de\/site\/2020\/10\/herzliche-einladung\/#primaryimage"},"image":{"@id":"https:\/\/www.kirche-hettenhausen.de\/site\/2020\/10\/herzliche-einladung\/#primaryimage"},"thumbnailUrl":"https:\/\/www.kirche-hettenhausen.de\/site\/wp-content\/uploads\/2020\/10\/Flyer-Reformation-und-Orgel.jpg","datePublished":"2020-10-12T08:00:20+00:00","dateModified":"2021-02-16T20:34:50+00:00","author":{"@id":"https:\/\/www.kirche-hettenhausen.de\/site\/#\/schema\/person\/7740d89d8f816da861ece2b378a21c57"},"breadcrumb":{"@id":"https:\/\/www.kirche-hettenhausen.de\/site\/2020\/10\/herzliche-einladung\/#breadcrumb"},"inLanguage":"de","potentialAction":[{"@type":"ReadAction","target":["https:\/\/www.kirche-hettenhausen.de\/site\/2020\/10\/herzliche-einladung\/"]}]},{"@type":"ImageObject","inLanguage":"de","@id":"https:\/\/www.kirche-hettenhausen.de\/site\/2020\/10\/herzliche-einladung\/#primaryimage","url":"https:\/\/www.kirche-hettenhausen.de\/site\/wp-content\/uploads\/2020\/10\/Flyer-Reformation-und-Orgel.jpg","contentUrl":"https:\/\/www.kirche-hettenhausen.de\/site\/wp-content\/uploads\/2020\/10\/Flyer-Reformation-und-Orgel.jpg","width":1414,"height":2000},{"@type":"BreadcrumbList","@id":"https:\/\/www.kirche-hettenhausen.de\/site\/2020\/10\/herzliche-einladung\/#breadcrumb","itemListElement":[{"@type":"ListItem","position":1,"name":"Startseite","item":"https:\/\/www.kirche-hettenhausen.de\/site\/"},{"@type":"ListItem","position":2,"name":"Herzliche Einladung"}]},{"@type":"WebSite","@id":"https:\/\/www.kirche-hettenhausen.de\/site\/#website","url":"https:\/\/www.kirche-hettenhausen.de\/site\/","name":"Ev.-luth. Kirchengemeinde Hettenhausen - Dalherda","description":"Homepage der Ev.-luth. Kirchengemeinde Hettenhausen - Dalherda","potentialAction":[{"@type":"SearchAction","target":{"@type":"EntryPoint","urlTemplate":"https:\/\/www.kirche-hettenhausen.de\/site\/?s={search_term_string}"},"query-input":{"@type":"PropertyValueSpecification","valueRequired":true,"valueName":"search_term_string"}}],"inLanguage":"de"},{"@type":"Person","@id":"https:\/\/www.kirche-hettenhausen.de\/site\/#\/schema\/person\/7740d89d8f816da861ece2b378a21c57","name":"Marion Friedrich","url":"https:\/\/www.kirche-hettenhausen.de\/site\/author\/m-friedrichkirche-hettenhausen-de\/"}]}},"_links":{"self":[{"href":"https:\/\/www.kirche-hettenhausen.de\/site\/wp-json\/wp\/v2\/posts\/5950","targetHints":{"allow":["GET"]}}],"collection":[{"href":"https:\/\/www.kirche-hettenhausen.de\/site\/wp-json\/wp\/v2\/posts"}],"about":[{"href":"https:\/\/www.kirche-hettenhausen.de\/site\/wp-json\/wp\/v2\/types\/post"}],"author":[{"embeddable":true,"href":"https:\/\/www.kirche-hettenhausen.de\/site\/wp-json\/wp\/v2\/users\/2"}],"replies":[{"embeddable":true,"href":"https:\/\/www.kirche-hettenhausen.de\/site\/wp-json\/wp\/v2\/comments?post=5950"}],"version-history":[{"count":7,"href":"https:\/\/www.kirche-hettenhausen.de\/site\/wp-json\/wp\/v2\/posts\/5950\/revisions"}],"predecessor-version":[{"id":6062,"href":"https:\/\/www.kirche-hettenhausen.de\/site\/wp-json\/wp\/v2\/posts\/5950\/revisions\/6062"}],"wp:featuredmedia":[{"embeddable":true,"href":"https:\/\/www.kirche-hettenhausen.de\/site\/wp-json\/wp\/v2\/media\/5949"}],"wp:attachment":[{"href":"https:\/\/www.kirche-hettenhausen.de\/site\/wp-json\/wp\/v2\/media?parent=5950"}],"wp:term":[{"taxonomy":"category","embeddable":true,"href":"https:\/\/www.kirche-hettenhausen.de\/site\/wp-json\/wp\/v2\/categories?post=5950"},{"taxonomy":"post_tag","embeddable":true,"href":"https:\/\/www.kirche-hettenhausen.de\/site\/wp-json\/wp\/v2\/tags?post=5950"}],"curies":[{"name":"wp","href":"https:\/\/api.w.org\/{rel}","templated":true}]}}