{"id":5495,"date":"2020-11-01T19:30:36","date_gmt":"2020-11-01T18:30:36","guid":{"rendered":"https:\/\/kirche-hettenhausen.de\/site\/?p=5495"},"modified":"2021-02-16T21:33:59","modified_gmt":"2021-02-16T20:33:59","slug":"danke-wir-haben-es-geschafft","status":"publish","type":"post","link":"https:\/\/www.kirche-hettenhausen.de\/site\/2020\/11\/danke-wir-haben-es-geschafft\/","title":{"rendered":"DANKE! Wir haben es geschafft!"},"content":{"rendered":"<p>Liebe Gemeinde, lieber Pr\u00e4lat B\u00f6ttner, liebe G\u00e4ste aus nah und fern,<\/p>\n<p>ich sp\u00fcre eine ganz gro\u00dfe und tiefe Dankbarkeit, wenn ich auf die vergangenen Monate zur\u00fcckblicke.<\/p>\n<p><!--more--><\/p>\n<p>Eckard, Ortrud, Matthias, Karin, Erwin, Karola, Martin und wie sie alle hei\u00dfen, alle haben sich mit aller Kraft und viel Herzblut in unser Projekt reingekniet. Und nicht nur die aus der Projektgruppe, nein, dazu kamen noch viele andere, die ganz tolle Ideen spontan umgesetzt haben. Ich kann hier nicht alle aufz\u00e4hlen und w\u00fcrde auch garantiert welche vergessen. Wenn ich mich zur\u00fcckerinnere, bin ich nach wie vor fasziniert und absolut begeistert, welche Eigendynamik sich da entwickelt hat.<\/p>\n<p>Wir haben gefastet f\u00fcr die Orgel, getrunken und gefeiert f\u00fcr die Orgel, gebacken und gegessen f\u00fcr die Orgel, gebastelt und gen\u00e4ht f\u00fcr die Orgel, gepflanzt f\u00fcr die Orgel, Wein verkauft f\u00fcr die Orgel und und und. Dazu kamen die Pfeifenpatenschaften, die uns gezeigt haben, dass unsere Orgel nicht nur uns Hettenh\u00e4usern am Herzen liegt, sondern auch vielen anderen aus der nahen und fernen Umgebung. Vor allem viele ehemalige Hettenh\u00e4user denken wohl noch gerne an ihre alte Heimat und haben uns in unserem Projekt unterst\u00fctzt.<\/p>\n<p>Und dann gab es noch ganz viele einzelne und private Initiativen und es tut mir leid, wenn ich hier nicht alle separat nennen kann. Nicht vergessen darf ich nat\u00fcrlich die zahlreichen Spenden, auch unabh\u00e4ngig von einer Pfeifenpatenschaft.<\/p>\n<p>Manchmal frage ich mich echt, was wir jetzt tun werden, wo die Restaurierung abgeschlossen ist (na ja &#8230; fast \ud83d\ude42 ) und wir endlich wieder unsere Orgel im alten Glanz hier oben auf der Empore stehen haben, mit winzigen Abstrichen genau so, wie Adam Eifert sie vor 141 Jahren erdacht und erbaut hat. Aber ich denke, wir finden schon etwas, das wir als n\u00e4chstes in Angriff nehmen k\u00f6nnen. \ud83d\ude42<\/p>\n<p>&nbsp;<\/p>\n<p>Danke auch an das Team der Firma Jehmlich, allen voran Andreas Hahn, f\u00fcr die gro\u00dfartige Arbeit. Ich will ehrlich sein \u2013 als ich im Fr\u00fchjahr, nach ihrem ersten Besuch hier in Hettenhausen, hoch auf die Empore gegangen bin und mir die vielen, vielen Einzelteile angeschaut habe, die da \u00fcberall verstreut lagen, hatte ich schon so meine Bedenken, dass alle Teile nachher wieder an ihren angestammten Platz finden. Ein bisschen erinnerte es mich an den Moment, wenn man einen Karton von IKEA aufmacht und erstmal gef\u00fchlt tausend Einzelteile um sich herum liegen hat und hofft, dass nachher auch das gew\u00fcnschte Regal dabei rauskommt und nicht zu viele Teile \u00fcbrig bleiben \u2013 nur hat man da eine Anleitung!<\/p>\n<p>Aber nat\u00fcrlich habt ihr das bravour\u00f6s hinbekommen. Es bleiben zwar Teile \u00fcbrig, n\u00e4mlich die ausgemusterten Pfeifen, aber das war ja Absicht.<\/p>\n<p>Und den Rest schaffen wir jetzt auch noch. Wir haben den zeitlich gesetzten Rahmen zwar nicht zu 100\u00a0% erf\u00fcllt, aber den Berliner Flughafen werden wir nicht toppen! In den n\u00e4chsten Tagen wird die Orgel dann endg\u00fcltig fertig sein und Sie alle sind ja heute hoffentlich nicht zum letzten Mal hier, um unserer Orgel zu lauschen. Das n\u00e4chste Mal werden ALLE Register gezogen, versprochen!<\/p>\n<p>&nbsp;<\/p>\n<p>Ein gro\u00dfes Dankesch\u00f6n auch an Klaus Vogt, unseren Orgelsachverst\u00e4ndigen, an Dr. Bernhard Buchstab, den Bezirkskonservator vom Landesamt f\u00fcr Denkmalpflege, an Uwe Bornscheuer und Claudia Schr\u00f6der vom Kirchenkreisamt Fulda. Sie alle standen immer dann parat und haben uns geholfen, wenn wir etwas wissen wollten oder nicht mehr weiter wussten. Insbesondere Ihr <a href=\"https:\/\/www.kirche-hettenhausen.de\/site\/unsere-kirche\/orgel-renovierung\/bericht-des-orgelsachverstaendigen\/\">Schreiben an die Gemeinde im Sommer 2013<\/a>, Herr Vogt, \u00fcber unser musikalisches Kleinod, hat mich schon damals sehr bewegt. Danke an Sie alle f\u00fcr Ihre Unterst\u00fctzung und dass Sie an uns geglaubt haben! Und an viele, viele andere, die mitgezogen und uns geholfen haben, teilweise auch im Hintergrund und ohne es zu wissen, einfach durch eine Mut machende Mail (da f\u00e4llt mir z. B. spontan die von unserem Landeskirchenmusikdirektor Uwe Maibaum damals ein), eine nette Postkarte oder auch einen hilfreichen Tipp.<\/p>\n<p>&nbsp;<\/p>\n<p>Und nat\u00fcrlich m\u00f6chte ich mich im Namen unserer Gemeinde bei der Landeskirche und allen unseren F\u00f6rderern bedanken, ohne deren finanzielle Mittel unser gewaltiges Projekt trotz allen Enthusiasmus nicht h\u00e4tte realisiert werden k\u00f6nnen. Herzlichen Dank f\u00fcr Ihre Mithilfe!<\/p>\n<p>&nbsp;<\/p>\n<p><strong>Zusammen haben wir es tats\u00e4chlich geschafft, und das noch dazu in einer wahnsinnig kurzen Zeit!<\/strong><\/p>\n<p>&nbsp;<\/p>\n<p>Ich habe ja mal, ich glaube es war im Fr\u00fchjahrs-Kurier, etwas geschrieben \u00fcber die <a href=\"https:\/\/www.kirche-hettenhausen.de\/site\/2020\/01\/orgelprojekt-st-georg-eine-erfolgsgeschichte\/\">Erfolgsgeschichte des Orgelprojektes St. Georg<\/a>. Kein Wort davon war \u00fcbertrieben &#8211; und manchmal, in sentimentalen Momenten, k\u00f6nnte ich fast heulen \u00fcber das, was unsere Gemeinde gemeinsam geleistet hat. Wer h\u00e4tte im Fr\u00fchjahr letzten Jahres ernsthaft gedacht, dass wir das so hinbekommen, mal abgesehen von so penetranten Optimisten wie mir oder Pfr. Wachter, der im Februar 19 schon total zuversichtlich gesagt hat: \u201eDas kriegt ihr hin, gar kein Problem\u201c?<\/p>\n<p>&nbsp;<\/p>\n<p>An dieser Stelle m\u00f6chte ich gerne den Blick auf unsere Jahreslosung lenken: <strong>Ich glaube; hilf meinem Unglauben!<\/strong> Der Vater des schwerkranken Jungen schreit diesen Satz verzweifelt heraus auf den leicht genervten Ausruf Jesu im Markus-Evangelium, im 9. Kapitel: <strong>\u201eDu sagst: Wenn du kannst! Alle Dinge sind m\u00f6glich dem, der da glaubt.\u201c<\/strong><\/p>\n<p>Es gibt Zeiten, in denen uns Jesus herausfordert, \u00fcber uns selbst und unsere M\u00f6glichkeiten hinauszuwachsen. Kaum zu glauben, was er uns zu- und anvertraut! Kaum zu glauben, wie <span style=\"text-decoration: underline;\">seine<\/span> M\u00f6glichkeiten <span style=\"text-decoration: underline;\">unsere<\/span> Grenzen sprengen! Daran k\u00f6nnen ihn weder Kleinglaube noch Unglaube hindern.<\/p>\n<p>&nbsp;<\/p>\n<p>Oder wie schon der r\u00f6mische Philosoph Seneca so treffend formuliert hat: <strong>\u201eNicht weil es schwer ist, wagen wir es nicht, sondern weil wir es nicht wagen, ist es schwer.\u201c <\/strong>Wenn wir uns im Vorfeld schon alle davor gef\u00fcrchtet h\u00e4tten, welche Last diese immense Aufgabe bedeutet und wie viel Kraft, Nerven und Zeit sie fordert \u2013 ja, wie schnell w\u00e4re da dem Projekt \u201eOrgel-Renovierung\u201c von vornherein ein Strich durch die Rechnung gemacht worden. Aber nein, wir haben es gewagt und einfach angefangen, das gemeinsame Ziel vor Augen. Und seht, was dabei Tolles entstanden ist! Und damit meine ich nicht nur unsere Orgel, sondern auch wie sich die Beziehungen und Zusammenarbeit der Menschen hier untereinander entwickelt haben, wie Gemeinschaft gewachsen ist.<\/p>\n<p>&nbsp;<\/p>\n<p>Das zeigt mir wieder mal ganz deutlich, dass wir (fast) alles schaffen k\u00f6nnen, wenn wir wirklich daran glauben und hart daf\u00fcr arbeiten. Denn Arbeit war es tats\u00e4chlich, und zwar jede Menge. Wenn ich nur an die vielen Stunden denke, die wir f\u00fcr irgendwelche F\u00f6rderantr\u00e4ge aufgewendet haben ohne zu wissen, ob da auch was bei rumkommt. Was waren wir anfangs erschlagen von den vielen fremden W\u00f6rtern im Angebot der Firma Jehmlich. Gef\u00fchlt jedes zweite Wort mussten wir nachschlagen oder googeln. Wer hatte denn, abgesehen von den Experten, schon mal was von Beutelpulpeten (\u00fcbrigens eines meiner Lieblingsw\u00f6rter in dieser Zeit \ud83d\ude42 ), Windladen oder Kalkanten geh\u00f6rt, geschweige denn wof\u00fcr die gut sind? Und einen Eintrag bei Wikipedia zu machen hatte ich mir irgendwie auch einfacher vorgestellt. Aber wir haben uns durchgebissen und viel gelernt dabei!<\/p>\n<p>&nbsp;<\/p>\n<p>Jeder und jede von uns hat Unmengen von Stunden in das Projekt gesteckt, aber es hat sich definitiv gelohnt. Es war und ist mir eine Herzensangelegenheit, und ich denke, es geht vielen anderen auch so.<\/p>\n<p>Und bitte seht es mir nochmal nach, wenn ich hier nicht alle Beteiligten namentlich erw\u00e4hnt habe, das h\u00e4tte ich nicht geschafft. <strong>Tausend Dank an euch alle!<\/strong><\/p>\n<p>&nbsp;<\/p>\n<p>Ganz speziell m\u00f6chten wir uns heute bei Bernd B\u00f6ttner, dem Pr\u00e4laten unserer Landeskirche, bedanken, dass er diesen f\u00fcr uns so wichtigen Gottesdienst mit uns gemeinsam gefeiert hat. Als unser damaliger und inzwischen leider verstorbener Pfarrer M\u00fcller Sie im Fr\u00fchjahr gefragt hat, ob Sie im November nach Hettenhausen kommen m\u00f6chten um mit uns die Restaurierung unserer Orgel zu feiern, hat keiner von uns gedacht, dass uns die damaligen Umst\u00e4nde bis heute (und sicherlich noch eine Weile) besch\u00e4ftigen werden. Wir wissen, dass Sie gerade jetzt viel zu tun haben, dauernd \u00e4ndern sich die Voraussetzungen und Ma\u00dfnahmen m\u00fcssen angepasst werden. Umso mehr freuen wir uns, dass Sie heute die Zeit f\u00fcr uns gefunden haben. Vielen Dank!<\/p>\n<p>Vielen lieben Dank auch an Bezirkskantorin Brigitte Lamohr, die heute mit anderen widrigen Umst\u00e4nden zu k\u00e4mpfen hatte. Sie ist es gewohnt, alle Register einer Orgel zu ziehen und den Zuh\u00f6rern die ganze Bandbreite dieses wunderbaren Instruments zu zeigen. Das war heute, aus bereits geschilderten Gr\u00fcnden, nicht so m\u00f6glich wie geplant. Gerne h\u00e4tten wir bereits heute den vollen Umfang des romantischen Klangs unserer Orgel geh\u00f6rt und ich wei\u00df, wie gern Sie uns das geboten h\u00e4tten, Frau Lamohr. Aber wir w\u00fcrden uns freuen, Sie wieder einmal hier in Hettenhausen begr\u00fc\u00dfen zu d\u00fcrfen; Sie sind herzlich eingeladen!<\/p>\n<p>Ganz besonders hat es mich gefreut, dass Uwe Maibaum, der Landeskirchenmusikdirektor der EKKW, sich heute bereit erkl\u00e4rt hat, Frau Lamohr gesanglich zu unterst\u00fctzen. Alle Planungen vom Fr\u00fchjahr wurden ja \u00fcber den Haufen geworfen, Singen im Gottesdienst war lange komplett verboten und erst jetzt k\u00f6nnen wir wieder ganz behutsam starten. Also, was tun? So ganz ohne Gesang ist ja auch bescheiden. Da fiel mir bei den \u00dcberlegungen zu der G\u00e4steliste f\u00fcr den heutigen Tag der 50. Geburtstag der KMF in Schl\u00fcchtern ein, bei dem Sie am Festgottesdienst gesungen haben. Ja, und da ist in meinem Kopf eine Idee gereift, die ich dann mit Frau Lamohr geteilt habe \u2026 und Sie haben sich spontan die Zeit genommen. Vielen herzlichen Dank daf\u00fcr und f\u00fcr die wundersch\u00f6nen Lieder!<\/p>\n<p>Herr Vogt, Sie begleiten unsere Orgel als Sachverst\u00e4ndiger schon viele, viele Jahre. Und fast genauso lange haben Sie schon daf\u00fcr pl\u00e4diert, dass wir unbedingt die Restaurierung der Orgel in Angriff nehmen m\u00fcssen. Sie haben immer wieder dargelegt, was f\u00fcr ein besonderes Kleinod wir in unserer Kirche stehen haben. Und wenn Sie ehrlich sind, haben Sie wahrscheinlich nicht gedacht, dass wir das auch irgendwann tats\u00e4chlich angehen, oder? Vielen Dank f\u00fcr die bisherige und k\u00fcnftige Unterst\u00fctzung!<\/p>\n<p>Last but not least die Firma Jehmlich, heute hier vertreten durch den Chefrestaurator Andreas Hahn und Hannes Hering, aber auch alle anderen, die zwischendurch hier waren oder auch in der Werkstatt in Dresden an unserer Orgel mitgearbeitet haben. Es ist unglaublich, wie akribisch und mit wie viel Liebe ihr die Restaurierung der Orgel durchgef\u00fchrt habt. Die meisten von uns hatten keine Vorstellung, wie diffizil das ist und vor allem aus wie vielen Einzelteilen, teilweise winzig klein, so eine Orgel besteht und was es f\u00fcr ein Aufwand ist, alles wieder so herzustellen, wie es urspr\u00fcnglich mal war. Meine Hochachtung, ihr habt echt ganze Arbeit geleistet!<\/p>\n<p>Wir haben gut daran getan, euch unsere \u201ealte Dame\u201c anzuvertrauen!<\/p>\n<p>&nbsp;<\/p>\n<p style=\"text-align: right;\">(Marion Friedrich, zur Einweihung der restaurierten Orgel am 1. November 2020)<\/p>\n<p>&nbsp;<\/p>\n<p>&nbsp;<\/p>\n<p>Erste Eindr\u00fccke und &#8222;H\u00f6rproben&#8220; der restaurierten und rekonstruierten Adam-Eifert-Orgel:<\/p>\n<p><a href=\"https:\/\/www.kirche-hettenhausen.de\/site\/wp-content\/uploads\/2020\/11\/IMG-20201101-WA0015.jpg\"><img loading=\"lazy\" decoding=\"async\" class=\"size-large wp-image-6249 aligncenter\" src=\"https:\/\/www.kirche-hettenhausen.de\/site\/wp-content\/uploads\/2020\/11\/IMG-20201101-WA0015-1024x768.jpg\" alt=\"Adam-Eifert-Orgel\" width=\"770\" height=\"578\" srcset=\"https:\/\/www.kirche-hettenhausen.de\/site\/wp-content\/uploads\/2020\/11\/IMG-20201101-WA0015-1024x768.jpg 1024w, https:\/\/www.kirche-hettenhausen.de\/site\/wp-content\/uploads\/2020\/11\/IMG-20201101-WA0015-300x225.jpg 300w, https:\/\/www.kirche-hettenhausen.de\/site\/wp-content\/uploads\/2020\/11\/IMG-20201101-WA0015-768x576.jpg 768w, https:\/\/www.kirche-hettenhausen.de\/site\/wp-content\/uploads\/2020\/11\/IMG-20201101-WA0015-1536x1153.jpg 1536w, https:\/\/www.kirche-hettenhausen.de\/site\/wp-content\/uploads\/2020\/11\/IMG-20201101-WA0015.jpg 1599w\" sizes=\"auto, (max-width: 770px) 100vw, 770px\" \/><\/a><\/p>\n<div class=\"wp-playlist wp-video-playlist wp-playlist-light\">\n\t\t<video controls=\"controls\" preload=\"none\" width=\"748\"\n\t\t height=\"411\"\t><\/video>\n\t<div class=\"wp-playlist-next\"><\/div>\n\t<div class=\"wp-playlist-prev\"><\/div>\n\t<noscript>\n\t<ol>\n\t\t<li><a href='https:\/\/www.kirche-hettenhausen.de\/site\/wp-content\/uploads\/2020\/11\/VID-20201101-WA0016.mp4'>Adam-Eifert-Orgel<\/a><\/li><li><a href='https:\/\/www.kirche-hettenhausen.de\/site\/wp-content\/uploads\/2020\/11\/VID-20201101-WA0019.mp4'>Adam-Eifert-Orgel<\/a><\/li>\t<\/ol>\n\t<\/noscript>\n\t<script type=\"application\/json\" class=\"wp-playlist-script\">{\"type\":\"video\",\"tracklist\":true,\"tracknumbers\":true,\"images\":true,\"artists\":true,\"tracks\":[{\"src\":\"https:\/\/www.kirche-hettenhausen.de\/site\/wp-content\/uploads\/2020\/11\/VID-20201101-WA0016.mp4\",\"type\":\"video\/mp4\",\"title\":\"Adam-Eifert-Orgel\",\"caption\":\"Kantor Klaus Vogt f\\u00fchrt die Orgel vor - Teil 1\",\"description\":\"Eva Gro\\u00df\",\"meta\":{\"length_formatted\":\"0:13\"},\"dimensions\":{\"original\":{\"width\":1920,\"height\":1080},\"resized\":{\"width\":748,\"height\":421}},\"image\":{\"src\":\"https:\/\/www.kirche-hettenhausen.de\/site\/wp-includes\/images\/media\/video.svg\",\"width\":48,\"height\":64},\"thumb\":{\"src\":\"https:\/\/www.kirche-hettenhausen.de\/site\/wp-includes\/images\/media\/video.svg\",\"width\":48,\"height\":64}},{\"src\":\"https:\/\/www.kirche-hettenhausen.de\/site\/wp-content\/uploads\/2020\/11\/VID-20201101-WA0019.mp4\",\"type\":\"video\/mp4\",\"title\":\"Adam-Eifert-Orgel\",\"caption\":\"Kantor Klaus Vogt f\\u00fchrt die Orgel vor - Teil 2\",\"description\":\"Eva Gro\\u00df\",\"meta\":{\"length_formatted\":\"0:38\"},\"dimensions\":{\"original\":{\"width\":640,\"height\":352},\"resized\":{\"width\":748,\"height\":411}},\"image\":{\"src\":\"https:\/\/www.kirche-hettenhausen.de\/site\/wp-includes\/images\/media\/video.svg\",\"width\":48,\"height\":64},\"thumb\":{\"src\":\"https:\/\/www.kirche-hettenhausen.de\/site\/wp-includes\/images\/media\/video.svg\",\"width\":48,\"height\":64}}]}<\/script>\n<\/div>\n\t\n","protected":false},"excerpt":{"rendered":"<p>Liebe Gemeinde, lieber Pr\u00e4lat B\u00f6ttner, liebe G\u00e4ste aus nah und fern, ich sp\u00fcre eine ganz gro\u00dfe und tiefe Dankbarkeit, wenn ich auf die vergangenen Monate zur\u00fcckblicke.<\/p>\n","protected":false},"author":2,"featured_media":6249,"comment_status":"closed","ping_status":"closed","sticky":false,"template":"","format":"standard","meta":{"footnotes":""},"categories":[48,18,129,72,22,27,23,76,17,25],"tags":[15,33,128,63,40,77,52,36,91,38,34,39],"class_list":["post-5495","post","type-post","status-publish","format-standard","has-post-thumbnail","hentry","category-feier-festtage","category-gottesdienst","category-hettenhausen","category-jahreslosung","category-kirche-st-georg","category-kirchen-kurier","category-kirchenmusik","category-kirchenvorstand","category-orgelprojekt-st-georg","category-veranstaltungen","tag-adam-eifert-orgel","tag-gottesdienst","tag-hettenhausen","tag-jahreslosung","tag-kirchen-kurier","tag-kirchenvorstand","tag-kreis-fuer-gemeindearbeit","tag-musik","tag-oekumene","tag-orgelprojekt-st-georg","tag-pfarrkirche-st-georg","tag-veranstaltungen"],"yoast_head":"<!-- This site is optimized with the Yoast SEO plugin v27.5 - https:\/\/yoast.com\/product\/yoast-seo-wordpress\/ -->\n<title>DANKE! Wir haben es geschafft! - Ev.-luth. Kirchengemeinde Hettenhausen - Dalherda<\/title>\n<meta name=\"robots\" content=\"index, follow, max-snippet:-1, max-image-preview:large, max-video-preview:-1\" \/>\n<link rel=\"canonical\" href=\"https:\/\/www.kirche-hettenhausen.de\/site\/2020\/11\/danke-wir-haben-es-geschafft\/\" \/>\n<meta property=\"og:locale\" content=\"de_DE\" \/>\n<meta property=\"og:type\" content=\"article\" \/>\n<meta property=\"og:title\" content=\"DANKE! Wir haben es geschafft! - Ev.-luth. Kirchengemeinde Hettenhausen - Dalherda\" \/>\n<meta property=\"og:description\" content=\"Liebe Gemeinde, lieber Pr\u00e4lat B\u00f6ttner, liebe G\u00e4ste aus nah und fern, ich sp\u00fcre eine ganz gro\u00dfe und tiefe Dankbarkeit, wenn ich auf die vergangenen Monate zur\u00fcckblicke.\" \/>\n<meta property=\"og:url\" content=\"https:\/\/www.kirche-hettenhausen.de\/site\/2020\/11\/danke-wir-haben-es-geschafft\/\" \/>\n<meta property=\"og:site_name\" content=\"Ev.-luth. Kirchengemeinde Hettenhausen - Dalherda\" \/>\n<meta property=\"article:published_time\" content=\"2020-11-01T18:30:36+00:00\" \/>\n<meta property=\"article:modified_time\" content=\"2021-02-16T20:33:59+00:00\" \/>\n<meta property=\"og:image\" content=\"https:\/\/www.kirche-hettenhausen.de\/site\/wp-content\/uploads\/2020\/11\/IMG-20201101-WA0015.jpg\" \/>\n\t<meta property=\"og:image:width\" content=\"1599\" \/>\n\t<meta property=\"og:image:height\" content=\"1200\" \/>\n\t<meta property=\"og:image:type\" content=\"image\/jpeg\" \/>\n<meta name=\"author\" content=\"Marion Friedrich\" \/>\n<meta name=\"twitter:card\" content=\"summary_large_image\" \/>\n<meta name=\"twitter:label1\" content=\"Verfasst von\" \/>\n\t<meta name=\"twitter:data1\" content=\"Marion Friedrich\" \/>\n\t<meta name=\"twitter:label2\" content=\"Gesch\u00e4tzte Lesezeit\" \/>\n\t<meta name=\"twitter:data2\" content=\"9\u00a0Minuten\" \/>\n<script type=\"application\/ld+json\" class=\"yoast-schema-graph\">{\"@context\":\"https:\\\/\\\/schema.org\",\"@graph\":[{\"@type\":\"Article\",\"@id\":\"https:\\\/\\\/www.kirche-hettenhausen.de\\\/site\\\/2020\\\/11\\\/danke-wir-haben-es-geschafft\\\/#article\",\"isPartOf\":{\"@id\":\"https:\\\/\\\/www.kirche-hettenhausen.de\\\/site\\\/2020\\\/11\\\/danke-wir-haben-es-geschafft\\\/\"},\"author\":{\"name\":\"Marion Friedrich\",\"@id\":\"https:\\\/\\\/www.kirche-hettenhausen.de\\\/site\\\/#\\\/schema\\\/person\\\/7740d89d8f816da861ece2b378a21c57\"},\"headline\":\"DANKE! Wir haben es geschafft!\",\"datePublished\":\"2020-11-01T18:30:36+00:00\",\"dateModified\":\"2021-02-16T20:33:59+00:00\",\"mainEntityOfPage\":{\"@id\":\"https:\\\/\\\/www.kirche-hettenhausen.de\\\/site\\\/2020\\\/11\\\/danke-wir-haben-es-geschafft\\\/\"},\"wordCount\":1832,\"image\":{\"@id\":\"https:\\\/\\\/www.kirche-hettenhausen.de\\\/site\\\/2020\\\/11\\\/danke-wir-haben-es-geschafft\\\/#primaryimage\"},\"thumbnailUrl\":\"https:\\\/\\\/www.kirche-hettenhausen.de\\\/site\\\/wp-content\\\/uploads\\\/2020\\\/11\\\/IMG-20201101-WA0015.jpg\",\"keywords\":[\"Adam-Eifert-Orgel\",\"Gottesdienst\",\"Hettenhausen\",\"Jahreslosung\",\"Kirchen-Kurier\",\"Kirchenvorstand\",\"Kreis f\u00fcr Gemeindearbeit\",\"Musik\",\"\u00d6kumene\",\"Orgelprojekt St. Georg\",\"Pfarrkirche St. Georg\",\"Veranstaltungen\"],\"articleSection\":[\"Feier-\\\/Festtage\",\"Gottesdienst\",\"Hettenhausen\",\"Jahreslosung\",\"Kirche St. Georg\",\"Kirchen-Kurier\",\"Kirchenmusik\",\"Kirchenvorstand\",\"Orgelprojekt St. Georg\",\"Veranstaltungen\"],\"inLanguage\":\"de\"},{\"@type\":\"WebPage\",\"@id\":\"https:\\\/\\\/www.kirche-hettenhausen.de\\\/site\\\/2020\\\/11\\\/danke-wir-haben-es-geschafft\\\/\",\"url\":\"https:\\\/\\\/www.kirche-hettenhausen.de\\\/site\\\/2020\\\/11\\\/danke-wir-haben-es-geschafft\\\/\",\"name\":\"DANKE! Wir haben es geschafft! - Ev.-luth. Kirchengemeinde Hettenhausen - Dalherda\",\"isPartOf\":{\"@id\":\"https:\\\/\\\/www.kirche-hettenhausen.de\\\/site\\\/#website\"},\"primaryImageOfPage\":{\"@id\":\"https:\\\/\\\/www.kirche-hettenhausen.de\\\/site\\\/2020\\\/11\\\/danke-wir-haben-es-geschafft\\\/#primaryimage\"},\"image\":{\"@id\":\"https:\\\/\\\/www.kirche-hettenhausen.de\\\/site\\\/2020\\\/11\\\/danke-wir-haben-es-geschafft\\\/#primaryimage\"},\"thumbnailUrl\":\"https:\\\/\\\/www.kirche-hettenhausen.de\\\/site\\\/wp-content\\\/uploads\\\/2020\\\/11\\\/IMG-20201101-WA0015.jpg\",\"datePublished\":\"2020-11-01T18:30:36+00:00\",\"dateModified\":\"2021-02-16T20:33:59+00:00\",\"author\":{\"@id\":\"https:\\\/\\\/www.kirche-hettenhausen.de\\\/site\\\/#\\\/schema\\\/person\\\/7740d89d8f816da861ece2b378a21c57\"},\"breadcrumb\":{\"@id\":\"https:\\\/\\\/www.kirche-hettenhausen.de\\\/site\\\/2020\\\/11\\\/danke-wir-haben-es-geschafft\\\/#breadcrumb\"},\"inLanguage\":\"de\",\"potentialAction\":[{\"@type\":\"ReadAction\",\"target\":[\"https:\\\/\\\/www.kirche-hettenhausen.de\\\/site\\\/2020\\\/11\\\/danke-wir-haben-es-geschafft\\\/\"]}]},{\"@type\":\"ImageObject\",\"inLanguage\":\"de\",\"@id\":\"https:\\\/\\\/www.kirche-hettenhausen.de\\\/site\\\/2020\\\/11\\\/danke-wir-haben-es-geschafft\\\/#primaryimage\",\"url\":\"https:\\\/\\\/www.kirche-hettenhausen.de\\\/site\\\/wp-content\\\/uploads\\\/2020\\\/11\\\/IMG-20201101-WA0015.jpg\",\"contentUrl\":\"https:\\\/\\\/www.kirche-hettenhausen.de\\\/site\\\/wp-content\\\/uploads\\\/2020\\\/11\\\/IMG-20201101-WA0015.jpg\",\"width\":1599,\"height\":1200,\"caption\":\"Adam-Eifert-Orgel\"},{\"@type\":\"BreadcrumbList\",\"@id\":\"https:\\\/\\\/www.kirche-hettenhausen.de\\\/site\\\/2020\\\/11\\\/danke-wir-haben-es-geschafft\\\/#breadcrumb\",\"itemListElement\":[{\"@type\":\"ListItem\",\"position\":1,\"name\":\"Startseite\",\"item\":\"https:\\\/\\\/www.kirche-hettenhausen.de\\\/site\\\/\"},{\"@type\":\"ListItem\",\"position\":2,\"name\":\"DANKE! Wir haben es geschafft!\"}]},{\"@type\":\"WebSite\",\"@id\":\"https:\\\/\\\/www.kirche-hettenhausen.de\\\/site\\\/#website\",\"url\":\"https:\\\/\\\/www.kirche-hettenhausen.de\\\/site\\\/\",\"name\":\"Ev.-luth. Kirchengemeinde Hettenhausen - Dalherda\",\"description\":\"Homepage der Ev.-luth. Kirchengemeinde Hettenhausen - Dalherda\",\"potentialAction\":[{\"@type\":\"SearchAction\",\"target\":{\"@type\":\"EntryPoint\",\"urlTemplate\":\"https:\\\/\\\/www.kirche-hettenhausen.de\\\/site\\\/?s={search_term_string}\"},\"query-input\":{\"@type\":\"PropertyValueSpecification\",\"valueRequired\":true,\"valueName\":\"search_term_string\"}}],\"inLanguage\":\"de\"},{\"@type\":\"Person\",\"@id\":\"https:\\\/\\\/www.kirche-hettenhausen.de\\\/site\\\/#\\\/schema\\\/person\\\/7740d89d8f816da861ece2b378a21c57\",\"name\":\"Marion Friedrich\",\"url\":\"https:\\\/\\\/www.kirche-hettenhausen.de\\\/site\\\/author\\\/m-friedrichkirche-hettenhausen-de\\\/\"}]}<\/script>\n<!-- \/ Yoast SEO plugin. -->","yoast_head_json":{"title":"DANKE! Wir haben es geschafft! - Ev.-luth. Kirchengemeinde Hettenhausen - Dalherda","robots":{"index":"index","follow":"follow","max-snippet":"max-snippet:-1","max-image-preview":"max-image-preview:large","max-video-preview":"max-video-preview:-1"},"canonical":"https:\/\/www.kirche-hettenhausen.de\/site\/2020\/11\/danke-wir-haben-es-geschafft\/","og_locale":"de_DE","og_type":"article","og_title":"DANKE! Wir haben es geschafft! - Ev.-luth. Kirchengemeinde Hettenhausen - Dalherda","og_description":"Liebe Gemeinde, lieber Pr\u00e4lat B\u00f6ttner, liebe G\u00e4ste aus nah und fern, ich sp\u00fcre eine ganz gro\u00dfe und tiefe Dankbarkeit, wenn ich auf die vergangenen Monate zur\u00fcckblicke.","og_url":"https:\/\/www.kirche-hettenhausen.de\/site\/2020\/11\/danke-wir-haben-es-geschafft\/","og_site_name":"Ev.-luth. Kirchengemeinde Hettenhausen - Dalherda","article_published_time":"2020-11-01T18:30:36+00:00","article_modified_time":"2021-02-16T20:33:59+00:00","og_image":[{"width":1599,"height":1200,"url":"https:\/\/www.kirche-hettenhausen.de\/site\/wp-content\/uploads\/2020\/11\/IMG-20201101-WA0015.jpg","type":"image\/jpeg"}],"author":"Marion Friedrich","twitter_card":"summary_large_image","twitter_misc":{"Verfasst von":"Marion Friedrich","Gesch\u00e4tzte Lesezeit":"9\u00a0Minuten"},"schema":{"@context":"https:\/\/schema.org","@graph":[{"@type":"Article","@id":"https:\/\/www.kirche-hettenhausen.de\/site\/2020\/11\/danke-wir-haben-es-geschafft\/#article","isPartOf":{"@id":"https:\/\/www.kirche-hettenhausen.de\/site\/2020\/11\/danke-wir-haben-es-geschafft\/"},"author":{"name":"Marion Friedrich","@id":"https:\/\/www.kirche-hettenhausen.de\/site\/#\/schema\/person\/7740d89d8f816da861ece2b378a21c57"},"headline":"DANKE! Wir haben es geschafft!","datePublished":"2020-11-01T18:30:36+00:00","dateModified":"2021-02-16T20:33:59+00:00","mainEntityOfPage":{"@id":"https:\/\/www.kirche-hettenhausen.de\/site\/2020\/11\/danke-wir-haben-es-geschafft\/"},"wordCount":1832,"image":{"@id":"https:\/\/www.kirche-hettenhausen.de\/site\/2020\/11\/danke-wir-haben-es-geschafft\/#primaryimage"},"thumbnailUrl":"https:\/\/www.kirche-hettenhausen.de\/site\/wp-content\/uploads\/2020\/11\/IMG-20201101-WA0015.jpg","keywords":["Adam-Eifert-Orgel","Gottesdienst","Hettenhausen","Jahreslosung","Kirchen-Kurier","Kirchenvorstand","Kreis f\u00fcr Gemeindearbeit","Musik","\u00d6kumene","Orgelprojekt St. Georg","Pfarrkirche St. Georg","Veranstaltungen"],"articleSection":["Feier-\/Festtage","Gottesdienst","Hettenhausen","Jahreslosung","Kirche St. Georg","Kirchen-Kurier","Kirchenmusik","Kirchenvorstand","Orgelprojekt St. Georg","Veranstaltungen"],"inLanguage":"de"},{"@type":"WebPage","@id":"https:\/\/www.kirche-hettenhausen.de\/site\/2020\/11\/danke-wir-haben-es-geschafft\/","url":"https:\/\/www.kirche-hettenhausen.de\/site\/2020\/11\/danke-wir-haben-es-geschafft\/","name":"DANKE! Wir haben es geschafft! - Ev.-luth. Kirchengemeinde Hettenhausen - Dalherda","isPartOf":{"@id":"https:\/\/www.kirche-hettenhausen.de\/site\/#website"},"primaryImageOfPage":{"@id":"https:\/\/www.kirche-hettenhausen.de\/site\/2020\/11\/danke-wir-haben-es-geschafft\/#primaryimage"},"image":{"@id":"https:\/\/www.kirche-hettenhausen.de\/site\/2020\/11\/danke-wir-haben-es-geschafft\/#primaryimage"},"thumbnailUrl":"https:\/\/www.kirche-hettenhausen.de\/site\/wp-content\/uploads\/2020\/11\/IMG-20201101-WA0015.jpg","datePublished":"2020-11-01T18:30:36+00:00","dateModified":"2021-02-16T20:33:59+00:00","author":{"@id":"https:\/\/www.kirche-hettenhausen.de\/site\/#\/schema\/person\/7740d89d8f816da861ece2b378a21c57"},"breadcrumb":{"@id":"https:\/\/www.kirche-hettenhausen.de\/site\/2020\/11\/danke-wir-haben-es-geschafft\/#breadcrumb"},"inLanguage":"de","potentialAction":[{"@type":"ReadAction","target":["https:\/\/www.kirche-hettenhausen.de\/site\/2020\/11\/danke-wir-haben-es-geschafft\/"]}]},{"@type":"ImageObject","inLanguage":"de","@id":"https:\/\/www.kirche-hettenhausen.de\/site\/2020\/11\/danke-wir-haben-es-geschafft\/#primaryimage","url":"https:\/\/www.kirche-hettenhausen.de\/site\/wp-content\/uploads\/2020\/11\/IMG-20201101-WA0015.jpg","contentUrl":"https:\/\/www.kirche-hettenhausen.de\/site\/wp-content\/uploads\/2020\/11\/IMG-20201101-WA0015.jpg","width":1599,"height":1200,"caption":"Adam-Eifert-Orgel"},{"@type":"BreadcrumbList","@id":"https:\/\/www.kirche-hettenhausen.de\/site\/2020\/11\/danke-wir-haben-es-geschafft\/#breadcrumb","itemListElement":[{"@type":"ListItem","position":1,"name":"Startseite","item":"https:\/\/www.kirche-hettenhausen.de\/site\/"},{"@type":"ListItem","position":2,"name":"DANKE! Wir haben es geschafft!"}]},{"@type":"WebSite","@id":"https:\/\/www.kirche-hettenhausen.de\/site\/#website","url":"https:\/\/www.kirche-hettenhausen.de\/site\/","name":"Ev.-luth. Kirchengemeinde Hettenhausen - Dalherda","description":"Homepage der Ev.-luth. Kirchengemeinde Hettenhausen - Dalherda","potentialAction":[{"@type":"SearchAction","target":{"@type":"EntryPoint","urlTemplate":"https:\/\/www.kirche-hettenhausen.de\/site\/?s={search_term_string}"},"query-input":{"@type":"PropertyValueSpecification","valueRequired":true,"valueName":"search_term_string"}}],"inLanguage":"de"},{"@type":"Person","@id":"https:\/\/www.kirche-hettenhausen.de\/site\/#\/schema\/person\/7740d89d8f816da861ece2b378a21c57","name":"Marion Friedrich","url":"https:\/\/www.kirche-hettenhausen.de\/site\/author\/m-friedrichkirche-hettenhausen-de\/"}]}},"_links":{"self":[{"href":"https:\/\/www.kirche-hettenhausen.de\/site\/wp-json\/wp\/v2\/posts\/5495","targetHints":{"allow":["GET"]}}],"collection":[{"href":"https:\/\/www.kirche-hettenhausen.de\/site\/wp-json\/wp\/v2\/posts"}],"about":[{"href":"https:\/\/www.kirche-hettenhausen.de\/site\/wp-json\/wp\/v2\/types\/post"}],"author":[{"embeddable":true,"href":"https:\/\/www.kirche-hettenhausen.de\/site\/wp-json\/wp\/v2\/users\/2"}],"replies":[{"embeddable":true,"href":"https:\/\/www.kirche-hettenhausen.de\/site\/wp-json\/wp\/v2\/comments?post=5495"}],"version-history":[{"count":32,"href":"https:\/\/www.kirche-hettenhausen.de\/site\/wp-json\/wp\/v2\/posts\/5495\/revisions"}],"predecessor-version":[{"id":6480,"href":"https:\/\/www.kirche-hettenhausen.de\/site\/wp-json\/wp\/v2\/posts\/5495\/revisions\/6480"}],"wp:featuredmedia":[{"embeddable":true,"href":"https:\/\/www.kirche-hettenhausen.de\/site\/wp-json\/wp\/v2\/media\/6249"}],"wp:attachment":[{"href":"https:\/\/www.kirche-hettenhausen.de\/site\/wp-json\/wp\/v2\/media?parent=5495"}],"wp:term":[{"taxonomy":"category","embeddable":true,"href":"https:\/\/www.kirche-hettenhausen.de\/site\/wp-json\/wp\/v2\/categories?post=5495"},{"taxonomy":"post_tag","embeddable":true,"href":"https:\/\/www.kirche-hettenhausen.de\/site\/wp-json\/wp\/v2\/tags?post=5495"}],"curies":[{"name":"wp","href":"https:\/\/api.w.org\/{rel}","templated":true}]}}