{"id":5166,"date":"2022-03-05T12:00:29","date_gmt":"2022-03-05T11:00:29","guid":{"rendered":"https:\/\/kirche-hettenhausen.de\/site\/?p=5166"},"modified":"2022-03-15T19:23:57","modified_gmt":"2022-03-15T18:23:57","slug":"endlich-wieder-kindergottesdienst","status":"publish","type":"post","link":"https:\/\/www.kirche-hettenhausen.de\/site\/2022\/03\/endlich-wieder-kindergottesdienst\/","title":{"rendered":"Endlich wieder Kindergottesdienst!"},"content":{"rendered":"<p>Liebe Kinder,<\/p>\n<p>endlich d\u00fcrfen wir wieder mit euch gemeinsam Kindergottesdienst in unserer Gemeinde feiern!<\/p>\n<p>Singen, beten, Geschichten aus der Bibel h\u00f6ren, spielen und basteln.<\/p>\n<p>Wir haben uns l\u00e4nger nicht sehen k\u00f6nnen und freuen uns daher sehr auf alle Kinder ab 5 Jahren, die bei uns vorbeischauen.<\/p>\n<p>.<\/p>\n<p style=\"text-align: center;\"><strong><span style=\"font-size: 18pt;\">13. M\u00e4rz<\/span><\/strong><\/p>\n<p style=\"text-align: center;\"><strong><span style=\"font-size: 18pt;\">27. M\u00e4rz<\/span><\/strong><\/p>\n<p style=\"text-align: center;\"><strong><span style=\"font-size: 18pt;\">17. April<\/span><\/strong><br \/>\n<span style=\"font-size: 14pt;\"><strong>Ostersonntag <\/strong>(Familiengottesdienst)<\/span><\/p>\n<p style=\"text-align: center;\"><strong><span style=\"font-size: 18pt;\">&#8230; Osterferien &#8230;<\/span><\/strong><\/p>\n<p style=\"text-align: center;\"><strong><span style=\"font-size: 18pt;\">24. April<\/span><\/strong><\/p>\n<p style=\"text-align: center;\"><strong><span style=\"font-size: 18pt;\">8. Mai<\/span><\/strong><\/p>\n<p style=\"text-align: center;\"><strong><span style=\"font-size: 18pt;\">22. Mai<\/span><\/strong><\/p>\n<p style=\"text-align: center;\"><strong><span style=\"font-size: 18pt;\">5. Juni<br \/>\n<span style=\"font-size: 14pt;\">Pfingstsonntag<\/span><\/span><\/strong><span style=\"font-size: 18pt;\"><span style=\"font-size: 14pt;\"> (Familiengottesdienst, anschl. Gemeindefest)<\/span><\/span><strong><span style=\"font-size: 18pt;\"><br \/>\n<\/span><\/strong><\/p>\n<p style=\"text-align: center;\"><strong><span style=\"font-size: 18pt;\">19. Juni<\/span><\/strong><\/p>\n<p style=\"text-align: center;\"><strong><span style=\"font-size: 18pt;\">3. Juli<\/span><\/strong><\/p>\n<p style=\"text-align: center;\"><strong><span style=\"font-size: 18pt;\">17. Juli<\/span><\/strong><\/p>\n<p style=\"text-align: center;\"><strong><span style=\"font-size: 18pt;\">&#8230; Sommerferien &#8230;<\/span><\/strong><\/p>\n<p style=\"text-align: center;\"><strong><span style=\"font-size: 18pt;\">11. September<\/span><\/strong><\/p>\n<p>&nbsp;<\/p>\n<p>jeweils um 10:30 Uhr im Martin-Luther-Haus<\/p>\n<p>&nbsp;<\/p>\n<p style=\"text-align: left;\">Die Termine findet ihr auch immer hier in unserem <a href=\"https:\/\/www.kirche-hettenhausen.de\/site\/gottesdienste\/\"><strong>Kalender<\/strong><\/a>, im Kirchen-Kurier und mit dem n\u00e4chsten Flyer.<\/p>\n<p>&nbsp;<\/p>\n<p><a href=\"https:\/\/www.kirche-hettenhausen.de\/site\/wp-content\/uploads\/2020\/02\/Logo-Kirche-mit-Kindern.jpg\"><img loading=\"lazy\" decoding=\"async\" class=\"alignleft size-full wp-image-3790\" src=\"https:\/\/www.kirche-hettenhausen.de\/site\/wp-content\/uploads\/2020\/02\/Logo-Kirche-mit-Kindern.jpg\" alt=\"\" width=\"132\" height=\"174\" \/><\/a>Wir freuen uns auf euch!<\/p>\n<p>Euer KiGo-Team<\/p>\n","protected":false},"excerpt":{"rendered":"<p>Liebe Kinder, endlich d\u00fcrfen wir wieder mit euch gemeinsam Kindergottesdienst in unserer Gemeinde feiern! Singen, beten, Geschichten aus der Bibel h\u00f6ren, spielen und basteln. Wir haben uns l\u00e4nger nicht sehen k\u00f6nnen und freuen uns daher sehr auf alle Kinder ab 5 Jahren, die bei uns vorbeischauen. . 13. M\u00e4rz 27. M\u00e4rz 17. April Ostersonntag (Familiengottesdienst) [&hellip;]<\/p>\n","protected":false},"author":2,"featured_media":3790,"comment_status":"closed","ping_status":"closed","sticky":false,"template":"","format":"standard","meta":{"footnotes":""},"categories":[18,129,21],"tags":[68,32,60,33,128,28,54,55,37,91,67],"class_list":["post-5166","post","type-post","status-publish","format-standard","has-post-thumbnail","hentry","category-gottesdienst","category-hettenhausen","category-martin-luther-haus","tag-basteln","tag-corona","tag-eltern","tag-gottesdienst","tag-hettenhausen","tag-kinder","tag-kindergottesdienst","tag-kirche-mit-kindern","tag-martin-luther-haus","tag-oekumene","tag-singen"],"yoast_head":"<!-- This site is optimized with the Yoast SEO plugin v27.4 - https:\/\/yoast.com\/product\/yoast-seo-wordpress\/ -->\n<title>Endlich wieder Kindergottesdienst! - Ev.-luth. Kirchengemeinde Hettenhausen - Dalherda<\/title>\n<meta name=\"description\" content=\"Ev.-luth. Kirchengemeinde Hettenhausen - Dalherda - Endlich wieder Kindergottesdienst! -\" \/>\n<meta name=\"robots\" content=\"index, follow, max-snippet:-1, max-image-preview:large, max-video-preview:-1\" \/>\n<link rel=\"canonical\" href=\"https:\/\/www.kirche-hettenhausen.de\/site\/2022\/03\/endlich-wieder-kindergottesdienst\/\" \/>\n<meta property=\"og:locale\" content=\"de_DE\" \/>\n<meta property=\"og:type\" content=\"article\" \/>\n<meta property=\"og:title\" content=\"Endlich wieder Kindergottesdienst! - Ev.-luth. Kirchengemeinde Hettenhausen - Dalherda\" \/>\n<meta property=\"og:description\" content=\"Ev.-luth. Kirchengemeinde Hettenhausen - Dalherda - Endlich wieder Kindergottesdienst! -\" \/>\n<meta property=\"og:url\" content=\"https:\/\/www.kirche-hettenhausen.de\/site\/2022\/03\/endlich-wieder-kindergottesdienst\/\" \/>\n<meta property=\"og:site_name\" content=\"Ev.-luth. Kirchengemeinde Hettenhausen - Dalherda\" \/>\n<meta property=\"article:published_time\" content=\"2022-03-05T11:00:29+00:00\" \/>\n<meta property=\"article:modified_time\" content=\"2022-03-15T18:23:57+00:00\" \/>\n<meta property=\"og:image\" content=\"https:\/\/www.kirche-hettenhausen.de\/site\/wp-content\/uploads\/2020\/02\/Logo-Kirche-mit-Kindern.jpg\" \/>\n\t<meta property=\"og:image:width\" content=\"132\" \/>\n\t<meta property=\"og:image:height\" content=\"174\" \/>\n\t<meta property=\"og:image:type\" content=\"image\/jpeg\" \/>\n<meta name=\"author\" content=\"Marion Friedrich\" \/>\n<meta name=\"twitter:card\" content=\"summary_large_image\" \/>\n<meta name=\"twitter:label1\" content=\"Verfasst von\" \/>\n\t<meta name=\"twitter:data1\" content=\"Marion Friedrich\" \/>\n\t<meta name=\"twitter:label2\" content=\"Gesch\u00e4tzte Lesezeit\" \/>\n\t<meta name=\"twitter:data2\" content=\"1\u00a0Minute\" \/>\n<script type=\"application\/ld+json\" class=\"yoast-schema-graph\">{\"@context\":\"https:\\\/\\\/schema.org\",\"@graph\":[{\"@type\":\"Article\",\"@id\":\"https:\\\/\\\/www.kirche-hettenhausen.de\\\/site\\\/2022\\\/03\\\/endlich-wieder-kindergottesdienst\\\/#article\",\"isPartOf\":{\"@id\":\"https:\\\/\\\/www.kirche-hettenhausen.de\\\/site\\\/2022\\\/03\\\/endlich-wieder-kindergottesdienst\\\/\"},\"author\":{\"name\":\"Marion Friedrich\",\"@id\":\"https:\\\/\\\/www.kirche-hettenhausen.de\\\/site\\\/#\\\/schema\\\/person\\\/7740d89d8f816da861ece2b378a21c57\"},\"headline\":\"Endlich wieder Kindergottesdienst!\",\"datePublished\":\"2022-03-05T11:00:29+00:00\",\"dateModified\":\"2022-03-15T18:23:57+00:00\",\"mainEntityOfPage\":{\"@id\":\"https:\\\/\\\/www.kirche-hettenhausen.de\\\/site\\\/2022\\\/03\\\/endlich-wieder-kindergottesdienst\\\/\"},\"wordCount\":106,\"image\":{\"@id\":\"https:\\\/\\\/www.kirche-hettenhausen.de\\\/site\\\/2022\\\/03\\\/endlich-wieder-kindergottesdienst\\\/#primaryimage\"},\"thumbnailUrl\":\"https:\\\/\\\/www.kirche-hettenhausen.de\\\/site\\\/wp-content\\\/uploads\\\/2020\\\/02\\\/Logo-Kirche-mit-Kindern.jpg\",\"keywords\":[\"Basteln\",\"Corona\",\"Eltern\",\"Gottesdienst\",\"Hettenhausen\",\"Kinder\",\"Kindergottesdienst\",\"Kirche mit Kindern\",\"Martin-Luther-Haus\",\"\u00d6kumene\",\"Singen\"],\"articleSection\":[\"Gottesdienst\",\"Hettenhausen\",\"Martin-Luther-Haus\"],\"inLanguage\":\"de\"},{\"@type\":\"WebPage\",\"@id\":\"https:\\\/\\\/www.kirche-hettenhausen.de\\\/site\\\/2022\\\/03\\\/endlich-wieder-kindergottesdienst\\\/\",\"url\":\"https:\\\/\\\/www.kirche-hettenhausen.de\\\/site\\\/2022\\\/03\\\/endlich-wieder-kindergottesdienst\\\/\",\"name\":\"Endlich wieder Kindergottesdienst! - Ev.-luth. Kirchengemeinde Hettenhausen - Dalherda\",\"isPartOf\":{\"@id\":\"https:\\\/\\\/www.kirche-hettenhausen.de\\\/site\\\/#website\"},\"primaryImageOfPage\":{\"@id\":\"https:\\\/\\\/www.kirche-hettenhausen.de\\\/site\\\/2022\\\/03\\\/endlich-wieder-kindergottesdienst\\\/#primaryimage\"},\"image\":{\"@id\":\"https:\\\/\\\/www.kirche-hettenhausen.de\\\/site\\\/2022\\\/03\\\/endlich-wieder-kindergottesdienst\\\/#primaryimage\"},\"thumbnailUrl\":\"https:\\\/\\\/www.kirche-hettenhausen.de\\\/site\\\/wp-content\\\/uploads\\\/2020\\\/02\\\/Logo-Kirche-mit-Kindern.jpg\",\"datePublished\":\"2022-03-05T11:00:29+00:00\",\"dateModified\":\"2022-03-15T18:23:57+00:00\",\"author\":{\"@id\":\"https:\\\/\\\/www.kirche-hettenhausen.de\\\/site\\\/#\\\/schema\\\/person\\\/7740d89d8f816da861ece2b378a21c57\"},\"description\":\"Ev.-luth. Kirchengemeinde Hettenhausen - Dalherda - Endlich wieder Kindergottesdienst! -\",\"breadcrumb\":{\"@id\":\"https:\\\/\\\/www.kirche-hettenhausen.de\\\/site\\\/2022\\\/03\\\/endlich-wieder-kindergottesdienst\\\/#breadcrumb\"},\"inLanguage\":\"de\",\"potentialAction\":[{\"@type\":\"ReadAction\",\"target\":[\"https:\\\/\\\/www.kirche-hettenhausen.de\\\/site\\\/2022\\\/03\\\/endlich-wieder-kindergottesdienst\\\/\"]}]},{\"@type\":\"ImageObject\",\"inLanguage\":\"de\",\"@id\":\"https:\\\/\\\/www.kirche-hettenhausen.de\\\/site\\\/2022\\\/03\\\/endlich-wieder-kindergottesdienst\\\/#primaryimage\",\"url\":\"https:\\\/\\\/www.kirche-hettenhausen.de\\\/site\\\/wp-content\\\/uploads\\\/2020\\\/02\\\/Logo-Kirche-mit-Kindern.jpg\",\"contentUrl\":\"https:\\\/\\\/www.kirche-hettenhausen.de\\\/site\\\/wp-content\\\/uploads\\\/2020\\\/02\\\/Logo-Kirche-mit-Kindern.jpg\",\"width\":132,\"height\":174},{\"@type\":\"BreadcrumbList\",\"@id\":\"https:\\\/\\\/www.kirche-hettenhausen.de\\\/site\\\/2022\\\/03\\\/endlich-wieder-kindergottesdienst\\\/#breadcrumb\",\"itemListElement\":[{\"@type\":\"ListItem\",\"position\":1,\"name\":\"Startseite\",\"item\":\"https:\\\/\\\/www.kirche-hettenhausen.de\\\/site\\\/\"},{\"@type\":\"ListItem\",\"position\":2,\"name\":\"Endlich wieder Kindergottesdienst!\"}]},{\"@type\":\"WebSite\",\"@id\":\"https:\\\/\\\/www.kirche-hettenhausen.de\\\/site\\\/#website\",\"url\":\"https:\\\/\\\/www.kirche-hettenhausen.de\\\/site\\\/\",\"name\":\"Ev.-luth. Kirchengemeinde Hettenhausen - Dalherda\",\"description\":\"Homepage der Ev.-luth. Kirchengemeinde Hettenhausen - Dalherda\",\"potentialAction\":[{\"@type\":\"SearchAction\",\"target\":{\"@type\":\"EntryPoint\",\"urlTemplate\":\"https:\\\/\\\/www.kirche-hettenhausen.de\\\/site\\\/?s={search_term_string}\"},\"query-input\":{\"@type\":\"PropertyValueSpecification\",\"valueRequired\":true,\"valueName\":\"search_term_string\"}}],\"inLanguage\":\"de\"},{\"@type\":\"Person\",\"@id\":\"https:\\\/\\\/www.kirche-hettenhausen.de\\\/site\\\/#\\\/schema\\\/person\\\/7740d89d8f816da861ece2b378a21c57\",\"name\":\"Marion Friedrich\",\"url\":\"https:\\\/\\\/www.kirche-hettenhausen.de\\\/site\\\/author\\\/m-friedrichkirche-hettenhausen-de\\\/\"}]}<\/script>\n<!-- \/ Yoast SEO plugin. -->","yoast_head_json":{"title":"Endlich wieder Kindergottesdienst! - Ev.-luth. Kirchengemeinde Hettenhausen - Dalherda","description":"Ev.-luth. Kirchengemeinde Hettenhausen - Dalherda - Endlich wieder Kindergottesdienst! -","robots":{"index":"index","follow":"follow","max-snippet":"max-snippet:-1","max-image-preview":"max-image-preview:large","max-video-preview":"max-video-preview:-1"},"canonical":"https:\/\/www.kirche-hettenhausen.de\/site\/2022\/03\/endlich-wieder-kindergottesdienst\/","og_locale":"de_DE","og_type":"article","og_title":"Endlich wieder Kindergottesdienst! - Ev.-luth. Kirchengemeinde Hettenhausen - Dalherda","og_description":"Ev.-luth. Kirchengemeinde Hettenhausen - Dalherda - Endlich wieder Kindergottesdienst! -","og_url":"https:\/\/www.kirche-hettenhausen.de\/site\/2022\/03\/endlich-wieder-kindergottesdienst\/","og_site_name":"Ev.-luth. Kirchengemeinde Hettenhausen - Dalherda","article_published_time":"2022-03-05T11:00:29+00:00","article_modified_time":"2022-03-15T18:23:57+00:00","og_image":[{"width":132,"height":174,"url":"https:\/\/www.kirche-hettenhausen.de\/site\/wp-content\/uploads\/2020\/02\/Logo-Kirche-mit-Kindern.jpg","type":"image\/jpeg"}],"author":"Marion Friedrich","twitter_card":"summary_large_image","twitter_misc":{"Verfasst von":"Marion Friedrich","Gesch\u00e4tzte Lesezeit":"1\u00a0Minute"},"schema":{"@context":"https:\/\/schema.org","@graph":[{"@type":"Article","@id":"https:\/\/www.kirche-hettenhausen.de\/site\/2022\/03\/endlich-wieder-kindergottesdienst\/#article","isPartOf":{"@id":"https:\/\/www.kirche-hettenhausen.de\/site\/2022\/03\/endlich-wieder-kindergottesdienst\/"},"author":{"name":"Marion Friedrich","@id":"https:\/\/www.kirche-hettenhausen.de\/site\/#\/schema\/person\/7740d89d8f816da861ece2b378a21c57"},"headline":"Endlich wieder Kindergottesdienst!","datePublished":"2022-03-05T11:00:29+00:00","dateModified":"2022-03-15T18:23:57+00:00","mainEntityOfPage":{"@id":"https:\/\/www.kirche-hettenhausen.de\/site\/2022\/03\/endlich-wieder-kindergottesdienst\/"},"wordCount":106,"image":{"@id":"https:\/\/www.kirche-hettenhausen.de\/site\/2022\/03\/endlich-wieder-kindergottesdienst\/#primaryimage"},"thumbnailUrl":"https:\/\/www.kirche-hettenhausen.de\/site\/wp-content\/uploads\/2020\/02\/Logo-Kirche-mit-Kindern.jpg","keywords":["Basteln","Corona","Eltern","Gottesdienst","Hettenhausen","Kinder","Kindergottesdienst","Kirche mit Kindern","Martin-Luther-Haus","\u00d6kumene","Singen"],"articleSection":["Gottesdienst","Hettenhausen","Martin-Luther-Haus"],"inLanguage":"de"},{"@type":"WebPage","@id":"https:\/\/www.kirche-hettenhausen.de\/site\/2022\/03\/endlich-wieder-kindergottesdienst\/","url":"https:\/\/www.kirche-hettenhausen.de\/site\/2022\/03\/endlich-wieder-kindergottesdienst\/","name":"Endlich wieder Kindergottesdienst! - Ev.-luth. Kirchengemeinde Hettenhausen - Dalherda","isPartOf":{"@id":"https:\/\/www.kirche-hettenhausen.de\/site\/#website"},"primaryImageOfPage":{"@id":"https:\/\/www.kirche-hettenhausen.de\/site\/2022\/03\/endlich-wieder-kindergottesdienst\/#primaryimage"},"image":{"@id":"https:\/\/www.kirche-hettenhausen.de\/site\/2022\/03\/endlich-wieder-kindergottesdienst\/#primaryimage"},"thumbnailUrl":"https:\/\/www.kirche-hettenhausen.de\/site\/wp-content\/uploads\/2020\/02\/Logo-Kirche-mit-Kindern.jpg","datePublished":"2022-03-05T11:00:29+00:00","dateModified":"2022-03-15T18:23:57+00:00","author":{"@id":"https:\/\/www.kirche-hettenhausen.de\/site\/#\/schema\/person\/7740d89d8f816da861ece2b378a21c57"},"description":"Ev.-luth. Kirchengemeinde Hettenhausen - Dalherda - Endlich wieder Kindergottesdienst! -","breadcrumb":{"@id":"https:\/\/www.kirche-hettenhausen.de\/site\/2022\/03\/endlich-wieder-kindergottesdienst\/#breadcrumb"},"inLanguage":"de","potentialAction":[{"@type":"ReadAction","target":["https:\/\/www.kirche-hettenhausen.de\/site\/2022\/03\/endlich-wieder-kindergottesdienst\/"]}]},{"@type":"ImageObject","inLanguage":"de","@id":"https:\/\/www.kirche-hettenhausen.de\/site\/2022\/03\/endlich-wieder-kindergottesdienst\/#primaryimage","url":"https:\/\/www.kirche-hettenhausen.de\/site\/wp-content\/uploads\/2020\/02\/Logo-Kirche-mit-Kindern.jpg","contentUrl":"https:\/\/www.kirche-hettenhausen.de\/site\/wp-content\/uploads\/2020\/02\/Logo-Kirche-mit-Kindern.jpg","width":132,"height":174},{"@type":"BreadcrumbList","@id":"https:\/\/www.kirche-hettenhausen.de\/site\/2022\/03\/endlich-wieder-kindergottesdienst\/#breadcrumb","itemListElement":[{"@type":"ListItem","position":1,"name":"Startseite","item":"https:\/\/www.kirche-hettenhausen.de\/site\/"},{"@type":"ListItem","position":2,"name":"Endlich wieder Kindergottesdienst!"}]},{"@type":"WebSite","@id":"https:\/\/www.kirche-hettenhausen.de\/site\/#website","url":"https:\/\/www.kirche-hettenhausen.de\/site\/","name":"Ev.-luth. Kirchengemeinde Hettenhausen - Dalherda","description":"Homepage der Ev.-luth. Kirchengemeinde Hettenhausen - Dalherda","potentialAction":[{"@type":"SearchAction","target":{"@type":"EntryPoint","urlTemplate":"https:\/\/www.kirche-hettenhausen.de\/site\/?s={search_term_string}"},"query-input":{"@type":"PropertyValueSpecification","valueRequired":true,"valueName":"search_term_string"}}],"inLanguage":"de"},{"@type":"Person","@id":"https:\/\/www.kirche-hettenhausen.de\/site\/#\/schema\/person\/7740d89d8f816da861ece2b378a21c57","name":"Marion Friedrich","url":"https:\/\/www.kirche-hettenhausen.de\/site\/author\/m-friedrichkirche-hettenhausen-de\/"}]}},"_links":{"self":[{"href":"https:\/\/www.kirche-hettenhausen.de\/site\/wp-json\/wp\/v2\/posts\/5166","targetHints":{"allow":["GET"]}}],"collection":[{"href":"https:\/\/www.kirche-hettenhausen.de\/site\/wp-json\/wp\/v2\/posts"}],"about":[{"href":"https:\/\/www.kirche-hettenhausen.de\/site\/wp-json\/wp\/v2\/types\/post"}],"author":[{"embeddable":true,"href":"https:\/\/www.kirche-hettenhausen.de\/site\/wp-json\/wp\/v2\/users\/2"}],"replies":[{"embeddable":true,"href":"https:\/\/www.kirche-hettenhausen.de\/site\/wp-json\/wp\/v2\/comments?post=5166"}],"version-history":[{"count":12,"href":"https:\/\/www.kirche-hettenhausen.de\/site\/wp-json\/wp\/v2\/posts\/5166\/revisions"}],"predecessor-version":[{"id":11300,"href":"https:\/\/www.kirche-hettenhausen.de\/site\/wp-json\/wp\/v2\/posts\/5166\/revisions\/11300"}],"wp:featuredmedia":[{"embeddable":true,"href":"https:\/\/www.kirche-hettenhausen.de\/site\/wp-json\/wp\/v2\/media\/3790"}],"wp:attachment":[{"href":"https:\/\/www.kirche-hettenhausen.de\/site\/wp-json\/wp\/v2\/media?parent=5166"}],"wp:term":[{"taxonomy":"category","embeddable":true,"href":"https:\/\/www.kirche-hettenhausen.de\/site\/wp-json\/wp\/v2\/categories?post=5166"},{"taxonomy":"post_tag","embeddable":true,"href":"https:\/\/www.kirche-hettenhausen.de\/site\/wp-json\/wp\/v2\/tags?post=5166"}],"curies":[{"name":"wp","href":"https:\/\/api.w.org\/{rel}","templated":true}]}}