{"id":5000,"date":"2019-04-18T22:43:49","date_gmt":"2019-04-18T20:43:49","guid":{"rendered":"https:\/\/kirche-hettenhausen.de\/site\/?p=5000"},"modified":"2021-02-16T21:45:19","modified_gmt":"2021-02-16T20:45:19","slug":"orgel-sparschweine","status":"publish","type":"post","link":"https:\/\/www.kirche-hettenhausen.de\/site\/2019\/04\/orgel-sparschweine\/","title":{"rendered":"Orgel-Sparschweine"},"content":{"rendered":"<p>Die Fastenzeit ist nun zu Ende.<\/p>\n<p>An Ostern hatten Sie Gelegenheit, die gef\u00fcllten Sparschweine unserer \u201cFasten f\u00fcr die Orgel\u201d-Aktion in die Kirche mitzubringen.<\/p>\n<p>Nat\u00fcrlich besteht auch die M\u00f6glichkeit, diese zu einem anderen Zeitpunkt im Pfarramt abzugeben. Das Ergebnis unserer siebenw\u00f6chigen Fastenaktion wird im n\u00e4chsten Kirchen-Kurier bekanntgegeben.<\/p>\n<p>&nbsp;<\/p>\n<p><a href=\"https:\/\/www.kirche-hettenhausen.de\/site\/wp-content\/uploads\/2019\/05\/Fasten-f\u00fcr-die-Orgel-mit-Bild.jpg\"><img loading=\"lazy\" decoding=\"async\" class=\"size-full wp-image-2548 aligncenter\" src=\"https:\/\/www.kirche-hettenhausen.de\/site\/wp-content\/uploads\/2019\/05\/Fasten-f\u00fcr-die-Orgel-mit-Bild.jpg\" alt=\"\" width=\"595\" height=\"842\" srcset=\"https:\/\/www.kirche-hettenhausen.de\/site\/wp-content\/uploads\/2019\/05\/Fasten-f\u00fcr-die-Orgel-mit-Bild.jpg 595w, https:\/\/www.kirche-hettenhausen.de\/site\/wp-content\/uploads\/2019\/05\/Fasten-f\u00fcr-die-Orgel-mit-Bild-212x300.jpg 212w\" sizes=\"auto, (max-width: 595px) 100vw, 595px\" \/><\/a><\/p>\n\n\t\t<style type=\"text\/css\">\n\t\t\t#gallery-1 {\n\t\t\t\tmargin: auto;\n\t\t\t}\n\t\t\t#gallery-1 .gallery-item {\n\t\t\t\tfloat: left;\n\t\t\t\tmargin-top: 10px;\n\t\t\t\ttext-align: center;\n\t\t\t\twidth: 50%;\n\t\t\t}\n\t\t\t#gallery-1 img {\n\t\t\t\tborder: 2px solid #cfcfcf;\n\t\t\t}\n\t\t\t#gallery-1 .gallery-caption {\n\t\t\t\tmargin-left: 0;\n\t\t\t}\n\t\t\t\/* see gallery_shortcode() in wp-includes\/media.php *\/\n\t\t<\/style>\n\t\t<div id='gallery-1' class='gallery galleryid-5000 gallery-columns-2 gallery-size-full'><dl class='gallery-item'>\n\t\t\t<dt class='gallery-icon landscape'>\n\t\t\t\t<img loading=\"lazy\" decoding=\"async\" width=\"300\" height=\"200\" src=\"https:\/\/www.kirche-hettenhausen.de\/site\/wp-content\/uploads\/2019\/04\/DSC00425_1-e1555227431992.jpg\" class=\"attachment-full size-full\" alt=\"\" \/>\n\t\t\t<\/dt><\/dl><dl class='gallery-item'>\n\t\t\t<dt class='gallery-icon portrait'>\n\t\t\t\t<img loading=\"lazy\" decoding=\"async\" width=\"200\" height=\"300\" src=\"https:\/\/www.kirche-hettenhausen.de\/site\/wp-content\/uploads\/2019\/04\/DSC00394_1-e1555227452673.jpg\" class=\"attachment-full size-full\" alt=\"\" \/>\n\t\t\t<\/dt><\/dl><br style=\"clear: both\" \/>\n\t\t<\/div>\n\n<p>&nbsp;<\/p>\n<p style=\"text-align: right;\">(mf)<\/p>\n","protected":false},"excerpt":{"rendered":"<p>Die Fastenzeit ist nun zu Ende. An Ostern hatten Sie Gelegenheit, die gef\u00fcllten Sparschweine unserer \u201cFasten f\u00fcr die Orgel\u201d-Aktion in die Kirche mitzubringen. Nat\u00fcrlich besteht auch die M\u00f6glichkeit, diese zu einem anderen Zeitpunkt im Pfarramt abzugeben. Das Ergebnis unserer siebenw\u00f6chigen Fastenaktion wird im n\u00e4chsten Kirchen-Kurier bekanntgegeben. &nbsp; &nbsp; (mf)<\/p>\n","protected":false},"author":2,"featured_media":2548,"comment_status":"closed","ping_status":"closed","sticky":false,"template":"","format":"standard","meta":{"footnotes":""},"categories":[48,18,129,22,17,25],"tags":[15,33,128,38,44,34,39],"class_list":["post-5000","post","type-post","status-publish","format-standard","has-post-thumbnail","hentry","category-feier-festtage","category-gottesdienst","category-hettenhausen","category-kirche-st-georg","category-orgelprojekt-st-georg","category-veranstaltungen","tag-adam-eifert-orgel","tag-gottesdienst","tag-hettenhausen","tag-orgelprojekt-st-georg","tag-ostern","tag-pfarrkirche-st-georg","tag-veranstaltungen"],"yoast_head":"<!-- This site is optimized with the Yoast SEO plugin v27.4 - https:\/\/yoast.com\/product\/yoast-seo-wordpress\/ -->\n<title>Orgel-Sparschweine - Ev.-luth. Kirchengemeinde Hettenhausen - Dalherda<\/title>\n<meta name=\"robots\" content=\"index, follow, max-snippet:-1, max-image-preview:large, max-video-preview:-1\" \/>\n<link rel=\"canonical\" href=\"https:\/\/www.kirche-hettenhausen.de\/site\/2019\/04\/orgel-sparschweine\/\" \/>\n<meta property=\"og:locale\" content=\"de_DE\" \/>\n<meta property=\"og:type\" content=\"article\" \/>\n<meta property=\"og:title\" content=\"Orgel-Sparschweine - Ev.-luth. Kirchengemeinde Hettenhausen - Dalherda\" \/>\n<meta property=\"og:description\" content=\"Die Fastenzeit ist nun zu Ende. An Ostern hatten Sie Gelegenheit, die gef\u00fcllten Sparschweine unserer \u201cFasten f\u00fcr die Orgel\u201d-Aktion in die Kirche mitzubringen. Nat\u00fcrlich besteht auch die M\u00f6glichkeit, diese zu einem anderen Zeitpunkt im Pfarramt abzugeben. Das Ergebnis unserer siebenw\u00f6chigen Fastenaktion wird im n\u00e4chsten Kirchen-Kurier bekanntgegeben. &nbsp; &nbsp; (mf)\" \/>\n<meta property=\"og:url\" content=\"https:\/\/www.kirche-hettenhausen.de\/site\/2019\/04\/orgel-sparschweine\/\" \/>\n<meta property=\"og:site_name\" content=\"Ev.-luth. Kirchengemeinde Hettenhausen - Dalherda\" \/>\n<meta property=\"article:published_time\" content=\"2019-04-18T20:43:49+00:00\" \/>\n<meta property=\"article:modified_time\" content=\"2021-02-16T20:45:19+00:00\" \/>\n<meta property=\"og:image\" content=\"https:\/\/www.kirche-hettenhausen.de\/site\/wp-content\/uploads\/2019\/05\/Fasten-f\u00fcr-die-Orgel-mit-Bild.jpg\" \/>\n\t<meta property=\"og:image:width\" content=\"595\" \/>\n\t<meta property=\"og:image:height\" content=\"842\" \/>\n\t<meta property=\"og:image:type\" content=\"image\/jpeg\" \/>\n<meta name=\"author\" content=\"Marion Friedrich\" \/>\n<meta name=\"twitter:card\" content=\"summary_large_image\" \/>\n<meta name=\"twitter:label1\" content=\"Verfasst von\" \/>\n\t<meta name=\"twitter:data1\" content=\"Marion Friedrich\" \/>\n<script type=\"application\/ld+json\" class=\"yoast-schema-graph\">{\"@context\":\"https:\\\/\\\/schema.org\",\"@graph\":[{\"@type\":\"Article\",\"@id\":\"https:\\\/\\\/www.kirche-hettenhausen.de\\\/site\\\/2019\\\/04\\\/orgel-sparschweine\\\/#article\",\"isPartOf\":{\"@id\":\"https:\\\/\\\/www.kirche-hettenhausen.de\\\/site\\\/2019\\\/04\\\/orgel-sparschweine\\\/\"},\"author\":{\"name\":\"Marion Friedrich\",\"@id\":\"https:\\\/\\\/www.kirche-hettenhausen.de\\\/site\\\/#\\\/schema\\\/person\\\/7740d89d8f816da861ece2b378a21c57\"},\"headline\":\"Orgel-Sparschweine\",\"datePublished\":\"2019-04-18T20:43:49+00:00\",\"dateModified\":\"2021-02-16T20:45:19+00:00\",\"mainEntityOfPage\":{\"@id\":\"https:\\\/\\\/www.kirche-hettenhausen.de\\\/site\\\/2019\\\/04\\\/orgel-sparschweine\\\/\"},\"wordCount\":64,\"image\":{\"@id\":\"https:\\\/\\\/www.kirche-hettenhausen.de\\\/site\\\/2019\\\/04\\\/orgel-sparschweine\\\/#primaryimage\"},\"thumbnailUrl\":\"https:\\\/\\\/www.kirche-hettenhausen.de\\\/site\\\/wp-content\\\/uploads\\\/2019\\\/05\\\/Fasten-f\u00fcr-die-Orgel-mit-Bild.jpg\",\"keywords\":[\"Adam-Eifert-Orgel\",\"Gottesdienst\",\"Hettenhausen\",\"Orgelprojekt St. Georg\",\"Ostern\",\"Pfarrkirche St. Georg\",\"Veranstaltungen\"],\"articleSection\":[\"Feier-\\\/Festtage\",\"Gottesdienst\",\"Hettenhausen\",\"Kirche St. Georg\",\"Orgelprojekt St. Georg\",\"Veranstaltungen\"],\"inLanguage\":\"de\"},{\"@type\":\"WebPage\",\"@id\":\"https:\\\/\\\/www.kirche-hettenhausen.de\\\/site\\\/2019\\\/04\\\/orgel-sparschweine\\\/\",\"url\":\"https:\\\/\\\/www.kirche-hettenhausen.de\\\/site\\\/2019\\\/04\\\/orgel-sparschweine\\\/\",\"name\":\"Orgel-Sparschweine - Ev.-luth. Kirchengemeinde Hettenhausen - Dalherda\",\"isPartOf\":{\"@id\":\"https:\\\/\\\/www.kirche-hettenhausen.de\\\/site\\\/#website\"},\"primaryImageOfPage\":{\"@id\":\"https:\\\/\\\/www.kirche-hettenhausen.de\\\/site\\\/2019\\\/04\\\/orgel-sparschweine\\\/#primaryimage\"},\"image\":{\"@id\":\"https:\\\/\\\/www.kirche-hettenhausen.de\\\/site\\\/2019\\\/04\\\/orgel-sparschweine\\\/#primaryimage\"},\"thumbnailUrl\":\"https:\\\/\\\/www.kirche-hettenhausen.de\\\/site\\\/wp-content\\\/uploads\\\/2019\\\/05\\\/Fasten-f\u00fcr-die-Orgel-mit-Bild.jpg\",\"datePublished\":\"2019-04-18T20:43:49+00:00\",\"dateModified\":\"2021-02-16T20:45:19+00:00\",\"author\":{\"@id\":\"https:\\\/\\\/www.kirche-hettenhausen.de\\\/site\\\/#\\\/schema\\\/person\\\/7740d89d8f816da861ece2b378a21c57\"},\"breadcrumb\":{\"@id\":\"https:\\\/\\\/www.kirche-hettenhausen.de\\\/site\\\/2019\\\/04\\\/orgel-sparschweine\\\/#breadcrumb\"},\"inLanguage\":\"de\",\"potentialAction\":[{\"@type\":\"ReadAction\",\"target\":[\"https:\\\/\\\/www.kirche-hettenhausen.de\\\/site\\\/2019\\\/04\\\/orgel-sparschweine\\\/\"]}]},{\"@type\":\"ImageObject\",\"inLanguage\":\"de\",\"@id\":\"https:\\\/\\\/www.kirche-hettenhausen.de\\\/site\\\/2019\\\/04\\\/orgel-sparschweine\\\/#primaryimage\",\"url\":\"https:\\\/\\\/www.kirche-hettenhausen.de\\\/site\\\/wp-content\\\/uploads\\\/2019\\\/05\\\/Fasten-f\u00fcr-die-Orgel-mit-Bild.jpg\",\"contentUrl\":\"https:\\\/\\\/www.kirche-hettenhausen.de\\\/site\\\/wp-content\\\/uploads\\\/2019\\\/05\\\/Fasten-f\u00fcr-die-Orgel-mit-Bild.jpg\",\"width\":595,\"height\":842},{\"@type\":\"BreadcrumbList\",\"@id\":\"https:\\\/\\\/www.kirche-hettenhausen.de\\\/site\\\/2019\\\/04\\\/orgel-sparschweine\\\/#breadcrumb\",\"itemListElement\":[{\"@type\":\"ListItem\",\"position\":1,\"name\":\"Startseite\",\"item\":\"https:\\\/\\\/www.kirche-hettenhausen.de\\\/site\\\/\"},{\"@type\":\"ListItem\",\"position\":2,\"name\":\"Orgel-Sparschweine\"}]},{\"@type\":\"WebSite\",\"@id\":\"https:\\\/\\\/www.kirche-hettenhausen.de\\\/site\\\/#website\",\"url\":\"https:\\\/\\\/www.kirche-hettenhausen.de\\\/site\\\/\",\"name\":\"Ev.-luth. Kirchengemeinde Hettenhausen - Dalherda\",\"description\":\"Homepage der Ev.-luth. Kirchengemeinde Hettenhausen - Dalherda\",\"potentialAction\":[{\"@type\":\"SearchAction\",\"target\":{\"@type\":\"EntryPoint\",\"urlTemplate\":\"https:\\\/\\\/www.kirche-hettenhausen.de\\\/site\\\/?s={search_term_string}\"},\"query-input\":{\"@type\":\"PropertyValueSpecification\",\"valueRequired\":true,\"valueName\":\"search_term_string\"}}],\"inLanguage\":\"de\"},{\"@type\":\"Person\",\"@id\":\"https:\\\/\\\/www.kirche-hettenhausen.de\\\/site\\\/#\\\/schema\\\/person\\\/7740d89d8f816da861ece2b378a21c57\",\"name\":\"Marion Friedrich\",\"url\":\"https:\\\/\\\/www.kirche-hettenhausen.de\\\/site\\\/author\\\/m-friedrichkirche-hettenhausen-de\\\/\"}]}<\/script>\n<!-- \/ Yoast SEO plugin. -->","yoast_head_json":{"title":"Orgel-Sparschweine - Ev.-luth. Kirchengemeinde Hettenhausen - Dalherda","robots":{"index":"index","follow":"follow","max-snippet":"max-snippet:-1","max-image-preview":"max-image-preview:large","max-video-preview":"max-video-preview:-1"},"canonical":"https:\/\/www.kirche-hettenhausen.de\/site\/2019\/04\/orgel-sparschweine\/","og_locale":"de_DE","og_type":"article","og_title":"Orgel-Sparschweine - Ev.-luth. Kirchengemeinde Hettenhausen - Dalherda","og_description":"Die Fastenzeit ist nun zu Ende. An Ostern hatten Sie Gelegenheit, die gef\u00fcllten Sparschweine unserer \u201cFasten f\u00fcr die Orgel\u201d-Aktion in die Kirche mitzubringen. Nat\u00fcrlich besteht auch die M\u00f6glichkeit, diese zu einem anderen Zeitpunkt im Pfarramt abzugeben. Das Ergebnis unserer siebenw\u00f6chigen Fastenaktion wird im n\u00e4chsten Kirchen-Kurier bekanntgegeben. &nbsp; &nbsp; (mf)","og_url":"https:\/\/www.kirche-hettenhausen.de\/site\/2019\/04\/orgel-sparschweine\/","og_site_name":"Ev.-luth. Kirchengemeinde Hettenhausen - Dalherda","article_published_time":"2019-04-18T20:43:49+00:00","article_modified_time":"2021-02-16T20:45:19+00:00","og_image":[{"width":595,"height":842,"url":"https:\/\/www.kirche-hettenhausen.de\/site\/wp-content\/uploads\/2019\/05\/Fasten-f\u00fcr-die-Orgel-mit-Bild.jpg","type":"image\/jpeg"}],"author":"Marion Friedrich","twitter_card":"summary_large_image","twitter_misc":{"Verfasst von":"Marion Friedrich"},"schema":{"@context":"https:\/\/schema.org","@graph":[{"@type":"Article","@id":"https:\/\/www.kirche-hettenhausen.de\/site\/2019\/04\/orgel-sparschweine\/#article","isPartOf":{"@id":"https:\/\/www.kirche-hettenhausen.de\/site\/2019\/04\/orgel-sparschweine\/"},"author":{"name":"Marion Friedrich","@id":"https:\/\/www.kirche-hettenhausen.de\/site\/#\/schema\/person\/7740d89d8f816da861ece2b378a21c57"},"headline":"Orgel-Sparschweine","datePublished":"2019-04-18T20:43:49+00:00","dateModified":"2021-02-16T20:45:19+00:00","mainEntityOfPage":{"@id":"https:\/\/www.kirche-hettenhausen.de\/site\/2019\/04\/orgel-sparschweine\/"},"wordCount":64,"image":{"@id":"https:\/\/www.kirche-hettenhausen.de\/site\/2019\/04\/orgel-sparschweine\/#primaryimage"},"thumbnailUrl":"https:\/\/www.kirche-hettenhausen.de\/site\/wp-content\/uploads\/2019\/05\/Fasten-f\u00fcr-die-Orgel-mit-Bild.jpg","keywords":["Adam-Eifert-Orgel","Gottesdienst","Hettenhausen","Orgelprojekt St. Georg","Ostern","Pfarrkirche St. Georg","Veranstaltungen"],"articleSection":["Feier-\/Festtage","Gottesdienst","Hettenhausen","Kirche St. Georg","Orgelprojekt St. Georg","Veranstaltungen"],"inLanguage":"de"},{"@type":"WebPage","@id":"https:\/\/www.kirche-hettenhausen.de\/site\/2019\/04\/orgel-sparschweine\/","url":"https:\/\/www.kirche-hettenhausen.de\/site\/2019\/04\/orgel-sparschweine\/","name":"Orgel-Sparschweine - Ev.-luth. Kirchengemeinde Hettenhausen - Dalherda","isPartOf":{"@id":"https:\/\/www.kirche-hettenhausen.de\/site\/#website"},"primaryImageOfPage":{"@id":"https:\/\/www.kirche-hettenhausen.de\/site\/2019\/04\/orgel-sparschweine\/#primaryimage"},"image":{"@id":"https:\/\/www.kirche-hettenhausen.de\/site\/2019\/04\/orgel-sparschweine\/#primaryimage"},"thumbnailUrl":"https:\/\/www.kirche-hettenhausen.de\/site\/wp-content\/uploads\/2019\/05\/Fasten-f\u00fcr-die-Orgel-mit-Bild.jpg","datePublished":"2019-04-18T20:43:49+00:00","dateModified":"2021-02-16T20:45:19+00:00","author":{"@id":"https:\/\/www.kirche-hettenhausen.de\/site\/#\/schema\/person\/7740d89d8f816da861ece2b378a21c57"},"breadcrumb":{"@id":"https:\/\/www.kirche-hettenhausen.de\/site\/2019\/04\/orgel-sparschweine\/#breadcrumb"},"inLanguage":"de","potentialAction":[{"@type":"ReadAction","target":["https:\/\/www.kirche-hettenhausen.de\/site\/2019\/04\/orgel-sparschweine\/"]}]},{"@type":"ImageObject","inLanguage":"de","@id":"https:\/\/www.kirche-hettenhausen.de\/site\/2019\/04\/orgel-sparschweine\/#primaryimage","url":"https:\/\/www.kirche-hettenhausen.de\/site\/wp-content\/uploads\/2019\/05\/Fasten-f\u00fcr-die-Orgel-mit-Bild.jpg","contentUrl":"https:\/\/www.kirche-hettenhausen.de\/site\/wp-content\/uploads\/2019\/05\/Fasten-f\u00fcr-die-Orgel-mit-Bild.jpg","width":595,"height":842},{"@type":"BreadcrumbList","@id":"https:\/\/www.kirche-hettenhausen.de\/site\/2019\/04\/orgel-sparschweine\/#breadcrumb","itemListElement":[{"@type":"ListItem","position":1,"name":"Startseite","item":"https:\/\/www.kirche-hettenhausen.de\/site\/"},{"@type":"ListItem","position":2,"name":"Orgel-Sparschweine"}]},{"@type":"WebSite","@id":"https:\/\/www.kirche-hettenhausen.de\/site\/#website","url":"https:\/\/www.kirche-hettenhausen.de\/site\/","name":"Ev.-luth. Kirchengemeinde Hettenhausen - Dalherda","description":"Homepage der Ev.-luth. Kirchengemeinde Hettenhausen - Dalherda","potentialAction":[{"@type":"SearchAction","target":{"@type":"EntryPoint","urlTemplate":"https:\/\/www.kirche-hettenhausen.de\/site\/?s={search_term_string}"},"query-input":{"@type":"PropertyValueSpecification","valueRequired":true,"valueName":"search_term_string"}}],"inLanguage":"de"},{"@type":"Person","@id":"https:\/\/www.kirche-hettenhausen.de\/site\/#\/schema\/person\/7740d89d8f816da861ece2b378a21c57","name":"Marion Friedrich","url":"https:\/\/www.kirche-hettenhausen.de\/site\/author\/m-friedrichkirche-hettenhausen-de\/"}]}},"_links":{"self":[{"href":"https:\/\/www.kirche-hettenhausen.de\/site\/wp-json\/wp\/v2\/posts\/5000","targetHints":{"allow":["GET"]}}],"collection":[{"href":"https:\/\/www.kirche-hettenhausen.de\/site\/wp-json\/wp\/v2\/posts"}],"about":[{"href":"https:\/\/www.kirche-hettenhausen.de\/site\/wp-json\/wp\/v2\/types\/post"}],"author":[{"embeddable":true,"href":"https:\/\/www.kirche-hettenhausen.de\/site\/wp-json\/wp\/v2\/users\/2"}],"replies":[{"embeddable":true,"href":"https:\/\/www.kirche-hettenhausen.de\/site\/wp-json\/wp\/v2\/comments?post=5000"}],"version-history":[{"count":2,"href":"https:\/\/www.kirche-hettenhausen.de\/site\/wp-json\/wp\/v2\/posts\/5000\/revisions"}],"predecessor-version":[{"id":5009,"href":"https:\/\/www.kirche-hettenhausen.de\/site\/wp-json\/wp\/v2\/posts\/5000\/revisions\/5009"}],"wp:featuredmedia":[{"embeddable":true,"href":"https:\/\/www.kirche-hettenhausen.de\/site\/wp-json\/wp\/v2\/media\/2548"}],"wp:attachment":[{"href":"https:\/\/www.kirche-hettenhausen.de\/site\/wp-json\/wp\/v2\/media?parent=5000"}],"wp:term":[{"taxonomy":"category","embeddable":true,"href":"https:\/\/www.kirche-hettenhausen.de\/site\/wp-json\/wp\/v2\/categories?post=5000"},{"taxonomy":"post_tag","embeddable":true,"href":"https:\/\/www.kirche-hettenhausen.de\/site\/wp-json\/wp\/v2\/tags?post=5000"}],"curies":[{"name":"wp","href":"https:\/\/api.w.org\/{rel}","templated":true}]}}