{"id":4969,"date":"2019-06-30T00:00:31","date_gmt":"2019-06-29T22:00:31","guid":{"rendered":"https:\/\/kirche-hettenhausen.de\/site\/?p=4969"},"modified":"2021-02-16T21:43:43","modified_gmt":"2021-02-16T20:43:43","slug":"johannismarkt-2019","status":"publish","type":"post","link":"https:\/\/www.kirche-hettenhausen.de\/site\/2019\/06\/johannismarkt-2019\/","title":{"rendered":"Johannismarkt 2019"},"content":{"rendered":"<h3><span style=\"color: #db1385;\">Weinverkauf f\u00fcr die Orgel<\/span><\/h3>\n<p>Mitglieder des \u201eOrgelprojekts St. Georg\u201c haben die Gelegenheit des Johannismarkts genutzt, um mit einem Informationsstand zahlreichen Besuchern aus Nah und Fern die Notwendigkeit der Orgel-Renovierung vor Augen zu f\u00fchren. Zugleich wurden hausgemachte K\u00f6stlichkeiten wie Gelee und Quittenbrot, aber auch exklusive Flaschenweine des Weinguts M\u00fchlmichel aus der Pfalz, zum Verkauf angeboten.<\/p>\n<p>Der Erl\u00f6s war f\u00fcr die Orgel bestimmt, deshalb verwunderte es nicht, dass am Abend die stattliche Summe von 400 \u20ac aus Verkauf und Spenden \u00fcbrig war und der Kirchengemeinde \u00fcbergeben werden konnte.<\/p>\n\n\t\t<style type=\"text\/css\">\n\t\t\t#gallery-1 {\n\t\t\t\tmargin: auto;\n\t\t\t}\n\t\t\t#gallery-1 .gallery-item {\n\t\t\t\tfloat: left;\n\t\t\t\tmargin-top: 10px;\n\t\t\t\ttext-align: center;\n\t\t\t\twidth: 50%;\n\t\t\t}\n\t\t\t#gallery-1 img {\n\t\t\t\tborder: 2px solid #cfcfcf;\n\t\t\t}\n\t\t\t#gallery-1 .gallery-caption {\n\t\t\t\tmargin-left: 0;\n\t\t\t}\n\t\t\t\/* see gallery_shortcode() in wp-includes\/media.php *\/\n\t\t<\/style>\n\t\t<div id='gallery-1' class='gallery galleryid-4969 gallery-columns-2 gallery-size-full'><dl class='gallery-item'>\n\t\t\t<dt class='gallery-icon portrait'>\n\t\t\t\t<img loading=\"lazy\" decoding=\"async\" width=\"252\" height=\"448\" src=\"https:\/\/www.kirche-hettenhausen.de\/site\/wp-content\/uploads\/2019\/06\/20190623_105544_1-e1591556804796.jpg\" class=\"attachment-full size-full\" alt=\"Orgelprojekt &quot;St. Georg&quot;\" srcset=\"https:\/\/www.kirche-hettenhausen.de\/site\/wp-content\/uploads\/2019\/06\/20190623_105544_1-e1591556804796.jpg 252w, https:\/\/www.kirche-hettenhausen.de\/site\/wp-content\/uploads\/2019\/06\/20190623_105544_1-e1591556804796-169x300.jpg 169w\" sizes=\"auto, (max-width: 252px) 100vw, 252px\" \/>\n\t\t\t<\/dt><\/dl><dl class='gallery-item'>\n\t\t\t<dt class='gallery-icon landscape'>\n\t\t\t\t<img loading=\"lazy\" decoding=\"async\" width=\"448\" height=\"252\" src=\"https:\/\/www.kirche-hettenhausen.de\/site\/wp-content\/uploads\/2019\/06\/20190623_110250_1.jpg\" class=\"attachment-full size-full\" alt=\"Orgelprojekt &quot;St. Georg&quot;\" srcset=\"https:\/\/www.kirche-hettenhausen.de\/site\/wp-content\/uploads\/2019\/06\/20190623_110250_1.jpg 448w, https:\/\/www.kirche-hettenhausen.de\/site\/wp-content\/uploads\/2019\/06\/20190623_110250_1-300x169.jpg 300w\" sizes=\"auto, (max-width: 448px) 100vw, 448px\" \/>\n\t\t\t<\/dt><\/dl><br style=\"clear: both\" \/>\n\t\t<\/div>\n\n<p>&nbsp;<\/p>\n<h3><span style=\"color: #db1385;\">Der Weinverkauf geht weiter<\/span><\/h3>\n<p>Flaschen des Qualit\u00e4tsweins, versehen mit dem h\u00fcbschen Aufkleber \u201eUnsere Orgel verdient Ihre Hilfe\u201c k\u00f6nnen weiterhin bei Karin Schlag im Ladengesch\u00e4ft Ochs oder bei Karola Krei\u00df in der Kosmetik-Praxis gekauft werden. Suchen Sie ein kleines Pr\u00e4sent f\u00fcr passende Gelegenheiten oder g\u00f6nnen sich selbst gerne einen guten Tropfen? Dann greifen Sie zu, denn Sie unterst\u00fctzen damit die Wiederherstellung unserer Orgel.<\/p>\n<p><a href=\"https:\/\/www.kirche-hettenhausen.de\/site\/wp-content\/uploads\/2019\/06\/20190623_110201_1.jpg\"><img loading=\"lazy\" decoding=\"async\" class=\"size-full wp-image-2769 aligncenter\" src=\"https:\/\/www.kirche-hettenhausen.de\/site\/wp-content\/uploads\/2019\/06\/20190623_110201_1.jpg\" alt=\"\" width=\"448\" height=\"252\" srcset=\"https:\/\/www.kirche-hettenhausen.de\/site\/wp-content\/uploads\/2019\/06\/20190623_110201_1.jpg 448w, https:\/\/www.kirche-hettenhausen.de\/site\/wp-content\/uploads\/2019\/06\/20190623_110201_1-300x169.jpg 300w\" sizes=\"auto, (max-width: 448px) 100vw, 448px\" \/><\/a><\/p>\n<h3><\/h3>\n<h3><\/h3>\n<p>&nbsp;<\/p>\n<h3><span style=\"color: #db1385;\">Unterst\u00fctzung f\u00fcr die Orgel<\/span><\/h3>\n<p>Kurz vor dem Johannismarkt haben wir uns mit vier Familien entschieden, mit einem Verkaufs- und Bastelstand einen Beitrag zur Unterst\u00fctzung der Kirchenorgel zu leisten.<\/p>\n<p>Neben selbst gen\u00e4hten Einkaufsbeuteln, Kosmetikt\u00e4schchen, Schl\u00fcsselanh\u00e4ngern und Frisbee-Scheiben haben wir unseren Stand mit Notizzettel-Boxen, Kerzen, Gl\u00fcckwunschkarten, Handschmeichlern, Nudeln in Form einer Kirche und Magneten mit sch\u00f6nen Motiven unserer Kirche und der Orgel best\u00fcckt.<\/p>\n<p>Des Weiteren bestand die M\u00f6glichkeit, Bilder auszumalen und Buttons selbst zu gestalten.<\/p>\n<p>An dieser Stelle ein <strong>herzliches Dankesch\u00f6n<\/strong> an alle, die uns beim Verkaufen und Betreuen der bastelnden Kinder unterst\u00fctzt haben. Bisher konnten 320 \u20ac f\u00fcr die Orgel-Renovierung gespendet werden.<\/p>\n<p>Kleine Restposten wie Nudeln, Karten, Magnete, Taschen oder Schl\u00fcsselanh\u00e4nger sind noch im Elektrofachgesch\u00e4ft Stolz oder im Ladengesch\u00e4ft Ochs erh\u00e4ltlich. Vielleicht suchen Sie ja noch nach einer besonderen Kleinigkeit.<\/p>\n\n\t\t<style type=\"text\/css\">\n\t\t\t#gallery-2 {\n\t\t\t\tmargin: auto;\n\t\t\t}\n\t\t\t#gallery-2 .gallery-item {\n\t\t\t\tfloat: left;\n\t\t\t\tmargin-top: 10px;\n\t\t\t\ttext-align: center;\n\t\t\t\twidth: 50%;\n\t\t\t}\n\t\t\t#gallery-2 img {\n\t\t\t\tborder: 2px solid #cfcfcf;\n\t\t\t}\n\t\t\t#gallery-2 .gallery-caption {\n\t\t\t\tmargin-left: 0;\n\t\t\t}\n\t\t\t\/* see gallery_shortcode() in wp-includes\/media.php *\/\n\t\t<\/style>\n\t\t<div id='gallery-2' class='gallery galleryid-4969 gallery-columns-2 gallery-size-full'><dl class='gallery-item'>\n\t\t\t<dt class='gallery-icon landscape'>\n\t\t\t\t<img loading=\"lazy\" decoding=\"async\" width=\"600\" height=\"486\" src=\"https:\/\/www.kirche-hettenhausen.de\/site\/wp-content\/uploads\/2019\/06\/fileadmin_fotostrecken_2019_June_HettenhausenJohannismarkt2_MotorcrossSchluechtern_23Jun19_CG__311.jpg\" class=\"attachment-full size-full\" alt=\"Orgelprojekt &quot;St. Georg&quot;\" srcset=\"https:\/\/www.kirche-hettenhausen.de\/site\/wp-content\/uploads\/2019\/06\/fileadmin_fotostrecken_2019_June_HettenhausenJohannismarkt2_MotorcrossSchluechtern_23Jun19_CG__311.jpg 600w, https:\/\/www.kirche-hettenhausen.de\/site\/wp-content\/uploads\/2019\/06\/fileadmin_fotostrecken_2019_June_HettenhausenJohannismarkt2_MotorcrossSchluechtern_23Jun19_CG__311-300x243.jpg 300w\" sizes=\"auto, (max-width: 600px) 100vw, 600px\" \/>\n\t\t\t<\/dt><\/dl><dl class='gallery-item'>\n\t\t\t<dt class='gallery-icon landscape'>\n\t\t\t\t<img loading=\"lazy\" decoding=\"async\" width=\"448\" height=\"252\" src=\"https:\/\/www.kirche-hettenhausen.de\/site\/wp-content\/uploads\/2019\/06\/20190623_105530_1.jpg\" class=\"attachment-full size-full\" alt=\"Orgelprojekt &quot;St. Georg&quot;\" srcset=\"https:\/\/www.kirche-hettenhausen.de\/site\/wp-content\/uploads\/2019\/06\/20190623_105530_1.jpg 448w, https:\/\/www.kirche-hettenhausen.de\/site\/wp-content\/uploads\/2019\/06\/20190623_105530_1-300x169.jpg 300w\" sizes=\"auto, (max-width: 448px) 100vw, 448px\" \/>\n\t\t\t<\/dt><\/dl><br style=\"clear: both\" \/>\n\t\t<\/div>\n\n<p>&nbsp;<\/p>\n","protected":false},"excerpt":{"rendered":"<p>Weinverkauf f\u00fcr die Orgel Mitglieder des \u201eOrgelprojekts St. Georg\u201c haben die Gelegenheit des Johannismarkts genutzt, um mit einem Informationsstand zahlreichen Besuchern aus Nah und Fern die Notwendigkeit der Orgel-Renovierung vor Augen zu f\u00fchren. Zugleich wurden hausgemachte K\u00f6stlichkeiten wie Gelee und Quittenbrot, aber auch exklusive Flaschenweine des Weinguts M\u00fchlmichel aus der Pfalz, zum Verkauf angeboten. Der [&hellip;]<\/p>\n","protected":false},"author":2,"featured_media":2768,"comment_status":"closed","ping_status":"closed","sticky":false,"template":"","format":"standard","meta":{"footnotes":""},"categories":[129,17,25],"tags":[15,68,128,91,38,39],"class_list":["post-4969","post","type-post","status-publish","format-standard","has-post-thumbnail","hentry","category-hettenhausen","category-orgelprojekt-st-georg","category-veranstaltungen","tag-adam-eifert-orgel","tag-basteln","tag-hettenhausen","tag-oekumene","tag-orgelprojekt-st-georg","tag-veranstaltungen"],"yoast_head":"<!-- This site is optimized with the Yoast SEO plugin v27.4 - https:\/\/yoast.com\/product\/yoast-seo-wordpress\/ -->\n<title>Johannismarkt 2019 - Ev.-luth. Kirchengemeinde Hettenhausen - Dalherda<\/title>\n<meta name=\"robots\" content=\"index, follow, max-snippet:-1, max-image-preview:large, max-video-preview:-1\" \/>\n<link rel=\"canonical\" href=\"https:\/\/www.kirche-hettenhausen.de\/site\/2019\/06\/johannismarkt-2019\/\" \/>\n<meta property=\"og:locale\" content=\"de_DE\" \/>\n<meta property=\"og:type\" content=\"article\" \/>\n<meta property=\"og:title\" content=\"Johannismarkt 2019 - Ev.-luth. Kirchengemeinde Hettenhausen - Dalherda\" \/>\n<meta property=\"og:description\" content=\"Weinverkauf f\u00fcr die Orgel Mitglieder des \u201eOrgelprojekts St. Georg\u201c haben die Gelegenheit des Johannismarkts genutzt, um mit einem Informationsstand zahlreichen Besuchern aus Nah und Fern die Notwendigkeit der Orgel-Renovierung vor Augen zu f\u00fchren. Zugleich wurden hausgemachte K\u00f6stlichkeiten wie Gelee und Quittenbrot, aber auch exklusive Flaschenweine des Weinguts M\u00fchlmichel aus der Pfalz, zum Verkauf angeboten. Der [&hellip;]\" \/>\n<meta property=\"og:url\" content=\"https:\/\/www.kirche-hettenhausen.de\/site\/2019\/06\/johannismarkt-2019\/\" \/>\n<meta property=\"og:site_name\" content=\"Ev.-luth. Kirchengemeinde Hettenhausen - Dalherda\" \/>\n<meta property=\"article:published_time\" content=\"2019-06-29T22:00:31+00:00\" \/>\n<meta property=\"article:modified_time\" content=\"2021-02-16T20:43:43+00:00\" \/>\n<meta property=\"og:image\" content=\"https:\/\/www.kirche-hettenhausen.de\/site\/wp-content\/uploads\/2019\/06\/20190623_105544_1-e1591556804796.jpg\" \/>\n\t<meta property=\"og:image:width\" content=\"252\" \/>\n\t<meta property=\"og:image:height\" content=\"448\" \/>\n\t<meta property=\"og:image:type\" content=\"image\/jpeg\" \/>\n<meta name=\"author\" content=\"Marion Friedrich\" \/>\n<meta name=\"twitter:card\" content=\"summary_large_image\" \/>\n<meta name=\"twitter:label1\" content=\"Verfasst von\" \/>\n\t<meta name=\"twitter:data1\" content=\"Marion Friedrich\" \/>\n\t<meta name=\"twitter:label2\" content=\"Gesch\u00e4tzte Lesezeit\" \/>\n\t<meta name=\"twitter:data2\" content=\"2\u00a0Minuten\" \/>\n<script type=\"application\/ld+json\" class=\"yoast-schema-graph\">{\"@context\":\"https:\\\/\\\/schema.org\",\"@graph\":[{\"@type\":\"Article\",\"@id\":\"https:\\\/\\\/www.kirche-hettenhausen.de\\\/site\\\/2019\\\/06\\\/johannismarkt-2019\\\/#article\",\"isPartOf\":{\"@id\":\"https:\\\/\\\/www.kirche-hettenhausen.de\\\/site\\\/2019\\\/06\\\/johannismarkt-2019\\\/\"},\"author\":{\"name\":\"Marion Friedrich\",\"@id\":\"https:\\\/\\\/www.kirche-hettenhausen.de\\\/site\\\/#\\\/schema\\\/person\\\/7740d89d8f816da861ece2b378a21c57\"},\"headline\":\"Johannismarkt 2019\",\"datePublished\":\"2019-06-29T22:00:31+00:00\",\"dateModified\":\"2021-02-16T20:43:43+00:00\",\"mainEntityOfPage\":{\"@id\":\"https:\\\/\\\/www.kirche-hettenhausen.de\\\/site\\\/2019\\\/06\\\/johannismarkt-2019\\\/\"},\"wordCount\":324,\"image\":{\"@id\":\"https:\\\/\\\/www.kirche-hettenhausen.de\\\/site\\\/2019\\\/06\\\/johannismarkt-2019\\\/#primaryimage\"},\"thumbnailUrl\":\"https:\\\/\\\/www.kirche-hettenhausen.de\\\/site\\\/wp-content\\\/uploads\\\/2019\\\/06\\\/20190623_105544_1-e1591556804796.jpg\",\"keywords\":[\"Adam-Eifert-Orgel\",\"Basteln\",\"Hettenhausen\",\"\u00d6kumene\",\"Orgelprojekt St. Georg\",\"Veranstaltungen\"],\"articleSection\":[\"Hettenhausen\",\"Orgelprojekt St. Georg\",\"Veranstaltungen\"],\"inLanguage\":\"de\"},{\"@type\":\"WebPage\",\"@id\":\"https:\\\/\\\/www.kirche-hettenhausen.de\\\/site\\\/2019\\\/06\\\/johannismarkt-2019\\\/\",\"url\":\"https:\\\/\\\/www.kirche-hettenhausen.de\\\/site\\\/2019\\\/06\\\/johannismarkt-2019\\\/\",\"name\":\"Johannismarkt 2019 - Ev.-luth. Kirchengemeinde Hettenhausen - Dalherda\",\"isPartOf\":{\"@id\":\"https:\\\/\\\/www.kirche-hettenhausen.de\\\/site\\\/#website\"},\"primaryImageOfPage\":{\"@id\":\"https:\\\/\\\/www.kirche-hettenhausen.de\\\/site\\\/2019\\\/06\\\/johannismarkt-2019\\\/#primaryimage\"},\"image\":{\"@id\":\"https:\\\/\\\/www.kirche-hettenhausen.de\\\/site\\\/2019\\\/06\\\/johannismarkt-2019\\\/#primaryimage\"},\"thumbnailUrl\":\"https:\\\/\\\/www.kirche-hettenhausen.de\\\/site\\\/wp-content\\\/uploads\\\/2019\\\/06\\\/20190623_105544_1-e1591556804796.jpg\",\"datePublished\":\"2019-06-29T22:00:31+00:00\",\"dateModified\":\"2021-02-16T20:43:43+00:00\",\"author\":{\"@id\":\"https:\\\/\\\/www.kirche-hettenhausen.de\\\/site\\\/#\\\/schema\\\/person\\\/7740d89d8f816da861ece2b378a21c57\"},\"breadcrumb\":{\"@id\":\"https:\\\/\\\/www.kirche-hettenhausen.de\\\/site\\\/2019\\\/06\\\/johannismarkt-2019\\\/#breadcrumb\"},\"inLanguage\":\"de\",\"potentialAction\":[{\"@type\":\"ReadAction\",\"target\":[\"https:\\\/\\\/www.kirche-hettenhausen.de\\\/site\\\/2019\\\/06\\\/johannismarkt-2019\\\/\"]}]},{\"@type\":\"ImageObject\",\"inLanguage\":\"de\",\"@id\":\"https:\\\/\\\/www.kirche-hettenhausen.de\\\/site\\\/2019\\\/06\\\/johannismarkt-2019\\\/#primaryimage\",\"url\":\"https:\\\/\\\/www.kirche-hettenhausen.de\\\/site\\\/wp-content\\\/uploads\\\/2019\\\/06\\\/20190623_105544_1-e1591556804796.jpg\",\"contentUrl\":\"https:\\\/\\\/www.kirche-hettenhausen.de\\\/site\\\/wp-content\\\/uploads\\\/2019\\\/06\\\/20190623_105544_1-e1591556804796.jpg\",\"width\":252,\"height\":448,\"caption\":\"Orgelprojekt \\\"St. Georg\\\"\"},{\"@type\":\"BreadcrumbList\",\"@id\":\"https:\\\/\\\/www.kirche-hettenhausen.de\\\/site\\\/2019\\\/06\\\/johannismarkt-2019\\\/#breadcrumb\",\"itemListElement\":[{\"@type\":\"ListItem\",\"position\":1,\"name\":\"Startseite\",\"item\":\"https:\\\/\\\/www.kirche-hettenhausen.de\\\/site\\\/\"},{\"@type\":\"ListItem\",\"position\":2,\"name\":\"Johannismarkt 2019\"}]},{\"@type\":\"WebSite\",\"@id\":\"https:\\\/\\\/www.kirche-hettenhausen.de\\\/site\\\/#website\",\"url\":\"https:\\\/\\\/www.kirche-hettenhausen.de\\\/site\\\/\",\"name\":\"Ev.-luth. Kirchengemeinde Hettenhausen - Dalherda\",\"description\":\"Homepage der Ev.-luth. Kirchengemeinde Hettenhausen - Dalherda\",\"potentialAction\":[{\"@type\":\"SearchAction\",\"target\":{\"@type\":\"EntryPoint\",\"urlTemplate\":\"https:\\\/\\\/www.kirche-hettenhausen.de\\\/site\\\/?s={search_term_string}\"},\"query-input\":{\"@type\":\"PropertyValueSpecification\",\"valueRequired\":true,\"valueName\":\"search_term_string\"}}],\"inLanguage\":\"de\"},{\"@type\":\"Person\",\"@id\":\"https:\\\/\\\/www.kirche-hettenhausen.de\\\/site\\\/#\\\/schema\\\/person\\\/7740d89d8f816da861ece2b378a21c57\",\"name\":\"Marion Friedrich\",\"url\":\"https:\\\/\\\/www.kirche-hettenhausen.de\\\/site\\\/author\\\/m-friedrichkirche-hettenhausen-de\\\/\"}]}<\/script>\n<!-- \/ Yoast SEO plugin. -->","yoast_head_json":{"title":"Johannismarkt 2019 - Ev.-luth. Kirchengemeinde Hettenhausen - Dalherda","robots":{"index":"index","follow":"follow","max-snippet":"max-snippet:-1","max-image-preview":"max-image-preview:large","max-video-preview":"max-video-preview:-1"},"canonical":"https:\/\/www.kirche-hettenhausen.de\/site\/2019\/06\/johannismarkt-2019\/","og_locale":"de_DE","og_type":"article","og_title":"Johannismarkt 2019 - Ev.-luth. Kirchengemeinde Hettenhausen - Dalherda","og_description":"Weinverkauf f\u00fcr die Orgel Mitglieder des \u201eOrgelprojekts St. Georg\u201c haben die Gelegenheit des Johannismarkts genutzt, um mit einem Informationsstand zahlreichen Besuchern aus Nah und Fern die Notwendigkeit der Orgel-Renovierung vor Augen zu f\u00fchren. Zugleich wurden hausgemachte K\u00f6stlichkeiten wie Gelee und Quittenbrot, aber auch exklusive Flaschenweine des Weinguts M\u00fchlmichel aus der Pfalz, zum Verkauf angeboten. Der [&hellip;]","og_url":"https:\/\/www.kirche-hettenhausen.de\/site\/2019\/06\/johannismarkt-2019\/","og_site_name":"Ev.-luth. Kirchengemeinde Hettenhausen - Dalherda","article_published_time":"2019-06-29T22:00:31+00:00","article_modified_time":"2021-02-16T20:43:43+00:00","og_image":[{"width":252,"height":448,"url":"https:\/\/www.kirche-hettenhausen.de\/site\/wp-content\/uploads\/2019\/06\/20190623_105544_1-e1591556804796.jpg","type":"image\/jpeg"}],"author":"Marion Friedrich","twitter_card":"summary_large_image","twitter_misc":{"Verfasst von":"Marion Friedrich","Gesch\u00e4tzte Lesezeit":"2\u00a0Minuten"},"schema":{"@context":"https:\/\/schema.org","@graph":[{"@type":"Article","@id":"https:\/\/www.kirche-hettenhausen.de\/site\/2019\/06\/johannismarkt-2019\/#article","isPartOf":{"@id":"https:\/\/www.kirche-hettenhausen.de\/site\/2019\/06\/johannismarkt-2019\/"},"author":{"name":"Marion Friedrich","@id":"https:\/\/www.kirche-hettenhausen.de\/site\/#\/schema\/person\/7740d89d8f816da861ece2b378a21c57"},"headline":"Johannismarkt 2019","datePublished":"2019-06-29T22:00:31+00:00","dateModified":"2021-02-16T20:43:43+00:00","mainEntityOfPage":{"@id":"https:\/\/www.kirche-hettenhausen.de\/site\/2019\/06\/johannismarkt-2019\/"},"wordCount":324,"image":{"@id":"https:\/\/www.kirche-hettenhausen.de\/site\/2019\/06\/johannismarkt-2019\/#primaryimage"},"thumbnailUrl":"https:\/\/www.kirche-hettenhausen.de\/site\/wp-content\/uploads\/2019\/06\/20190623_105544_1-e1591556804796.jpg","keywords":["Adam-Eifert-Orgel","Basteln","Hettenhausen","\u00d6kumene","Orgelprojekt St. Georg","Veranstaltungen"],"articleSection":["Hettenhausen","Orgelprojekt St. Georg","Veranstaltungen"],"inLanguage":"de"},{"@type":"WebPage","@id":"https:\/\/www.kirche-hettenhausen.de\/site\/2019\/06\/johannismarkt-2019\/","url":"https:\/\/www.kirche-hettenhausen.de\/site\/2019\/06\/johannismarkt-2019\/","name":"Johannismarkt 2019 - Ev.-luth. Kirchengemeinde Hettenhausen - Dalherda","isPartOf":{"@id":"https:\/\/www.kirche-hettenhausen.de\/site\/#website"},"primaryImageOfPage":{"@id":"https:\/\/www.kirche-hettenhausen.de\/site\/2019\/06\/johannismarkt-2019\/#primaryimage"},"image":{"@id":"https:\/\/www.kirche-hettenhausen.de\/site\/2019\/06\/johannismarkt-2019\/#primaryimage"},"thumbnailUrl":"https:\/\/www.kirche-hettenhausen.de\/site\/wp-content\/uploads\/2019\/06\/20190623_105544_1-e1591556804796.jpg","datePublished":"2019-06-29T22:00:31+00:00","dateModified":"2021-02-16T20:43:43+00:00","author":{"@id":"https:\/\/www.kirche-hettenhausen.de\/site\/#\/schema\/person\/7740d89d8f816da861ece2b378a21c57"},"breadcrumb":{"@id":"https:\/\/www.kirche-hettenhausen.de\/site\/2019\/06\/johannismarkt-2019\/#breadcrumb"},"inLanguage":"de","potentialAction":[{"@type":"ReadAction","target":["https:\/\/www.kirche-hettenhausen.de\/site\/2019\/06\/johannismarkt-2019\/"]}]},{"@type":"ImageObject","inLanguage":"de","@id":"https:\/\/www.kirche-hettenhausen.de\/site\/2019\/06\/johannismarkt-2019\/#primaryimage","url":"https:\/\/www.kirche-hettenhausen.de\/site\/wp-content\/uploads\/2019\/06\/20190623_105544_1-e1591556804796.jpg","contentUrl":"https:\/\/www.kirche-hettenhausen.de\/site\/wp-content\/uploads\/2019\/06\/20190623_105544_1-e1591556804796.jpg","width":252,"height":448,"caption":"Orgelprojekt \"St. Georg\""},{"@type":"BreadcrumbList","@id":"https:\/\/www.kirche-hettenhausen.de\/site\/2019\/06\/johannismarkt-2019\/#breadcrumb","itemListElement":[{"@type":"ListItem","position":1,"name":"Startseite","item":"https:\/\/www.kirche-hettenhausen.de\/site\/"},{"@type":"ListItem","position":2,"name":"Johannismarkt 2019"}]},{"@type":"WebSite","@id":"https:\/\/www.kirche-hettenhausen.de\/site\/#website","url":"https:\/\/www.kirche-hettenhausen.de\/site\/","name":"Ev.-luth. Kirchengemeinde Hettenhausen - Dalherda","description":"Homepage der Ev.-luth. Kirchengemeinde Hettenhausen - Dalherda","potentialAction":[{"@type":"SearchAction","target":{"@type":"EntryPoint","urlTemplate":"https:\/\/www.kirche-hettenhausen.de\/site\/?s={search_term_string}"},"query-input":{"@type":"PropertyValueSpecification","valueRequired":true,"valueName":"search_term_string"}}],"inLanguage":"de"},{"@type":"Person","@id":"https:\/\/www.kirche-hettenhausen.de\/site\/#\/schema\/person\/7740d89d8f816da861ece2b378a21c57","name":"Marion Friedrich","url":"https:\/\/www.kirche-hettenhausen.de\/site\/author\/m-friedrichkirche-hettenhausen-de\/"}]}},"_links":{"self":[{"href":"https:\/\/www.kirche-hettenhausen.de\/site\/wp-json\/wp\/v2\/posts\/4969","targetHints":{"allow":["GET"]}}],"collection":[{"href":"https:\/\/www.kirche-hettenhausen.de\/site\/wp-json\/wp\/v2\/posts"}],"about":[{"href":"https:\/\/www.kirche-hettenhausen.de\/site\/wp-json\/wp\/v2\/types\/post"}],"author":[{"embeddable":true,"href":"https:\/\/www.kirche-hettenhausen.de\/site\/wp-json\/wp\/v2\/users\/2"}],"replies":[{"embeddable":true,"href":"https:\/\/www.kirche-hettenhausen.de\/site\/wp-json\/wp\/v2\/comments?post=4969"}],"version-history":[{"count":6,"href":"https:\/\/www.kirche-hettenhausen.de\/site\/wp-json\/wp\/v2\/posts\/4969\/revisions"}],"predecessor-version":[{"id":4987,"href":"https:\/\/www.kirche-hettenhausen.de\/site\/wp-json\/wp\/v2\/posts\/4969\/revisions\/4987"}],"wp:featuredmedia":[{"embeddable":true,"href":"https:\/\/www.kirche-hettenhausen.de\/site\/wp-json\/wp\/v2\/media\/2768"}],"wp:attachment":[{"href":"https:\/\/www.kirche-hettenhausen.de\/site\/wp-json\/wp\/v2\/media?parent=4969"}],"wp:term":[{"taxonomy":"category","embeddable":true,"href":"https:\/\/www.kirche-hettenhausen.de\/site\/wp-json\/wp\/v2\/categories?post=4969"},{"taxonomy":"post_tag","embeddable":true,"href":"https:\/\/www.kirche-hettenhausen.de\/site\/wp-json\/wp\/v2\/tags?post=4969"}],"curies":[{"name":"wp","href":"https:\/\/api.w.org\/{rel}","templated":true}]}}