{"id":4432,"date":"2020-05-13T06:00:16","date_gmt":"2020-05-13T04:00:16","guid":{"rendered":"https:\/\/kirche-hettenhausen.de\/site\/?p=4432"},"modified":"2021-01-15T16:59:30","modified_gmt":"2021-01-15T15:59:30","slug":"vorstellung-pfrin-nicole-beckmann","status":"publish","type":"post","link":"https:\/\/www.kirche-hettenhausen.de\/site\/2020\/05\/vorstellung-pfrin-nicole-beckmann\/","title":{"rendered":"Vorstellung Pfrin. Nicole Beckmann"},"content":{"rendered":"<p>Liebe Leserin, lieber Leser,<\/p>\n<p>in diesem Gru\u00dfwort darf ich mich bei Ihnen vorstellen. Mein Name ist Nicole Beckmann. Ich bin Pfarrerin und Wirtschaftswissenschaftlerin. Seit September 2019 leite ich im Landeskirchenamt das Referat Wirtschaft-Arbeit-Soziales im Dezernat Bildung. Ich bin 48 Jahre alt und wohne mit meinen Lieben und einer kleinen Tigerkatze in Fulda. Und ich freue mich, dass mir unsere Kirche einen Predigtauftrag im Kirchspiel Hettenhausen-Dalherda \u00fcbertragen hat.<\/p>\n<p>&nbsp;<\/p>\n<div id=\"attachment_4431\" style=\"width: 780px\" class=\"wp-caption alignleft\"><a href=\"https:\/\/www.kirche-hettenhausen.de\/site\/wp-content\/uploads\/2020\/04\/190918_Nicole_Beckmann_04-scaled.jpg\"><img loading=\"lazy\" decoding=\"async\" aria-describedby=\"caption-attachment-4431\" class=\"size-large wp-image-4431\" src=\"https:\/\/www.kirche-hettenhausen.de\/site\/wp-content\/uploads\/2020\/04\/190918_Nicole_Beckmann_04-1024x683.jpg\" alt=\"\" width=\"770\" height=\"514\" \/><\/a><p id=\"caption-attachment-4431\" class=\"wp-caption-text\">Referatsleiterin Wirtschaft, Arbeit und Soziales im Landeskirchenamt<\/p><\/div>\n<p>&nbsp;<\/p>\n<p>&nbsp;<\/p>\n<p>&nbsp;<\/p>\n<p>&nbsp;<\/p>\n<p>&nbsp;<\/p>\n<p>&nbsp;<\/p>\n<p>&nbsp;<\/p>\n<p>&nbsp;<\/p>\n<p>&nbsp;<\/p>\n<p>&nbsp;<\/p>\n<p>&nbsp;<\/p>\n<p>&nbsp;<\/p>\n<p>Der Wind des Wandels weht durch unsere Zeit. W\u00e4hrend ich meinen Gru\u00df an Sie schreibe, tragen Menschen einen Mundschutz zu allt\u00e4glichen Verrichtungen wie Einkaufen und die Fahrt mit dem Bus. Die Sonne scheint von einem strahlend blauen Himmel, und kein einziger Kondensstreifen tr\u00fcbt den Azur.<\/p>\n<p>Ein Virus hat vieles von dem, was uns selbstverst\u00e4ndlich schien, in Frage gestellt. Wir k\u00f6nnen in Verantwortung f\u00fcr die Menschen in unseren Gemeinden keine Gottesdienste in unseren Kirchen feiern. F\u00fcr unsere Amtshandlungen gelten sehr strenge Regeln. \u00dcberall im Land sind Konfirmationen oder Hochzeiten zun\u00e4chst abgesagt. Zugleich besinnt sich unser kirchliches Leben gerade auf die Vielfalt seiner Ausdrucksweisen: Posaunench\u00f6re spielen \u2013 im entsprechenden Abstand voneinander \u2013 vor Altenheimen. Kirchenvorst\u00e4nde treffen Entscheidungen in virtuellen R\u00e4umen. Initiativen und Kreise aus unseren Gemeinden tragen ihre Kreativit\u00e4t ins World Wide Web.<\/p>\n<p>Mitten in diese Zeiten f\u00e4llt ein Datum, das ebenfalls einen allumfassenden Umbruch mindestens f\u00fcr viele Menschen in unserem Land markiert. Anfang Oktober 1990 wurde mit einem Vertrag die Wiedervereinigung der beiden deutschen Staaten besiegelt. Glasnost und Perestroika erreichten ihre politische Kr\u00f6nung. Ein Klima von Aufbruch und euphorischer Freiheit erlebten die einen. Zukunfts\u00e4ngste und Furcht vor dem Morgen trugen andere im Herzen.<\/p>\n<p>\u201eWind of Change\u201c von der Rockband Scorpions wurde zur Hymne der Wiedervereinigung. Das Lied erz\u00e4hlt von den Spuren der Ver\u00e4nderung und f\u00e4ngt mit zarter Sprache etwas von der damals allgegenw\u00e4rtigen Hoffnung wie auch von der Verunsicherung ein. Es spricht von Zukunft und davon, dass Menschen einander wieder nahekommen: \u201ethe world is closing in \/\/ and did you ever think \/\/ that we could be so close \/\/ like brothers?\u201c<\/p>\n<p>F\u00fcr mich klingt das im Fr\u00fchsommer 2020 wie eine unwiderstehliche Hoffnungsbotschaft: Unsere entgrenzte und un\u00fcbersichtliche Welt wird wieder kleiner und vertrauter werden. Es wird ein \u201eneues Normal\u201c kommen und mit ihm neue Begegnungen. Es wird eine Zeit neuer Geschwisterlichkeit sein. Der Wind des Wandels und mit ihm ein gest\u00e4rktes (auch kirchliches) Leben werden sp\u00fcrbar werden.<\/p>\n<p>Schon jetzt gibt es den hoffnungsvollen Blick auf \u201eGottesdienste zum Wiedersehen\u201c. So wie es keinen Glauben ohne tatkr\u00e4ftiges Handeln gibt, brauchen unser Tun, unser Engagement und unsere Kreativit\u00e4t, einen Ort der R\u00fcckversicherung und der Best\u00e4tigung. Gemeinschaftliches Gebet, Gottesdienste und F\u00fcrbitte sind solche Orte. Ich bin davon \u00fcberzeugt, dass wir ein neues Bewusstsein finden f\u00fcr das, was zutiefst menschlich ist. Im \u201eneuen Normal\u201c werden wir uns l\u00f6sen k\u00f6nnen und auch l\u00f6sen m\u00fcssen von \u00dcberzeugungen, die Leben hemmen. Wir werden neue Vergewisserung finden: Dass wir junge Menschen zum Fest der Konfirmation einsegnen werden, kann f\u00fcr Gemeinden zu einem Symbol des Aufbruchs unter dem Zuspruch Gottes werden. Gott spricht: \u201eSiehe, ich mache alles neu.\u201c<\/p>\n<p>Ich freue mich auf gemeinsame Gottesdienste mit Ihnen!<\/p>\n<p>Es gr\u00fc\u00dft Sie<\/p>\n<p>Pfrin. Nicole Beckmann<\/p>\n<p>&nbsp;<\/p>\n<p>&nbsp;<\/p>\n<p><strong>Hintergrundinfo: Was ist ein Predigtauftrag?<\/strong><\/p>\n<p>Einen Predigtauftrag in einer Kirchengemeinde erhalten Pfarrerinnen und Pfarrer, die mit einem allgemeinen kirchlichen Auftrag ihren Dienst im Bereich der Landeskirche aus\u00fcben (Art. 49, Abs. 1 der Grundordnung der EKKW).<\/p>\n<p>Die Bisch\u00f6fin unserer Landeskirche hat Pfrin. Beckmann zum 01.12.2019 diesen Predigtauftrag in unserem Kirchspiel zugewiesen. Der Predigtauftrag sieht vor, dass Pfrin. Beckmann etwa alle 6\u00a0Wochen einen Predigtgottesdienst in den Gemeinden des Kirchspiels Hettenhausen-Dalherda h\u00e4lt. An den Sitzungen des Kirchenvorstands nimmt sie gem\u00e4\u00df Art. 14, Abs. 3 GO mit beratender Stimme teil.<\/p>\n","protected":false},"excerpt":{"rendered":"<p>Liebe Leserin, lieber Leser, in diesem Gru\u00dfwort darf ich mich bei Ihnen vorstellen. Mein Name ist Nicole Beckmann. Ich bin Pfarrerin und Wirtschaftswissenschaftlerin. Seit September 2019 leite ich im Landeskirchenamt das Referat Wirtschaft-Arbeit-Soziales im Dezernat Bildung. Ich bin 48 Jahre alt und wohne mit meinen Lieben und einer kleinen Tigerkatze in Fulda. Und ich freue [&hellip;]<\/p>\n","protected":false},"author":2,"featured_media":4431,"comment_status":"closed","ping_status":"closed","sticky":false,"template":"","format":"standard","meta":{"footnotes":""},"categories":[1,18,22,76,97],"tags":[33,77,59,98,7,34],"class_list":["post-4432","post","type-post","status-publish","format-standard","has-post-thumbnail","hentry","category-allgemein","category-gottesdienst","category-kirche-st-georg","category-kirchenvorstand","category-landeskirche","tag-gottesdienst","tag-kirchenvorstand","tag-kirchspiel","tag-landeskirche","tag-pfarrer","tag-pfarrkirche-st-georg"],"yoast_head":"<!-- This site is optimized with the Yoast SEO plugin v27.4 - https:\/\/yoast.com\/product\/yoast-seo-wordpress\/ -->\n<title>Vorstellung Pfrin. Nicole Beckmann - Ev.-luth. Kirchengemeinde Hettenhausen - Dalherda<\/title>\n<meta name=\"robots\" content=\"index, follow, max-snippet:-1, max-image-preview:large, max-video-preview:-1\" \/>\n<link rel=\"canonical\" href=\"https:\/\/www.kirche-hettenhausen.de\/site\/2020\/05\/vorstellung-pfrin-nicole-beckmann\/\" \/>\n<meta property=\"og:locale\" content=\"de_DE\" \/>\n<meta property=\"og:type\" content=\"article\" \/>\n<meta property=\"og:title\" content=\"Vorstellung Pfrin. Nicole Beckmann - Ev.-luth. Kirchengemeinde Hettenhausen - Dalherda\" \/>\n<meta property=\"og:description\" content=\"Liebe Leserin, lieber Leser, in diesem Gru\u00dfwort darf ich mich bei Ihnen vorstellen. Mein Name ist Nicole Beckmann. Ich bin Pfarrerin und Wirtschaftswissenschaftlerin. Seit September 2019 leite ich im Landeskirchenamt das Referat Wirtschaft-Arbeit-Soziales im Dezernat Bildung. Ich bin 48 Jahre alt und wohne mit meinen Lieben und einer kleinen Tigerkatze in Fulda. Und ich freue [&hellip;]\" \/>\n<meta property=\"og:url\" content=\"https:\/\/www.kirche-hettenhausen.de\/site\/2020\/05\/vorstellung-pfrin-nicole-beckmann\/\" \/>\n<meta property=\"og:site_name\" content=\"Ev.-luth. Kirchengemeinde Hettenhausen - Dalherda\" \/>\n<meta property=\"article:published_time\" content=\"2020-05-13T04:00:16+00:00\" \/>\n<meta property=\"article:modified_time\" content=\"2021-01-15T15:59:30+00:00\" \/>\n<meta property=\"og:image\" content=\"https:\/\/www.kirche-hettenhausen.de\/site\/wp-content\/uploads\/2020\/04\/190918_Nicole_Beckmann_04-scaled-e1688142637142.jpg\" \/>\n\t<meta property=\"og:image:width\" content=\"1177\" \/>\n\t<meta property=\"og:image:height\" content=\"1707\" \/>\n\t<meta property=\"og:image:type\" content=\"image\/jpeg\" \/>\n<meta name=\"author\" content=\"Marion Friedrich\" \/>\n<meta name=\"twitter:card\" content=\"summary_large_image\" \/>\n<meta name=\"twitter:label1\" content=\"Verfasst von\" \/>\n\t<meta name=\"twitter:data1\" content=\"Marion Friedrich\" \/>\n\t<meta name=\"twitter:label2\" content=\"Gesch\u00e4tzte Lesezeit\" \/>\n\t<meta name=\"twitter:data2\" content=\"3\u00a0Minuten\" \/>\n<script type=\"application\/ld+json\" class=\"yoast-schema-graph\">{\"@context\":\"https:\\\/\\\/schema.org\",\"@graph\":[{\"@type\":\"Article\",\"@id\":\"https:\\\/\\\/www.kirche-hettenhausen.de\\\/site\\\/2020\\\/05\\\/vorstellung-pfrin-nicole-beckmann\\\/#article\",\"isPartOf\":{\"@id\":\"https:\\\/\\\/www.kirche-hettenhausen.de\\\/site\\\/2020\\\/05\\\/vorstellung-pfrin-nicole-beckmann\\\/\"},\"author\":{\"name\":\"Marion Friedrich\",\"@id\":\"https:\\\/\\\/www.kirche-hettenhausen.de\\\/site\\\/#\\\/schema\\\/person\\\/7740d89d8f816da861ece2b378a21c57\"},\"headline\":\"Vorstellung Pfrin. Nicole Beckmann\",\"datePublished\":\"2020-05-13T04:00:16+00:00\",\"dateModified\":\"2021-01-15T15:59:30+00:00\",\"mainEntityOfPage\":{\"@id\":\"https:\\\/\\\/www.kirche-hettenhausen.de\\\/site\\\/2020\\\/05\\\/vorstellung-pfrin-nicole-beckmann\\\/\"},\"wordCount\":654,\"image\":{\"@id\":\"https:\\\/\\\/www.kirche-hettenhausen.de\\\/site\\\/2020\\\/05\\\/vorstellung-pfrin-nicole-beckmann\\\/#primaryimage\"},\"thumbnailUrl\":\"https:\\\/\\\/www.kirche-hettenhausen.de\\\/site\\\/wp-content\\\/uploads\\\/2020\\\/04\\\/190918_Nicole_Beckmann_04-scaled-e1688142637142.jpg\",\"keywords\":[\"Gottesdienst\",\"Kirchenvorstand\",\"Kirchspiel\",\"Landeskirche\",\"Pfarrer\",\"Pfarrkirche St. Georg\"],\"articleSection\":{\"1\":\"Gottesdienst\",\"2\":\"Kirche St. Georg\",\"3\":\"Kirchenvorstand\",\"4\":\"Landeskirche\"},\"inLanguage\":\"de\"},{\"@type\":\"WebPage\",\"@id\":\"https:\\\/\\\/www.kirche-hettenhausen.de\\\/site\\\/2020\\\/05\\\/vorstellung-pfrin-nicole-beckmann\\\/\",\"url\":\"https:\\\/\\\/www.kirche-hettenhausen.de\\\/site\\\/2020\\\/05\\\/vorstellung-pfrin-nicole-beckmann\\\/\",\"name\":\"Vorstellung Pfrin. Nicole Beckmann - Ev.-luth. Kirchengemeinde Hettenhausen - Dalherda\",\"isPartOf\":{\"@id\":\"https:\\\/\\\/www.kirche-hettenhausen.de\\\/site\\\/#website\"},\"primaryImageOfPage\":{\"@id\":\"https:\\\/\\\/www.kirche-hettenhausen.de\\\/site\\\/2020\\\/05\\\/vorstellung-pfrin-nicole-beckmann\\\/#primaryimage\"},\"image\":{\"@id\":\"https:\\\/\\\/www.kirche-hettenhausen.de\\\/site\\\/2020\\\/05\\\/vorstellung-pfrin-nicole-beckmann\\\/#primaryimage\"},\"thumbnailUrl\":\"https:\\\/\\\/www.kirche-hettenhausen.de\\\/site\\\/wp-content\\\/uploads\\\/2020\\\/04\\\/190918_Nicole_Beckmann_04-scaled-e1688142637142.jpg\",\"datePublished\":\"2020-05-13T04:00:16+00:00\",\"dateModified\":\"2021-01-15T15:59:30+00:00\",\"author\":{\"@id\":\"https:\\\/\\\/www.kirche-hettenhausen.de\\\/site\\\/#\\\/schema\\\/person\\\/7740d89d8f816da861ece2b378a21c57\"},\"breadcrumb\":{\"@id\":\"https:\\\/\\\/www.kirche-hettenhausen.de\\\/site\\\/2020\\\/05\\\/vorstellung-pfrin-nicole-beckmann\\\/#breadcrumb\"},\"inLanguage\":\"de\",\"potentialAction\":[{\"@type\":\"ReadAction\",\"target\":[\"https:\\\/\\\/www.kirche-hettenhausen.de\\\/site\\\/2020\\\/05\\\/vorstellung-pfrin-nicole-beckmann\\\/\"]}]},{\"@type\":\"ImageObject\",\"inLanguage\":\"de\",\"@id\":\"https:\\\/\\\/www.kirche-hettenhausen.de\\\/site\\\/2020\\\/05\\\/vorstellung-pfrin-nicole-beckmann\\\/#primaryimage\",\"url\":\"https:\\\/\\\/www.kirche-hettenhausen.de\\\/site\\\/wp-content\\\/uploads\\\/2020\\\/04\\\/190918_Nicole_Beckmann_04-scaled-e1688142637142.jpg\",\"contentUrl\":\"https:\\\/\\\/www.kirche-hettenhausen.de\\\/site\\\/wp-content\\\/uploads\\\/2020\\\/04\\\/190918_Nicole_Beckmann_04-scaled-e1688142637142.jpg\",\"width\":1177,\"height\":1707,\"caption\":\"Referatsleiterin Wirtschaft, Arbeit und Soziales im Landeskirchenamt\"},{\"@type\":\"BreadcrumbList\",\"@id\":\"https:\\\/\\\/www.kirche-hettenhausen.de\\\/site\\\/2020\\\/05\\\/vorstellung-pfrin-nicole-beckmann\\\/#breadcrumb\",\"itemListElement\":[{\"@type\":\"ListItem\",\"position\":1,\"name\":\"Startseite\",\"item\":\"https:\\\/\\\/www.kirche-hettenhausen.de\\\/site\\\/\"},{\"@type\":\"ListItem\",\"position\":2,\"name\":\"Vorstellung Pfrin. Nicole Beckmann\"}]},{\"@type\":\"WebSite\",\"@id\":\"https:\\\/\\\/www.kirche-hettenhausen.de\\\/site\\\/#website\",\"url\":\"https:\\\/\\\/www.kirche-hettenhausen.de\\\/site\\\/\",\"name\":\"Ev.-luth. Kirchengemeinde Hettenhausen - Dalherda\",\"description\":\"Homepage der Ev.-luth. Kirchengemeinde Hettenhausen - Dalherda\",\"potentialAction\":[{\"@type\":\"SearchAction\",\"target\":{\"@type\":\"EntryPoint\",\"urlTemplate\":\"https:\\\/\\\/www.kirche-hettenhausen.de\\\/site\\\/?s={search_term_string}\"},\"query-input\":{\"@type\":\"PropertyValueSpecification\",\"valueRequired\":true,\"valueName\":\"search_term_string\"}}],\"inLanguage\":\"de\"},{\"@type\":\"Person\",\"@id\":\"https:\\\/\\\/www.kirche-hettenhausen.de\\\/site\\\/#\\\/schema\\\/person\\\/7740d89d8f816da861ece2b378a21c57\",\"name\":\"Marion Friedrich\",\"url\":\"https:\\\/\\\/www.kirche-hettenhausen.de\\\/site\\\/author\\\/m-friedrichkirche-hettenhausen-de\\\/\"}]}<\/script>\n<!-- \/ Yoast SEO plugin. -->","yoast_head_json":{"title":"Vorstellung Pfrin. Nicole Beckmann - Ev.-luth. Kirchengemeinde Hettenhausen - Dalherda","robots":{"index":"index","follow":"follow","max-snippet":"max-snippet:-1","max-image-preview":"max-image-preview:large","max-video-preview":"max-video-preview:-1"},"canonical":"https:\/\/www.kirche-hettenhausen.de\/site\/2020\/05\/vorstellung-pfrin-nicole-beckmann\/","og_locale":"de_DE","og_type":"article","og_title":"Vorstellung Pfrin. Nicole Beckmann - Ev.-luth. Kirchengemeinde Hettenhausen - Dalherda","og_description":"Liebe Leserin, lieber Leser, in diesem Gru\u00dfwort darf ich mich bei Ihnen vorstellen. Mein Name ist Nicole Beckmann. Ich bin Pfarrerin und Wirtschaftswissenschaftlerin. Seit September 2019 leite ich im Landeskirchenamt das Referat Wirtschaft-Arbeit-Soziales im Dezernat Bildung. Ich bin 48 Jahre alt und wohne mit meinen Lieben und einer kleinen Tigerkatze in Fulda. Und ich freue [&hellip;]","og_url":"https:\/\/www.kirche-hettenhausen.de\/site\/2020\/05\/vorstellung-pfrin-nicole-beckmann\/","og_site_name":"Ev.-luth. Kirchengemeinde Hettenhausen - Dalherda","article_published_time":"2020-05-13T04:00:16+00:00","article_modified_time":"2021-01-15T15:59:30+00:00","og_image":[{"width":1177,"height":1707,"url":"https:\/\/www.kirche-hettenhausen.de\/site\/wp-content\/uploads\/2020\/04\/190918_Nicole_Beckmann_04-scaled-e1688142637142.jpg","type":"image\/jpeg"}],"author":"Marion Friedrich","twitter_card":"summary_large_image","twitter_misc":{"Verfasst von":"Marion Friedrich","Gesch\u00e4tzte Lesezeit":"3\u00a0Minuten"},"schema":{"@context":"https:\/\/schema.org","@graph":[{"@type":"Article","@id":"https:\/\/www.kirche-hettenhausen.de\/site\/2020\/05\/vorstellung-pfrin-nicole-beckmann\/#article","isPartOf":{"@id":"https:\/\/www.kirche-hettenhausen.de\/site\/2020\/05\/vorstellung-pfrin-nicole-beckmann\/"},"author":{"name":"Marion Friedrich","@id":"https:\/\/www.kirche-hettenhausen.de\/site\/#\/schema\/person\/7740d89d8f816da861ece2b378a21c57"},"headline":"Vorstellung Pfrin. Nicole Beckmann","datePublished":"2020-05-13T04:00:16+00:00","dateModified":"2021-01-15T15:59:30+00:00","mainEntityOfPage":{"@id":"https:\/\/www.kirche-hettenhausen.de\/site\/2020\/05\/vorstellung-pfrin-nicole-beckmann\/"},"wordCount":654,"image":{"@id":"https:\/\/www.kirche-hettenhausen.de\/site\/2020\/05\/vorstellung-pfrin-nicole-beckmann\/#primaryimage"},"thumbnailUrl":"https:\/\/www.kirche-hettenhausen.de\/site\/wp-content\/uploads\/2020\/04\/190918_Nicole_Beckmann_04-scaled-e1688142637142.jpg","keywords":["Gottesdienst","Kirchenvorstand","Kirchspiel","Landeskirche","Pfarrer","Pfarrkirche St. Georg"],"articleSection":{"1":"Gottesdienst","2":"Kirche St. Georg","3":"Kirchenvorstand","4":"Landeskirche"},"inLanguage":"de"},{"@type":"WebPage","@id":"https:\/\/www.kirche-hettenhausen.de\/site\/2020\/05\/vorstellung-pfrin-nicole-beckmann\/","url":"https:\/\/www.kirche-hettenhausen.de\/site\/2020\/05\/vorstellung-pfrin-nicole-beckmann\/","name":"Vorstellung Pfrin. Nicole Beckmann - Ev.-luth. Kirchengemeinde Hettenhausen - Dalherda","isPartOf":{"@id":"https:\/\/www.kirche-hettenhausen.de\/site\/#website"},"primaryImageOfPage":{"@id":"https:\/\/www.kirche-hettenhausen.de\/site\/2020\/05\/vorstellung-pfrin-nicole-beckmann\/#primaryimage"},"image":{"@id":"https:\/\/www.kirche-hettenhausen.de\/site\/2020\/05\/vorstellung-pfrin-nicole-beckmann\/#primaryimage"},"thumbnailUrl":"https:\/\/www.kirche-hettenhausen.de\/site\/wp-content\/uploads\/2020\/04\/190918_Nicole_Beckmann_04-scaled-e1688142637142.jpg","datePublished":"2020-05-13T04:00:16+00:00","dateModified":"2021-01-15T15:59:30+00:00","author":{"@id":"https:\/\/www.kirche-hettenhausen.de\/site\/#\/schema\/person\/7740d89d8f816da861ece2b378a21c57"},"breadcrumb":{"@id":"https:\/\/www.kirche-hettenhausen.de\/site\/2020\/05\/vorstellung-pfrin-nicole-beckmann\/#breadcrumb"},"inLanguage":"de","potentialAction":[{"@type":"ReadAction","target":["https:\/\/www.kirche-hettenhausen.de\/site\/2020\/05\/vorstellung-pfrin-nicole-beckmann\/"]}]},{"@type":"ImageObject","inLanguage":"de","@id":"https:\/\/www.kirche-hettenhausen.de\/site\/2020\/05\/vorstellung-pfrin-nicole-beckmann\/#primaryimage","url":"https:\/\/www.kirche-hettenhausen.de\/site\/wp-content\/uploads\/2020\/04\/190918_Nicole_Beckmann_04-scaled-e1688142637142.jpg","contentUrl":"https:\/\/www.kirche-hettenhausen.de\/site\/wp-content\/uploads\/2020\/04\/190918_Nicole_Beckmann_04-scaled-e1688142637142.jpg","width":1177,"height":1707,"caption":"Referatsleiterin Wirtschaft, Arbeit und Soziales im Landeskirchenamt"},{"@type":"BreadcrumbList","@id":"https:\/\/www.kirche-hettenhausen.de\/site\/2020\/05\/vorstellung-pfrin-nicole-beckmann\/#breadcrumb","itemListElement":[{"@type":"ListItem","position":1,"name":"Startseite","item":"https:\/\/www.kirche-hettenhausen.de\/site\/"},{"@type":"ListItem","position":2,"name":"Vorstellung Pfrin. Nicole Beckmann"}]},{"@type":"WebSite","@id":"https:\/\/www.kirche-hettenhausen.de\/site\/#website","url":"https:\/\/www.kirche-hettenhausen.de\/site\/","name":"Ev.-luth. Kirchengemeinde Hettenhausen - Dalherda","description":"Homepage der Ev.-luth. Kirchengemeinde Hettenhausen - Dalherda","potentialAction":[{"@type":"SearchAction","target":{"@type":"EntryPoint","urlTemplate":"https:\/\/www.kirche-hettenhausen.de\/site\/?s={search_term_string}"},"query-input":{"@type":"PropertyValueSpecification","valueRequired":true,"valueName":"search_term_string"}}],"inLanguage":"de"},{"@type":"Person","@id":"https:\/\/www.kirche-hettenhausen.de\/site\/#\/schema\/person\/7740d89d8f816da861ece2b378a21c57","name":"Marion Friedrich","url":"https:\/\/www.kirche-hettenhausen.de\/site\/author\/m-friedrichkirche-hettenhausen-de\/"}]}},"_links":{"self":[{"href":"https:\/\/www.kirche-hettenhausen.de\/site\/wp-json\/wp\/v2\/posts\/4432","targetHints":{"allow":["GET"]}}],"collection":[{"href":"https:\/\/www.kirche-hettenhausen.de\/site\/wp-json\/wp\/v2\/posts"}],"about":[{"href":"https:\/\/www.kirche-hettenhausen.de\/site\/wp-json\/wp\/v2\/types\/post"}],"author":[{"embeddable":true,"href":"https:\/\/www.kirche-hettenhausen.de\/site\/wp-json\/wp\/v2\/users\/2"}],"replies":[{"embeddable":true,"href":"https:\/\/www.kirche-hettenhausen.de\/site\/wp-json\/wp\/v2\/comments?post=4432"}],"version-history":[{"count":12,"href":"https:\/\/www.kirche-hettenhausen.de\/site\/wp-json\/wp\/v2\/posts\/4432\/revisions"}],"predecessor-version":[{"id":4615,"href":"https:\/\/www.kirche-hettenhausen.de\/site\/wp-json\/wp\/v2\/posts\/4432\/revisions\/4615"}],"wp:featuredmedia":[{"embeddable":true,"href":"https:\/\/www.kirche-hettenhausen.de\/site\/wp-json\/wp\/v2\/media\/4431"}],"wp:attachment":[{"href":"https:\/\/www.kirche-hettenhausen.de\/site\/wp-json\/wp\/v2\/media?parent=4432"}],"wp:term":[{"taxonomy":"category","embeddable":true,"href":"https:\/\/www.kirche-hettenhausen.de\/site\/wp-json\/wp\/v2\/categories?post=4432"},{"taxonomy":"post_tag","embeddable":true,"href":"https:\/\/www.kirche-hettenhausen.de\/site\/wp-json\/wp\/v2\/tags?post=4432"}],"curies":[{"name":"wp","href":"https:\/\/api.w.org\/{rel}","templated":true}]}}