{"id":4421,"date":"2020-04-27T08:45:11","date_gmt":"2020-04-27T06:45:11","guid":{"rendered":"https:\/\/kirche-hettenhausen.de\/site\/?p=4421"},"modified":"2021-02-16T21:38:20","modified_gmt":"2021-02-16T20:38:20","slug":"mund-nase-masken-fuer-die-orgel","status":"publish","type":"post","link":"https:\/\/www.kirche-hettenhausen.de\/site\/2020\/04\/mund-nase-masken-fuer-die-orgel\/","title":{"rendered":"Mund-Nase-Masken f\u00fcr die Orgel"},"content":{"rendered":"<p>Aus der Not eine Tugend machen &#8211; darin sind wir Hettenh\u00e4user gut!<\/p>\n<p>Warum also nicht die Maskenpflicht angesichts der Corona-Pandemie nutzen, um ein wenig Geld f\u00fcr unsere Orgel-Renovierung zu generieren?<\/p>\n<p>Ab sofort sind diese wundersch\u00f6nen selbstgen\u00e4hten Mund-Nase-Masken bei Karin Schlag (Ochs) in Hettenhausen gegen eine Spende zu erwerben. Der Erl\u00f6s kommt wie bereits erw\u00e4hnt zu 100 % der diesj\u00e4hrigen Restaurierung unserer Orgel zugute.<\/p>\n<p>Vielen Dank an alle Unterst\u00fctzer. Gemeinsam kriegen wir alles hin!<\/p>\n\n\t\t<style type=\"text\/css\">\n\t\t\t#gallery-1 {\n\t\t\t\tmargin: auto;\n\t\t\t}\n\t\t\t#gallery-1 .gallery-item {\n\t\t\t\tfloat: left;\n\t\t\t\tmargin-top: 10px;\n\t\t\t\ttext-align: center;\n\t\t\t\twidth: 50%;\n\t\t\t}\n\t\t\t#gallery-1 img {\n\t\t\t\tborder: 2px solid #cfcfcf;\n\t\t\t}\n\t\t\t#gallery-1 .gallery-caption {\n\t\t\t\tmargin-left: 0;\n\t\t\t}\n\t\t\t\/* see gallery_shortcode() in wp-includes\/media.php *\/\n\t\t<\/style>\n\t\t<div id='gallery-1' class='gallery galleryid-4421 gallery-columns-2 gallery-size-medium'><dl class='gallery-item'>\n\t\t\t<dt class='gallery-icon portrait'>\n\t\t\t\t<a href='https:\/\/www.kirche-hettenhausen.de\/site\/img-20200426-wa0010\/'><img loading=\"lazy\" decoding=\"async\" width=\"225\" height=\"300\" src=\"https:\/\/www.kirche-hettenhausen.de\/site\/wp-content\/uploads\/2020\/04\/IMG-20200426-WA0010-225x300.jpg\" class=\"attachment-medium size-medium\" alt=\"Orgelprojekt &quot;St. Georg&quot;\" srcset=\"https:\/\/www.kirche-hettenhausen.de\/site\/wp-content\/uploads\/2020\/04\/IMG-20200426-WA0010-225x300.jpg 225w, https:\/\/www.kirche-hettenhausen.de\/site\/wp-content\/uploads\/2020\/04\/IMG-20200426-WA0010-768x1024.jpg 768w, https:\/\/www.kirche-hettenhausen.de\/site\/wp-content\/uploads\/2020\/04\/IMG-20200426-WA0010-1152x1536.jpg 1152w, https:\/\/www.kirche-hettenhausen.de\/site\/wp-content\/uploads\/2020\/04\/IMG-20200426-WA0010.jpg 1200w\" sizes=\"auto, (max-width: 225px) 100vw, 225px\" \/><\/a>\n\t\t\t<\/dt><\/dl><dl class='gallery-item'>\n\t\t\t<dt class='gallery-icon landscape'>\n\t\t\t\t<a href='https:\/\/www.kirche-hettenhausen.de\/site\/img-20200426-wa0011\/'><img loading=\"lazy\" decoding=\"async\" width=\"300\" height=\"225\" src=\"https:\/\/www.kirche-hettenhausen.de\/site\/wp-content\/uploads\/2020\/04\/IMG-20200426-WA0011-300x225.jpg\" class=\"attachment-medium size-medium\" alt=\"Orgelprojekt &quot;St. Georg&quot;\" srcset=\"https:\/\/www.kirche-hettenhausen.de\/site\/wp-content\/uploads\/2020\/04\/IMG-20200426-WA0011-300x225.jpg 300w, https:\/\/www.kirche-hettenhausen.de\/site\/wp-content\/uploads\/2020\/04\/IMG-20200426-WA0011-1024x768.jpg 1024w, https:\/\/www.kirche-hettenhausen.de\/site\/wp-content\/uploads\/2020\/04\/IMG-20200426-WA0011-768x576.jpg 768w, https:\/\/www.kirche-hettenhausen.de\/site\/wp-content\/uploads\/2020\/04\/IMG-20200426-WA0011-1536x1152.jpg 1536w, https:\/\/www.kirche-hettenhausen.de\/site\/wp-content\/uploads\/2020\/04\/IMG-20200426-WA0011.jpg 1600w\" sizes=\"auto, (max-width: 300px) 100vw, 300px\" \/><\/a>\n\t\t\t<\/dt><\/dl><br style=\"clear: both\" \/>\n\t\t<\/div>\n\n<p>&nbsp;<\/p>\n<p style=\"text-align: right;\">(mf)<\/p>\n","protected":false},"excerpt":{"rendered":"<p>Aus der Not eine Tugend machen &#8211; darin sind wir Hettenh\u00e4user gut! Warum also nicht die Maskenpflicht angesichts der Corona-Pandemie nutzen, um ein wenig Geld f\u00fcr unsere Orgel-Renovierung zu generieren? Ab sofort sind diese wundersch\u00f6nen selbstgen\u00e4hten Mund-Nase-Masken bei Karin Schlag (Ochs) in Hettenhausen gegen eine Spende zu erwerben. Der Erl\u00f6s kommt wie bereits erw\u00e4hnt zu [&hellip;]<\/p>\n","protected":false},"author":2,"featured_media":4420,"comment_status":"closed","ping_status":"closed","sticky":false,"template":"","format":"standard","meta":{"footnotes":""},"categories":[1,129,17],"tags":[15,32,128,38],"class_list":["post-4421","post","type-post","status-publish","format-standard","has-post-thumbnail","hentry","category-allgemein","category-hettenhausen","category-orgelprojekt-st-georg","tag-adam-eifert-orgel","tag-corona","tag-hettenhausen","tag-orgelprojekt-st-georg"],"yoast_head":"<!-- This site is optimized with the Yoast SEO plugin v27.4 - https:\/\/yoast.com\/product\/yoast-seo-wordpress\/ -->\n<title>Mund-Nase-Masken f\u00fcr die Orgel - Ev.-luth. Kirchengemeinde Hettenhausen - Dalherda<\/title>\n<meta name=\"robots\" content=\"index, follow, max-snippet:-1, max-image-preview:large, max-video-preview:-1\" \/>\n<link rel=\"canonical\" href=\"https:\/\/www.kirche-hettenhausen.de\/site\/2020\/04\/mund-nase-masken-fuer-die-orgel\/\" \/>\n<meta property=\"og:locale\" content=\"de_DE\" \/>\n<meta property=\"og:type\" content=\"article\" \/>\n<meta property=\"og:title\" content=\"Mund-Nase-Masken f\u00fcr die Orgel - Ev.-luth. Kirchengemeinde Hettenhausen - Dalherda\" \/>\n<meta property=\"og:description\" content=\"Aus der Not eine Tugend machen &#8211; darin sind wir Hettenh\u00e4user gut! Warum also nicht die Maskenpflicht angesichts der Corona-Pandemie nutzen, um ein wenig Geld f\u00fcr unsere Orgel-Renovierung zu generieren? Ab sofort sind diese wundersch\u00f6nen selbstgen\u00e4hten Mund-Nase-Masken bei Karin Schlag (Ochs) in Hettenhausen gegen eine Spende zu erwerben. Der Erl\u00f6s kommt wie bereits erw\u00e4hnt zu [&hellip;]\" \/>\n<meta property=\"og:url\" content=\"https:\/\/www.kirche-hettenhausen.de\/site\/2020\/04\/mund-nase-masken-fuer-die-orgel\/\" \/>\n<meta property=\"og:site_name\" content=\"Ev.-luth. Kirchengemeinde Hettenhausen - Dalherda\" \/>\n<meta property=\"article:published_time\" content=\"2020-04-27T06:45:11+00:00\" \/>\n<meta property=\"article:modified_time\" content=\"2021-02-16T20:38:20+00:00\" \/>\n<meta property=\"og:image\" content=\"https:\/\/www.kirche-hettenhausen.de\/site\/wp-content\/uploads\/2020\/04\/IMG-20200426-WA0010.jpg\" \/>\n\t<meta property=\"og:image:width\" content=\"1200\" \/>\n\t<meta property=\"og:image:height\" content=\"1600\" \/>\n\t<meta property=\"og:image:type\" content=\"image\/jpeg\" \/>\n<meta name=\"author\" content=\"Marion Friedrich\" \/>\n<meta name=\"twitter:card\" content=\"summary_large_image\" \/>\n<meta name=\"twitter:label1\" content=\"Verfasst von\" \/>\n\t<meta name=\"twitter:data1\" content=\"Marion Friedrich\" \/>\n<script type=\"application\/ld+json\" class=\"yoast-schema-graph\">{\"@context\":\"https:\\\/\\\/schema.org\",\"@graph\":[{\"@type\":\"Article\",\"@id\":\"https:\\\/\\\/www.kirche-hettenhausen.de\\\/site\\\/2020\\\/04\\\/mund-nase-masken-fuer-die-orgel\\\/#article\",\"isPartOf\":{\"@id\":\"https:\\\/\\\/www.kirche-hettenhausen.de\\\/site\\\/2020\\\/04\\\/mund-nase-masken-fuer-die-orgel\\\/\"},\"author\":{\"name\":\"Marion Friedrich\",\"@id\":\"https:\\\/\\\/www.kirche-hettenhausen.de\\\/site\\\/#\\\/schema\\\/person\\\/7740d89d8f816da861ece2b378a21c57\"},\"headline\":\"Mund-Nase-Masken f\u00fcr die Orgel\",\"datePublished\":\"2020-04-27T06:45:11+00:00\",\"dateModified\":\"2021-02-16T20:38:20+00:00\",\"mainEntityOfPage\":{\"@id\":\"https:\\\/\\\/www.kirche-hettenhausen.de\\\/site\\\/2020\\\/04\\\/mund-nase-masken-fuer-die-orgel\\\/\"},\"wordCount\":91,\"image\":{\"@id\":\"https:\\\/\\\/www.kirche-hettenhausen.de\\\/site\\\/2020\\\/04\\\/mund-nase-masken-fuer-die-orgel\\\/#primaryimage\"},\"thumbnailUrl\":\"https:\\\/\\\/www.kirche-hettenhausen.de\\\/site\\\/wp-content\\\/uploads\\\/2020\\\/04\\\/IMG-20200426-WA0010.jpg\",\"keywords\":[\"Adam-Eifert-Orgel\",\"Corona\",\"Hettenhausen\",\"Orgelprojekt St. Georg\"],\"articleSection\":{\"1\":\"Hettenhausen\",\"2\":\"Orgelprojekt St. Georg\"},\"inLanguage\":\"de\"},{\"@type\":\"WebPage\",\"@id\":\"https:\\\/\\\/www.kirche-hettenhausen.de\\\/site\\\/2020\\\/04\\\/mund-nase-masken-fuer-die-orgel\\\/\",\"url\":\"https:\\\/\\\/www.kirche-hettenhausen.de\\\/site\\\/2020\\\/04\\\/mund-nase-masken-fuer-die-orgel\\\/\",\"name\":\"Mund-Nase-Masken f\u00fcr die Orgel - Ev.-luth. Kirchengemeinde Hettenhausen - Dalherda\",\"isPartOf\":{\"@id\":\"https:\\\/\\\/www.kirche-hettenhausen.de\\\/site\\\/#website\"},\"primaryImageOfPage\":{\"@id\":\"https:\\\/\\\/www.kirche-hettenhausen.de\\\/site\\\/2020\\\/04\\\/mund-nase-masken-fuer-die-orgel\\\/#primaryimage\"},\"image\":{\"@id\":\"https:\\\/\\\/www.kirche-hettenhausen.de\\\/site\\\/2020\\\/04\\\/mund-nase-masken-fuer-die-orgel\\\/#primaryimage\"},\"thumbnailUrl\":\"https:\\\/\\\/www.kirche-hettenhausen.de\\\/site\\\/wp-content\\\/uploads\\\/2020\\\/04\\\/IMG-20200426-WA0010.jpg\",\"datePublished\":\"2020-04-27T06:45:11+00:00\",\"dateModified\":\"2021-02-16T20:38:20+00:00\",\"author\":{\"@id\":\"https:\\\/\\\/www.kirche-hettenhausen.de\\\/site\\\/#\\\/schema\\\/person\\\/7740d89d8f816da861ece2b378a21c57\"},\"breadcrumb\":{\"@id\":\"https:\\\/\\\/www.kirche-hettenhausen.de\\\/site\\\/2020\\\/04\\\/mund-nase-masken-fuer-die-orgel\\\/#breadcrumb\"},\"inLanguage\":\"de\",\"potentialAction\":[{\"@type\":\"ReadAction\",\"target\":[\"https:\\\/\\\/www.kirche-hettenhausen.de\\\/site\\\/2020\\\/04\\\/mund-nase-masken-fuer-die-orgel\\\/\"]}]},{\"@type\":\"ImageObject\",\"inLanguage\":\"de\",\"@id\":\"https:\\\/\\\/www.kirche-hettenhausen.de\\\/site\\\/2020\\\/04\\\/mund-nase-masken-fuer-die-orgel\\\/#primaryimage\",\"url\":\"https:\\\/\\\/www.kirche-hettenhausen.de\\\/site\\\/wp-content\\\/uploads\\\/2020\\\/04\\\/IMG-20200426-WA0010.jpg\",\"contentUrl\":\"https:\\\/\\\/www.kirche-hettenhausen.de\\\/site\\\/wp-content\\\/uploads\\\/2020\\\/04\\\/IMG-20200426-WA0010.jpg\",\"width\":1200,\"height\":1600,\"caption\":\"Orgelprojekt \\\"St. Georg\\\"\"},{\"@type\":\"BreadcrumbList\",\"@id\":\"https:\\\/\\\/www.kirche-hettenhausen.de\\\/site\\\/2020\\\/04\\\/mund-nase-masken-fuer-die-orgel\\\/#breadcrumb\",\"itemListElement\":[{\"@type\":\"ListItem\",\"position\":1,\"name\":\"Startseite\",\"item\":\"https:\\\/\\\/www.kirche-hettenhausen.de\\\/site\\\/\"},{\"@type\":\"ListItem\",\"position\":2,\"name\":\"Mund-Nase-Masken f\u00fcr die Orgel\"}]},{\"@type\":\"WebSite\",\"@id\":\"https:\\\/\\\/www.kirche-hettenhausen.de\\\/site\\\/#website\",\"url\":\"https:\\\/\\\/www.kirche-hettenhausen.de\\\/site\\\/\",\"name\":\"Ev.-luth. Kirchengemeinde Hettenhausen - Dalherda\",\"description\":\"Homepage der Ev.-luth. Kirchengemeinde Hettenhausen - Dalherda\",\"potentialAction\":[{\"@type\":\"SearchAction\",\"target\":{\"@type\":\"EntryPoint\",\"urlTemplate\":\"https:\\\/\\\/www.kirche-hettenhausen.de\\\/site\\\/?s={search_term_string}\"},\"query-input\":{\"@type\":\"PropertyValueSpecification\",\"valueRequired\":true,\"valueName\":\"search_term_string\"}}],\"inLanguage\":\"de\"},{\"@type\":\"Person\",\"@id\":\"https:\\\/\\\/www.kirche-hettenhausen.de\\\/site\\\/#\\\/schema\\\/person\\\/7740d89d8f816da861ece2b378a21c57\",\"name\":\"Marion Friedrich\",\"url\":\"https:\\\/\\\/www.kirche-hettenhausen.de\\\/site\\\/author\\\/m-friedrichkirche-hettenhausen-de\\\/\"}]}<\/script>\n<!-- \/ Yoast SEO plugin. -->","yoast_head_json":{"title":"Mund-Nase-Masken f\u00fcr die Orgel - Ev.-luth. Kirchengemeinde Hettenhausen - Dalherda","robots":{"index":"index","follow":"follow","max-snippet":"max-snippet:-1","max-image-preview":"max-image-preview:large","max-video-preview":"max-video-preview:-1"},"canonical":"https:\/\/www.kirche-hettenhausen.de\/site\/2020\/04\/mund-nase-masken-fuer-die-orgel\/","og_locale":"de_DE","og_type":"article","og_title":"Mund-Nase-Masken f\u00fcr die Orgel - Ev.-luth. Kirchengemeinde Hettenhausen - Dalherda","og_description":"Aus der Not eine Tugend machen &#8211; darin sind wir Hettenh\u00e4user gut! Warum also nicht die Maskenpflicht angesichts der Corona-Pandemie nutzen, um ein wenig Geld f\u00fcr unsere Orgel-Renovierung zu generieren? Ab sofort sind diese wundersch\u00f6nen selbstgen\u00e4hten Mund-Nase-Masken bei Karin Schlag (Ochs) in Hettenhausen gegen eine Spende zu erwerben. Der Erl\u00f6s kommt wie bereits erw\u00e4hnt zu [&hellip;]","og_url":"https:\/\/www.kirche-hettenhausen.de\/site\/2020\/04\/mund-nase-masken-fuer-die-orgel\/","og_site_name":"Ev.-luth. Kirchengemeinde Hettenhausen - Dalherda","article_published_time":"2020-04-27T06:45:11+00:00","article_modified_time":"2021-02-16T20:38:20+00:00","og_image":[{"width":1200,"height":1600,"url":"https:\/\/www.kirche-hettenhausen.de\/site\/wp-content\/uploads\/2020\/04\/IMG-20200426-WA0010.jpg","type":"image\/jpeg"}],"author":"Marion Friedrich","twitter_card":"summary_large_image","twitter_misc":{"Verfasst von":"Marion Friedrich"},"schema":{"@context":"https:\/\/schema.org","@graph":[{"@type":"Article","@id":"https:\/\/www.kirche-hettenhausen.de\/site\/2020\/04\/mund-nase-masken-fuer-die-orgel\/#article","isPartOf":{"@id":"https:\/\/www.kirche-hettenhausen.de\/site\/2020\/04\/mund-nase-masken-fuer-die-orgel\/"},"author":{"name":"Marion Friedrich","@id":"https:\/\/www.kirche-hettenhausen.de\/site\/#\/schema\/person\/7740d89d8f816da861ece2b378a21c57"},"headline":"Mund-Nase-Masken f\u00fcr die Orgel","datePublished":"2020-04-27T06:45:11+00:00","dateModified":"2021-02-16T20:38:20+00:00","mainEntityOfPage":{"@id":"https:\/\/www.kirche-hettenhausen.de\/site\/2020\/04\/mund-nase-masken-fuer-die-orgel\/"},"wordCount":91,"image":{"@id":"https:\/\/www.kirche-hettenhausen.de\/site\/2020\/04\/mund-nase-masken-fuer-die-orgel\/#primaryimage"},"thumbnailUrl":"https:\/\/www.kirche-hettenhausen.de\/site\/wp-content\/uploads\/2020\/04\/IMG-20200426-WA0010.jpg","keywords":["Adam-Eifert-Orgel","Corona","Hettenhausen","Orgelprojekt St. Georg"],"articleSection":{"1":"Hettenhausen","2":"Orgelprojekt St. Georg"},"inLanguage":"de"},{"@type":"WebPage","@id":"https:\/\/www.kirche-hettenhausen.de\/site\/2020\/04\/mund-nase-masken-fuer-die-orgel\/","url":"https:\/\/www.kirche-hettenhausen.de\/site\/2020\/04\/mund-nase-masken-fuer-die-orgel\/","name":"Mund-Nase-Masken f\u00fcr die Orgel - Ev.-luth. Kirchengemeinde Hettenhausen - Dalherda","isPartOf":{"@id":"https:\/\/www.kirche-hettenhausen.de\/site\/#website"},"primaryImageOfPage":{"@id":"https:\/\/www.kirche-hettenhausen.de\/site\/2020\/04\/mund-nase-masken-fuer-die-orgel\/#primaryimage"},"image":{"@id":"https:\/\/www.kirche-hettenhausen.de\/site\/2020\/04\/mund-nase-masken-fuer-die-orgel\/#primaryimage"},"thumbnailUrl":"https:\/\/www.kirche-hettenhausen.de\/site\/wp-content\/uploads\/2020\/04\/IMG-20200426-WA0010.jpg","datePublished":"2020-04-27T06:45:11+00:00","dateModified":"2021-02-16T20:38:20+00:00","author":{"@id":"https:\/\/www.kirche-hettenhausen.de\/site\/#\/schema\/person\/7740d89d8f816da861ece2b378a21c57"},"breadcrumb":{"@id":"https:\/\/www.kirche-hettenhausen.de\/site\/2020\/04\/mund-nase-masken-fuer-die-orgel\/#breadcrumb"},"inLanguage":"de","potentialAction":[{"@type":"ReadAction","target":["https:\/\/www.kirche-hettenhausen.de\/site\/2020\/04\/mund-nase-masken-fuer-die-orgel\/"]}]},{"@type":"ImageObject","inLanguage":"de","@id":"https:\/\/www.kirche-hettenhausen.de\/site\/2020\/04\/mund-nase-masken-fuer-die-orgel\/#primaryimage","url":"https:\/\/www.kirche-hettenhausen.de\/site\/wp-content\/uploads\/2020\/04\/IMG-20200426-WA0010.jpg","contentUrl":"https:\/\/www.kirche-hettenhausen.de\/site\/wp-content\/uploads\/2020\/04\/IMG-20200426-WA0010.jpg","width":1200,"height":1600,"caption":"Orgelprojekt \"St. Georg\""},{"@type":"BreadcrumbList","@id":"https:\/\/www.kirche-hettenhausen.de\/site\/2020\/04\/mund-nase-masken-fuer-die-orgel\/#breadcrumb","itemListElement":[{"@type":"ListItem","position":1,"name":"Startseite","item":"https:\/\/www.kirche-hettenhausen.de\/site\/"},{"@type":"ListItem","position":2,"name":"Mund-Nase-Masken f\u00fcr die Orgel"}]},{"@type":"WebSite","@id":"https:\/\/www.kirche-hettenhausen.de\/site\/#website","url":"https:\/\/www.kirche-hettenhausen.de\/site\/","name":"Ev.-luth. Kirchengemeinde Hettenhausen - Dalherda","description":"Homepage der Ev.-luth. Kirchengemeinde Hettenhausen - Dalherda","potentialAction":[{"@type":"SearchAction","target":{"@type":"EntryPoint","urlTemplate":"https:\/\/www.kirche-hettenhausen.de\/site\/?s={search_term_string}"},"query-input":{"@type":"PropertyValueSpecification","valueRequired":true,"valueName":"search_term_string"}}],"inLanguage":"de"},{"@type":"Person","@id":"https:\/\/www.kirche-hettenhausen.de\/site\/#\/schema\/person\/7740d89d8f816da861ece2b378a21c57","name":"Marion Friedrich","url":"https:\/\/www.kirche-hettenhausen.de\/site\/author\/m-friedrichkirche-hettenhausen-de\/"}]}},"_links":{"self":[{"href":"https:\/\/www.kirche-hettenhausen.de\/site\/wp-json\/wp\/v2\/posts\/4421","targetHints":{"allow":["GET"]}}],"collection":[{"href":"https:\/\/www.kirche-hettenhausen.de\/site\/wp-json\/wp\/v2\/posts"}],"about":[{"href":"https:\/\/www.kirche-hettenhausen.de\/site\/wp-json\/wp\/v2\/types\/post"}],"author":[{"embeddable":true,"href":"https:\/\/www.kirche-hettenhausen.de\/site\/wp-json\/wp\/v2\/users\/2"}],"replies":[{"embeddable":true,"href":"https:\/\/www.kirche-hettenhausen.de\/site\/wp-json\/wp\/v2\/comments?post=4421"}],"version-history":[{"count":5,"href":"https:\/\/www.kirche-hettenhausen.de\/site\/wp-json\/wp\/v2\/posts\/4421\/revisions"}],"predecessor-version":[{"id":4923,"href":"https:\/\/www.kirche-hettenhausen.de\/site\/wp-json\/wp\/v2\/posts\/4421\/revisions\/4923"}],"wp:featuredmedia":[{"embeddable":true,"href":"https:\/\/www.kirche-hettenhausen.de\/site\/wp-json\/wp\/v2\/media\/4420"}],"wp:attachment":[{"href":"https:\/\/www.kirche-hettenhausen.de\/site\/wp-json\/wp\/v2\/media?parent=4421"}],"wp:term":[{"taxonomy":"category","embeddable":true,"href":"https:\/\/www.kirche-hettenhausen.de\/site\/wp-json\/wp\/v2\/categories?post=4421"},{"taxonomy":"post_tag","embeddable":true,"href":"https:\/\/www.kirche-hettenhausen.de\/site\/wp-json\/wp\/v2\/tags?post=4421"}],"curies":[{"name":"wp","href":"https:\/\/api.w.org\/{rel}","templated":true}]}}