{"id":4202,"date":"2020-05-23T20:00:52","date_gmt":"2020-05-23T18:00:52","guid":{"rendered":"https:\/\/kirche-hettenhausen.de\/site\/?p=4202"},"modified":"2021-02-16T21:37:25","modified_gmt":"2021-02-16T20:37:25","slug":"aktueller-projektstand-zur-orgel-renovierung","status":"publish","type":"post","link":"https:\/\/www.kirche-hettenhausen.de\/site\/2020\/05\/aktueller-projektstand-zur-orgel-renovierung\/","title":{"rendered":"Aktueller Projektstand zur Orgel-Renovierung"},"content":{"rendered":"<p>Es ist wahrscheinlich schon allen aufgefallen, die in unserer Kirche waren und einen Blick hoch zur Empore geworfen haben: Von der Orgel steht momentan nur noch die fast leere H\u00fclle, \u00fcberall auf den Sitzb\u00e4nken bzw. auf der Empore verstreut lagern Pfeifen und sonstige Orgelteile.<\/p>\n<p><!--more--><\/p>\n<p><a href=\"https:\/\/www.kirche-hettenhausen.de\/site\/wp-content\/uploads\/2020\/05\/Orgel-6.jpg\"><img loading=\"lazy\" decoding=\"async\" class=\"aligncenter wp-image-4545 size-full\" src=\"https:\/\/www.kirche-hettenhausen.de\/site\/wp-content\/uploads\/2020\/05\/Orgel-6.jpg\" alt=\"\" width=\"1024\" height=\"768\" srcset=\"https:\/\/www.kirche-hettenhausen.de\/site\/wp-content\/uploads\/2020\/05\/Orgel-6.jpg 1024w, https:\/\/www.kirche-hettenhausen.de\/site\/wp-content\/uploads\/2020\/05\/Orgel-6-300x225.jpg 300w, https:\/\/www.kirche-hettenhausen.de\/site\/wp-content\/uploads\/2020\/05\/Orgel-6-768x576.jpg 768w\" sizes=\"auto, (max-width: 1024px) 100vw, 1024px\" \/><\/a><\/p>\n<p>&nbsp;<\/p>\n<p>Nachdem der Vorversuch mit der R\u00fcckf\u00fchrung des Blasebalgs in den urspr\u00fcnglichen Zustand in Absprache mit dem Landesamt f\u00fcr Denkmalpflege Ende letzten Jahres erfolgreich abgeschlossen werden konnte, geht die Restaurierung unserer Orgel jetzt also in die hei\u00dfe Phase!<\/p>\n<p><a href=\"https:\/\/www.kirche-hettenhausen.de\/site\/wp-content\/uploads\/2020\/05\/Orgel-5.jpg\"><img loading=\"lazy\" decoding=\"async\" class=\"alignleft wp-image-4544 size-medium\" src=\"https:\/\/www.kirche-hettenhausen.de\/site\/wp-content\/uploads\/2020\/05\/Orgel-5-300x225.jpg\" alt=\"\" width=\"300\" height=\"225\" srcset=\"https:\/\/www.kirche-hettenhausen.de\/site\/wp-content\/uploads\/2020\/05\/Orgel-5-300x225.jpg 300w, https:\/\/www.kirche-hettenhausen.de\/site\/wp-content\/uploads\/2020\/05\/Orgel-5-768x576.jpg 768w, https:\/\/www.kirche-hettenhausen.de\/site\/wp-content\/uploads\/2020\/05\/Orgel-5.jpg 1024w\" sizes=\"auto, (max-width: 300px) 100vw, 300px\" \/><\/a>Andreas Hahn, Orgelbaumeister und Chefrestaurator der Firma Jehmlich, war mit einem weiteren Mitarbeiter vor kurzem f\u00fcr eine Woche in Hettenhausen, um mit den Vorarbeiten zu beginnen; sie haben die Orgel im w\u00f6rtlichen Sinne entkernt. Diese vertieften Recherchen und Detailaufnahmen an der Orgel dienten einer vorbereitenden Bestandsaufnahme f\u00fcr die Restaurierung. Ein Teil der Pfeifen und allerlei vom Innenleben sind auf der Empore eingelagert und warten auf die R\u00fcckkehr der Teile, die unsere Orgelbauer nach Dresden mitgenommen haben. Dazu geh\u00f6rt alles, was reparaturbed\u00fcrftig ist oder ersetzt werden muss. Die Pfeifen im Orgelprospekt sind noch hier vor Ort verblieben.<\/p>\n<p>&nbsp;<\/p>\n<p>&nbsp;<\/p>\n<p><a href=\"https:\/\/www.kirche-hettenhausen.de\/site\/wp-content\/uploads\/2020\/05\/Orgel-8-rotated-e1588364512107.jpg\"><img loading=\"lazy\" decoding=\"async\" class=\"alignright wp-image-4547 size-medium\" src=\"https:\/\/www.kirche-hettenhausen.de\/site\/wp-content\/uploads\/2020\/05\/Orgel-8-rotated-e1588364512107-225x300.jpg\" alt=\"\" width=\"225\" height=\"300\" srcset=\"https:\/\/www.kirche-hettenhausen.de\/site\/wp-content\/uploads\/2020\/05\/Orgel-8-rotated-e1588364512107-225x300.jpg 225w, https:\/\/www.kirche-hettenhausen.de\/site\/wp-content\/uploads\/2020\/05\/Orgel-8-rotated-e1588364512107.jpg 768w\" sizes=\"auto, (max-width: 225px) 100vw, 225px\" \/><\/a><\/p>\n<p>Der Transport der Teile von der Empore hinaus aus der Kirche und das sichere Verladen erfolgten mit Unterst\u00fctzung von freiwilligen Helfern aus dem Ort. \u00dcber die Woche wurden die flei\u00dfigen Mitarbeiter der Firma Jehmlich gut versorgt mit Abendessen, Kaffee und selbstgebackenem Kuchen. Und auch von ihrer Unterkunft, in der sie w\u00e4hrend ihres Aufenthalts Domizil bezogen hatten, wurden sie als sehr angenehme G\u00e4ste gelobt. Vielen Dank an dieser Stelle an alle Helfer und Unterst\u00fctzer f\u00fcr ihren Beitrag!<\/p>\n<p>W\u00e4hrend der Woche hat das Licht in der Kirche teilweise sehr lange gebrannt. Am Freitag dann brachen die beiden zeitig wieder auf, um auf dem Weg nach Dresden noch zwei Orgeln von Adam Eifert in Th\u00fcringen zu untersuchen, um weitere Erkenntnisse \u00fcber die Arbeitsweise von Adam Eifert zu gewinnen.<\/p>\n<p>Herr Hahn rechnet damit, dass sie Ende August oder Anfang September wieder in Hettenhausen sein werden. F\u00fcr die Restaurierung haben sich die von Dr. Ortrud W\u00f6rner-Heil im Staatsarchiv Marburg gefundenen Akten zum Bau der Kirche und insbesondere der Orgel als sehr n\u00fctzlich erwiesen. Auf Bitte von Herrn Hahn wird Frau W\u00f6rner-Heil die f\u00fcr ihn wichtigsten Teile zur besseren Lesbarkeit transkribieren.<\/p>\n<p>&nbsp;<\/p>\n<p><a href=\"https:\/\/www.kirche-hettenhausen.de\/site\/wp-content\/uploads\/2020\/05\/Orgel-1-rotated-e1588363720716.jpg\"><img loading=\"lazy\" decoding=\"async\" class=\"alignleft wp-image-4542 size-medium\" src=\"https:\/\/www.kirche-hettenhausen.de\/site\/wp-content\/uploads\/2020\/05\/Orgel-1-rotated-e1588363720716-225x300.jpg\" alt=\"\" width=\"225\" height=\"300\" srcset=\"https:\/\/www.kirche-hettenhausen.de\/site\/wp-content\/uploads\/2020\/05\/Orgel-1-rotated-e1588363720716-225x300.jpg 225w, https:\/\/www.kirche-hettenhausen.de\/site\/wp-content\/uploads\/2020\/05\/Orgel-1-rotated-e1588363720716.jpg 768w\" sizes=\"auto, (max-width: 225px) 100vw, 225px\" \/><\/a>Zwischenzeitlich ist ein stetiger telefonischer bzw. elektronischer Kontakt notwendig zwischen Herrn Hahn und unserer Gemeinde f\u00fcr auftretende R\u00fcckfragen. So war z. B. vor kurzem im Nachgang und in Vorbereitung der zur Ausf\u00fchrung anstehenden Arbeiten eine Frage aufgetaucht bez\u00fcglich der Achslagerbuchsen in den Wellen der Tontraktur. Laut dem Eifertschen Angebot aus dem Jahr 1878, das uns erst jetzt durch die aufschlussreichen Recherchen von Dr. Ortrud W\u00f6rner-Heil zur Verf\u00fcgung steht, sollten hier Lederbuchsen zum Einsatz gekommen sein. Andreas Hahn hatte vorher gefolgert, dass es sich um Pertinax-Buchsen (Phenolharzpappe) handeln m\u00fcsse. Durch die zwischenzeitlich vorliegenden Unterlagen konnte er aber nicht mehr sicher sein, also erhielt Martin Schleicher die Aufgabe, mit telefonischer Anleitung zu pr\u00fcfen, ob es sich bei den Buchsen um ein sehr hartes (Pertinax-) oder ein weiches Material wie Leder (Transmissionsriemenleder) handelt.<\/p>\n<p><a href=\"https:\/\/www.kirche-hettenhausen.de\/site\/wp-content\/uploads\/2020\/05\/Wellenbrett-mit-Markierungspfeil-auf-Welle.jpg\"><img loading=\"lazy\" decoding=\"async\" class=\"alignright wp-image-4549 size-medium\" src=\"https:\/\/www.kirche-hettenhausen.de\/site\/wp-content\/uploads\/2020\/05\/Wellenbrett-mit-Markierungspfeil-auf-Welle-300x225.jpg\" alt=\"\" width=\"300\" height=\"225\" srcset=\"https:\/\/www.kirche-hettenhausen.de\/site\/wp-content\/uploads\/2020\/05\/Wellenbrett-mit-Markierungspfeil-auf-Welle-300x225.jpg 300w, https:\/\/www.kirche-hettenhausen.de\/site\/wp-content\/uploads\/2020\/05\/Wellenbrett-mit-Markierungspfeil-auf-Welle-1024x768.jpg 1024w, https:\/\/www.kirche-hettenhausen.de\/site\/wp-content\/uploads\/2020\/05\/Wellenbrett-mit-Markierungspfeil-auf-Welle-768x576.jpg 768w, https:\/\/www.kirche-hettenhausen.de\/site\/wp-content\/uploads\/2020\/05\/Wellenbrett-mit-Markierungspfeil-auf-Welle.jpg 1280w\" sizes=\"auto, (max-width: 300px) 100vw, 300px\" \/><\/a><\/p>\n<p>F\u00fcr uns Laien sind das sicherlich b\u00f6hmische D\u00f6rfer, aber man erkennt daran, wie akribisch Firma Jehmlich an unsere Orgel herangeht und mit welcher Sorgfalt und historischer Genauigkeit sie restauriert wird. Und dass, obwohl die Orgelbauer erst im Sommer wieder hier vor Ort sein werden, in der Zwischenzeit auch hier immer etwas zu recherchieren oder zu pr\u00fcfen ist. Mal schauen, welche \u00dcberraschungen sich noch auftun.<\/p>\n<p>&nbsp;<\/p>\n<p>&nbsp;<\/p>\n<p><a href=\"https:\/\/www.kirche-hettenhausen.de\/site\/wp-content\/uploads\/2020\/05\/Orgel-3-rotated.jpg\"><img loading=\"lazy\" decoding=\"async\" class=\"alignleft wp-image-4541 size-medium\" src=\"https:\/\/www.kirche-hettenhausen.de\/site\/wp-content\/uploads\/2020\/05\/Orgel-3-300x225.jpg\" alt=\"\" width=\"300\" height=\"225\" srcset=\"https:\/\/www.kirche-hettenhausen.de\/site\/wp-content\/uploads\/2020\/05\/Orgel-3-300x225.jpg 300w, https:\/\/www.kirche-hettenhausen.de\/site\/wp-content\/uploads\/2020\/05\/Orgel-3-768x576.jpg 768w, https:\/\/www.kirche-hettenhausen.de\/site\/wp-content\/uploads\/2020\/05\/Orgel-3-rotated.jpg 1024w\" sizes=\"auto, (max-width: 300px) 100vw, 300px\" \/><\/a>Schon jetzt ist absehbar, dass die Kosten sich erh\u00f6hen werden, da sich mit der Freilegung bisher nicht zug\u00e4nglicher und nicht einsehbarer Bereiche neue Erkenntnisse ergeben haben zu den in der Vergangenheit ausgef\u00fchrten Ver\u00e4nderungen an der Orgel sowie in die individuelle und sehr beengte Bauweise Eiferts in der technischen Orgelanlage. Und leider musste auch Schimmelbefall (insbesondere in den Windladen) festgestellt werden. Erg\u00e4nzt wurde der Erkenntniszugewinn auch durch die Auswertung des originalen Kostenangebots Eiferts aus dem Jahr 1878, weiterer Archivunterlagen aus der Erbauungszeit der Kirche und der Orgel sowie der Besichtigung von Vergleichsorgeln.<\/p>\n<p>Fa. Jehmlich hat der Kirchengemeinde ein ausf\u00fchrliches, transparentes und fundiertes Nachtragsangebot unterbreitet, dessen Mehraufwand sich in der Summe auf ca. 20.000 \u20ac bel\u00e4uft. Der Kirchenvorstand hat im Einvernehmen mit Klaus Vogt, dem Orgelsachverst\u00e4ndigen unseres <a href=\"https:\/\/www.kirche-hettenhausen.de\/site\/wp-content\/uploads\/2020\/05\/Orgel-4-rotated-e1588363948241.jpg\"><img loading=\"lazy\" decoding=\"async\" class=\"alignright wp-image-4543 size-medium\" src=\"https:\/\/www.kirche-hettenhausen.de\/site\/wp-content\/uploads\/2020\/05\/Orgel-4-rotated-e1588363948241-225x300.jpg\" alt=\"\" width=\"225\" height=\"300\" srcset=\"https:\/\/www.kirche-hettenhausen.de\/site\/wp-content\/uploads\/2020\/05\/Orgel-4-rotated-e1588363948241-225x300.jpg 225w, https:\/\/www.kirche-hettenhausen.de\/site\/wp-content\/uploads\/2020\/05\/Orgel-4-rotated-e1588363948241.jpg 768w\" sizes=\"auto, (max-width: 225px) 100vw, 225px\" \/><\/a>Kirchenkreises, sowie dem Orgelprojekt St. Georg diesem Nachtrag zugestimmt und den Auftrag erteilt. Wir sind uns bewusst, dass die Mehrkosten jetzt eine gewisse Herausforderung f\u00fcr uns darstellen, aber wir streben ja eine m\u00f6glichst authentische und vor allem verl\u00e4ssliche Funktion und Wiederherstellung unserer Eifert-Orgel an. Uns allen muss bewusst sein, dass es sich bei unserer Orgel um ein ganz besonderes und bedeutendes kulturhistorisches Instrument handelt, das weitgehend ein Alleinstellungsmerkmal in Deutschland besitzt!<\/p>\n<p>&nbsp;<\/p>\n<p>Die anderen Arbeiten an der Orgel werden z\u00fcgig weitergef\u00fchrt. Die vorhandene Elektrik inkl. Beleuchtung wird von der Firma Elektro-Stolz Hettenhausen demontiert und umgebaut; und auch die Diplom-Restauratorin (FH) Birgit J\u00fcnger aus Th\u00fcringen trifft Vorbereitungen f\u00fcr die Wiederherstellung der urspr\u00fcnglichen Maserung in Holzimitation Nussbaum am Spieltisch sowie weitere Ausbesserungen.<\/p>\n<p>&nbsp;<\/p>\n<p>F\u00fcr die Arbeiten an der Blasebalgkammer im Turm (wo ja jetzt dank des erfolgreichen Vorversuchs der Blasebalg der Orgel wieder in Funktion sein wird) wurden erste Angebote zur Isolierung eingeholt, um die Klimaverh\u00e4ltnisse zwischen dem Kirchenraum und der Kammer zu verbessern.<\/p>\n<p><a href=\"https:\/\/www.kirche-hettenhausen.de\/site\/wp-content\/uploads\/2020\/05\/Blasebalg-1-rotated-e1588363672304.jpg\"><img loading=\"lazy\" decoding=\"async\" class=\"alignleft wp-image-4540 size-medium\" src=\"https:\/\/www.kirche-hettenhausen.de\/site\/wp-content\/uploads\/2020\/05\/Blasebalg-1-rotated-e1588363672304-225x300.jpg\" alt=\"\" width=\"225\" height=\"300\" srcset=\"https:\/\/www.kirche-hettenhausen.de\/site\/wp-content\/uploads\/2020\/05\/Blasebalg-1-rotated-e1588363672304-225x300.jpg 225w, https:\/\/www.kirche-hettenhausen.de\/site\/wp-content\/uploads\/2020\/05\/Blasebalg-1-rotated-e1588363672304.jpg 768w\" sizes=\"auto, (max-width: 225px) 100vw, 225px\" \/><\/a><a href=\"https:\/\/www.kirche-hettenhausen.de\/site\/wp-content\/uploads\/2020\/05\/Blasebalg-2-rotated-e1588363696752.jpg\"><img loading=\"lazy\" decoding=\"async\" class=\"alignleft wp-image-4539 size-medium\" src=\"https:\/\/www.kirche-hettenhausen.de\/site\/wp-content\/uploads\/2020\/05\/Blasebalg-2-rotated-e1588363696752-225x300.jpg\" alt=\"\" width=\"225\" height=\"300\" srcset=\"https:\/\/www.kirche-hettenhausen.de\/site\/wp-content\/uploads\/2020\/05\/Blasebalg-2-rotated-e1588363696752-225x300.jpg 225w, https:\/\/www.kirche-hettenhausen.de\/site\/wp-content\/uploads\/2020\/05\/Blasebalg-2-rotated-e1588363696752.jpg 768w\" sizes=\"auto, (max-width: 225px) 100vw, 225px\" \/><\/a><\/p>\n<p>Die Arbeiten an der Orgel sollen dann im Oktober wie geplant abgeschlossen werden. Daran schlie\u00dft sich, wie bereits im Fr\u00fchjahrskurier angek\u00fcndigt, der Festgottesdienst f\u00fcr die Einweihung der restaurierten Orgel am <strong>Sonntag, den 1. November 2020 um 13:00\u00a0Uhr<\/strong> an, worauf wir uns schon alle freuen!<\/p>\n<p>Weitere Informationen zur Restaurierung, zu den vielf\u00e4ltigen Aktionen, zu den Pfeifenpatenschaften, zum Spendenstand u. v. m. finden Sie auch <strong><a href=\"https:\/\/www.kirche-hettenhausen.de\/site\/unsere-kirche\/orgel-renovierung\/news\/\">hier<\/a><\/strong>.<\/p>\n<p>&nbsp;<\/p>\n<p>&nbsp;<\/p>\n\n\t\t<style type=\"text\/css\">\n\t\t\t#gallery-1 {\n\t\t\t\tmargin: auto;\n\t\t\t}\n\t\t\t#gallery-1 .gallery-item {\n\t\t\t\tfloat: left;\n\t\t\t\tmargin-top: 10px;\n\t\t\t\ttext-align: center;\n\t\t\t\twidth: 20%;\n\t\t\t}\n\t\t\t#gallery-1 img {\n\t\t\t\tborder: 2px solid #cfcfcf;\n\t\t\t}\n\t\t\t#gallery-1 .gallery-caption {\n\t\t\t\tmargin-left: 0;\n\t\t\t}\n\t\t\t\/* see gallery_shortcode() in wp-includes\/media.php *\/\n\t\t<\/style>\n\t\t<div id='gallery-1' class='gallery galleryid-4202 gallery-columns-5 gallery-size-thumbnail'><dl class='gallery-item'>\n\t\t\t<dt class='gallery-icon portrait'>\n\t\t\t\t<a href='https:\/\/www.kirche-hettenhausen.de\/site\/orgel-14\/'><img loading=\"lazy\" decoding=\"async\" width=\"150\" height=\"150\" src=\"https:\/\/www.kirche-hettenhausen.de\/site\/wp-content\/uploads\/2020\/06\/Orgel-14-rotated-e1592597003650-150x150.jpg\" class=\"attachment-thumbnail size-thumbnail\" alt=\"Adam-Eifert-Orgel\" aria-describedby=\"gallery-1-5066\" srcset=\"https:\/\/www.kirche-hettenhausen.de\/site\/wp-content\/uploads\/2020\/06\/Orgel-14-rotated-e1592597003650-150x150.jpg 150w, https:\/\/www.kirche-hettenhausen.de\/site\/wp-content\/uploads\/2020\/06\/Orgel-14-rotated-e1592597003650-260x260.jpg 260w, https:\/\/www.kirche-hettenhausen.de\/site\/wp-content\/uploads\/2020\/06\/Orgel-14-rotated-e1592597003650-65x65.jpg 65w\" sizes=\"auto, (max-width: 150px) 100vw, 150px\" \/><\/a>\n\t\t\t<\/dt>\n\t\t\t\t<dd class='wp-caption-text gallery-caption' id='gallery-1-5066'>\n\t\t\t\tDer Orgelprospekt steht noch!\n\t\t\t\t<\/dd><\/dl><dl class='gallery-item'>\n\t\t\t<dt class='gallery-icon portrait'>\n\t\t\t\t<a href='https:\/\/www.kirche-hettenhausen.de\/site\/orgel-18\/'><img loading=\"lazy\" decoding=\"async\" width=\"150\" height=\"150\" src=\"https:\/\/www.kirche-hettenhausen.de\/site\/wp-content\/uploads\/2020\/06\/Orgel-18-rotated-e1592597338873-150x150.jpg\" class=\"attachment-thumbnail size-thumbnail\" alt=\"Adam-Eifert-Orgel\" aria-describedby=\"gallery-1-5070\" srcset=\"https:\/\/www.kirche-hettenhausen.de\/site\/wp-content\/uploads\/2020\/06\/Orgel-18-rotated-e1592597338873-150x150.jpg 150w, https:\/\/www.kirche-hettenhausen.de\/site\/wp-content\/uploads\/2020\/06\/Orgel-18-rotated-e1592597338873-260x260.jpg 260w, https:\/\/www.kirche-hettenhausen.de\/site\/wp-content\/uploads\/2020\/06\/Orgel-18-rotated-e1592597338873-65x65.jpg 65w\" sizes=\"auto, (max-width: 150px) 100vw, 150px\" \/><\/a>\n\t\t\t<\/dt>\n\t\t\t\t<dd class='wp-caption-text gallery-caption' id='gallery-1-5070'>\n\t\t\t\tSo sieht es im Innern aus&#8230;1\n\t\t\t\t<\/dd><\/dl><dl class='gallery-item'>\n\t\t\t<dt class='gallery-icon portrait'>\n\t\t\t\t<a href='https:\/\/www.kirche-hettenhausen.de\/site\/orgel-16\/'><img loading=\"lazy\" decoding=\"async\" width=\"150\" height=\"150\" src=\"https:\/\/www.kirche-hettenhausen.de\/site\/wp-content\/uploads\/2020\/06\/Orgel-16-rotated-e1592597203453-150x150.jpg\" class=\"attachment-thumbnail size-thumbnail\" alt=\"Adam-Eifert-Orgel\" aria-describedby=\"gallery-1-5068\" srcset=\"https:\/\/www.kirche-hettenhausen.de\/site\/wp-content\/uploads\/2020\/06\/Orgel-16-rotated-e1592597203453-150x150.jpg 150w, https:\/\/www.kirche-hettenhausen.de\/site\/wp-content\/uploads\/2020\/06\/Orgel-16-rotated-e1592597203453-260x260.jpg 260w, https:\/\/www.kirche-hettenhausen.de\/site\/wp-content\/uploads\/2020\/06\/Orgel-16-rotated-e1592597203453-65x65.jpg 65w\" sizes=\"auto, (max-width: 150px) 100vw, 150px\" \/><\/a>\n\t\t\t<\/dt>\n\t\t\t\t<dd class='wp-caption-text gallery-caption' id='gallery-1-5068'>\n\t\t\t\t&#8230;2\n\t\t\t\t<\/dd><\/dl><dl class='gallery-item'>\n\t\t\t<dt class='gallery-icon portrait'>\n\t\t\t\t<a href='https:\/\/www.kirche-hettenhausen.de\/site\/orgel-13\/'><img loading=\"lazy\" decoding=\"async\" width=\"150\" height=\"150\" src=\"https:\/\/www.kirche-hettenhausen.de\/site\/wp-content\/uploads\/2020\/06\/Orgel-13-rotated-e1592596887866-150x150.jpg\" class=\"attachment-thumbnail size-thumbnail\" alt=\"Adam-Eifert-Orgel\" aria-describedby=\"gallery-1-5065\" srcset=\"https:\/\/www.kirche-hettenhausen.de\/site\/wp-content\/uploads\/2020\/06\/Orgel-13-rotated-e1592596887866-150x150.jpg 150w, https:\/\/www.kirche-hettenhausen.de\/site\/wp-content\/uploads\/2020\/06\/Orgel-13-rotated-e1592596887866-260x260.jpg 260w, https:\/\/www.kirche-hettenhausen.de\/site\/wp-content\/uploads\/2020\/06\/Orgel-13-rotated-e1592596887866-65x65.jpg 65w\" sizes=\"auto, (max-width: 150px) 100vw, 150px\" \/><\/a>\n\t\t\t<\/dt>\n\t\t\t\t<dd class='wp-caption-text gallery-caption' id='gallery-1-5065'>\n\t\t\t\t&#8230;3\n\t\t\t\t<\/dd><\/dl><dl class='gallery-item'>\n\t\t\t<dt class='gallery-icon portrait'>\n\t\t\t\t<a href='https:\/\/www.kirche-hettenhausen.de\/site\/orgel-17\/'><img loading=\"lazy\" decoding=\"async\" width=\"150\" height=\"150\" src=\"https:\/\/www.kirche-hettenhausen.de\/site\/wp-content\/uploads\/2020\/06\/Orgel-17-rotated-e1592597264559-150x150.jpg\" class=\"attachment-thumbnail size-thumbnail\" alt=\"Adam-Eifert-Orgel\" aria-describedby=\"gallery-1-5069\" srcset=\"https:\/\/www.kirche-hettenhausen.de\/site\/wp-content\/uploads\/2020\/06\/Orgel-17-rotated-e1592597264559-150x150.jpg 150w, https:\/\/www.kirche-hettenhausen.de\/site\/wp-content\/uploads\/2020\/06\/Orgel-17-rotated-e1592597264559-260x260.jpg 260w, https:\/\/www.kirche-hettenhausen.de\/site\/wp-content\/uploads\/2020\/06\/Orgel-17-rotated-e1592597264559-65x65.jpg 65w\" sizes=\"auto, (max-width: 150px) 100vw, 150px\" \/><\/a>\n\t\t\t<\/dt>\n\t\t\t\t<dd class='wp-caption-text gallery-caption' id='gallery-1-5069'>\n\t\t\t\t&#8230;4\n\t\t\t\t<\/dd><\/dl><br style=\"clear: both\" \/><dl class='gallery-item'>\n\t\t\t<dt class='gallery-icon portrait'>\n\t\t\t\t<a href='https:\/\/www.kirche-hettenhausen.de\/site\/orgel-15\/'><img loading=\"lazy\" decoding=\"async\" width=\"150\" height=\"150\" src=\"https:\/\/www.kirche-hettenhausen.de\/site\/wp-content\/uploads\/2020\/06\/Orgel-15-rotated-e1592597094411-150x150.jpg\" class=\"attachment-thumbnail size-thumbnail\" alt=\"Adam-Eifert-Orgel\" aria-describedby=\"gallery-1-5067\" srcset=\"https:\/\/www.kirche-hettenhausen.de\/site\/wp-content\/uploads\/2020\/06\/Orgel-15-rotated-e1592597094411-150x150.jpg 150w, https:\/\/www.kirche-hettenhausen.de\/site\/wp-content\/uploads\/2020\/06\/Orgel-15-rotated-e1592597094411-260x260.jpg 260w, https:\/\/www.kirche-hettenhausen.de\/site\/wp-content\/uploads\/2020\/06\/Orgel-15-rotated-e1592597094411-65x65.jpg 65w\" sizes=\"auto, (max-width: 150px) 100vw, 150px\" \/><\/a>\n\t\t\t<\/dt>\n\t\t\t\t<dd class='wp-caption-text gallery-caption' id='gallery-1-5067'>\n\t\t\t\t&#8230;5\n\t\t\t\t<\/dd><\/dl><dl class='gallery-item'>\n\t\t\t<dt class='gallery-icon portrait'>\n\t\t\t\t<a href='https:\/\/www.kirche-hettenhausen.de\/site\/orgel-11\/'><img loading=\"lazy\" decoding=\"async\" width=\"150\" height=\"150\" src=\"https:\/\/www.kirche-hettenhausen.de\/site\/wp-content\/uploads\/2020\/06\/Orgel-11-rotated-e1592596734262-150x150.jpg\" class=\"attachment-thumbnail size-thumbnail\" alt=\"Adam-Eifert-Orgel\" aria-describedby=\"gallery-1-5063\" srcset=\"https:\/\/www.kirche-hettenhausen.de\/site\/wp-content\/uploads\/2020\/06\/Orgel-11-rotated-e1592596734262-150x150.jpg 150w, https:\/\/www.kirche-hettenhausen.de\/site\/wp-content\/uploads\/2020\/06\/Orgel-11-rotated-e1592596734262-260x260.jpg 260w, https:\/\/www.kirche-hettenhausen.de\/site\/wp-content\/uploads\/2020\/06\/Orgel-11-rotated-e1592596734262-65x65.jpg 65w\" sizes=\"auto, (max-width: 150px) 100vw, 150px\" \/><\/a>\n\t\t\t<\/dt>\n\t\t\t\t<dd class='wp-caption-text gallery-caption' id='gallery-1-5063'>\n\t\t\t\t&#8230;6\n\t\t\t\t<\/dd><\/dl><dl class='gallery-item'>\n\t\t\t<dt class='gallery-icon portrait'>\n\t\t\t\t<a href='https:\/\/www.kirche-hettenhausen.de\/site\/orgel-10\/'><img loading=\"lazy\" decoding=\"async\" width=\"150\" height=\"150\" src=\"https:\/\/www.kirche-hettenhausen.de\/site\/wp-content\/uploads\/2020\/06\/Orgel-10-150x150.jpg\" class=\"attachment-thumbnail size-thumbnail\" alt=\"Adam-Eifert-Orgel\" aria-describedby=\"gallery-1-5062\" srcset=\"https:\/\/www.kirche-hettenhausen.de\/site\/wp-content\/uploads\/2020\/06\/Orgel-10-150x150.jpg 150w, https:\/\/www.kirche-hettenhausen.de\/site\/wp-content\/uploads\/2020\/06\/Orgel-10-260x260.jpg 260w, https:\/\/www.kirche-hettenhausen.de\/site\/wp-content\/uploads\/2020\/06\/Orgel-10-65x65.jpg 65w\" sizes=\"auto, (max-width: 150px) 100vw, 150px\" \/><\/a>\n\t\t\t<\/dt>\n\t\t\t\t<dd class='wp-caption-text gallery-caption' id='gallery-1-5062'>\n\t\t\t\tPfeifen&#8230;\n\t\t\t\t<\/dd><\/dl><dl class='gallery-item'>\n\t\t\t<dt class='gallery-icon portrait'>\n\t\t\t\t<a href='https:\/\/www.kirche-hettenhausen.de\/site\/orgel-9\/'><img loading=\"lazy\" decoding=\"async\" width=\"150\" height=\"150\" src=\"https:\/\/www.kirche-hettenhausen.de\/site\/wp-content\/uploads\/2020\/06\/Orgel-9-rotated-e1592596194842-150x150.jpg\" class=\"attachment-thumbnail size-thumbnail\" alt=\"Adam-Eifert-Orgel\" aria-describedby=\"gallery-1-5061\" srcset=\"https:\/\/www.kirche-hettenhausen.de\/site\/wp-content\/uploads\/2020\/06\/Orgel-9-rotated-e1592596194842-150x150.jpg 150w, https:\/\/www.kirche-hettenhausen.de\/site\/wp-content\/uploads\/2020\/06\/Orgel-9-rotated-e1592596194842-260x260.jpg 260w, https:\/\/www.kirche-hettenhausen.de\/site\/wp-content\/uploads\/2020\/06\/Orgel-9-rotated-e1592596194842-65x65.jpg 65w\" sizes=\"auto, (max-width: 150px) 100vw, 150px\" \/><\/a>\n\t\t\t<\/dt>\n\t\t\t\t<dd class='wp-caption-text gallery-caption' id='gallery-1-5061'>\n\t\t\t\tPfeifen&#8230;\n\t\t\t\t<\/dd><\/dl><dl class='gallery-item'>\n\t\t\t<dt class='gallery-icon landscape'>\n\t\t\t\t<a href='https:\/\/www.kirche-hettenhausen.de\/site\/orgel-12\/'><img loading=\"lazy\" decoding=\"async\" width=\"150\" height=\"150\" src=\"https:\/\/www.kirche-hettenhausen.de\/site\/wp-content\/uploads\/2020\/06\/Orgel-12-rotated-e1592596804252-150x150.jpg\" class=\"attachment-thumbnail size-thumbnail\" alt=\"Adam-Eifert-Orgel\" aria-describedby=\"gallery-1-5064\" srcset=\"https:\/\/www.kirche-hettenhausen.de\/site\/wp-content\/uploads\/2020\/06\/Orgel-12-rotated-e1592596804252-150x150.jpg 150w, https:\/\/www.kirche-hettenhausen.de\/site\/wp-content\/uploads\/2020\/06\/Orgel-12-rotated-e1592596804252-260x260.jpg 260w, https:\/\/www.kirche-hettenhausen.de\/site\/wp-content\/uploads\/2020\/06\/Orgel-12-rotated-e1592596804252-65x65.jpg 65w\" sizes=\"auto, (max-width: 150px) 100vw, 150px\" \/><\/a>\n\t\t\t<\/dt>\n\t\t\t\t<dd class='wp-caption-text gallery-caption' id='gallery-1-5064'>\n\t\t\t\tnoch mehr Pfeifen\n\t\t\t\t<\/dd><\/dl><br style=\"clear: both\" \/>\n\t\t<\/div>\n\n<p>&nbsp;<\/p>\n<p style=\"text-align: right;\">(mf)<\/p>\n","protected":false},"excerpt":{"rendered":"<p>Es ist wahrscheinlich schon allen aufgefallen, die in unserer Kirche waren und einen Blick hoch zur Empore geworfen haben: Von der Orgel steht momentan nur noch die fast leere H\u00fclle, \u00fcberall auf den Sitzb\u00e4nken bzw. auf der Empore verstreut lagern Pfeifen und sonstige Orgelteile.<\/p>\n","protected":false},"author":2,"featured_media":2574,"comment_status":"closed","ping_status":"closed","sticky":false,"template":"","format":"standard","meta":{"footnotes":""},"categories":[129,22,17],"tags":[15,128,91,38,34],"class_list":["post-4202","post","type-post","status-publish","format-standard","has-post-thumbnail","hentry","category-hettenhausen","category-kirche-st-georg","category-orgelprojekt-st-georg","tag-adam-eifert-orgel","tag-hettenhausen","tag-oekumene","tag-orgelprojekt-st-georg","tag-pfarrkirche-st-georg"],"yoast_head":"<!-- This site is optimized with the Yoast SEO plugin v27.4 - https:\/\/yoast.com\/product\/yoast-seo-wordpress\/ -->\n<title>Aktueller Projektstand zur Orgel-Renovierung - Ev.-luth. Kirchengemeinde Hettenhausen - Dalherda<\/title>\n<meta name=\"robots\" content=\"index, follow, max-snippet:-1, max-image-preview:large, max-video-preview:-1\" \/>\n<link rel=\"canonical\" href=\"https:\/\/www.kirche-hettenhausen.de\/site\/2020\/05\/aktueller-projektstand-zur-orgel-renovierung\/\" \/>\n<meta property=\"og:locale\" content=\"de_DE\" \/>\n<meta property=\"og:type\" content=\"article\" \/>\n<meta property=\"og:title\" content=\"Aktueller Projektstand zur Orgel-Renovierung - Ev.-luth. Kirchengemeinde Hettenhausen - Dalherda\" \/>\n<meta property=\"og:description\" content=\"Es ist wahrscheinlich schon allen aufgefallen, die in unserer Kirche waren und einen Blick hoch zur Empore geworfen haben: Von der Orgel steht momentan nur noch die fast leere H\u00fclle, \u00fcberall auf den Sitzb\u00e4nken bzw. auf der Empore verstreut lagern Pfeifen und sonstige Orgelteile.\" \/>\n<meta property=\"og:url\" content=\"https:\/\/www.kirche-hettenhausen.de\/site\/2020\/05\/aktueller-projektstand-zur-orgel-renovierung\/\" \/>\n<meta property=\"og:site_name\" content=\"Ev.-luth. Kirchengemeinde Hettenhausen - Dalherda\" \/>\n<meta property=\"article:published_time\" content=\"2020-05-23T18:00:52+00:00\" \/>\n<meta property=\"article:modified_time\" content=\"2021-02-16T20:37:25+00:00\" \/>\n<meta property=\"og:image\" content=\"https:\/\/www.kirche-hettenhausen.de\/site\/wp-content\/uploads\/2019\/05\/Logo-Orgelprojekt_1.jpg\" \/>\n\t<meta property=\"og:image:width\" content=\"251\" \/>\n\t<meta property=\"og:image:height\" content=\"142\" \/>\n\t<meta property=\"og:image:type\" content=\"image\/jpeg\" \/>\n<meta name=\"author\" content=\"Marion Friedrich\" \/>\n<meta name=\"twitter:card\" content=\"summary_large_image\" \/>\n<meta name=\"twitter:label1\" content=\"Verfasst von\" \/>\n\t<meta name=\"twitter:data1\" content=\"Marion Friedrich\" \/>\n\t<meta name=\"twitter:label2\" content=\"Gesch\u00e4tzte Lesezeit\" \/>\n\t<meta name=\"twitter:data2\" content=\"5\u00a0Minuten\" \/>\n<script type=\"application\/ld+json\" class=\"yoast-schema-graph\">{\"@context\":\"https:\\\/\\\/schema.org\",\"@graph\":[{\"@type\":\"Article\",\"@id\":\"https:\\\/\\\/www.kirche-hettenhausen.de\\\/site\\\/2020\\\/05\\\/aktueller-projektstand-zur-orgel-renovierung\\\/#article\",\"isPartOf\":{\"@id\":\"https:\\\/\\\/www.kirche-hettenhausen.de\\\/site\\\/2020\\\/05\\\/aktueller-projektstand-zur-orgel-renovierung\\\/\"},\"author\":{\"name\":\"Marion Friedrich\",\"@id\":\"https:\\\/\\\/www.kirche-hettenhausen.de\\\/site\\\/#\\\/schema\\\/person\\\/7740d89d8f816da861ece2b378a21c57\"},\"headline\":\"Aktueller Projektstand zur Orgel-Renovierung\",\"datePublished\":\"2020-05-23T18:00:52+00:00\",\"dateModified\":\"2021-02-16T20:37:25+00:00\",\"mainEntityOfPage\":{\"@id\":\"https:\\\/\\\/www.kirche-hettenhausen.de\\\/site\\\/2020\\\/05\\\/aktueller-projektstand-zur-orgel-renovierung\\\/\"},\"wordCount\":980,\"image\":{\"@id\":\"https:\\\/\\\/www.kirche-hettenhausen.de\\\/site\\\/2020\\\/05\\\/aktueller-projektstand-zur-orgel-renovierung\\\/#primaryimage\"},\"thumbnailUrl\":\"https:\\\/\\\/www.kirche-hettenhausen.de\\\/site\\\/wp-content\\\/uploads\\\/2019\\\/05\\\/Logo-Orgelprojekt_1.jpg\",\"keywords\":[\"Adam-Eifert-Orgel\",\"Hettenhausen\",\"\u00d6kumene\",\"Orgelprojekt St. Georg\",\"Pfarrkirche St. Georg\"],\"articleSection\":[\"Hettenhausen\",\"Kirche St. Georg\",\"Orgelprojekt St. Georg\"],\"inLanguage\":\"de\"},{\"@type\":\"WebPage\",\"@id\":\"https:\\\/\\\/www.kirche-hettenhausen.de\\\/site\\\/2020\\\/05\\\/aktueller-projektstand-zur-orgel-renovierung\\\/\",\"url\":\"https:\\\/\\\/www.kirche-hettenhausen.de\\\/site\\\/2020\\\/05\\\/aktueller-projektstand-zur-orgel-renovierung\\\/\",\"name\":\"Aktueller Projektstand zur Orgel-Renovierung - Ev.-luth. Kirchengemeinde Hettenhausen - Dalherda\",\"isPartOf\":{\"@id\":\"https:\\\/\\\/www.kirche-hettenhausen.de\\\/site\\\/#website\"},\"primaryImageOfPage\":{\"@id\":\"https:\\\/\\\/www.kirche-hettenhausen.de\\\/site\\\/2020\\\/05\\\/aktueller-projektstand-zur-orgel-renovierung\\\/#primaryimage\"},\"image\":{\"@id\":\"https:\\\/\\\/www.kirche-hettenhausen.de\\\/site\\\/2020\\\/05\\\/aktueller-projektstand-zur-orgel-renovierung\\\/#primaryimage\"},\"thumbnailUrl\":\"https:\\\/\\\/www.kirche-hettenhausen.de\\\/site\\\/wp-content\\\/uploads\\\/2019\\\/05\\\/Logo-Orgelprojekt_1.jpg\",\"datePublished\":\"2020-05-23T18:00:52+00:00\",\"dateModified\":\"2021-02-16T20:37:25+00:00\",\"author\":{\"@id\":\"https:\\\/\\\/www.kirche-hettenhausen.de\\\/site\\\/#\\\/schema\\\/person\\\/7740d89d8f816da861ece2b378a21c57\"},\"breadcrumb\":{\"@id\":\"https:\\\/\\\/www.kirche-hettenhausen.de\\\/site\\\/2020\\\/05\\\/aktueller-projektstand-zur-orgel-renovierung\\\/#breadcrumb\"},\"inLanguage\":\"de\",\"potentialAction\":[{\"@type\":\"ReadAction\",\"target\":[\"https:\\\/\\\/www.kirche-hettenhausen.de\\\/site\\\/2020\\\/05\\\/aktueller-projektstand-zur-orgel-renovierung\\\/\"]}]},{\"@type\":\"ImageObject\",\"inLanguage\":\"de\",\"@id\":\"https:\\\/\\\/www.kirche-hettenhausen.de\\\/site\\\/2020\\\/05\\\/aktueller-projektstand-zur-orgel-renovierung\\\/#primaryimage\",\"url\":\"https:\\\/\\\/www.kirche-hettenhausen.de\\\/site\\\/wp-content\\\/uploads\\\/2019\\\/05\\\/Logo-Orgelprojekt_1.jpg\",\"contentUrl\":\"https:\\\/\\\/www.kirche-hettenhausen.de\\\/site\\\/wp-content\\\/uploads\\\/2019\\\/05\\\/Logo-Orgelprojekt_1.jpg\",\"width\":251,\"height\":142},{\"@type\":\"BreadcrumbList\",\"@id\":\"https:\\\/\\\/www.kirche-hettenhausen.de\\\/site\\\/2020\\\/05\\\/aktueller-projektstand-zur-orgel-renovierung\\\/#breadcrumb\",\"itemListElement\":[{\"@type\":\"ListItem\",\"position\":1,\"name\":\"Startseite\",\"item\":\"https:\\\/\\\/www.kirche-hettenhausen.de\\\/site\\\/\"},{\"@type\":\"ListItem\",\"position\":2,\"name\":\"Aktueller Projektstand zur Orgel-Renovierung\"}]},{\"@type\":\"WebSite\",\"@id\":\"https:\\\/\\\/www.kirche-hettenhausen.de\\\/site\\\/#website\",\"url\":\"https:\\\/\\\/www.kirche-hettenhausen.de\\\/site\\\/\",\"name\":\"Ev.-luth. Kirchengemeinde Hettenhausen - Dalherda\",\"description\":\"Homepage der Ev.-luth. Kirchengemeinde Hettenhausen - Dalherda\",\"potentialAction\":[{\"@type\":\"SearchAction\",\"target\":{\"@type\":\"EntryPoint\",\"urlTemplate\":\"https:\\\/\\\/www.kirche-hettenhausen.de\\\/site\\\/?s={search_term_string}\"},\"query-input\":{\"@type\":\"PropertyValueSpecification\",\"valueRequired\":true,\"valueName\":\"search_term_string\"}}],\"inLanguage\":\"de\"},{\"@type\":\"Person\",\"@id\":\"https:\\\/\\\/www.kirche-hettenhausen.de\\\/site\\\/#\\\/schema\\\/person\\\/7740d89d8f816da861ece2b378a21c57\",\"name\":\"Marion Friedrich\",\"url\":\"https:\\\/\\\/www.kirche-hettenhausen.de\\\/site\\\/author\\\/m-friedrichkirche-hettenhausen-de\\\/\"}]}<\/script>\n<!-- \/ Yoast SEO plugin. -->","yoast_head_json":{"title":"Aktueller Projektstand zur Orgel-Renovierung - Ev.-luth. Kirchengemeinde Hettenhausen - Dalherda","robots":{"index":"index","follow":"follow","max-snippet":"max-snippet:-1","max-image-preview":"max-image-preview:large","max-video-preview":"max-video-preview:-1"},"canonical":"https:\/\/www.kirche-hettenhausen.de\/site\/2020\/05\/aktueller-projektstand-zur-orgel-renovierung\/","og_locale":"de_DE","og_type":"article","og_title":"Aktueller Projektstand zur Orgel-Renovierung - Ev.-luth. Kirchengemeinde Hettenhausen - Dalherda","og_description":"Es ist wahrscheinlich schon allen aufgefallen, die in unserer Kirche waren und einen Blick hoch zur Empore geworfen haben: Von der Orgel steht momentan nur noch die fast leere H\u00fclle, \u00fcberall auf den Sitzb\u00e4nken bzw. auf der Empore verstreut lagern Pfeifen und sonstige Orgelteile.","og_url":"https:\/\/www.kirche-hettenhausen.de\/site\/2020\/05\/aktueller-projektstand-zur-orgel-renovierung\/","og_site_name":"Ev.-luth. Kirchengemeinde Hettenhausen - Dalherda","article_published_time":"2020-05-23T18:00:52+00:00","article_modified_time":"2021-02-16T20:37:25+00:00","og_image":[{"width":251,"height":142,"url":"https:\/\/www.kirche-hettenhausen.de\/site\/wp-content\/uploads\/2019\/05\/Logo-Orgelprojekt_1.jpg","type":"image\/jpeg"}],"author":"Marion Friedrich","twitter_card":"summary_large_image","twitter_misc":{"Verfasst von":"Marion Friedrich","Gesch\u00e4tzte Lesezeit":"5\u00a0Minuten"},"schema":{"@context":"https:\/\/schema.org","@graph":[{"@type":"Article","@id":"https:\/\/www.kirche-hettenhausen.de\/site\/2020\/05\/aktueller-projektstand-zur-orgel-renovierung\/#article","isPartOf":{"@id":"https:\/\/www.kirche-hettenhausen.de\/site\/2020\/05\/aktueller-projektstand-zur-orgel-renovierung\/"},"author":{"name":"Marion Friedrich","@id":"https:\/\/www.kirche-hettenhausen.de\/site\/#\/schema\/person\/7740d89d8f816da861ece2b378a21c57"},"headline":"Aktueller Projektstand zur Orgel-Renovierung","datePublished":"2020-05-23T18:00:52+00:00","dateModified":"2021-02-16T20:37:25+00:00","mainEntityOfPage":{"@id":"https:\/\/www.kirche-hettenhausen.de\/site\/2020\/05\/aktueller-projektstand-zur-orgel-renovierung\/"},"wordCount":980,"image":{"@id":"https:\/\/www.kirche-hettenhausen.de\/site\/2020\/05\/aktueller-projektstand-zur-orgel-renovierung\/#primaryimage"},"thumbnailUrl":"https:\/\/www.kirche-hettenhausen.de\/site\/wp-content\/uploads\/2019\/05\/Logo-Orgelprojekt_1.jpg","keywords":["Adam-Eifert-Orgel","Hettenhausen","\u00d6kumene","Orgelprojekt St. Georg","Pfarrkirche St. Georg"],"articleSection":["Hettenhausen","Kirche St. Georg","Orgelprojekt St. Georg"],"inLanguage":"de"},{"@type":"WebPage","@id":"https:\/\/www.kirche-hettenhausen.de\/site\/2020\/05\/aktueller-projektstand-zur-orgel-renovierung\/","url":"https:\/\/www.kirche-hettenhausen.de\/site\/2020\/05\/aktueller-projektstand-zur-orgel-renovierung\/","name":"Aktueller Projektstand zur Orgel-Renovierung - Ev.-luth. Kirchengemeinde Hettenhausen - Dalherda","isPartOf":{"@id":"https:\/\/www.kirche-hettenhausen.de\/site\/#website"},"primaryImageOfPage":{"@id":"https:\/\/www.kirche-hettenhausen.de\/site\/2020\/05\/aktueller-projektstand-zur-orgel-renovierung\/#primaryimage"},"image":{"@id":"https:\/\/www.kirche-hettenhausen.de\/site\/2020\/05\/aktueller-projektstand-zur-orgel-renovierung\/#primaryimage"},"thumbnailUrl":"https:\/\/www.kirche-hettenhausen.de\/site\/wp-content\/uploads\/2019\/05\/Logo-Orgelprojekt_1.jpg","datePublished":"2020-05-23T18:00:52+00:00","dateModified":"2021-02-16T20:37:25+00:00","author":{"@id":"https:\/\/www.kirche-hettenhausen.de\/site\/#\/schema\/person\/7740d89d8f816da861ece2b378a21c57"},"breadcrumb":{"@id":"https:\/\/www.kirche-hettenhausen.de\/site\/2020\/05\/aktueller-projektstand-zur-orgel-renovierung\/#breadcrumb"},"inLanguage":"de","potentialAction":[{"@type":"ReadAction","target":["https:\/\/www.kirche-hettenhausen.de\/site\/2020\/05\/aktueller-projektstand-zur-orgel-renovierung\/"]}]},{"@type":"ImageObject","inLanguage":"de","@id":"https:\/\/www.kirche-hettenhausen.de\/site\/2020\/05\/aktueller-projektstand-zur-orgel-renovierung\/#primaryimage","url":"https:\/\/www.kirche-hettenhausen.de\/site\/wp-content\/uploads\/2019\/05\/Logo-Orgelprojekt_1.jpg","contentUrl":"https:\/\/www.kirche-hettenhausen.de\/site\/wp-content\/uploads\/2019\/05\/Logo-Orgelprojekt_1.jpg","width":251,"height":142},{"@type":"BreadcrumbList","@id":"https:\/\/www.kirche-hettenhausen.de\/site\/2020\/05\/aktueller-projektstand-zur-orgel-renovierung\/#breadcrumb","itemListElement":[{"@type":"ListItem","position":1,"name":"Startseite","item":"https:\/\/www.kirche-hettenhausen.de\/site\/"},{"@type":"ListItem","position":2,"name":"Aktueller Projektstand zur Orgel-Renovierung"}]},{"@type":"WebSite","@id":"https:\/\/www.kirche-hettenhausen.de\/site\/#website","url":"https:\/\/www.kirche-hettenhausen.de\/site\/","name":"Ev.-luth. Kirchengemeinde Hettenhausen - Dalherda","description":"Homepage der Ev.-luth. Kirchengemeinde Hettenhausen - Dalherda","potentialAction":[{"@type":"SearchAction","target":{"@type":"EntryPoint","urlTemplate":"https:\/\/www.kirche-hettenhausen.de\/site\/?s={search_term_string}"},"query-input":{"@type":"PropertyValueSpecification","valueRequired":true,"valueName":"search_term_string"}}],"inLanguage":"de"},{"@type":"Person","@id":"https:\/\/www.kirche-hettenhausen.de\/site\/#\/schema\/person\/7740d89d8f816da861ece2b378a21c57","name":"Marion Friedrich","url":"https:\/\/www.kirche-hettenhausen.de\/site\/author\/m-friedrichkirche-hettenhausen-de\/"}]}},"_links":{"self":[{"href":"https:\/\/www.kirche-hettenhausen.de\/site\/wp-json\/wp\/v2\/posts\/4202","targetHints":{"allow":["GET"]}}],"collection":[{"href":"https:\/\/www.kirche-hettenhausen.de\/site\/wp-json\/wp\/v2\/posts"}],"about":[{"href":"https:\/\/www.kirche-hettenhausen.de\/site\/wp-json\/wp\/v2\/types\/post"}],"author":[{"embeddable":true,"href":"https:\/\/www.kirche-hettenhausen.de\/site\/wp-json\/wp\/v2\/users\/2"}],"replies":[{"embeddable":true,"href":"https:\/\/www.kirche-hettenhausen.de\/site\/wp-json\/wp\/v2\/comments?post=4202"}],"version-history":[{"count":25,"href":"https:\/\/www.kirche-hettenhausen.de\/site\/wp-json\/wp\/v2\/posts\/4202\/revisions"}],"predecessor-version":[{"id":5506,"href":"https:\/\/www.kirche-hettenhausen.de\/site\/wp-json\/wp\/v2\/posts\/4202\/revisions\/5506"}],"wp:featuredmedia":[{"embeddable":true,"href":"https:\/\/www.kirche-hettenhausen.de\/site\/wp-json\/wp\/v2\/media\/2574"}],"wp:attachment":[{"href":"https:\/\/www.kirche-hettenhausen.de\/site\/wp-json\/wp\/v2\/media?parent=4202"}],"wp:term":[{"taxonomy":"category","embeddable":true,"href":"https:\/\/www.kirche-hettenhausen.de\/site\/wp-json\/wp\/v2\/categories?post=4202"},{"taxonomy":"post_tag","embeddable":true,"href":"https:\/\/www.kirche-hettenhausen.de\/site\/wp-json\/wp\/v2\/tags?post=4202"}],"curies":[{"name":"wp","href":"https:\/\/api.w.org\/{rel}","templated":true}]}}