{"id":3639,"date":"2020-01-11T20:49:47","date_gmt":"2020-01-11T19:49:47","guid":{"rendered":"https:\/\/kirche-hettenhausen.de\/site\/?p=3639"},"modified":"2021-02-16T21:39:24","modified_gmt":"2021-02-16T20:39:24","slug":"gottesdienst-zum-1-advent-mit-adventsmarkt","status":"publish","type":"post","link":"https:\/\/www.kirche-hettenhausen.de\/site\/2020\/01\/gottesdienst-zum-1-advent-mit-adventsmarkt\/","title":{"rendered":"Gottesdienst zum 1. Advent mit Adventsmarkt"},"content":{"rendered":"<p>Wie es in unserer Kirchengemeinde Tradition ist, wurden am 1.\u00a0Dezember 2019, also am 1. Advent, die neuen Konfirmandinnen und Konfirmanden der Gemeinde in einem musikalischen Gottesdienst vorgestellt und in ihre 1\u00bd j\u00e4hrige Konfizeit eingef\u00fchrt.<!--more--> Begleitet wurde der Gottesdienst vom Kirchenchor, dem Gesangverein Hettenhausen, der Gitarrengruppe \u201eSaite an Saite\u201c sowie Toni Will an der Orgel.<\/p>\n<p>Und doch war etwas besonders an diesem Tag: unsere langj\u00e4hrige Mitarbeiterin Claudette Hernandez wurde aus unserer Gemeinde verabschiedet. Als Pfarramtssekret\u00e4rin war sie 22 Jahre dienstags und donnerstags oft f\u00fcr alle, die etwas von \u201eKirche\u201c wollten, die erste Anlaufstelle. Der Publikumsverkehr machte oft einen Gro\u00dfteil ihrer Arbeit aus. Stets hatte sie ein offenes Ohr f\u00fcr die Anliegen der Menschen in der Gemeinde. Immer freundlich und zuvorkommend ist sie f\u00fcr jeden da gewesen. Und so nebenbei erledigte sie dann noch all die eigentlichen zahlreichen Aufgaben einer Sekret\u00e4rin.<\/p>\n<p>Vier Pfarrerwechsel hat sie miterlebt und oft gab es dazwischen auch eine Vakanz, in der durch ihr Wissen, ihr Engagement viel geregelt und gekl\u00e4rt werden konnte, so dass das Gemeindeleben in dieser Zeit nahtlos weiterlief. In ihrer Zeit hier in Hettenhausen zog auch die digitale B\u00fcrotechnik ein. Intranet und einiges mehr haben die ein oder andere Geduldsprobe von ihr abgefordert. Aber auch die alten Kirchenb\u00fccher wurden durch sie sorgf\u00e4ltig aktualisiert und gepflegt. Man sp\u00fcrte, dass sie ihre Aufgaben als Gemeindesekret\u00e4rin gerne erledigte und gerne den Kontakt zur Gemeinde pflegte.<\/p>\n<p><img decoding=\"async\" class=\"aligncenter\" src=\"https:\/\/www.kirche-hettenhausen.de\/site\/wp-content\/uploads\/2020\/01\/DSC07689_1.jpg\" alt=\"\" \/><\/p>\n<p>Frau Hernandez, Sie werden uns fehlen! Herzlichen Dank im Namen der Kirchengemeinde f\u00fcr alles und wir w\u00fcnschen Ihnen auf diesem Weg nochmals Gottes reichen Segen auf Ihrem weiteren Lebensweg.<\/p>\n<p>Nach der Verabschiedung folgte Gott sei Dank auch eine Neuanstellung. Aus Kostengr\u00fcnden ist dies in der heutigen Zeit nicht selbstverst\u00e4ndlich. Wir freuen uns daher, mit Silke Vey die neue Gemeindesekret\u00e4rin und damit Nachfolgerin von Claudette Hernandez vorstellen zu d\u00fcrfen. Sie ist seit dem 15.10.2019 in unserem Gemeindeb\u00fcro t\u00e4tig. Neue \u00d6ffnungszeiten f\u00fcr das B\u00fcro gibt es auch: dienstags von 16:00 bis 18:00 Uhr und donnerstags von 9:30 bis 13:30 Uhr. Wir hei\u00dfen Silke Vey herzlich willkommen und freuen uns auf eine gute Zusammenarbeit.<\/p>\n<p>&nbsp;<\/p>\n<p>&nbsp;<\/p>\n<p><img decoding=\"async\" class=\"alignleft\" src=\"https:\/\/www.kirche-hettenhausen.de\/site\/wp-content\/uploads\/2020\/01\/DSC07705_1.jpg\" alt=\"\" \/><\/p>\n<p>Im Anschluss an den Gottesdienst waren alle herzlich dazu eingeladen, sich auf dem Adventsmarkt rund um Pfarrhaus und Martin-Luther-Haus Bratw\u00fcrstchen, Veggie-Burger und Waffeln schmecken zu lassen. Nat\u00fcrlich war auch f\u00fcr hei\u00dfe und kalte Getr\u00e4nke gesorgt. Daneben wurden wie in jedem Jahr selbstgebackene Pl\u00e4tzchen zum Verkauf angeboten.<\/p>\n<p>&nbsp;<\/p>\n<p>&nbsp;<\/p>\n<p>&nbsp;<\/p>\n<p>Die Bastelgruppe, die im vergangenen Jahr unz\u00e4hlige Stunden damit verbracht hat, ganz unterschiedliche Sachen zugunsten der Orgel-Renovierung zu basteln, zu n\u00e4hen, zu stricken, zu h\u00e4keln, zu gestalten, hatte auch am Adventsmarkt wieder einen Stand und man konnte hier nach kleinen Geschenken Ausschau halten oder auch ganz praktische Dinge erwerben wie ein w\u00e4rmendes Stirnband, Taschen oder exklusive Topflappen mit dem Logo unserer Kirche. Vielen Dank f\u00fcr diesen Ideenreichtum!<\/p>\n<p>&nbsp;<\/p>\n<p><img loading=\"lazy\" decoding=\"async\" class=\"alignnone\" src=\"https:\/\/www.kirche-hettenhausen.de\/site\/wp-content\/uploads\/2020\/01\/DSC07691_1.jpg\" alt=\"\" width=\"448\" height=\"299\" \/><\/p>\n<p><img loading=\"lazy\" decoding=\"async\" class=\"alignnone\" src=\"https:\/\/www.kirche-hettenhausen.de\/site\/wp-content\/uploads\/2020\/01\/DSC07726_1.jpg\" alt=\"\" width=\"448\" height=\"299\" \/><\/p>\n<p>&nbsp;<\/p>\n<p>&nbsp;<\/p>\n<p><img decoding=\"async\" class=\"alignright\" src=\"https:\/\/www.kirche-hettenhausen.de\/site\/wp-content\/uploads\/2020\/01\/DSC07718_1.jpg\" alt=\"\" \/><\/p>\n<p>F\u00fcr alle, die noch keinen Adventskalender hatten, sorgten Helmut M\u00fcller und Christian Frohnapfel f\u00fcr eine kurzweilige Belustigung am Markt und eine starke Einnahme f\u00fcr unsere Orgel. Die beiden priesen erfolgreich den von Silke Eller, geb. Lehmann toll gestalteten und gestifteten Adventskalender zur Versteigerung an. Eine wirklich tolle Idee zur Adventszeit und ein willkommenes Geschenk f\u00fcr die liebe Ehefrau zuhause \ud83d\ude42<\/p>\n<p>&nbsp;<\/p>\n<p>&nbsp;<\/p>\n<p>&nbsp;<\/p>\n<p>&nbsp;<\/p>\n<p>Der Markt fand wieder regen Anklang und daher konnten wir einen unglaublichen Gesamterl\u00f6s von 1.916,45 \u20ac erzielen, der f\u00fcr die Restaurierung unserer Orgel in diesem Jahr vorgesehen ist.<\/p>\n<p>Ein herzliches Dankesch\u00f6n an alle, die zum guten Gelingen des Gottesdienstes und des Adventsmarktes beigetragen haben. Und nat\u00fcrlich an die zahlreichen Besucher des Marktes. Bedanken m\u00f6chten wir uns auch ausdr\u00fccklich f\u00fcr die Sachspenden, die uns an diesem Tag erreicht haben. Wir freuen uns, wie sich der j\u00e4hrliche Markt am 1. Advent in unserer Gemeinde etabliert hat und zu einer liebgewordenen Tradition geworden ist.<\/p>\n<p><img decoding=\"async\" class=\"aligncenter\" src=\"https:\/\/www.kirche-hettenhausen.de\/site\/wp-content\/uploads\/2020\/01\/DSC07713_1.jpg\" alt=\"\" \/><\/p>\n<p>&nbsp;<\/p>\n<p style=\"text-align: right;\">(mf)<\/p>\n","protected":false},"excerpt":{"rendered":"<p>Wie es in unserer Kirchengemeinde Tradition ist, wurden am 1.\u00a0Dezember 2019, also am 1. Advent, die neuen Konfirmandinnen und Konfirmanden der Gemeinde in einem musikalischen Gottesdienst vorgestellt und in ihre 1\u00bd j\u00e4hrige Konfizeit eingef\u00fchrt.<\/p>\n","protected":false},"author":2,"featured_media":3510,"comment_status":"closed","ping_status":"closed","sticky":false,"template":"","format":"standard","meta":{"footnotes":""},"categories":[48,18,129,22,21,25],"tags":[15,43,33,128,52,37,91,38,7,34,39],"class_list":["post-3639","post","type-post","status-publish","format-standard","has-post-thumbnail","hentry","category-feier-festtage","category-gottesdienst","category-hettenhausen","category-kirche-st-georg","category-martin-luther-haus","category-veranstaltungen","tag-adam-eifert-orgel","tag-advent","tag-gottesdienst","tag-hettenhausen","tag-kreis-fuer-gemeindearbeit","tag-martin-luther-haus","tag-oekumene","tag-orgelprojekt-st-georg","tag-pfarrer","tag-pfarrkirche-st-georg","tag-veranstaltungen"],"yoast_head":"<!-- This site is optimized with the Yoast SEO plugin v27.4 - https:\/\/yoast.com\/product\/yoast-seo-wordpress\/ -->\n<title>Gottesdienst zum 1. Advent mit Adventsmarkt - Ev.-luth. Kirchengemeinde Hettenhausen - Dalherda<\/title>\n<meta name=\"robots\" content=\"index, follow, max-snippet:-1, max-image-preview:large, max-video-preview:-1\" \/>\n<link rel=\"canonical\" href=\"https:\/\/www.kirche-hettenhausen.de\/site\/2020\/01\/gottesdienst-zum-1-advent-mit-adventsmarkt\/\" \/>\n<meta property=\"og:locale\" content=\"de_DE\" \/>\n<meta property=\"og:type\" content=\"article\" \/>\n<meta property=\"og:title\" content=\"Gottesdienst zum 1. Advent mit Adventsmarkt - Ev.-luth. Kirchengemeinde Hettenhausen - Dalherda\" \/>\n<meta property=\"og:description\" content=\"Wie es in unserer Kirchengemeinde Tradition ist, wurden am 1.\u00a0Dezember 2019, also am 1. Advent, die neuen Konfirmandinnen und Konfirmanden der Gemeinde in einem musikalischen Gottesdienst vorgestellt und in ihre 1\u00bd j\u00e4hrige Konfizeit eingef\u00fchrt.\" \/>\n<meta property=\"og:url\" content=\"https:\/\/www.kirche-hettenhausen.de\/site\/2020\/01\/gottesdienst-zum-1-advent-mit-adventsmarkt\/\" \/>\n<meta property=\"og:site_name\" content=\"Ev.-luth. Kirchengemeinde Hettenhausen - Dalherda\" \/>\n<meta property=\"article:published_time\" content=\"2020-01-11T19:49:47+00:00\" \/>\n<meta property=\"article:modified_time\" content=\"2021-02-16T20:39:24+00:00\" \/>\n<meta property=\"og:image\" content=\"https:\/\/www.kirche-hettenhausen.de\/site\/wp-content\/uploads\/2019\/11\/Plakat2019_klein.jpg\" \/>\n\t<meta property=\"og:image:width\" content=\"945\" \/>\n\t<meta property=\"og:image:height\" content=\"1344\" \/>\n\t<meta property=\"og:image:type\" content=\"image\/jpeg\" \/>\n<meta name=\"author\" content=\"Marion Friedrich\" \/>\n<meta name=\"twitter:card\" content=\"summary_large_image\" \/>\n<meta name=\"twitter:label1\" content=\"Verfasst von\" \/>\n\t<meta name=\"twitter:data1\" content=\"Marion Friedrich\" \/>\n\t<meta name=\"twitter:label2\" content=\"Gesch\u00e4tzte Lesezeit\" \/>\n\t<meta name=\"twitter:data2\" content=\"3\u00a0Minuten\" \/>\n<script type=\"application\/ld+json\" class=\"yoast-schema-graph\">{\"@context\":\"https:\\\/\\\/schema.org\",\"@graph\":[{\"@type\":\"Article\",\"@id\":\"https:\\\/\\\/www.kirche-hettenhausen.de\\\/site\\\/2020\\\/01\\\/gottesdienst-zum-1-advent-mit-adventsmarkt\\\/#article\",\"isPartOf\":{\"@id\":\"https:\\\/\\\/www.kirche-hettenhausen.de\\\/site\\\/2020\\\/01\\\/gottesdienst-zum-1-advent-mit-adventsmarkt\\\/\"},\"author\":{\"name\":\"Marion Friedrich\",\"@id\":\"https:\\\/\\\/www.kirche-hettenhausen.de\\\/site\\\/#\\\/schema\\\/person\\\/7740d89d8f816da861ece2b378a21c57\"},\"headline\":\"Gottesdienst zum 1. Advent mit Adventsmarkt\",\"datePublished\":\"2020-01-11T19:49:47+00:00\",\"dateModified\":\"2021-02-16T20:39:24+00:00\",\"mainEntityOfPage\":{\"@id\":\"https:\\\/\\\/www.kirche-hettenhausen.de\\\/site\\\/2020\\\/01\\\/gottesdienst-zum-1-advent-mit-adventsmarkt\\\/\"},\"wordCount\":660,\"image\":{\"@id\":\"https:\\\/\\\/www.kirche-hettenhausen.de\\\/site\\\/2020\\\/01\\\/gottesdienst-zum-1-advent-mit-adventsmarkt\\\/#primaryimage\"},\"thumbnailUrl\":\"https:\\\/\\\/www.kirche-hettenhausen.de\\\/site\\\/wp-content\\\/uploads\\\/2019\\\/11\\\/Plakat2019_klein.jpg\",\"keywords\":[\"Adam-Eifert-Orgel\",\"Advent\",\"Gottesdienst\",\"Hettenhausen\",\"Kreis f\u00fcr Gemeindearbeit\",\"Martin-Luther-Haus\",\"\u00d6kumene\",\"Orgelprojekt St. Georg\",\"Pfarrer\",\"Pfarrkirche St. Georg\",\"Veranstaltungen\"],\"articleSection\":[\"Feier-\\\/Festtage\",\"Gottesdienst\",\"Hettenhausen\",\"Kirche St. Georg\",\"Martin-Luther-Haus\",\"Veranstaltungen\"],\"inLanguage\":\"de\"},{\"@type\":\"WebPage\",\"@id\":\"https:\\\/\\\/www.kirche-hettenhausen.de\\\/site\\\/2020\\\/01\\\/gottesdienst-zum-1-advent-mit-adventsmarkt\\\/\",\"url\":\"https:\\\/\\\/www.kirche-hettenhausen.de\\\/site\\\/2020\\\/01\\\/gottesdienst-zum-1-advent-mit-adventsmarkt\\\/\",\"name\":\"Gottesdienst zum 1. Advent mit Adventsmarkt - Ev.-luth. Kirchengemeinde Hettenhausen - Dalherda\",\"isPartOf\":{\"@id\":\"https:\\\/\\\/www.kirche-hettenhausen.de\\\/site\\\/#website\"},\"primaryImageOfPage\":{\"@id\":\"https:\\\/\\\/www.kirche-hettenhausen.de\\\/site\\\/2020\\\/01\\\/gottesdienst-zum-1-advent-mit-adventsmarkt\\\/#primaryimage\"},\"image\":{\"@id\":\"https:\\\/\\\/www.kirche-hettenhausen.de\\\/site\\\/2020\\\/01\\\/gottesdienst-zum-1-advent-mit-adventsmarkt\\\/#primaryimage\"},\"thumbnailUrl\":\"https:\\\/\\\/www.kirche-hettenhausen.de\\\/site\\\/wp-content\\\/uploads\\\/2019\\\/11\\\/Plakat2019_klein.jpg\",\"datePublished\":\"2020-01-11T19:49:47+00:00\",\"dateModified\":\"2021-02-16T20:39:24+00:00\",\"author\":{\"@id\":\"https:\\\/\\\/www.kirche-hettenhausen.de\\\/site\\\/#\\\/schema\\\/person\\\/7740d89d8f816da861ece2b378a21c57\"},\"breadcrumb\":{\"@id\":\"https:\\\/\\\/www.kirche-hettenhausen.de\\\/site\\\/2020\\\/01\\\/gottesdienst-zum-1-advent-mit-adventsmarkt\\\/#breadcrumb\"},\"inLanguage\":\"de\",\"potentialAction\":[{\"@type\":\"ReadAction\",\"target\":[\"https:\\\/\\\/www.kirche-hettenhausen.de\\\/site\\\/2020\\\/01\\\/gottesdienst-zum-1-advent-mit-adventsmarkt\\\/\"]}]},{\"@type\":\"ImageObject\",\"inLanguage\":\"de\",\"@id\":\"https:\\\/\\\/www.kirche-hettenhausen.de\\\/site\\\/2020\\\/01\\\/gottesdienst-zum-1-advent-mit-adventsmarkt\\\/#primaryimage\",\"url\":\"https:\\\/\\\/www.kirche-hettenhausen.de\\\/site\\\/wp-content\\\/uploads\\\/2019\\\/11\\\/Plakat2019_klein.jpg\",\"contentUrl\":\"https:\\\/\\\/www.kirche-hettenhausen.de\\\/site\\\/wp-content\\\/uploads\\\/2019\\\/11\\\/Plakat2019_klein.jpg\",\"width\":945,\"height\":1344,\"caption\":\"Adventsmarkt 2019\"},{\"@type\":\"BreadcrumbList\",\"@id\":\"https:\\\/\\\/www.kirche-hettenhausen.de\\\/site\\\/2020\\\/01\\\/gottesdienst-zum-1-advent-mit-adventsmarkt\\\/#breadcrumb\",\"itemListElement\":[{\"@type\":\"ListItem\",\"position\":1,\"name\":\"Startseite\",\"item\":\"https:\\\/\\\/www.kirche-hettenhausen.de\\\/site\\\/\"},{\"@type\":\"ListItem\",\"position\":2,\"name\":\"Gottesdienst zum 1. Advent mit Adventsmarkt\"}]},{\"@type\":\"WebSite\",\"@id\":\"https:\\\/\\\/www.kirche-hettenhausen.de\\\/site\\\/#website\",\"url\":\"https:\\\/\\\/www.kirche-hettenhausen.de\\\/site\\\/\",\"name\":\"Ev.-luth. Kirchengemeinde Hettenhausen - Dalherda\",\"description\":\"Homepage der Ev.-luth. Kirchengemeinde Hettenhausen - Dalherda\",\"potentialAction\":[{\"@type\":\"SearchAction\",\"target\":{\"@type\":\"EntryPoint\",\"urlTemplate\":\"https:\\\/\\\/www.kirche-hettenhausen.de\\\/site\\\/?s={search_term_string}\"},\"query-input\":{\"@type\":\"PropertyValueSpecification\",\"valueRequired\":true,\"valueName\":\"search_term_string\"}}],\"inLanguage\":\"de\"},{\"@type\":\"Person\",\"@id\":\"https:\\\/\\\/www.kirche-hettenhausen.de\\\/site\\\/#\\\/schema\\\/person\\\/7740d89d8f816da861ece2b378a21c57\",\"name\":\"Marion Friedrich\",\"url\":\"https:\\\/\\\/www.kirche-hettenhausen.de\\\/site\\\/author\\\/m-friedrichkirche-hettenhausen-de\\\/\"}]}<\/script>\n<!-- \/ Yoast SEO plugin. -->","yoast_head_json":{"title":"Gottesdienst zum 1. Advent mit Adventsmarkt - Ev.-luth. Kirchengemeinde Hettenhausen - Dalherda","robots":{"index":"index","follow":"follow","max-snippet":"max-snippet:-1","max-image-preview":"max-image-preview:large","max-video-preview":"max-video-preview:-1"},"canonical":"https:\/\/www.kirche-hettenhausen.de\/site\/2020\/01\/gottesdienst-zum-1-advent-mit-adventsmarkt\/","og_locale":"de_DE","og_type":"article","og_title":"Gottesdienst zum 1. Advent mit Adventsmarkt - Ev.-luth. Kirchengemeinde Hettenhausen - Dalherda","og_description":"Wie es in unserer Kirchengemeinde Tradition ist, wurden am 1.\u00a0Dezember 2019, also am 1. Advent, die neuen Konfirmandinnen und Konfirmanden der Gemeinde in einem musikalischen Gottesdienst vorgestellt und in ihre 1\u00bd j\u00e4hrige Konfizeit eingef\u00fchrt.","og_url":"https:\/\/www.kirche-hettenhausen.de\/site\/2020\/01\/gottesdienst-zum-1-advent-mit-adventsmarkt\/","og_site_name":"Ev.-luth. Kirchengemeinde Hettenhausen - Dalherda","article_published_time":"2020-01-11T19:49:47+00:00","article_modified_time":"2021-02-16T20:39:24+00:00","og_image":[{"width":945,"height":1344,"url":"https:\/\/www.kirche-hettenhausen.de\/site\/wp-content\/uploads\/2019\/11\/Plakat2019_klein.jpg","type":"image\/jpeg"}],"author":"Marion Friedrich","twitter_card":"summary_large_image","twitter_misc":{"Verfasst von":"Marion Friedrich","Gesch\u00e4tzte Lesezeit":"3\u00a0Minuten"},"schema":{"@context":"https:\/\/schema.org","@graph":[{"@type":"Article","@id":"https:\/\/www.kirche-hettenhausen.de\/site\/2020\/01\/gottesdienst-zum-1-advent-mit-adventsmarkt\/#article","isPartOf":{"@id":"https:\/\/www.kirche-hettenhausen.de\/site\/2020\/01\/gottesdienst-zum-1-advent-mit-adventsmarkt\/"},"author":{"name":"Marion Friedrich","@id":"https:\/\/www.kirche-hettenhausen.de\/site\/#\/schema\/person\/7740d89d8f816da861ece2b378a21c57"},"headline":"Gottesdienst zum 1. Advent mit Adventsmarkt","datePublished":"2020-01-11T19:49:47+00:00","dateModified":"2021-02-16T20:39:24+00:00","mainEntityOfPage":{"@id":"https:\/\/www.kirche-hettenhausen.de\/site\/2020\/01\/gottesdienst-zum-1-advent-mit-adventsmarkt\/"},"wordCount":660,"image":{"@id":"https:\/\/www.kirche-hettenhausen.de\/site\/2020\/01\/gottesdienst-zum-1-advent-mit-adventsmarkt\/#primaryimage"},"thumbnailUrl":"https:\/\/www.kirche-hettenhausen.de\/site\/wp-content\/uploads\/2019\/11\/Plakat2019_klein.jpg","keywords":["Adam-Eifert-Orgel","Advent","Gottesdienst","Hettenhausen","Kreis f\u00fcr Gemeindearbeit","Martin-Luther-Haus","\u00d6kumene","Orgelprojekt St. Georg","Pfarrer","Pfarrkirche St. Georg","Veranstaltungen"],"articleSection":["Feier-\/Festtage","Gottesdienst","Hettenhausen","Kirche St. Georg","Martin-Luther-Haus","Veranstaltungen"],"inLanguage":"de"},{"@type":"WebPage","@id":"https:\/\/www.kirche-hettenhausen.de\/site\/2020\/01\/gottesdienst-zum-1-advent-mit-adventsmarkt\/","url":"https:\/\/www.kirche-hettenhausen.de\/site\/2020\/01\/gottesdienst-zum-1-advent-mit-adventsmarkt\/","name":"Gottesdienst zum 1. Advent mit Adventsmarkt - Ev.-luth. Kirchengemeinde Hettenhausen - Dalherda","isPartOf":{"@id":"https:\/\/www.kirche-hettenhausen.de\/site\/#website"},"primaryImageOfPage":{"@id":"https:\/\/www.kirche-hettenhausen.de\/site\/2020\/01\/gottesdienst-zum-1-advent-mit-adventsmarkt\/#primaryimage"},"image":{"@id":"https:\/\/www.kirche-hettenhausen.de\/site\/2020\/01\/gottesdienst-zum-1-advent-mit-adventsmarkt\/#primaryimage"},"thumbnailUrl":"https:\/\/www.kirche-hettenhausen.de\/site\/wp-content\/uploads\/2019\/11\/Plakat2019_klein.jpg","datePublished":"2020-01-11T19:49:47+00:00","dateModified":"2021-02-16T20:39:24+00:00","author":{"@id":"https:\/\/www.kirche-hettenhausen.de\/site\/#\/schema\/person\/7740d89d8f816da861ece2b378a21c57"},"breadcrumb":{"@id":"https:\/\/www.kirche-hettenhausen.de\/site\/2020\/01\/gottesdienst-zum-1-advent-mit-adventsmarkt\/#breadcrumb"},"inLanguage":"de","potentialAction":[{"@type":"ReadAction","target":["https:\/\/www.kirche-hettenhausen.de\/site\/2020\/01\/gottesdienst-zum-1-advent-mit-adventsmarkt\/"]}]},{"@type":"ImageObject","inLanguage":"de","@id":"https:\/\/www.kirche-hettenhausen.de\/site\/2020\/01\/gottesdienst-zum-1-advent-mit-adventsmarkt\/#primaryimage","url":"https:\/\/www.kirche-hettenhausen.de\/site\/wp-content\/uploads\/2019\/11\/Plakat2019_klein.jpg","contentUrl":"https:\/\/www.kirche-hettenhausen.de\/site\/wp-content\/uploads\/2019\/11\/Plakat2019_klein.jpg","width":945,"height":1344,"caption":"Adventsmarkt 2019"},{"@type":"BreadcrumbList","@id":"https:\/\/www.kirche-hettenhausen.de\/site\/2020\/01\/gottesdienst-zum-1-advent-mit-adventsmarkt\/#breadcrumb","itemListElement":[{"@type":"ListItem","position":1,"name":"Startseite","item":"https:\/\/www.kirche-hettenhausen.de\/site\/"},{"@type":"ListItem","position":2,"name":"Gottesdienst zum 1. Advent mit Adventsmarkt"}]},{"@type":"WebSite","@id":"https:\/\/www.kirche-hettenhausen.de\/site\/#website","url":"https:\/\/www.kirche-hettenhausen.de\/site\/","name":"Ev.-luth. Kirchengemeinde Hettenhausen - Dalherda","description":"Homepage der Ev.-luth. Kirchengemeinde Hettenhausen - Dalherda","potentialAction":[{"@type":"SearchAction","target":{"@type":"EntryPoint","urlTemplate":"https:\/\/www.kirche-hettenhausen.de\/site\/?s={search_term_string}"},"query-input":{"@type":"PropertyValueSpecification","valueRequired":true,"valueName":"search_term_string"}}],"inLanguage":"de"},{"@type":"Person","@id":"https:\/\/www.kirche-hettenhausen.de\/site\/#\/schema\/person\/7740d89d8f816da861ece2b378a21c57","name":"Marion Friedrich","url":"https:\/\/www.kirche-hettenhausen.de\/site\/author\/m-friedrichkirche-hettenhausen-de\/"}]}},"_links":{"self":[{"href":"https:\/\/www.kirche-hettenhausen.de\/site\/wp-json\/wp\/v2\/posts\/3639","targetHints":{"allow":["GET"]}}],"collection":[{"href":"https:\/\/www.kirche-hettenhausen.de\/site\/wp-json\/wp\/v2\/posts"}],"about":[{"href":"https:\/\/www.kirche-hettenhausen.de\/site\/wp-json\/wp\/v2\/types\/post"}],"author":[{"embeddable":true,"href":"https:\/\/www.kirche-hettenhausen.de\/site\/wp-json\/wp\/v2\/users\/2"}],"replies":[{"embeddable":true,"href":"https:\/\/www.kirche-hettenhausen.de\/site\/wp-json\/wp\/v2\/comments?post=3639"}],"version-history":[{"count":17,"href":"https:\/\/www.kirche-hettenhausen.de\/site\/wp-json\/wp\/v2\/posts\/3639\/revisions"}],"predecessor-version":[{"id":4930,"href":"https:\/\/www.kirche-hettenhausen.de\/site\/wp-json\/wp\/v2\/posts\/3639\/revisions\/4930"}],"wp:featuredmedia":[{"embeddable":true,"href":"https:\/\/www.kirche-hettenhausen.de\/site\/wp-json\/wp\/v2\/media\/3510"}],"wp:attachment":[{"href":"https:\/\/www.kirche-hettenhausen.de\/site\/wp-json\/wp\/v2\/media?parent=3639"}],"wp:term":[{"taxonomy":"category","embeddable":true,"href":"https:\/\/www.kirche-hettenhausen.de\/site\/wp-json\/wp\/v2\/categories?post=3639"},{"taxonomy":"post_tag","embeddable":true,"href":"https:\/\/www.kirche-hettenhausen.de\/site\/wp-json\/wp\/v2\/tags?post=3639"}],"curies":[{"name":"wp","href":"https:\/\/api.w.org\/{rel}","templated":true}]}}