{"id":3618,"date":"2020-01-27T20:50:39","date_gmt":"2020-01-27T19:50:39","guid":{"rendered":"https:\/\/kirche-hettenhausen.de\/site\/?p=3618"},"modified":"2021-07-04T07:03:03","modified_gmt":"2021-07-04T05:03:03","slug":"kooperationsraum-rhoen-2","status":"publish","type":"post","link":"https:\/\/www.kirche-hettenhausen.de\/site\/2020\/01\/kooperationsraum-rhoen-2\/","title":{"rendered":"Kooperationsraum Rh\u00f6n"},"content":{"rendered":"<h2>An dieser Stelle m\u00f6chten wir Sie \u00fcber aktuelle Veranstaltungen und Aktionen der Kirchengemeinden aus unserem <a href=\"https:\/\/www.kirche-hettenhausen.de\/site\/kontakt\/kooperationsraum-rhoen\/\">Kooperationsraum Rh\u00f6n<\/a> informieren.<\/h2>\n<p>&nbsp;<\/p>\n<p>&nbsp;<\/p>\n<h3><img decoding=\"async\" class=\"alignright\" src=\"https:\/\/www.kirche-hettenhausen.de\/site\/wp-content\/uploads\/2020\/01\/Bach2020-Logo-gr%C3%BCn_2.png\" alt=\"\" \/><\/h3>\n<p>&nbsp;<\/p>\n<p>&nbsp;<\/p>\n<p>&nbsp;<\/p>\n<h1 style=\"text-align: center;\"><span style=\"color: #db1385;\">&#8222;BACH 2020&#8220;: Musik f\u00fcr alle &#8211; mitten in der Rh\u00f6n<\/span><\/h1>\n<p><!--more--><\/p>\n<h3>200. Todestag von Johann Michael Bach (1745-1820), dem &#8222;Tanner Bach&#8220;<\/h3>\n<p>Kooperationsraum \u2013 dieser etwas sperrige Begriff meint die Zusammenarbeit benachbarter Gemeinden in den Bereichen, in denen es m\u00f6glich ist und Sinn macht, Kr\u00e4fte zu b\u00fcndeln. Auch wenn der Begriff relativ neu erscheint, so sind Kooperationen doch etwas sehr Altes und Bew\u00e4hrtes. Das macht sie m\u00f6glicherweise zu etwas Zukunftstr\u00e4chtigem \u2013 auch f\u00fcr die Kirche.<\/p>\n<p>Musik ist immer Kooperation: Wer Musik macht, tut das selten alleine. Musik macht man gemeinsam. Musik hat immer einen sozialen Aspekt; es geht um ein Miteinander, aus dem etwas Sch\u00f6nes hervorgeht.<\/p>\n<p>Kooperation war auch ein Anliegen des \u201eTanner Bach\u201c. Aber wer war das eigentlich?<\/p>\n<p>Johann Michael Bach (1745-1820) wurde in Struth bei Schmalkalden geboren und verbrachte nach Reisen durch Europa zwei l\u00e4ngere Phasen seines Lebens, n\u00e4mlich von 1768 bis 1778 und dann noch einmal von 1785 bis 1795 als Kantor in der Rh\u00f6nstadt. Hier hat er die Kirchenmusik entscheidend mitgepr\u00e4gt. Am 13. Juni 1820 starb er in Elberfeld, einem Stadtteil des heutigen Wuppertal. Er geh\u00f6rt zu den wenigen Mitgliedern der Bach-Familie, deren Leben sich nicht ausschlie\u00dflich im geographisch engr\u00e4umigen Th\u00fcringen abspielte: Johann Michael hielt sich \u201edaheim im Vaterlande, bald auch in England und selbst auf dem fernen Hoffnungs-Kap\u201c [&#8230;] ebenso auf wie \u201ein entlegenen Gegenden Teutschlands [sic!] und in der Schweiz\u201c (Auszug aus dem Nachruf in der \u201eAllgemeinen Zeitung\u201c Elberfeld vom 15. Juni 1820); und \u00fcberall war er als Musiker t\u00e4tig.<\/p>\n<p>Was macht nun Johann Michael zu einem Kooperations-Vorbild? Er schaute \u00fcber den eigenen Tellerrand hinaus. Er reiste, um zu lernen und um Erfahrungen zu sammeln. Er scheiterte aber auch und musste sich neu orientieren. \u00dcberall aber, wo er war, war er auf Kooperationspartner angewiesen: Wenn er eigene Werke auff\u00fchrte, ben\u00f6tigte er Musiker; wenn er ver\u00f6ffentlichte, brauchte er Verleger und K\u00e4ufer; wenn er lernte, brauchte er Lehrer; wenn er lehrte, brauchte er Sch\u00fcler; usw. Und all das hat er geschafft. Sein Mut, seine Tatkraft und sein Anspruch machen ihn auch zu einem Vorbild f\u00fcr den Kooperationsraum Rh\u00f6n. Wenn wir \u00fcber unseren eigenen Tellerrand hinausschauen, voneinander lernen und miteinander agieren, k\u00f6nnen wir alle nur gewinnen!<\/p>\n<p>Umso herzlicher lade ich Sie alle ein zu den Veranstaltungen von \u201eBach 2020\u201c, die an den 200. Todestag des \u201eTanner Bach\u201c erinnern. Die Tanner Kirchenmusik plant einen Kantatenzyklus, bei dem alle elf noch erhaltenen und bisher bekannten geistlichen Kantaten von verschiedenen Ch\u00f6ren der Region aufgef\u00fchrt werden; es gibt Projektch\u00f6re und auch ein Festwochenende. Dazu haben wir uns auch Kooperationspartner gesucht: Professoren, Studenten und Absolventen der Theologischen Fakult\u00e4t Fulda gestalten Impulse zu den Kantaten; Sch\u00fclerinnen und Sch\u00fcler der Wigbertschule H\u00fcnfeld sind p\u00e4dagogisch in die kulturelle Arbeit eingebunden worden und \u00fcbernehmen die technische Betreuung der Veranstaltungen; dem Kultur- und Geschichtsverein Tann ist die lokale und regionale Verankerung des \u201eTanner Bach\u201c ein besonderes Anliegen.<\/p>\n<p>N\u00e4here Informationen zum Jahresprogramm entnehmen Sie bitte dem <strong><a href=\"https:\/\/www.kirche-hettenhausen.de\/site\/wp-content\/uploads\/2020\/03\/flyer-bach-2020-final4.pdf\" target=\"_blank\" rel=\"noopener noreferrer\">Flyer<\/a><\/strong>.<\/p>\n<p style=\"text-align: right;\">(Kantor Thomas N\u00fcdling, Tann)<\/p>\n<p>&nbsp;<\/p>\n<p><strong>Kontakt:<\/strong><br \/>\nEvangelische Kirche Tann<br \/>\nKirchenchor<br \/>\nAnnastra\u00dfe 6<br \/>\n36142 Tann (Rh\u00f6n)<br \/>\nTelefon: <a href=\"tel:+496682266\">+49 (0) 6682 266<\/a><br \/>\nE-Mail: <strong><a href=\"mailto:info@bach2020.de\" target=\"_blank\" rel=\"noopener noreferrer\">info@bach2020.de<\/a><\/strong><\/p>\n<h4><a href=\"https:\/\/www.bach2020.de\" target=\"_blank\" rel=\"noopener noreferrer\">www.bach2020.de<\/a><\/h4>\n<p>&nbsp;<\/p>\n\n\t\t<style type=\"text\/css\">\n\t\t\t#gallery-1 {\n\t\t\t\tmargin: auto;\n\t\t\t}\n\t\t\t#gallery-1 .gallery-item {\n\t\t\t\tfloat: left;\n\t\t\t\tmargin-top: 10px;\n\t\t\t\ttext-align: center;\n\t\t\t\twidth: 100%;\n\t\t\t}\n\t\t\t#gallery-1 img {\n\t\t\t\tborder: 2px solid #cfcfcf;\n\t\t\t}\n\t\t\t#gallery-1 .gallery-caption {\n\t\t\t\tmargin-left: 0;\n\t\t\t}\n\t\t\t\/* see gallery_shortcode() in wp-includes\/media.php *\/\n\t\t<\/style>\n\t\t<div id='gallery-1' class='gallery galleryid-3618 gallery-columns-1 gallery-size-full'><dl class='gallery-item'>\n\t\t\t<dt class='gallery-icon landscape'>\n\t\t\t\t<a href='https:\/\/www.kirche-hettenhausen.de\/site\/kirchenchor-und-rathgeberensemble-beim-eroeffnungskonzert-am-5-januar-2020_foto-von-gerhard-gilbert_1\/'><img loading=\"lazy\" decoding=\"async\" width=\"448\" height=\"299\" src=\"https:\/\/www.kirche-hettenhausen.de\/site\/wp-content\/uploads\/2020\/01\/Kirchenchor-und-Rathgeberensemble-beim-Er\u00f6ffnungskonzert-am-5.-Januar-2020_Foto-von-Gerhard-Gilbert_1.jpg\" class=\"attachment-full size-full\" alt=\"Thomas N\u00fcdling, Bach 2020\" aria-describedby=\"gallery-1-3649\" srcset=\"https:\/\/www.kirche-hettenhausen.de\/site\/wp-content\/uploads\/2020\/01\/Kirchenchor-und-Rathgeberensemble-beim-Er\u00f6ffnungskonzert-am-5.-Januar-2020_Foto-von-Gerhard-Gilbert_1.jpg 448w, https:\/\/www.kirche-hettenhausen.de\/site\/wp-content\/uploads\/2020\/01\/Kirchenchor-und-Rathgeberensemble-beim-Er\u00f6ffnungskonzert-am-5.-Januar-2020_Foto-von-Gerhard-Gilbert_1-300x200.jpg 300w\" sizes=\"auto, (max-width: 448px) 100vw, 448px\" \/><\/a>\n\t\t\t<\/dt>\n\t\t\t\t<dd class='wp-caption-text gallery-caption' id='gallery-1-3649'>\n\t\t\t\tEr\u00f6ffnungskonzert  am 5. Januar 2020 in der Stadtkirche Tann_Foto von Gerhard Gilbert\n\t\t\t\t<\/dd><\/dl><br style=\"clear: both\" \/>\n\t\t<\/div>\n\n<h4><\/h4>\n<p>&nbsp;<\/p>\n<p>&nbsp;<\/p>\n<p><strong>Corona hat den Organisatoren einen Strich durch die Planungen gemacht. Die Konzertreihe musste leider abgesagt bzw. verschoben werden. Diese sollen aber voraussichtlich nachgeholt werden, sobald es wieder m\u00f6glich ist.<br \/>\n<\/strong><\/p>\n<p>&nbsp;<\/p>\n<p style=\"text-align: right;\">(mf)<\/p>\n","protected":false},"excerpt":{"rendered":"<p>An dieser Stelle m\u00f6chten wir Sie \u00fcber aktuelle Veranstaltungen und Aktionen der Kirchengemeinden aus unserem Kooperationsraum Rh\u00f6n informieren. &nbsp; &nbsp; &nbsp; &nbsp; &nbsp; &#8222;BACH 2020&#8220;: Musik f\u00fcr alle &#8211; mitten in der Rh\u00f6n<\/p>\n","protected":false},"author":2,"featured_media":3665,"comment_status":"closed","ping_status":"closed","sticky":false,"template":"","format":"standard","meta":{"footnotes":""},"categories":[24,25],"tags":[42,32,30,91,39],"class_list":["post-3618","post","type-post","status-publish","format-standard","has-post-thumbnail","hentry","category-kooperationsraum-rhoen","category-veranstaltungen","tag-bach-2020","tag-corona","tag-kooperationsraum-rhoen","tag-oekumene","tag-veranstaltungen"],"yoast_head":"<!-- This site is optimized with the Yoast SEO plugin v27.4 - https:\/\/yoast.com\/product\/yoast-seo-wordpress\/ -->\n<title>Kooperationsraum Rh\u00f6n - Ev.-luth. Kirchengemeinde Hettenhausen - Dalherda<\/title>\n<meta name=\"robots\" content=\"index, follow, max-snippet:-1, max-image-preview:large, max-video-preview:-1\" \/>\n<link rel=\"canonical\" href=\"https:\/\/www.kirche-hettenhausen.de\/site\/2020\/01\/kooperationsraum-rhoen-2\/\" \/>\n<meta property=\"og:locale\" content=\"de_DE\" \/>\n<meta property=\"og:type\" content=\"article\" \/>\n<meta property=\"og:title\" content=\"Kooperationsraum Rh\u00f6n - Ev.-luth. Kirchengemeinde Hettenhausen - Dalherda\" \/>\n<meta property=\"og:description\" content=\"An dieser Stelle m\u00f6chten wir Sie \u00fcber aktuelle Veranstaltungen und Aktionen der Kirchengemeinden aus unserem Kooperationsraum Rh\u00f6n informieren. &nbsp; &nbsp; &nbsp; &nbsp; &nbsp; &#8222;BACH 2020&#8220;: Musik f\u00fcr alle &#8211; mitten in der Rh\u00f6n\" \/>\n<meta property=\"og:url\" content=\"https:\/\/www.kirche-hettenhausen.de\/site\/2020\/01\/kooperationsraum-rhoen-2\/\" \/>\n<meta property=\"og:site_name\" content=\"Ev.-luth. Kirchengemeinde Hettenhausen - Dalherda\" \/>\n<meta property=\"article:published_time\" content=\"2020-01-27T19:50:39+00:00\" \/>\n<meta property=\"article:modified_time\" content=\"2021-07-04T05:03:03+00:00\" \/>\n<meta property=\"og:image\" content=\"https:\/\/www.kirche-hettenhausen.de\/site\/wp-content\/uploads\/2020\/01\/Bach2020-Logo-gr\u00fcn_2.png\" \/>\n\t<meta property=\"og:image:width\" content=\"134\" \/>\n\t<meta property=\"og:image:height\" content=\"95\" \/>\n\t<meta property=\"og:image:type\" content=\"image\/png\" \/>\n<meta name=\"author\" content=\"Marion Friedrich\" \/>\n<meta name=\"twitter:card\" content=\"summary_large_image\" \/>\n<meta name=\"twitter:label1\" content=\"Verfasst von\" \/>\n\t<meta name=\"twitter:data1\" content=\"Marion Friedrich\" \/>\n\t<meta name=\"twitter:label2\" content=\"Gesch\u00e4tzte Lesezeit\" \/>\n\t<meta name=\"twitter:data2\" content=\"3\u00a0Minuten\" \/>\n<script type=\"application\/ld+json\" class=\"yoast-schema-graph\">{\"@context\":\"https:\\\/\\\/schema.org\",\"@graph\":[{\"@type\":\"Article\",\"@id\":\"https:\\\/\\\/www.kirche-hettenhausen.de\\\/site\\\/2020\\\/01\\\/kooperationsraum-rhoen-2\\\/#article\",\"isPartOf\":{\"@id\":\"https:\\\/\\\/www.kirche-hettenhausen.de\\\/site\\\/2020\\\/01\\\/kooperationsraum-rhoen-2\\\/\"},\"author\":{\"name\":\"Marion Friedrich\",\"@id\":\"https:\\\/\\\/www.kirche-hettenhausen.de\\\/site\\\/#\\\/schema\\\/person\\\/7740d89d8f816da861ece2b378a21c57\"},\"headline\":\"Kooperationsraum Rh\u00f6n\",\"datePublished\":\"2020-01-27T19:50:39+00:00\",\"dateModified\":\"2021-07-04T05:03:03+00:00\",\"mainEntityOfPage\":{\"@id\":\"https:\\\/\\\/www.kirche-hettenhausen.de\\\/site\\\/2020\\\/01\\\/kooperationsraum-rhoen-2\\\/\"},\"wordCount\":590,\"image\":{\"@id\":\"https:\\\/\\\/www.kirche-hettenhausen.de\\\/site\\\/2020\\\/01\\\/kooperationsraum-rhoen-2\\\/#primaryimage\"},\"thumbnailUrl\":\"https:\\\/\\\/www.kirche-hettenhausen.de\\\/site\\\/wp-content\\\/uploads\\\/2020\\\/01\\\/Bach2020-Logo-gr\u00fcn_2.png\",\"keywords\":[\"Bach 2020\",\"Corona\",\"Kooperationsraum Rh\u00f6n\",\"\u00d6kumene\",\"Veranstaltungen\"],\"articleSection\":[\"Kooperationsraum Rh\u00f6n\",\"Veranstaltungen\"],\"inLanguage\":\"de\"},{\"@type\":\"WebPage\",\"@id\":\"https:\\\/\\\/www.kirche-hettenhausen.de\\\/site\\\/2020\\\/01\\\/kooperationsraum-rhoen-2\\\/\",\"url\":\"https:\\\/\\\/www.kirche-hettenhausen.de\\\/site\\\/2020\\\/01\\\/kooperationsraum-rhoen-2\\\/\",\"name\":\"Kooperationsraum Rh\u00f6n - Ev.-luth. Kirchengemeinde Hettenhausen - Dalherda\",\"isPartOf\":{\"@id\":\"https:\\\/\\\/www.kirche-hettenhausen.de\\\/site\\\/#website\"},\"primaryImageOfPage\":{\"@id\":\"https:\\\/\\\/www.kirche-hettenhausen.de\\\/site\\\/2020\\\/01\\\/kooperationsraum-rhoen-2\\\/#primaryimage\"},\"image\":{\"@id\":\"https:\\\/\\\/www.kirche-hettenhausen.de\\\/site\\\/2020\\\/01\\\/kooperationsraum-rhoen-2\\\/#primaryimage\"},\"thumbnailUrl\":\"https:\\\/\\\/www.kirche-hettenhausen.de\\\/site\\\/wp-content\\\/uploads\\\/2020\\\/01\\\/Bach2020-Logo-gr\u00fcn_2.png\",\"datePublished\":\"2020-01-27T19:50:39+00:00\",\"dateModified\":\"2021-07-04T05:03:03+00:00\",\"author\":{\"@id\":\"https:\\\/\\\/www.kirche-hettenhausen.de\\\/site\\\/#\\\/schema\\\/person\\\/7740d89d8f816da861ece2b378a21c57\"},\"breadcrumb\":{\"@id\":\"https:\\\/\\\/www.kirche-hettenhausen.de\\\/site\\\/2020\\\/01\\\/kooperationsraum-rhoen-2\\\/#breadcrumb\"},\"inLanguage\":\"de\",\"potentialAction\":[{\"@type\":\"ReadAction\",\"target\":[\"https:\\\/\\\/www.kirche-hettenhausen.de\\\/site\\\/2020\\\/01\\\/kooperationsraum-rhoen-2\\\/\"]}]},{\"@type\":\"ImageObject\",\"inLanguage\":\"de\",\"@id\":\"https:\\\/\\\/www.kirche-hettenhausen.de\\\/site\\\/2020\\\/01\\\/kooperationsraum-rhoen-2\\\/#primaryimage\",\"url\":\"https:\\\/\\\/www.kirche-hettenhausen.de\\\/site\\\/wp-content\\\/uploads\\\/2020\\\/01\\\/Bach2020-Logo-gr\u00fcn_2.png\",\"contentUrl\":\"https:\\\/\\\/www.kirche-hettenhausen.de\\\/site\\\/wp-content\\\/uploads\\\/2020\\\/01\\\/Bach2020-Logo-gr\u00fcn_2.png\",\"width\":134,\"height\":95,\"caption\":\"Thomas N\u00fcdling, Bach 2020\"},{\"@type\":\"BreadcrumbList\",\"@id\":\"https:\\\/\\\/www.kirche-hettenhausen.de\\\/site\\\/2020\\\/01\\\/kooperationsraum-rhoen-2\\\/#breadcrumb\",\"itemListElement\":[{\"@type\":\"ListItem\",\"position\":1,\"name\":\"Startseite\",\"item\":\"https:\\\/\\\/www.kirche-hettenhausen.de\\\/site\\\/\"},{\"@type\":\"ListItem\",\"position\":2,\"name\":\"Kooperationsraum Rh\u00f6n\"}]},{\"@type\":\"WebSite\",\"@id\":\"https:\\\/\\\/www.kirche-hettenhausen.de\\\/site\\\/#website\",\"url\":\"https:\\\/\\\/www.kirche-hettenhausen.de\\\/site\\\/\",\"name\":\"Ev.-luth. Kirchengemeinde Hettenhausen - Dalherda\",\"description\":\"Homepage der Ev.-luth. Kirchengemeinde Hettenhausen - Dalherda\",\"potentialAction\":[{\"@type\":\"SearchAction\",\"target\":{\"@type\":\"EntryPoint\",\"urlTemplate\":\"https:\\\/\\\/www.kirche-hettenhausen.de\\\/site\\\/?s={search_term_string}\"},\"query-input\":{\"@type\":\"PropertyValueSpecification\",\"valueRequired\":true,\"valueName\":\"search_term_string\"}}],\"inLanguage\":\"de\"},{\"@type\":\"Person\",\"@id\":\"https:\\\/\\\/www.kirche-hettenhausen.de\\\/site\\\/#\\\/schema\\\/person\\\/7740d89d8f816da861ece2b378a21c57\",\"name\":\"Marion Friedrich\",\"url\":\"https:\\\/\\\/www.kirche-hettenhausen.de\\\/site\\\/author\\\/m-friedrichkirche-hettenhausen-de\\\/\"}]}<\/script>\n<!-- \/ Yoast SEO plugin. -->","yoast_head_json":{"title":"Kooperationsraum Rh\u00f6n - Ev.-luth. Kirchengemeinde Hettenhausen - Dalherda","robots":{"index":"index","follow":"follow","max-snippet":"max-snippet:-1","max-image-preview":"max-image-preview:large","max-video-preview":"max-video-preview:-1"},"canonical":"https:\/\/www.kirche-hettenhausen.de\/site\/2020\/01\/kooperationsraum-rhoen-2\/","og_locale":"de_DE","og_type":"article","og_title":"Kooperationsraum Rh\u00f6n - Ev.-luth. Kirchengemeinde Hettenhausen - Dalherda","og_description":"An dieser Stelle m\u00f6chten wir Sie \u00fcber aktuelle Veranstaltungen und Aktionen der Kirchengemeinden aus unserem Kooperationsraum Rh\u00f6n informieren. &nbsp; &nbsp; &nbsp; &nbsp; &nbsp; &#8222;BACH 2020&#8220;: Musik f\u00fcr alle &#8211; mitten in der Rh\u00f6n","og_url":"https:\/\/www.kirche-hettenhausen.de\/site\/2020\/01\/kooperationsraum-rhoen-2\/","og_site_name":"Ev.-luth. Kirchengemeinde Hettenhausen - Dalherda","article_published_time":"2020-01-27T19:50:39+00:00","article_modified_time":"2021-07-04T05:03:03+00:00","og_image":[{"width":134,"height":95,"url":"https:\/\/www.kirche-hettenhausen.de\/site\/wp-content\/uploads\/2020\/01\/Bach2020-Logo-gr\u00fcn_2.png","type":"image\/png"}],"author":"Marion Friedrich","twitter_card":"summary_large_image","twitter_misc":{"Verfasst von":"Marion Friedrich","Gesch\u00e4tzte Lesezeit":"3\u00a0Minuten"},"schema":{"@context":"https:\/\/schema.org","@graph":[{"@type":"Article","@id":"https:\/\/www.kirche-hettenhausen.de\/site\/2020\/01\/kooperationsraum-rhoen-2\/#article","isPartOf":{"@id":"https:\/\/www.kirche-hettenhausen.de\/site\/2020\/01\/kooperationsraum-rhoen-2\/"},"author":{"name":"Marion Friedrich","@id":"https:\/\/www.kirche-hettenhausen.de\/site\/#\/schema\/person\/7740d89d8f816da861ece2b378a21c57"},"headline":"Kooperationsraum Rh\u00f6n","datePublished":"2020-01-27T19:50:39+00:00","dateModified":"2021-07-04T05:03:03+00:00","mainEntityOfPage":{"@id":"https:\/\/www.kirche-hettenhausen.de\/site\/2020\/01\/kooperationsraum-rhoen-2\/"},"wordCount":590,"image":{"@id":"https:\/\/www.kirche-hettenhausen.de\/site\/2020\/01\/kooperationsraum-rhoen-2\/#primaryimage"},"thumbnailUrl":"https:\/\/www.kirche-hettenhausen.de\/site\/wp-content\/uploads\/2020\/01\/Bach2020-Logo-gr\u00fcn_2.png","keywords":["Bach 2020","Corona","Kooperationsraum Rh\u00f6n","\u00d6kumene","Veranstaltungen"],"articleSection":["Kooperationsraum Rh\u00f6n","Veranstaltungen"],"inLanguage":"de"},{"@type":"WebPage","@id":"https:\/\/www.kirche-hettenhausen.de\/site\/2020\/01\/kooperationsraum-rhoen-2\/","url":"https:\/\/www.kirche-hettenhausen.de\/site\/2020\/01\/kooperationsraum-rhoen-2\/","name":"Kooperationsraum Rh\u00f6n - Ev.-luth. Kirchengemeinde Hettenhausen - Dalherda","isPartOf":{"@id":"https:\/\/www.kirche-hettenhausen.de\/site\/#website"},"primaryImageOfPage":{"@id":"https:\/\/www.kirche-hettenhausen.de\/site\/2020\/01\/kooperationsraum-rhoen-2\/#primaryimage"},"image":{"@id":"https:\/\/www.kirche-hettenhausen.de\/site\/2020\/01\/kooperationsraum-rhoen-2\/#primaryimage"},"thumbnailUrl":"https:\/\/www.kirche-hettenhausen.de\/site\/wp-content\/uploads\/2020\/01\/Bach2020-Logo-gr\u00fcn_2.png","datePublished":"2020-01-27T19:50:39+00:00","dateModified":"2021-07-04T05:03:03+00:00","author":{"@id":"https:\/\/www.kirche-hettenhausen.de\/site\/#\/schema\/person\/7740d89d8f816da861ece2b378a21c57"},"breadcrumb":{"@id":"https:\/\/www.kirche-hettenhausen.de\/site\/2020\/01\/kooperationsraum-rhoen-2\/#breadcrumb"},"inLanguage":"de","potentialAction":[{"@type":"ReadAction","target":["https:\/\/www.kirche-hettenhausen.de\/site\/2020\/01\/kooperationsraum-rhoen-2\/"]}]},{"@type":"ImageObject","inLanguage":"de","@id":"https:\/\/www.kirche-hettenhausen.de\/site\/2020\/01\/kooperationsraum-rhoen-2\/#primaryimage","url":"https:\/\/www.kirche-hettenhausen.de\/site\/wp-content\/uploads\/2020\/01\/Bach2020-Logo-gr\u00fcn_2.png","contentUrl":"https:\/\/www.kirche-hettenhausen.de\/site\/wp-content\/uploads\/2020\/01\/Bach2020-Logo-gr\u00fcn_2.png","width":134,"height":95,"caption":"Thomas N\u00fcdling, Bach 2020"},{"@type":"BreadcrumbList","@id":"https:\/\/www.kirche-hettenhausen.de\/site\/2020\/01\/kooperationsraum-rhoen-2\/#breadcrumb","itemListElement":[{"@type":"ListItem","position":1,"name":"Startseite","item":"https:\/\/www.kirche-hettenhausen.de\/site\/"},{"@type":"ListItem","position":2,"name":"Kooperationsraum Rh\u00f6n"}]},{"@type":"WebSite","@id":"https:\/\/www.kirche-hettenhausen.de\/site\/#website","url":"https:\/\/www.kirche-hettenhausen.de\/site\/","name":"Ev.-luth. Kirchengemeinde Hettenhausen - Dalherda","description":"Homepage der Ev.-luth. Kirchengemeinde Hettenhausen - Dalherda","potentialAction":[{"@type":"SearchAction","target":{"@type":"EntryPoint","urlTemplate":"https:\/\/www.kirche-hettenhausen.de\/site\/?s={search_term_string}"},"query-input":{"@type":"PropertyValueSpecification","valueRequired":true,"valueName":"search_term_string"}}],"inLanguage":"de"},{"@type":"Person","@id":"https:\/\/www.kirche-hettenhausen.de\/site\/#\/schema\/person\/7740d89d8f816da861ece2b378a21c57","name":"Marion Friedrich","url":"https:\/\/www.kirche-hettenhausen.de\/site\/author\/m-friedrichkirche-hettenhausen-de\/"}]}},"_links":{"self":[{"href":"https:\/\/www.kirche-hettenhausen.de\/site\/wp-json\/wp\/v2\/posts\/3618","targetHints":{"allow":["GET"]}}],"collection":[{"href":"https:\/\/www.kirche-hettenhausen.de\/site\/wp-json\/wp\/v2\/posts"}],"about":[{"href":"https:\/\/www.kirche-hettenhausen.de\/site\/wp-json\/wp\/v2\/types\/post"}],"author":[{"embeddable":true,"href":"https:\/\/www.kirche-hettenhausen.de\/site\/wp-json\/wp\/v2\/users\/2"}],"replies":[{"embeddable":true,"href":"https:\/\/www.kirche-hettenhausen.de\/site\/wp-json\/wp\/v2\/comments?post=3618"}],"version-history":[{"count":48,"href":"https:\/\/www.kirche-hettenhausen.de\/site\/wp-json\/wp\/v2\/posts\/3618\/revisions"}],"predecessor-version":[{"id":9572,"href":"https:\/\/www.kirche-hettenhausen.de\/site\/wp-json\/wp\/v2\/posts\/3618\/revisions\/9572"}],"wp:featuredmedia":[{"embeddable":true,"href":"https:\/\/www.kirche-hettenhausen.de\/site\/wp-json\/wp\/v2\/media\/3665"}],"wp:attachment":[{"href":"https:\/\/www.kirche-hettenhausen.de\/site\/wp-json\/wp\/v2\/media?parent=3618"}],"wp:term":[{"taxonomy":"category","embeddable":true,"href":"https:\/\/www.kirche-hettenhausen.de\/site\/wp-json\/wp\/v2\/categories?post=3618"},{"taxonomy":"post_tag","embeddable":true,"href":"https:\/\/www.kirche-hettenhausen.de\/site\/wp-json\/wp\/v2\/tags?post=3618"}],"curies":[{"name":"wp","href":"https:\/\/api.w.org\/{rel}","templated":true}]}}