{"id":3481,"date":"2019-11-10T21:25:04","date_gmt":"2019-11-10T20:25:04","guid":{"rendered":"https:\/\/kirche-hettenhausen.de\/site\/?p=3481"},"modified":"2021-02-16T21:40:06","modified_gmt":"2021-02-16T20:40:06","slug":"oeffnungszeiten-gemeindebuero","status":"publish","type":"post","link":"https:\/\/www.kirche-hettenhausen.de\/site\/2019\/11\/oeffnungszeiten-gemeindebuero\/","title":{"rendered":"\u00d6ffnungszeiten Gemeindeb\u00fcro"},"content":{"rendered":"<p>Ab dem 1. Dezember 2019 \u00e4ndern sich die \u00d6ffnungszeiten f\u00fcr das Gemeindeb\u00fcro:<\/p>\n<p><strong>Dienstags<\/strong> ist das B\u00fcro ab sofort am sp\u00e4ten Nachmittag f\u00fcr Sie offen, von <strong>16:00 bis 18:00 Uhr<\/strong>.<\/p>\n<p><strong>Donnerstags<\/strong> ist das B\u00fcro vormittags und \u00fcber den Mittag ge\u00f6ffnet, von <strong>9:30 bis 13:30 Uhr<\/strong>.<\/p>\n<p>Wir hoffen, mit dieser \u00c4nderung es vor allem den Berufst\u00e4tigen leichter zu machen, einen pers\u00f6nlichen Ansprechpartner im Gemeindeb\u00fcro zu erreichen.<\/p>\n","protected":false},"excerpt":{"rendered":"<p>Ab dem 1. Dezember 2019 \u00e4ndern sich die \u00d6ffnungszeiten f\u00fcr das Gemeindeb\u00fcro: Dienstags ist das B\u00fcro ab sofort am sp\u00e4ten Nachmittag f\u00fcr Sie offen, von 16:00 bis 18:00 Uhr. Donnerstags ist das B\u00fcro vormittags und \u00fcber den Mittag ge\u00f6ffnet, von 9:30 bis 13:30 Uhr. Wir hoffen, mit dieser \u00c4nderung es vor allem den Berufst\u00e4tigen leichter [&hellip;]<\/p>\n","protected":false},"author":2,"featured_media":0,"comment_status":"closed","ping_status":"closed","sticky":false,"template":"","format":"standard","meta":{"footnotes":""},"categories":[1,129,76],"tags":[128,77,7],"class_list":["post-3481","post","type-post","status-publish","format-standard","hentry","category-allgemein","category-hettenhausen","category-kirchenvorstand","tag-hettenhausen","tag-kirchenvorstand","tag-pfarrer"],"yoast_head":"<!-- This site is optimized with the Yoast SEO plugin v27.4 - https:\/\/yoast.com\/product\/yoast-seo-wordpress\/ -->\n<title>\u00d6ffnungszeiten Gemeindeb\u00fcro - Ev.-luth. Kirchengemeinde Hettenhausen - Dalherda<\/title>\n<meta name=\"robots\" content=\"index, follow, max-snippet:-1, max-image-preview:large, max-video-preview:-1\" \/>\n<link rel=\"canonical\" href=\"https:\/\/www.kirche-hettenhausen.de\/site\/2019\/11\/oeffnungszeiten-gemeindebuero\/\" \/>\n<meta property=\"og:locale\" content=\"de_DE\" \/>\n<meta property=\"og:type\" content=\"article\" \/>\n<meta property=\"og:title\" content=\"\u00d6ffnungszeiten Gemeindeb\u00fcro - Ev.-luth. Kirchengemeinde Hettenhausen - Dalherda\" \/>\n<meta property=\"og:description\" content=\"Ab dem 1. Dezember 2019 \u00e4ndern sich die \u00d6ffnungszeiten f\u00fcr das Gemeindeb\u00fcro: Dienstags ist das B\u00fcro ab sofort am sp\u00e4ten Nachmittag f\u00fcr Sie offen, von 16:00 bis 18:00 Uhr. Donnerstags ist das B\u00fcro vormittags und \u00fcber den Mittag ge\u00f6ffnet, von 9:30 bis 13:30 Uhr. Wir hoffen, mit dieser \u00c4nderung es vor allem den Berufst\u00e4tigen leichter [&hellip;]\" \/>\n<meta property=\"og:url\" content=\"https:\/\/www.kirche-hettenhausen.de\/site\/2019\/11\/oeffnungszeiten-gemeindebuero\/\" \/>\n<meta property=\"og:site_name\" content=\"Ev.-luth. Kirchengemeinde Hettenhausen - Dalherda\" \/>\n<meta property=\"article:published_time\" content=\"2019-11-10T20:25:04+00:00\" \/>\n<meta property=\"article:modified_time\" content=\"2021-02-16T20:40:06+00:00\" \/>\n<meta name=\"author\" content=\"Marion Friedrich\" \/>\n<meta name=\"twitter:card\" content=\"summary_large_image\" \/>\n<meta name=\"twitter:label1\" content=\"Verfasst von\" \/>\n\t<meta name=\"twitter:data1\" content=\"Marion Friedrich\" \/>\n<script type=\"application\/ld+json\" class=\"yoast-schema-graph\">{\"@context\":\"https:\\\/\\\/schema.org\",\"@graph\":[{\"@type\":\"Article\",\"@id\":\"https:\\\/\\\/www.kirche-hettenhausen.de\\\/site\\\/2019\\\/11\\\/oeffnungszeiten-gemeindebuero\\\/#article\",\"isPartOf\":{\"@id\":\"https:\\\/\\\/www.kirche-hettenhausen.de\\\/site\\\/2019\\\/11\\\/oeffnungszeiten-gemeindebuero\\\/\"},\"author\":{\"name\":\"Marion Friedrich\",\"@id\":\"https:\\\/\\\/www.kirche-hettenhausen.de\\\/site\\\/#\\\/schema\\\/person\\\/7740d89d8f816da861ece2b378a21c57\"},\"headline\":\"\u00d6ffnungszeiten Gemeindeb\u00fcro\",\"datePublished\":\"2019-11-10T20:25:04+00:00\",\"dateModified\":\"2021-02-16T20:40:06+00:00\",\"mainEntityOfPage\":{\"@id\":\"https:\\\/\\\/www.kirche-hettenhausen.de\\\/site\\\/2019\\\/11\\\/oeffnungszeiten-gemeindebuero\\\/\"},\"wordCount\":71,\"keywords\":[\"Hettenhausen\",\"Kirchenvorstand\",\"Pfarrer\"],\"articleSection\":{\"1\":\"Hettenhausen\",\"2\":\"Kirchenvorstand\"},\"inLanguage\":\"de\"},{\"@type\":\"WebPage\",\"@id\":\"https:\\\/\\\/www.kirche-hettenhausen.de\\\/site\\\/2019\\\/11\\\/oeffnungszeiten-gemeindebuero\\\/\",\"url\":\"https:\\\/\\\/www.kirche-hettenhausen.de\\\/site\\\/2019\\\/11\\\/oeffnungszeiten-gemeindebuero\\\/\",\"name\":\"\u00d6ffnungszeiten Gemeindeb\u00fcro - Ev.-luth. Kirchengemeinde Hettenhausen - Dalherda\",\"isPartOf\":{\"@id\":\"https:\\\/\\\/www.kirche-hettenhausen.de\\\/site\\\/#website\"},\"datePublished\":\"2019-11-10T20:25:04+00:00\",\"dateModified\":\"2021-02-16T20:40:06+00:00\",\"author\":{\"@id\":\"https:\\\/\\\/www.kirche-hettenhausen.de\\\/site\\\/#\\\/schema\\\/person\\\/7740d89d8f816da861ece2b378a21c57\"},\"breadcrumb\":{\"@id\":\"https:\\\/\\\/www.kirche-hettenhausen.de\\\/site\\\/2019\\\/11\\\/oeffnungszeiten-gemeindebuero\\\/#breadcrumb\"},\"inLanguage\":\"de\",\"potentialAction\":[{\"@type\":\"ReadAction\",\"target\":[\"https:\\\/\\\/www.kirche-hettenhausen.de\\\/site\\\/2019\\\/11\\\/oeffnungszeiten-gemeindebuero\\\/\"]}]},{\"@type\":\"BreadcrumbList\",\"@id\":\"https:\\\/\\\/www.kirche-hettenhausen.de\\\/site\\\/2019\\\/11\\\/oeffnungszeiten-gemeindebuero\\\/#breadcrumb\",\"itemListElement\":[{\"@type\":\"ListItem\",\"position\":1,\"name\":\"Startseite\",\"item\":\"https:\\\/\\\/www.kirche-hettenhausen.de\\\/site\\\/\"},{\"@type\":\"ListItem\",\"position\":2,\"name\":\"\u00d6ffnungszeiten Gemeindeb\u00fcro\"}]},{\"@type\":\"WebSite\",\"@id\":\"https:\\\/\\\/www.kirche-hettenhausen.de\\\/site\\\/#website\",\"url\":\"https:\\\/\\\/www.kirche-hettenhausen.de\\\/site\\\/\",\"name\":\"Ev.-luth. Kirchengemeinde Hettenhausen - Dalherda\",\"description\":\"Homepage der Ev.-luth. Kirchengemeinde Hettenhausen - Dalherda\",\"potentialAction\":[{\"@type\":\"SearchAction\",\"target\":{\"@type\":\"EntryPoint\",\"urlTemplate\":\"https:\\\/\\\/www.kirche-hettenhausen.de\\\/site\\\/?s={search_term_string}\"},\"query-input\":{\"@type\":\"PropertyValueSpecification\",\"valueRequired\":true,\"valueName\":\"search_term_string\"}}],\"inLanguage\":\"de\"},{\"@type\":\"Person\",\"@id\":\"https:\\\/\\\/www.kirche-hettenhausen.de\\\/site\\\/#\\\/schema\\\/person\\\/7740d89d8f816da861ece2b378a21c57\",\"name\":\"Marion Friedrich\",\"url\":\"https:\\\/\\\/www.kirche-hettenhausen.de\\\/site\\\/author\\\/m-friedrichkirche-hettenhausen-de\\\/\"}]}<\/script>\n<!-- \/ Yoast SEO plugin. -->","yoast_head_json":{"title":"\u00d6ffnungszeiten Gemeindeb\u00fcro - Ev.-luth. Kirchengemeinde Hettenhausen - Dalherda","robots":{"index":"index","follow":"follow","max-snippet":"max-snippet:-1","max-image-preview":"max-image-preview:large","max-video-preview":"max-video-preview:-1"},"canonical":"https:\/\/www.kirche-hettenhausen.de\/site\/2019\/11\/oeffnungszeiten-gemeindebuero\/","og_locale":"de_DE","og_type":"article","og_title":"\u00d6ffnungszeiten Gemeindeb\u00fcro - Ev.-luth. Kirchengemeinde Hettenhausen - Dalherda","og_description":"Ab dem 1. Dezember 2019 \u00e4ndern sich die \u00d6ffnungszeiten f\u00fcr das Gemeindeb\u00fcro: Dienstags ist das B\u00fcro ab sofort am sp\u00e4ten Nachmittag f\u00fcr Sie offen, von 16:00 bis 18:00 Uhr. Donnerstags ist das B\u00fcro vormittags und \u00fcber den Mittag ge\u00f6ffnet, von 9:30 bis 13:30 Uhr. Wir hoffen, mit dieser \u00c4nderung es vor allem den Berufst\u00e4tigen leichter [&hellip;]","og_url":"https:\/\/www.kirche-hettenhausen.de\/site\/2019\/11\/oeffnungszeiten-gemeindebuero\/","og_site_name":"Ev.-luth. Kirchengemeinde Hettenhausen - Dalherda","article_published_time":"2019-11-10T20:25:04+00:00","article_modified_time":"2021-02-16T20:40:06+00:00","author":"Marion Friedrich","twitter_card":"summary_large_image","twitter_misc":{"Verfasst von":"Marion Friedrich"},"schema":{"@context":"https:\/\/schema.org","@graph":[{"@type":"Article","@id":"https:\/\/www.kirche-hettenhausen.de\/site\/2019\/11\/oeffnungszeiten-gemeindebuero\/#article","isPartOf":{"@id":"https:\/\/www.kirche-hettenhausen.de\/site\/2019\/11\/oeffnungszeiten-gemeindebuero\/"},"author":{"name":"Marion Friedrich","@id":"https:\/\/www.kirche-hettenhausen.de\/site\/#\/schema\/person\/7740d89d8f816da861ece2b378a21c57"},"headline":"\u00d6ffnungszeiten Gemeindeb\u00fcro","datePublished":"2019-11-10T20:25:04+00:00","dateModified":"2021-02-16T20:40:06+00:00","mainEntityOfPage":{"@id":"https:\/\/www.kirche-hettenhausen.de\/site\/2019\/11\/oeffnungszeiten-gemeindebuero\/"},"wordCount":71,"keywords":["Hettenhausen","Kirchenvorstand","Pfarrer"],"articleSection":{"1":"Hettenhausen","2":"Kirchenvorstand"},"inLanguage":"de"},{"@type":"WebPage","@id":"https:\/\/www.kirche-hettenhausen.de\/site\/2019\/11\/oeffnungszeiten-gemeindebuero\/","url":"https:\/\/www.kirche-hettenhausen.de\/site\/2019\/11\/oeffnungszeiten-gemeindebuero\/","name":"\u00d6ffnungszeiten Gemeindeb\u00fcro - Ev.-luth. Kirchengemeinde Hettenhausen - Dalherda","isPartOf":{"@id":"https:\/\/www.kirche-hettenhausen.de\/site\/#website"},"datePublished":"2019-11-10T20:25:04+00:00","dateModified":"2021-02-16T20:40:06+00:00","author":{"@id":"https:\/\/www.kirche-hettenhausen.de\/site\/#\/schema\/person\/7740d89d8f816da861ece2b378a21c57"},"breadcrumb":{"@id":"https:\/\/www.kirche-hettenhausen.de\/site\/2019\/11\/oeffnungszeiten-gemeindebuero\/#breadcrumb"},"inLanguage":"de","potentialAction":[{"@type":"ReadAction","target":["https:\/\/www.kirche-hettenhausen.de\/site\/2019\/11\/oeffnungszeiten-gemeindebuero\/"]}]},{"@type":"BreadcrumbList","@id":"https:\/\/www.kirche-hettenhausen.de\/site\/2019\/11\/oeffnungszeiten-gemeindebuero\/#breadcrumb","itemListElement":[{"@type":"ListItem","position":1,"name":"Startseite","item":"https:\/\/www.kirche-hettenhausen.de\/site\/"},{"@type":"ListItem","position":2,"name":"\u00d6ffnungszeiten Gemeindeb\u00fcro"}]},{"@type":"WebSite","@id":"https:\/\/www.kirche-hettenhausen.de\/site\/#website","url":"https:\/\/www.kirche-hettenhausen.de\/site\/","name":"Ev.-luth. Kirchengemeinde Hettenhausen - Dalherda","description":"Homepage der Ev.-luth. Kirchengemeinde Hettenhausen - Dalherda","potentialAction":[{"@type":"SearchAction","target":{"@type":"EntryPoint","urlTemplate":"https:\/\/www.kirche-hettenhausen.de\/site\/?s={search_term_string}"},"query-input":{"@type":"PropertyValueSpecification","valueRequired":true,"valueName":"search_term_string"}}],"inLanguage":"de"},{"@type":"Person","@id":"https:\/\/www.kirche-hettenhausen.de\/site\/#\/schema\/person\/7740d89d8f816da861ece2b378a21c57","name":"Marion Friedrich","url":"https:\/\/www.kirche-hettenhausen.de\/site\/author\/m-friedrichkirche-hettenhausen-de\/"}]}},"_links":{"self":[{"href":"https:\/\/www.kirche-hettenhausen.de\/site\/wp-json\/wp\/v2\/posts\/3481","targetHints":{"allow":["GET"]}}],"collection":[{"href":"https:\/\/www.kirche-hettenhausen.de\/site\/wp-json\/wp\/v2\/posts"}],"about":[{"href":"https:\/\/www.kirche-hettenhausen.de\/site\/wp-json\/wp\/v2\/types\/post"}],"author":[{"embeddable":true,"href":"https:\/\/www.kirche-hettenhausen.de\/site\/wp-json\/wp\/v2\/users\/2"}],"replies":[{"embeddable":true,"href":"https:\/\/www.kirche-hettenhausen.de\/site\/wp-json\/wp\/v2\/comments?post=3481"}],"version-history":[{"count":4,"href":"https:\/\/www.kirche-hettenhausen.de\/site\/wp-json\/wp\/v2\/posts\/3481\/revisions"}],"predecessor-version":[{"id":3485,"href":"https:\/\/www.kirche-hettenhausen.de\/site\/wp-json\/wp\/v2\/posts\/3481\/revisions\/3485"}],"wp:attachment":[{"href":"https:\/\/www.kirche-hettenhausen.de\/site\/wp-json\/wp\/v2\/media?parent=3481"}],"wp:term":[{"taxonomy":"category","embeddable":true,"href":"https:\/\/www.kirche-hettenhausen.de\/site\/wp-json\/wp\/v2\/categories?post=3481"},{"taxonomy":"post_tag","embeddable":true,"href":"https:\/\/www.kirche-hettenhausen.de\/site\/wp-json\/wp\/v2\/tags?post=3481"}],"curies":[{"name":"wp","href":"https:\/\/api.w.org\/{rel}","templated":true}]}}