{"id":2956,"date":"2021-06-16T23:00:45","date_gmt":"2021-06-16T21:00:45","guid":{"rendered":"https:\/\/kirche-hettenhausen.de\/site\/?p=2956"},"modified":"2021-07-24T16:09:11","modified_gmt":"2021-07-24T14:09:11","slug":"radwegekirche-milseburg","status":"publish","type":"post","link":"https:\/\/www.kirche-hettenhausen.de\/site\/2021\/06\/radwegekirche-milseburg\/","title":{"rendered":"Radwegekirche Milseburg"},"content":{"rendered":"<p>Wir unterst\u00fctzen das Projekt des F\u00f6rdervereins &#8222;Radwegekirche Milseburg e.V.&#8220; und laden zu den \u00f6kumenischen Open-Air-Gottesdiensten im Sommer ein.<\/p>\n<p>Alle Termine finden Sie im <strong><a href=\"https:\/\/www.kirche-hettenhausen.de\/site\/wp-content\/uploads\/2021\/06\/20-06-16-Newsletter.pdf\" target=\"_blank\" rel=\"noopener\">Newsletter<\/a><\/strong> oder in unserem <strong><a href=\"https:\/\/www.kirche-hettenhausen.de\/site\/gottesdienste\/\" rel=\"noopener\">Kalender<\/a><\/strong>.<\/p>\n<p><!--more--><\/p>\n<p>&nbsp;<\/p>\n\n\t\t<style type=\"text\/css\">\n\t\t\t#gallery-1 {\n\t\t\t\tmargin: auto;\n\t\t\t}\n\t\t\t#gallery-1 .gallery-item {\n\t\t\t\tfloat: left;\n\t\t\t\tmargin-top: 10px;\n\t\t\t\ttext-align: center;\n\t\t\t\twidth: 33%;\n\t\t\t}\n\t\t\t#gallery-1 img {\n\t\t\t\tborder: 2px solid #cfcfcf;\n\t\t\t}\n\t\t\t#gallery-1 .gallery-caption {\n\t\t\t\tmargin-left: 0;\n\t\t\t}\n\t\t\t\/* see gallery_shortcode() in wp-includes\/media.php *\/\n\t\t<\/style>\n\t\t<div id='gallery-1' class='gallery galleryid-2956 gallery-columns-3 gallery-size-large'><dl class='gallery-item'>\n\t\t\t<dt class='gallery-icon landscape'>\n\t\t\t\t<a href='https:\/\/www.kirche-hettenhausen.de\/site\/aki_6363\/'><img loading=\"lazy\" decoding=\"async\" width=\"770\" height=\"510\" src=\"https:\/\/www.kirche-hettenhausen.de\/site\/wp-content\/uploads\/2020\/07\/AKI_6363-1024x678.jpg\" class=\"attachment-large size-large\" alt=\"F\u00f6rderverein Radwegekirche Milseburg e.V.\" srcset=\"https:\/\/www.kirche-hettenhausen.de\/site\/wp-content\/uploads\/2020\/07\/AKI_6363-1024x678.jpg 1024w, https:\/\/www.kirche-hettenhausen.de\/site\/wp-content\/uploads\/2020\/07\/AKI_6363-300x199.jpg 300w, https:\/\/www.kirche-hettenhausen.de\/site\/wp-content\/uploads\/2020\/07\/AKI_6363-768x508.jpg 768w, https:\/\/www.kirche-hettenhausen.de\/site\/wp-content\/uploads\/2020\/07\/AKI_6363.jpg 1280w\" sizes=\"auto, (max-width: 770px) 100vw, 770px\" \/><\/a>\n\t\t\t<\/dt><\/dl><dl class='gallery-item'>\n\t\t\t<dt class='gallery-icon portrait'>\n\t\t\t\t<a href='https:\/\/www.kirche-hettenhausen.de\/site\/2021\/06\/radwegekirche-milseburg\/aki_1565\/'><img loading=\"lazy\" decoding=\"async\" width=\"678\" height=\"1024\" src=\"https:\/\/www.kirche-hettenhausen.de\/site\/wp-content\/uploads\/2020\/06\/AKI_1565.jpg\" class=\"attachment-large size-large\" alt=\"F\u00f6rderverein Radwegekirche Milseburg e.V.\" srcset=\"https:\/\/www.kirche-hettenhausen.de\/site\/wp-content\/uploads\/2020\/06\/AKI_1565.jpg 678w, https:\/\/www.kirche-hettenhausen.de\/site\/wp-content\/uploads\/2020\/06\/AKI_1565-199x300.jpg 199w\" sizes=\"auto, (max-width: 678px) 100vw, 678px\" \/><\/a>\n\t\t\t<\/dt><\/dl><dl class='gallery-item'>\n\t\t\t<dt class='gallery-icon landscape'>\n\t\t\t\t<a href='https:\/\/www.kirche-hettenhausen.de\/site\/aki_6385\/'><img loading=\"lazy\" decoding=\"async\" width=\"770\" height=\"510\" src=\"https:\/\/www.kirche-hettenhausen.de\/site\/wp-content\/uploads\/2020\/07\/AKI_6385-1024x678.jpg\" class=\"attachment-large size-large\" alt=\"F\u00f6rderverein Radwegekirche Milseburg e.V.\" srcset=\"https:\/\/www.kirche-hettenhausen.de\/site\/wp-content\/uploads\/2020\/07\/AKI_6385-1024x678.jpg 1024w, https:\/\/www.kirche-hettenhausen.de\/site\/wp-content\/uploads\/2020\/07\/AKI_6385-300x199.jpg 300w, https:\/\/www.kirche-hettenhausen.de\/site\/wp-content\/uploads\/2020\/07\/AKI_6385-768x508.jpg 768w, https:\/\/www.kirche-hettenhausen.de\/site\/wp-content\/uploads\/2020\/07\/AKI_6385.jpg 1280w\" sizes=\"auto, (max-width: 770px) 100vw, 770px\" \/><\/a>\n\t\t\t<\/dt><\/dl><br style=\"clear: both\" \/>\n\t\t<\/div>\n\n<p>&nbsp;<\/p>\n<p>\u27a1\u00a0 <a href=\"https:\/\/www.kirche-hettenhausen.de\/site\/wp-content\/uploads\/2021\/06\/Spendenzusage.pdf\" target=\"_blank\" rel=\"noopener\"><strong>Spendenzusage<\/strong><\/a><\/p>\n<p>\u27a1 \u00a0<a href=\"https:\/\/www.kirche-hettenhausen.de\/site\/wp-content\/uploads\/2021\/06\/Beitritt-und-SEPA.pdf\" target=\"_blank\" rel=\"noopener\"><strong>Beitritt und SEPA<\/strong><\/a><\/p>\n<p>Achtung, die korrekte Bankverbindung lautet:<\/p>\n<p><strong>VR-Bank Fulda, DE80 5306 0180 0000 6167 02<\/strong><\/p>\n<p>&nbsp;<\/p>\n<div id=\"wp_osm_\" class=\"wp_osm\" style=\"width: 100%; height: 400px\" data-lon=\"6546670\" data-lat=\"1099140\" data-zoom=\"14\">\r\n\r\n\t<div class=\"ol-popup\">\r\n\r\n\t    <a href=\"#\" class=\"ol-popup-closer\"><\/a>\r\n\r\n\t    <div class=\"popup-content\"><\/div>\r\n\r\n\t<\/div>\r\n\r\n\t<div class=\"marker\" data-icon=\"https:\/\/kirche-hettenhausen.de\/site\/wp-content\/plugins\/wp-open-street-map\/images\/markers\/marker.png\" data-lon=\"1099640\" data-lat=\"6546720\" data-name=\"geplante Radwegekirche Milseburg\" data-description=\"geplante Radwegekirche Milseburg\"><\/div>\r\n<\/div>\n","protected":false},"excerpt":{"rendered":"<p>Wir unterst\u00fctzen das Projekt des F\u00f6rdervereins &#8222;Radwegekirche Milseburg e.V.&#8220; und laden zu den \u00f6kumenischen Open-Air-Gottesdiensten im Sommer ein. Alle Termine finden Sie im Newsletter oder in unserem Kalender.<\/p>\n","protected":false},"author":2,"featured_media":4266,"comment_status":"closed","ping_status":"closed","sticky":false,"template":"","format":"standard","meta":{"footnotes":""},"categories":[18,24,25],"tags":[33,30,70,91,7,39],"class_list":["post-2956","post","type-post","status-publish","format-standard","has-post-thumbnail","hentry","category-gottesdienst","category-kooperationsraum-rhoen","category-veranstaltungen","tag-gottesdienst","tag-kooperationsraum-rhoen","tag-offene-kirche","tag-oekumene","tag-pfarrer","tag-veranstaltungen"],"yoast_head":"<!-- This site is optimized with the Yoast SEO plugin v27.4 - https:\/\/yoast.com\/product\/yoast-seo-wordpress\/ -->\n<title>Radwegekirche Milseburg - Ev.-luth. Kirchengemeinde Hettenhausen - Dalherda<\/title>\n<meta name=\"description\" content=\"Ev.-luth. Kirchengemeinde Hettenhausen - Dalherda - Radwegekirche Milseburg -\" \/>\n<meta name=\"robots\" content=\"index, follow, max-snippet:-1, max-image-preview:large, max-video-preview:-1\" \/>\n<link rel=\"canonical\" href=\"https:\/\/www.kirche-hettenhausen.de\/site\/2021\/06\/radwegekirche-milseburg\/\" \/>\n<meta property=\"og:locale\" content=\"de_DE\" \/>\n<meta property=\"og:type\" content=\"article\" \/>\n<meta property=\"og:title\" content=\"Radwegekirche Milseburg - Ev.-luth. Kirchengemeinde Hettenhausen - Dalherda\" \/>\n<meta property=\"og:description\" content=\"Ev.-luth. Kirchengemeinde Hettenhausen - Dalherda - Radwegekirche Milseburg -\" \/>\n<meta property=\"og:url\" content=\"https:\/\/www.kirche-hettenhausen.de\/site\/2021\/06\/radwegekirche-milseburg\/\" \/>\n<meta property=\"og:site_name\" content=\"Ev.-luth. Kirchengemeinde Hettenhausen - Dalherda\" \/>\n<meta property=\"article:published_time\" content=\"2021-06-16T21:00:45+00:00\" \/>\n<meta property=\"article:modified_time\" content=\"2021-07-24T14:09:11+00:00\" \/>\n<meta property=\"og:image\" content=\"https:\/\/www.kirche-hettenhausen.de\/site\/wp-content\/uploads\/2020\/04\/signet_radwegekirche_rdax_200x200-e1745486962393.jpg\" \/>\n\t<meta property=\"og:image:width\" content=\"70\" \/>\n\t<meta property=\"og:image:height\" content=\"70\" \/>\n\t<meta property=\"og:image:type\" content=\"image\/jpeg\" \/>\n<meta name=\"author\" content=\"Marion Friedrich\" \/>\n<meta name=\"twitter:card\" content=\"summary_large_image\" \/>\n<meta name=\"twitter:label1\" content=\"Verfasst von\" \/>\n\t<meta name=\"twitter:data1\" content=\"Marion Friedrich\" \/>\n\t<meta name=\"twitter:label2\" content=\"Gesch\u00e4tzte Lesezeit\" \/>\n\t<meta name=\"twitter:data2\" content=\"1\u00a0Minute\" \/>\n<script type=\"application\/ld+json\" class=\"yoast-schema-graph\">{\"@context\":\"https:\\\/\\\/schema.org\",\"@graph\":[{\"@type\":\"Article\",\"@id\":\"https:\\\/\\\/www.kirche-hettenhausen.de\\\/site\\\/2021\\\/06\\\/radwegekirche-milseburg\\\/#article\",\"isPartOf\":{\"@id\":\"https:\\\/\\\/www.kirche-hettenhausen.de\\\/site\\\/2021\\\/06\\\/radwegekirche-milseburg\\\/\"},\"author\":{\"name\":\"Marion Friedrich\",\"@id\":\"https:\\\/\\\/www.kirche-hettenhausen.de\\\/site\\\/#\\\/schema\\\/person\\\/7740d89d8f816da861ece2b378a21c57\"},\"headline\":\"Radwegekirche Milseburg\",\"datePublished\":\"2021-06-16T21:00:45+00:00\",\"dateModified\":\"2021-07-24T14:09:11+00:00\",\"mainEntityOfPage\":{\"@id\":\"https:\\\/\\\/www.kirche-hettenhausen.de\\\/site\\\/2021\\\/06\\\/radwegekirche-milseburg\\\/\"},\"wordCount\":56,\"image\":{\"@id\":\"https:\\\/\\\/www.kirche-hettenhausen.de\\\/site\\\/2021\\\/06\\\/radwegekirche-milseburg\\\/#primaryimage\"},\"thumbnailUrl\":\"https:\\\/\\\/www.kirche-hettenhausen.de\\\/site\\\/wp-content\\\/uploads\\\/2020\\\/04\\\/signet_radwegekirche_rdax_200x200-e1745486962393.jpg\",\"keywords\":[\"Gottesdienst\",\"Kooperationsraum Rh\u00f6n\",\"Offene Kirche\",\"\u00d6kumene\",\"Pfarrer\",\"Veranstaltungen\"],\"articleSection\":[\"Gottesdienst\",\"Kooperationsraum Rh\u00f6n\",\"Veranstaltungen\"],\"inLanguage\":\"de\"},{\"@type\":\"WebPage\",\"@id\":\"https:\\\/\\\/www.kirche-hettenhausen.de\\\/site\\\/2021\\\/06\\\/radwegekirche-milseburg\\\/\",\"url\":\"https:\\\/\\\/www.kirche-hettenhausen.de\\\/site\\\/2021\\\/06\\\/radwegekirche-milseburg\\\/\",\"name\":\"Radwegekirche Milseburg - Ev.-luth. Kirchengemeinde Hettenhausen - Dalherda\",\"isPartOf\":{\"@id\":\"https:\\\/\\\/www.kirche-hettenhausen.de\\\/site\\\/#website\"},\"primaryImageOfPage\":{\"@id\":\"https:\\\/\\\/www.kirche-hettenhausen.de\\\/site\\\/2021\\\/06\\\/radwegekirche-milseburg\\\/#primaryimage\"},\"image\":{\"@id\":\"https:\\\/\\\/www.kirche-hettenhausen.de\\\/site\\\/2021\\\/06\\\/radwegekirche-milseburg\\\/#primaryimage\"},\"thumbnailUrl\":\"https:\\\/\\\/www.kirche-hettenhausen.de\\\/site\\\/wp-content\\\/uploads\\\/2020\\\/04\\\/signet_radwegekirche_rdax_200x200-e1745486962393.jpg\",\"datePublished\":\"2021-06-16T21:00:45+00:00\",\"dateModified\":\"2021-07-24T14:09:11+00:00\",\"author\":{\"@id\":\"https:\\\/\\\/www.kirche-hettenhausen.de\\\/site\\\/#\\\/schema\\\/person\\\/7740d89d8f816da861ece2b378a21c57\"},\"description\":\"Ev.-luth. Kirchengemeinde Hettenhausen - Dalherda - Radwegekirche Milseburg -\",\"breadcrumb\":{\"@id\":\"https:\\\/\\\/www.kirche-hettenhausen.de\\\/site\\\/2021\\\/06\\\/radwegekirche-milseburg\\\/#breadcrumb\"},\"inLanguage\":\"de\",\"potentialAction\":[{\"@type\":\"ReadAction\",\"target\":[\"https:\\\/\\\/www.kirche-hettenhausen.de\\\/site\\\/2021\\\/06\\\/radwegekirche-milseburg\\\/\"]}]},{\"@type\":\"ImageObject\",\"inLanguage\":\"de\",\"@id\":\"https:\\\/\\\/www.kirche-hettenhausen.de\\\/site\\\/2021\\\/06\\\/radwegekirche-milseburg\\\/#primaryimage\",\"url\":\"https:\\\/\\\/www.kirche-hettenhausen.de\\\/site\\\/wp-content\\\/uploads\\\/2020\\\/04\\\/signet_radwegekirche_rdax_200x200-e1745486962393.jpg\",\"contentUrl\":\"https:\\\/\\\/www.kirche-hettenhausen.de\\\/site\\\/wp-content\\\/uploads\\\/2020\\\/04\\\/signet_radwegekirche_rdax_200x200-e1745486962393.jpg\",\"width\":70,\"height\":70,\"caption\":\"Radwegekirche\"},{\"@type\":\"BreadcrumbList\",\"@id\":\"https:\\\/\\\/www.kirche-hettenhausen.de\\\/site\\\/2021\\\/06\\\/radwegekirche-milseburg\\\/#breadcrumb\",\"itemListElement\":[{\"@type\":\"ListItem\",\"position\":1,\"name\":\"Startseite\",\"item\":\"https:\\\/\\\/www.kirche-hettenhausen.de\\\/site\\\/\"},{\"@type\":\"ListItem\",\"position\":2,\"name\":\"Radwegekirche Milseburg\"}]},{\"@type\":\"WebSite\",\"@id\":\"https:\\\/\\\/www.kirche-hettenhausen.de\\\/site\\\/#website\",\"url\":\"https:\\\/\\\/www.kirche-hettenhausen.de\\\/site\\\/\",\"name\":\"Ev.-luth. Kirchengemeinde Hettenhausen - Dalherda\",\"description\":\"Homepage der Ev.-luth. Kirchengemeinde Hettenhausen - Dalherda\",\"potentialAction\":[{\"@type\":\"SearchAction\",\"target\":{\"@type\":\"EntryPoint\",\"urlTemplate\":\"https:\\\/\\\/www.kirche-hettenhausen.de\\\/site\\\/?s={search_term_string}\"},\"query-input\":{\"@type\":\"PropertyValueSpecification\",\"valueRequired\":true,\"valueName\":\"search_term_string\"}}],\"inLanguage\":\"de\"},{\"@type\":\"Person\",\"@id\":\"https:\\\/\\\/www.kirche-hettenhausen.de\\\/site\\\/#\\\/schema\\\/person\\\/7740d89d8f816da861ece2b378a21c57\",\"name\":\"Marion Friedrich\",\"url\":\"https:\\\/\\\/www.kirche-hettenhausen.de\\\/site\\\/author\\\/m-friedrichkirche-hettenhausen-de\\\/\"}]}<\/script>\n<!-- \/ Yoast SEO plugin. -->","yoast_head_json":{"title":"Radwegekirche Milseburg - Ev.-luth. Kirchengemeinde Hettenhausen - Dalherda","description":"Ev.-luth. Kirchengemeinde Hettenhausen - Dalherda - Radwegekirche Milseburg -","robots":{"index":"index","follow":"follow","max-snippet":"max-snippet:-1","max-image-preview":"max-image-preview:large","max-video-preview":"max-video-preview:-1"},"canonical":"https:\/\/www.kirche-hettenhausen.de\/site\/2021\/06\/radwegekirche-milseburg\/","og_locale":"de_DE","og_type":"article","og_title":"Radwegekirche Milseburg - Ev.-luth. Kirchengemeinde Hettenhausen - Dalherda","og_description":"Ev.-luth. Kirchengemeinde Hettenhausen - Dalherda - Radwegekirche Milseburg -","og_url":"https:\/\/www.kirche-hettenhausen.de\/site\/2021\/06\/radwegekirche-milseburg\/","og_site_name":"Ev.-luth. Kirchengemeinde Hettenhausen - Dalherda","article_published_time":"2021-06-16T21:00:45+00:00","article_modified_time":"2021-07-24T14:09:11+00:00","og_image":[{"width":70,"height":70,"url":"https:\/\/www.kirche-hettenhausen.de\/site\/wp-content\/uploads\/2020\/04\/signet_radwegekirche_rdax_200x200-e1745486962393.jpg","type":"image\/jpeg"}],"author":"Marion Friedrich","twitter_card":"summary_large_image","twitter_misc":{"Verfasst von":"Marion Friedrich","Gesch\u00e4tzte Lesezeit":"1\u00a0Minute"},"schema":{"@context":"https:\/\/schema.org","@graph":[{"@type":"Article","@id":"https:\/\/www.kirche-hettenhausen.de\/site\/2021\/06\/radwegekirche-milseburg\/#article","isPartOf":{"@id":"https:\/\/www.kirche-hettenhausen.de\/site\/2021\/06\/radwegekirche-milseburg\/"},"author":{"name":"Marion Friedrich","@id":"https:\/\/www.kirche-hettenhausen.de\/site\/#\/schema\/person\/7740d89d8f816da861ece2b378a21c57"},"headline":"Radwegekirche Milseburg","datePublished":"2021-06-16T21:00:45+00:00","dateModified":"2021-07-24T14:09:11+00:00","mainEntityOfPage":{"@id":"https:\/\/www.kirche-hettenhausen.de\/site\/2021\/06\/radwegekirche-milseburg\/"},"wordCount":56,"image":{"@id":"https:\/\/www.kirche-hettenhausen.de\/site\/2021\/06\/radwegekirche-milseburg\/#primaryimage"},"thumbnailUrl":"https:\/\/www.kirche-hettenhausen.de\/site\/wp-content\/uploads\/2020\/04\/signet_radwegekirche_rdax_200x200-e1745486962393.jpg","keywords":["Gottesdienst","Kooperationsraum Rh\u00f6n","Offene Kirche","\u00d6kumene","Pfarrer","Veranstaltungen"],"articleSection":["Gottesdienst","Kooperationsraum Rh\u00f6n","Veranstaltungen"],"inLanguage":"de"},{"@type":"WebPage","@id":"https:\/\/www.kirche-hettenhausen.de\/site\/2021\/06\/radwegekirche-milseburg\/","url":"https:\/\/www.kirche-hettenhausen.de\/site\/2021\/06\/radwegekirche-milseburg\/","name":"Radwegekirche Milseburg - Ev.-luth. Kirchengemeinde Hettenhausen - Dalherda","isPartOf":{"@id":"https:\/\/www.kirche-hettenhausen.de\/site\/#website"},"primaryImageOfPage":{"@id":"https:\/\/www.kirche-hettenhausen.de\/site\/2021\/06\/radwegekirche-milseburg\/#primaryimage"},"image":{"@id":"https:\/\/www.kirche-hettenhausen.de\/site\/2021\/06\/radwegekirche-milseburg\/#primaryimage"},"thumbnailUrl":"https:\/\/www.kirche-hettenhausen.de\/site\/wp-content\/uploads\/2020\/04\/signet_radwegekirche_rdax_200x200-e1745486962393.jpg","datePublished":"2021-06-16T21:00:45+00:00","dateModified":"2021-07-24T14:09:11+00:00","author":{"@id":"https:\/\/www.kirche-hettenhausen.de\/site\/#\/schema\/person\/7740d89d8f816da861ece2b378a21c57"},"description":"Ev.-luth. Kirchengemeinde Hettenhausen - Dalherda - Radwegekirche Milseburg -","breadcrumb":{"@id":"https:\/\/www.kirche-hettenhausen.de\/site\/2021\/06\/radwegekirche-milseburg\/#breadcrumb"},"inLanguage":"de","potentialAction":[{"@type":"ReadAction","target":["https:\/\/www.kirche-hettenhausen.de\/site\/2021\/06\/radwegekirche-milseburg\/"]}]},{"@type":"ImageObject","inLanguage":"de","@id":"https:\/\/www.kirche-hettenhausen.de\/site\/2021\/06\/radwegekirche-milseburg\/#primaryimage","url":"https:\/\/www.kirche-hettenhausen.de\/site\/wp-content\/uploads\/2020\/04\/signet_radwegekirche_rdax_200x200-e1745486962393.jpg","contentUrl":"https:\/\/www.kirche-hettenhausen.de\/site\/wp-content\/uploads\/2020\/04\/signet_radwegekirche_rdax_200x200-e1745486962393.jpg","width":70,"height":70,"caption":"Radwegekirche"},{"@type":"BreadcrumbList","@id":"https:\/\/www.kirche-hettenhausen.de\/site\/2021\/06\/radwegekirche-milseburg\/#breadcrumb","itemListElement":[{"@type":"ListItem","position":1,"name":"Startseite","item":"https:\/\/www.kirche-hettenhausen.de\/site\/"},{"@type":"ListItem","position":2,"name":"Radwegekirche Milseburg"}]},{"@type":"WebSite","@id":"https:\/\/www.kirche-hettenhausen.de\/site\/#website","url":"https:\/\/www.kirche-hettenhausen.de\/site\/","name":"Ev.-luth. Kirchengemeinde Hettenhausen - Dalherda","description":"Homepage der Ev.-luth. Kirchengemeinde Hettenhausen - Dalherda","potentialAction":[{"@type":"SearchAction","target":{"@type":"EntryPoint","urlTemplate":"https:\/\/www.kirche-hettenhausen.de\/site\/?s={search_term_string}"},"query-input":{"@type":"PropertyValueSpecification","valueRequired":true,"valueName":"search_term_string"}}],"inLanguage":"de"},{"@type":"Person","@id":"https:\/\/www.kirche-hettenhausen.de\/site\/#\/schema\/person\/7740d89d8f816da861ece2b378a21c57","name":"Marion Friedrich","url":"https:\/\/www.kirche-hettenhausen.de\/site\/author\/m-friedrichkirche-hettenhausen-de\/"}]}},"_links":{"self":[{"href":"https:\/\/www.kirche-hettenhausen.de\/site\/wp-json\/wp\/v2\/posts\/2956","targetHints":{"allow":["GET"]}}],"collection":[{"href":"https:\/\/www.kirche-hettenhausen.de\/site\/wp-json\/wp\/v2\/posts"}],"about":[{"href":"https:\/\/www.kirche-hettenhausen.de\/site\/wp-json\/wp\/v2\/types\/post"}],"author":[{"embeddable":true,"href":"https:\/\/www.kirche-hettenhausen.de\/site\/wp-json\/wp\/v2\/users\/2"}],"replies":[{"embeddable":true,"href":"https:\/\/www.kirche-hettenhausen.de\/site\/wp-json\/wp\/v2\/comments?post=2956"}],"version-history":[{"count":26,"href":"https:\/\/www.kirche-hettenhausen.de\/site\/wp-json\/wp\/v2\/posts\/2956\/revisions"}],"predecessor-version":[{"id":9796,"href":"https:\/\/www.kirche-hettenhausen.de\/site\/wp-json\/wp\/v2\/posts\/2956\/revisions\/9796"}],"wp:featuredmedia":[{"embeddable":true,"href":"https:\/\/www.kirche-hettenhausen.de\/site\/wp-json\/wp\/v2\/media\/4266"}],"wp:attachment":[{"href":"https:\/\/www.kirche-hettenhausen.de\/site\/wp-json\/wp\/v2\/media?parent=2956"}],"wp:term":[{"taxonomy":"category","embeddable":true,"href":"https:\/\/www.kirche-hettenhausen.de\/site\/wp-json\/wp\/v2\/categories?post=2956"},{"taxonomy":"post_tag","embeddable":true,"href":"https:\/\/www.kirche-hettenhausen.de\/site\/wp-json\/wp\/v2\/tags?post=2956"}],"curies":[{"name":"wp","href":"https:\/\/api.w.org\/{rel}","templated":true}]}}