{"id":2739,"date":"2019-06-17T21:05:08","date_gmt":"2019-06-17T19:05:08","guid":{"rendered":"https:\/\/kirche-hettenhausen.de\/site\/?p=2739"},"modified":"2021-02-16T21:43:59","modified_gmt":"2021-02-16T20:43:59","slug":"der-bischof-in-hettenhausen","status":"publish","type":"post","link":"https:\/\/www.kirche-hettenhausen.de\/site\/2019\/06\/der-bischof-in-hettenhausen\/","title":{"rendered":"Der Bischof in Hettenhausen"},"content":{"rendered":"<p>Am 16. Juni 2019, am Trinitatis-Fest, folgte der Bischof unserer Landeskirche, Prof. Dr. Martin Hein, einer Einladung in unsere Gemeinde. Er feierte den Gottesdienst mit uns und hielt die Festpredigt.<!--more--><\/p>\n<p><img decoding=\"async\" class=\"alignleft\" src=\"https:\/\/www.kirche-hettenhausen.de\/site\/wp-content\/uploads\/2019\/06\/DSC04976_1.jpg\" alt=\"\" \/>In seiner Predigt ging Bischof Hein zun\u00e4chst auf unsere anstehende Orgel-Renovierung ein und lobte das Engagement, das einerseits die Projektgruppe, andererseits aber auch die ganze Gemeinde zeige. Er brachte seinen Respekt zum Ausdruck ob der gro\u00dfen Herausforderung, der wir uns stellen.<\/p>\n<p>Dann stellte er sich selbst der Herausforderung, der Gemeinde das Besondere der Dreieinigkeit oder Dreifaltigkeit, die wir an diesem Trinitatis-Sonntag feiern, zu verdeutlichen. Was ist das Besondere an diesem Fest, nach dem in Folge das halbe Kirchenjahr benannt wird (den ganzen Sommer bis sp\u00e4t in den Herbst hinein)?<\/p>\n<p>Die Einzigartigkeit des Christentums, n\u00e4mlich unser Glaube an den dreieinigen Gott, sei das, was uns unterscheide von den anderen Weltreligionen Judentum und Islam, die ebenfalls an den einen Gott glaubten. Diese Besonderheit, dass Gott Vater, Gott Sohn und Gott Heiliger Geist nicht nebeneinander oder nacheinander existieren, sondern dass diese drei eine Einheit bilden, sei schon in der theologischen Forschung immer sehr schwierig zu erkl\u00e4ren gewesen und deshalb oft ins Hintertreffen geraten.<\/p>\n<p>Mit der Sprache sei eine umfassende Erkl\u00e4rung der Dreifaltigkeit schwierig, denn man k\u00f6nne zwar die Begriffe Gott Vater, Sohn und Heiliger Geist nacheinander aussprechen und nennen, aber niemals gleichzeitig. Es sei in der Geschichte auch oft versucht worden, eine bildliche Darstellung zu finden. Das sei aber von vornherein unzul\u00e4nglich, so Hein, da hier nur doch wieder Vater, Sohn und Heiliger Geist getrennt wahrgenommen werden k\u00f6nnten. In alten Gem\u00e4lden sei das beispielsweise durch Gott, der den gekreuzigten Jesus in H\u00e4nden h\u00e4lt und der dar\u00fcber schwebenden Taube (Synonym f\u00fcr den Heiligen Geist) dargestellt worden. Aber erstens m\u00fcsse man von der Symbolik wissen, um zu verstehen, dass hier die Dreieinigkeit gezeigt werde (und nicht nur zwei M\u00e4nner und ein Vogel) und zweitens zeige es nicht wirklich die Einheit.<\/p>\n<p>Besser hierzu sei ein sp\u00e4ter verwendetes Symbol geeignet, n\u00e4mlich das Dreieck. Hier versinnbildlichen die drei Ecken Gott in Form des Vaters, des Sohnes und des Heiligen Geistes. Aber wie das bei einem Dreieck naturgem\u00e4\u00df sei, m\u00fcssten immer alle drei Ecken (oder \u00fcbertragen die drei Wesen Gottes) vorhanden sein, um ein Ganzes zu sein. Fehle eine Ecke, so sei das Dreieck nicht komplett. So bestehe ein Dreieck gleichzeitig aus drei Ecken und sei auch ein Ganzes. Und so seien auch Sch\u00f6pfung (durch Gott Vater), Verhei\u00dfung (durch Jesus Christus) und Vollendung (durch den Heiligen Geist) untrennbar verbunden, nichts gehe ohne das andere.<\/p>\n<p>Im Anschluss kam Bischof Hein auf das Geh\u00f6r zu sprechen. Hier sei es viel einfacher, mehrere T\u00f6ne zwar auch getrennt wahrzunehmen, aber eben auch als ein Ganzes zu h\u00f6ren. Dazu startete er mit unserer Organistin Martina Bauer ein Experiment und spannte den Bogen damit gleichzeitig wieder zu unserer Orgel. Sie spielte drei einzelne T\u00f6ne hintereinander, dann gleichzeitig, so dass ein Akkord ert\u00f6nte. Jeder Ton f\u00fcr sich klinge sch\u00f6n, aber erst im Dreiklang komme das Besondere zur Geltung, er sei mehr als die Summe der Einzelkl\u00e4nge. So k\u00f6nne man mit Hilfe der Musik die Bedeutung der Dreieinigkeit ann\u00e4hernd erkl\u00e4ren.<\/p>\n<p>Mit dieser Erkenntnis und der Bemerkung, wie sch\u00f6n doch erst der Dreiklang mit der renovierten Orgel klingen w\u00fcrde, schloss Bischof Hein die Predigt.<\/p>\n<p>Wir bedanken uns ganz herzlich bei Bischof Martin Hein f\u00fcr seinen Besuch und die damit zum Ausdruck gebrachte Wertsch\u00e4tzung. Seine Predigt wird uns sicherlich noch \u00f6fter (wie er bereits vorausgesagt hat) wieder ins Ged\u00e4chtnis gerufen werden; und nicht erst dann, wenn wir wie geplant am Reformationstag 2020 die restaurierte Orgel feiern werden.<\/p>\n<p>Und wir bedanken uns bei Andreas Hahn, Orgelbaumeister und Chefrestaurator der Firma Jehmlich, der im Anschluss an den Gottesdienst der Gemeinde vom momentanen Zustand der Orgel erz\u00e4hlte und schilderte, welche Arbeiten geplant sind.<\/p>\n<p>Nicht zuletzt bedanken wir uns bei Martina Bauer an der Orgel, Ingo Helfrich und Patrik Hillenbrand an den Trompeten sowie Kirchenchor und Gesangverein f\u00fcr die musikalischen Beitr\u00e4ge.<\/p>\n<p>Es war ein insgesamt sehr gelungener Gottesdienst mit sch\u00f6nen Liedern zum Mitsingen und auch zum \u201eNur Zuh\u00f6ren\u201c, vielen Informationen und Inspirationen, die zum Nachdenken anregen.<\/p>\n<p><img decoding=\"async\" class=\"aligncenter\" src=\"https:\/\/www.kirche-hettenhausen.de\/site\/wp-content\/uploads\/2019\/06\/DSC05030_1.jpg\" alt=\"\" \/><\/p>\n<p>&nbsp;<\/p>\n<p>&nbsp;<\/p>\n<div id=\"attachment_2747\" style=\"width: 780px\" class=\"wp-caption aligncenter\"><a href=\"https:\/\/www.kirche-hettenhausen.de\/site\/wp-content\/uploads\/2019\/06\/Fuldaer-Zeitung-18.06.2019.jpg\"><img loading=\"lazy\" decoding=\"async\" aria-describedby=\"caption-attachment-2747\" class=\"size-large wp-image-2747\" src=\"https:\/\/www.kirche-hettenhausen.de\/site\/wp-content\/uploads\/2019\/06\/Fuldaer-Zeitung-18.06.2019-978x1024.jpg\" alt=\"\" width=\"770\" height=\"806\" srcset=\"https:\/\/www.kirche-hettenhausen.de\/site\/wp-content\/uploads\/2019\/06\/Fuldaer-Zeitung-18.06.2019-978x1024.jpg 978w, https:\/\/www.kirche-hettenhausen.de\/site\/wp-content\/uploads\/2019\/06\/Fuldaer-Zeitung-18.06.2019-286x300.jpg 286w, https:\/\/www.kirche-hettenhausen.de\/site\/wp-content\/uploads\/2019\/06\/Fuldaer-Zeitung-18.06.2019-768x804.jpg 768w\" sizes=\"auto, (max-width: 770px) 100vw, 770px\" \/><\/a><p id=\"caption-attachment-2747\" class=\"wp-caption-text\">Fuldaer Zeitung 18.06.2019<\/p><\/div>\n<p>&nbsp;<\/p>\n<p style=\"text-align: right;\">(mf)<\/p>\n","protected":false},"excerpt":{"rendered":"<p>Am 16. Juni 2019, am Trinitatis-Fest, folgte der Bischof unserer Landeskirche, Prof. Dr. Martin Hein, einer Einladung in unsere Gemeinde. Er feierte den Gottesdienst mit uns und hielt die Festpredigt.<\/p>\n","protected":false},"author":2,"featured_media":2560,"comment_status":"closed","ping_status":"closed","sticky":false,"template":"","format":"standard","meta":{"footnotes":""},"categories":[48,18,129,22,23,76,97,17],"tags":[15,14,33,128,64,77,59,98,36,38,34,57,67,39],"class_list":["post-2739","post","type-post","status-publish","format-standard","has-post-thumbnail","hentry","category-feier-festtage","category-gottesdienst","category-hettenhausen","category-kirche-st-georg","category-kirchenmusik","category-kirchenvorstand","category-landeskirche","category-orgelprojekt-st-georg","tag-adam-eifert-orgel","tag-bischoefin","tag-gottesdienst","tag-hettenhausen","tag-kaffee","tag-kirchenvorstand","tag-kirchspiel","tag-landeskirche","tag-musik","tag-orgelprojekt-st-georg","tag-pfarrkirche-st-georg","tag-plaetzchen","tag-singen","tag-veranstaltungen"],"yoast_head":"<!-- This site is optimized with the Yoast SEO plugin v27.5 - https:\/\/yoast.com\/product\/yoast-seo-wordpress\/ -->\n<title>Der Bischof in Hettenhausen - Ev.-luth. Kirchengemeinde Hettenhausen - Dalherda<\/title>\n<meta name=\"robots\" content=\"index, follow, max-snippet:-1, max-image-preview:large, max-video-preview:-1\" \/>\n<link rel=\"canonical\" href=\"https:\/\/www.kirche-hettenhausen.de\/site\/2019\/06\/der-bischof-in-hettenhausen\/\" \/>\n<meta property=\"og:locale\" content=\"de_DE\" \/>\n<meta property=\"og:type\" content=\"article\" \/>\n<meta property=\"og:title\" content=\"Der Bischof in Hettenhausen - Ev.-luth. Kirchengemeinde Hettenhausen - Dalherda\" \/>\n<meta property=\"og:description\" content=\"Am 16. Juni 2019, am Trinitatis-Fest, folgte der Bischof unserer Landeskirche, Prof. Dr. Martin Hein, einer Einladung in unsere Gemeinde. Er feierte den Gottesdienst mit uns und hielt die Festpredigt.\" \/>\n<meta property=\"og:url\" content=\"https:\/\/www.kirche-hettenhausen.de\/site\/2019\/06\/der-bischof-in-hettenhausen\/\" \/>\n<meta property=\"og:site_name\" content=\"Ev.-luth. Kirchengemeinde Hettenhausen - Dalherda\" \/>\n<meta property=\"article:published_time\" content=\"2019-06-17T19:05:08+00:00\" \/>\n<meta property=\"article:modified_time\" content=\"2021-02-16T20:43:59+00:00\" \/>\n<meta property=\"og:image\" content=\"https:\/\/www.kirche-hettenhausen.de\/site\/wp-content\/uploads\/2019\/05\/Plakat_2019_Seite1_Hoch_Bischof.jpg\" \/>\n\t<meta property=\"og:image:width\" content=\"1538\" \/>\n\t<meta property=\"og:image:height\" content=\"1086\" \/>\n\t<meta property=\"og:image:type\" content=\"image\/jpeg\" \/>\n<meta name=\"author\" content=\"Marion Friedrich\" \/>\n<meta name=\"twitter:card\" content=\"summary_large_image\" \/>\n<meta name=\"twitter:label1\" content=\"Verfasst von\" \/>\n\t<meta name=\"twitter:data1\" content=\"Marion Friedrich\" \/>\n\t<meta name=\"twitter:label2\" content=\"Gesch\u00e4tzte Lesezeit\" \/>\n\t<meta name=\"twitter:data2\" content=\"4\u00a0Minuten\" \/>\n<script type=\"application\/ld+json\" class=\"yoast-schema-graph\">{\"@context\":\"https:\\\/\\\/schema.org\",\"@graph\":[{\"@type\":\"Article\",\"@id\":\"https:\\\/\\\/www.kirche-hettenhausen.de\\\/site\\\/2019\\\/06\\\/der-bischof-in-hettenhausen\\\/#article\",\"isPartOf\":{\"@id\":\"https:\\\/\\\/www.kirche-hettenhausen.de\\\/site\\\/2019\\\/06\\\/der-bischof-in-hettenhausen\\\/\"},\"author\":{\"name\":\"Marion Friedrich\",\"@id\":\"https:\\\/\\\/www.kirche-hettenhausen.de\\\/site\\\/#\\\/schema\\\/person\\\/7740d89d8f816da861ece2b378a21c57\"},\"headline\":\"Der Bischof in Hettenhausen\",\"datePublished\":\"2019-06-17T19:05:08+00:00\",\"dateModified\":\"2021-02-16T20:43:59+00:00\",\"mainEntityOfPage\":{\"@id\":\"https:\\\/\\\/www.kirche-hettenhausen.de\\\/site\\\/2019\\\/06\\\/der-bischof-in-hettenhausen\\\/\"},\"wordCount\":729,\"image\":{\"@id\":\"https:\\\/\\\/www.kirche-hettenhausen.de\\\/site\\\/2019\\\/06\\\/der-bischof-in-hettenhausen\\\/#primaryimage\"},\"thumbnailUrl\":\"https:\\\/\\\/www.kirche-hettenhausen.de\\\/site\\\/wp-content\\\/uploads\\\/2019\\\/05\\\/Plakat_2019_Seite1_Hoch_Bischof.jpg\",\"keywords\":[\"Adam-Eifert-Orgel\",\"Bisch\u00f6fin\",\"Gottesdienst\",\"Hettenhausen\",\"Kaffee\",\"Kirchenvorstand\",\"Kirchspiel\",\"Landeskirche\",\"Musik\",\"Orgelprojekt St. Georg\",\"Pfarrkirche St. Georg\",\"Pl\u00e4tzchen\",\"Singen\",\"Veranstaltungen\"],\"articleSection\":[\"Feier-\\\/Festtage\",\"Gottesdienst\",\"Hettenhausen\",\"Kirche St. Georg\",\"Kirchenmusik\",\"Kirchenvorstand\",\"Landeskirche\",\"Orgelprojekt St. Georg\"],\"inLanguage\":\"de\"},{\"@type\":\"WebPage\",\"@id\":\"https:\\\/\\\/www.kirche-hettenhausen.de\\\/site\\\/2019\\\/06\\\/der-bischof-in-hettenhausen\\\/\",\"url\":\"https:\\\/\\\/www.kirche-hettenhausen.de\\\/site\\\/2019\\\/06\\\/der-bischof-in-hettenhausen\\\/\",\"name\":\"Der Bischof in Hettenhausen - Ev.-luth. Kirchengemeinde Hettenhausen - Dalherda\",\"isPartOf\":{\"@id\":\"https:\\\/\\\/www.kirche-hettenhausen.de\\\/site\\\/#website\"},\"primaryImageOfPage\":{\"@id\":\"https:\\\/\\\/www.kirche-hettenhausen.de\\\/site\\\/2019\\\/06\\\/der-bischof-in-hettenhausen\\\/#primaryimage\"},\"image\":{\"@id\":\"https:\\\/\\\/www.kirche-hettenhausen.de\\\/site\\\/2019\\\/06\\\/der-bischof-in-hettenhausen\\\/#primaryimage\"},\"thumbnailUrl\":\"https:\\\/\\\/www.kirche-hettenhausen.de\\\/site\\\/wp-content\\\/uploads\\\/2019\\\/05\\\/Plakat_2019_Seite1_Hoch_Bischof.jpg\",\"datePublished\":\"2019-06-17T19:05:08+00:00\",\"dateModified\":\"2021-02-16T20:43:59+00:00\",\"author\":{\"@id\":\"https:\\\/\\\/www.kirche-hettenhausen.de\\\/site\\\/#\\\/schema\\\/person\\\/7740d89d8f816da861ece2b378a21c57\"},\"breadcrumb\":{\"@id\":\"https:\\\/\\\/www.kirche-hettenhausen.de\\\/site\\\/2019\\\/06\\\/der-bischof-in-hettenhausen\\\/#breadcrumb\"},\"inLanguage\":\"de\",\"potentialAction\":[{\"@type\":\"ReadAction\",\"target\":[\"https:\\\/\\\/www.kirche-hettenhausen.de\\\/site\\\/2019\\\/06\\\/der-bischof-in-hettenhausen\\\/\"]}]},{\"@type\":\"ImageObject\",\"inLanguage\":\"de\",\"@id\":\"https:\\\/\\\/www.kirche-hettenhausen.de\\\/site\\\/2019\\\/06\\\/der-bischof-in-hettenhausen\\\/#primaryimage\",\"url\":\"https:\\\/\\\/www.kirche-hettenhausen.de\\\/site\\\/wp-content\\\/uploads\\\/2019\\\/05\\\/Plakat_2019_Seite1_Hoch_Bischof.jpg\",\"contentUrl\":\"https:\\\/\\\/www.kirche-hettenhausen.de\\\/site\\\/wp-content\\\/uploads\\\/2019\\\/05\\\/Plakat_2019_Seite1_Hoch_Bischof.jpg\",\"width\":1538,\"height\":1086},{\"@type\":\"BreadcrumbList\",\"@id\":\"https:\\\/\\\/www.kirche-hettenhausen.de\\\/site\\\/2019\\\/06\\\/der-bischof-in-hettenhausen\\\/#breadcrumb\",\"itemListElement\":[{\"@type\":\"ListItem\",\"position\":1,\"name\":\"Startseite\",\"item\":\"https:\\\/\\\/www.kirche-hettenhausen.de\\\/site\\\/\"},{\"@type\":\"ListItem\",\"position\":2,\"name\":\"Der Bischof in Hettenhausen\"}]},{\"@type\":\"WebSite\",\"@id\":\"https:\\\/\\\/www.kirche-hettenhausen.de\\\/site\\\/#website\",\"url\":\"https:\\\/\\\/www.kirche-hettenhausen.de\\\/site\\\/\",\"name\":\"Ev.-luth. Kirchengemeinde Hettenhausen - Dalherda\",\"description\":\"Homepage der Ev.-luth. Kirchengemeinde Hettenhausen - Dalherda\",\"potentialAction\":[{\"@type\":\"SearchAction\",\"target\":{\"@type\":\"EntryPoint\",\"urlTemplate\":\"https:\\\/\\\/www.kirche-hettenhausen.de\\\/site\\\/?s={search_term_string}\"},\"query-input\":{\"@type\":\"PropertyValueSpecification\",\"valueRequired\":true,\"valueName\":\"search_term_string\"}}],\"inLanguage\":\"de\"},{\"@type\":\"Person\",\"@id\":\"https:\\\/\\\/www.kirche-hettenhausen.de\\\/site\\\/#\\\/schema\\\/person\\\/7740d89d8f816da861ece2b378a21c57\",\"name\":\"Marion Friedrich\",\"url\":\"https:\\\/\\\/www.kirche-hettenhausen.de\\\/site\\\/author\\\/m-friedrichkirche-hettenhausen-de\\\/\"}]}<\/script>\n<!-- \/ Yoast SEO plugin. -->","yoast_head_json":{"title":"Der Bischof in Hettenhausen - Ev.-luth. Kirchengemeinde Hettenhausen - Dalherda","robots":{"index":"index","follow":"follow","max-snippet":"max-snippet:-1","max-image-preview":"max-image-preview:large","max-video-preview":"max-video-preview:-1"},"canonical":"https:\/\/www.kirche-hettenhausen.de\/site\/2019\/06\/der-bischof-in-hettenhausen\/","og_locale":"de_DE","og_type":"article","og_title":"Der Bischof in Hettenhausen - Ev.-luth. Kirchengemeinde Hettenhausen - Dalherda","og_description":"Am 16. Juni 2019, am Trinitatis-Fest, folgte der Bischof unserer Landeskirche, Prof. Dr. Martin Hein, einer Einladung in unsere Gemeinde. Er feierte den Gottesdienst mit uns und hielt die Festpredigt.","og_url":"https:\/\/www.kirche-hettenhausen.de\/site\/2019\/06\/der-bischof-in-hettenhausen\/","og_site_name":"Ev.-luth. Kirchengemeinde Hettenhausen - Dalherda","article_published_time":"2019-06-17T19:05:08+00:00","article_modified_time":"2021-02-16T20:43:59+00:00","og_image":[{"width":1538,"height":1086,"url":"https:\/\/www.kirche-hettenhausen.de\/site\/wp-content\/uploads\/2019\/05\/Plakat_2019_Seite1_Hoch_Bischof.jpg","type":"image\/jpeg"}],"author":"Marion Friedrich","twitter_card":"summary_large_image","twitter_misc":{"Verfasst von":"Marion Friedrich","Gesch\u00e4tzte Lesezeit":"4\u00a0Minuten"},"schema":{"@context":"https:\/\/schema.org","@graph":[{"@type":"Article","@id":"https:\/\/www.kirche-hettenhausen.de\/site\/2019\/06\/der-bischof-in-hettenhausen\/#article","isPartOf":{"@id":"https:\/\/www.kirche-hettenhausen.de\/site\/2019\/06\/der-bischof-in-hettenhausen\/"},"author":{"name":"Marion Friedrich","@id":"https:\/\/www.kirche-hettenhausen.de\/site\/#\/schema\/person\/7740d89d8f816da861ece2b378a21c57"},"headline":"Der Bischof in Hettenhausen","datePublished":"2019-06-17T19:05:08+00:00","dateModified":"2021-02-16T20:43:59+00:00","mainEntityOfPage":{"@id":"https:\/\/www.kirche-hettenhausen.de\/site\/2019\/06\/der-bischof-in-hettenhausen\/"},"wordCount":729,"image":{"@id":"https:\/\/www.kirche-hettenhausen.de\/site\/2019\/06\/der-bischof-in-hettenhausen\/#primaryimage"},"thumbnailUrl":"https:\/\/www.kirche-hettenhausen.de\/site\/wp-content\/uploads\/2019\/05\/Plakat_2019_Seite1_Hoch_Bischof.jpg","keywords":["Adam-Eifert-Orgel","Bisch\u00f6fin","Gottesdienst","Hettenhausen","Kaffee","Kirchenvorstand","Kirchspiel","Landeskirche","Musik","Orgelprojekt St. Georg","Pfarrkirche St. Georg","Pl\u00e4tzchen","Singen","Veranstaltungen"],"articleSection":["Feier-\/Festtage","Gottesdienst","Hettenhausen","Kirche St. Georg","Kirchenmusik","Kirchenvorstand","Landeskirche","Orgelprojekt St. Georg"],"inLanguage":"de"},{"@type":"WebPage","@id":"https:\/\/www.kirche-hettenhausen.de\/site\/2019\/06\/der-bischof-in-hettenhausen\/","url":"https:\/\/www.kirche-hettenhausen.de\/site\/2019\/06\/der-bischof-in-hettenhausen\/","name":"Der Bischof in Hettenhausen - Ev.-luth. Kirchengemeinde Hettenhausen - Dalherda","isPartOf":{"@id":"https:\/\/www.kirche-hettenhausen.de\/site\/#website"},"primaryImageOfPage":{"@id":"https:\/\/www.kirche-hettenhausen.de\/site\/2019\/06\/der-bischof-in-hettenhausen\/#primaryimage"},"image":{"@id":"https:\/\/www.kirche-hettenhausen.de\/site\/2019\/06\/der-bischof-in-hettenhausen\/#primaryimage"},"thumbnailUrl":"https:\/\/www.kirche-hettenhausen.de\/site\/wp-content\/uploads\/2019\/05\/Plakat_2019_Seite1_Hoch_Bischof.jpg","datePublished":"2019-06-17T19:05:08+00:00","dateModified":"2021-02-16T20:43:59+00:00","author":{"@id":"https:\/\/www.kirche-hettenhausen.de\/site\/#\/schema\/person\/7740d89d8f816da861ece2b378a21c57"},"breadcrumb":{"@id":"https:\/\/www.kirche-hettenhausen.de\/site\/2019\/06\/der-bischof-in-hettenhausen\/#breadcrumb"},"inLanguage":"de","potentialAction":[{"@type":"ReadAction","target":["https:\/\/www.kirche-hettenhausen.de\/site\/2019\/06\/der-bischof-in-hettenhausen\/"]}]},{"@type":"ImageObject","inLanguage":"de","@id":"https:\/\/www.kirche-hettenhausen.de\/site\/2019\/06\/der-bischof-in-hettenhausen\/#primaryimage","url":"https:\/\/www.kirche-hettenhausen.de\/site\/wp-content\/uploads\/2019\/05\/Plakat_2019_Seite1_Hoch_Bischof.jpg","contentUrl":"https:\/\/www.kirche-hettenhausen.de\/site\/wp-content\/uploads\/2019\/05\/Plakat_2019_Seite1_Hoch_Bischof.jpg","width":1538,"height":1086},{"@type":"BreadcrumbList","@id":"https:\/\/www.kirche-hettenhausen.de\/site\/2019\/06\/der-bischof-in-hettenhausen\/#breadcrumb","itemListElement":[{"@type":"ListItem","position":1,"name":"Startseite","item":"https:\/\/www.kirche-hettenhausen.de\/site\/"},{"@type":"ListItem","position":2,"name":"Der Bischof in Hettenhausen"}]},{"@type":"WebSite","@id":"https:\/\/www.kirche-hettenhausen.de\/site\/#website","url":"https:\/\/www.kirche-hettenhausen.de\/site\/","name":"Ev.-luth. Kirchengemeinde Hettenhausen - Dalherda","description":"Homepage der Ev.-luth. Kirchengemeinde Hettenhausen - Dalherda","potentialAction":[{"@type":"SearchAction","target":{"@type":"EntryPoint","urlTemplate":"https:\/\/www.kirche-hettenhausen.de\/site\/?s={search_term_string}"},"query-input":{"@type":"PropertyValueSpecification","valueRequired":true,"valueName":"search_term_string"}}],"inLanguage":"de"},{"@type":"Person","@id":"https:\/\/www.kirche-hettenhausen.de\/site\/#\/schema\/person\/7740d89d8f816da861ece2b378a21c57","name":"Marion Friedrich","url":"https:\/\/www.kirche-hettenhausen.de\/site\/author\/m-friedrichkirche-hettenhausen-de\/"}]}},"_links":{"self":[{"href":"https:\/\/www.kirche-hettenhausen.de\/site\/wp-json\/wp\/v2\/posts\/2739","targetHints":{"allow":["GET"]}}],"collection":[{"href":"https:\/\/www.kirche-hettenhausen.de\/site\/wp-json\/wp\/v2\/posts"}],"about":[{"href":"https:\/\/www.kirche-hettenhausen.de\/site\/wp-json\/wp\/v2\/types\/post"}],"author":[{"embeddable":true,"href":"https:\/\/www.kirche-hettenhausen.de\/site\/wp-json\/wp\/v2\/users\/2"}],"replies":[{"embeddable":true,"href":"https:\/\/www.kirche-hettenhausen.de\/site\/wp-json\/wp\/v2\/comments?post=2739"}],"version-history":[{"count":9,"href":"https:\/\/www.kirche-hettenhausen.de\/site\/wp-json\/wp\/v2\/posts\/2739\/revisions"}],"predecessor-version":[{"id":4993,"href":"https:\/\/www.kirche-hettenhausen.de\/site\/wp-json\/wp\/v2\/posts\/2739\/revisions\/4993"}],"wp:featuredmedia":[{"embeddable":true,"href":"https:\/\/www.kirche-hettenhausen.de\/site\/wp-json\/wp\/v2\/media\/2560"}],"wp:attachment":[{"href":"https:\/\/www.kirche-hettenhausen.de\/site\/wp-json\/wp\/v2\/media?parent=2739"}],"wp:term":[{"taxonomy":"category","embeddable":true,"href":"https:\/\/www.kirche-hettenhausen.de\/site\/wp-json\/wp\/v2\/categories?post=2739"},{"taxonomy":"post_tag","embeddable":true,"href":"https:\/\/www.kirche-hettenhausen.de\/site\/wp-json\/wp\/v2\/tags?post=2739"}],"curies":[{"name":"wp","href":"https:\/\/api.w.org\/{rel}","templated":true}]}}