{"id":2398,"date":"2013-07-01T20:54:15","date_gmt":"2013-07-01T18:54:15","guid":{"rendered":"https:\/\/kirche-hettenhausen.de\/site\/?p=2398"},"modified":"2021-07-04T04:09:24","modified_gmt":"2021-07-04T02:09:24","slug":"gemeindereise-nach-paris","status":"publish","type":"post","link":"https:\/\/www.kirche-hettenhausen.de\/site\/2013\/07\/gemeindereise-nach-paris\/","title":{"rendered":"Gemeindereise nach Paris"},"content":{"rendered":"<p>Am 12. Juni 2013 machten wir uns um kurz vor 6 Uhr, eine Stunde fr\u00fcher als urspr\u00fcnglich geplant, mit 18 Teilnehmern auf den Weg nach Paris, dem Ziel unserer diesj\u00e4hri\u00adgen Gemeindereise. Die Bahnfahrt f\u00fchrte uns zun\u00e4chst \u00fcber Fulda und Frankfurt, bis wir dann gegen 13 Uhr am Gare de l\u2019Est in Paris an\u00adkamen. Dort erwartete uns unsere Reisef\u00fchrerin Verena Stehr mit einer Busrundfahrt, bei der wir einen ersten Eindruck von der Stadt bekamen. Anschlie\u00dfend rich\u00adteten wir uns in unserer Unterkunft \u201eFoyer le Pont\u201c, einem Begeg\u00adnungszentrum der evangelischen Kirchen in Europa, ein und machten erste Erkundigungsg\u00e4nge in der n\u00e4heren Umgebung. Den ersten Abend beschlossen wir mit einem gemeinsamen Essen in der Pizzeria \u201eNellie\u201c und lie\u00dfen ihn gem\u00fctlich auf unserer Dachterrasse ausklingen.<\/p>\n<p>Am zweiten Tag trafen wir uns morgens mit Kristine Biastoch, der hoteleigenen Reisef\u00fchrerin, zu ei\u00adnem Spaziergang durch Paris, bei dem wir einiges \u00fcber die Bedeu\u00adtung der Kirche, speziell der evan\u00adgelischen, in Paris und die geschichtlichen Hintergr\u00fcnde erfuh\u00adren. Nach der Mittagspause im Invalidendom, in dem das Grabmal Kaiser Napoleons I. besichtigt wer\u00adden kann, machten wir uns, inzwi\u00adschen bei Dauerregen, auf den Weg zum Eiffelturm. Hier hatten wir von der obersten Plattform in einer H\u00f6he von ca. 276 Metern zwar nicht die gro\u00dfe Weitsicht wie bei gutem Wetter, aber trotzdem einen sch\u00f6nen \u00dcberblick \u00fcber Paris. Auch das originalgetreu restau\u00adrierte Arbeitszimmer des Erbauers Gustave Eiffel konnten wir dort be\u00adwundern. Abends lie\u00dfen wir uns, mittlerweile getrocknet, franz\u00f6sische Spezialit\u00e4ten in einer Cr\u00eaperie schmecken.<\/p>\n<p>Am Freitag war uns das Wetter wieder wohlgesonnen und wir konnten die Kathedrale Notre-Dame de Paris bei strahlendem Sonnenschein besichtigen. Ihre charakteristische Silhouette erhebt sich im Zentrum von Paris auf der Ostspitze der \u00cele de la Cit\u00e9. Sie ist eines der fr\u00fchesten gotischen Kir\u00adchengeb\u00e4ude Frankreichs und der Sitz des Erzbistums Paris.<\/p>\n<p><img decoding=\"async\" class=\"aligncenter\" src=\"https:\/\/www.kirche-hettenhausen.de\/site\/wp-content\/uploads\/2019\/04\/SAM_0381_n.jpg\" \/><\/p>\n<p>Die \u00cele de la Cit\u00e9, eine Binneninsel in der Seine und der \u00e4lteste Teil von Paris, umrundeten wir am Nach\u00admittag mit einem Schiff und konn\u00adten dabei viele Sehensw\u00fcrdigkeiten, wie z. B. die neun Br\u00fccken, die die Insel mit den beiden Seine-Ufern verbindet, noch einmal aus einem anderen Blickwinkel betrachten.<\/p>\n<p>&nbsp;<\/p>\n<p><img decoding=\"async\" class=\"alignleft\" src=\"https:\/\/www.kirche-hettenhausen.de\/site\/wp-content\/uploads\/2019\/04\/1126_345611998874768_753301487_n.jpg\" \/><\/p>\n<p>Am Nachmittag wurde die F\u00fchrung durch Frau Stehr fortgesetzt, diesmal in der unmittelbaren Um\u00adgebung des Louvre, bevor wir schlie\u00dflich das drittgr\u00f6\u00dfte Museum der Welt selbst betraten.<\/p>\n<p>Das Geb\u00e4ude, in fr\u00fcheren Zeiten ein franz\u00f6sischer K\u00f6nigspalast, wurde \u00fcber Jahrhunderte von den jeweiligen Herrschern umgebaut, erweitert und renoviert. Heute be\u00adherbergt das Museum ungef\u00e4hr 380.000 Werke, von denen nicht einmal 10% auf einer Fl\u00e4che von \u00fcber 60.000 m\u00b2 pr\u00e4sentiert wer\u00adden. Wir sahen viele ber\u00fchmte Kunstwerke, darunter die \u201eVenus von Milo\u201c, die griechische Skulptur &#8222;Nike von Samothrake&#8220;, das Gem\u00e4lde \u201eHochzeit zu Kana\u201c und nat\u00fcrlich die \u201eMona Lisa\u201c von Leonardo da Vinci. Im Untergeschoss konnten wir die erhaltenen Burggr\u00e4ben des mittelalterlichen Louvre besichtigen.<\/p>\n<p>&nbsp;<\/p>\n<p>&nbsp;<\/p>\n<p>&nbsp;<\/p>\n<p>&nbsp;<\/p>\n<p>&nbsp;<\/p>\n<p>&nbsp;<\/p>\n<p><img decoding=\"async\" class=\"alignright\" src=\"https:\/\/www.kirche-hettenhausen.de\/site\/wp-content\/uploads\/2019\/04\/1014287_345604018875566_1140967443_n.jpg\" \/>Nach so viel Kultur beschlossen wir, uns nach dem gemeinsamen Abendessen noch einmal den Eiffel\u00adturm aus einer anderen Perspek\u00adtive anzusehen. Wir warteten am gegen\u00fcberliegenden Seineufer, von dem man einen tollen Blick auf den Turm hatte, auf die Illumination. Ein atemberaubender Anblick, wenn die Beleuchtung des Eiffelturms bei zunehmender Dunkelheit immer st\u00e4rker wird und er dann zur vollen Stunde f\u00fcr ein paar Minuten von oben bis unten funkelt und glitzert wie ein Diamant! Das einzige, was dabei st\u00f6rte, waren nur die aus\u00addauernden Souvenirverk\u00e4ufer, von denen wir uns aber letztlich auch befreien konnten.<\/p>\n<p>&nbsp;<\/p>\n<p>&nbsp;<\/p>\n<p>&nbsp;<\/p>\n<p>&nbsp;<\/p>\n<p>&nbsp;<\/p>\n<p>&nbsp;<\/p>\n<p>&nbsp;<\/p>\n<p>&nbsp;<\/p>\n<p>&nbsp;<\/p>\n<p>&nbsp;<\/p>\n<p>Am n\u00e4chsten Morgen fuhren wir nach dem Fr\u00fchst\u00fcck mit der Metro direkt zum Triumphbogen, neben dem Eiffelturm eines der ber\u00fchm\u00adtesten Wahrzeichen der franz\u00f6si\u00adschen Hauptstadt, und hatten von dessen Dach einen tollen Rundblick \u00fcber Paris. Vom Triumphbogen gehen sternf\u00f6rmig zw\u00f6lf Stra\u00dfen aus, u. a. die Avenue des Champs-\u00c9lys\u00e9es, eine Prachtstra\u00dfe von fast 2 km L\u00e4nge, die am Place de la Concorde endet.<\/p>\n<p>Die freie Zeit danach nutzten viele zu einem Abstecher in eines der \u00e4ltesten Kaufh\u00e4user Frankreichs, die \u201eGaleries Lafayette\u201c, mit seiner Jugendstilarchitektur und dem beeindruckenden Glaskuppeldach.<\/p>\n<p>&nbsp;<\/p>\n<p><img decoding=\"async\" class=\"alignleft\" src=\"https:\/\/www.kirche-hettenhausen.de\/site\/wp-content\/uploads\/2019\/04\/SAM_0485_n.jpg\" \/><\/p>\n<p>Der Nachmittag stand ganz im Zeichen des K\u00fcnstlerviertels Montmartre. Das auf einem H\u00fcgel im Norden von Paris gelegene fr\u00fc\u00adhere Dorf ist die h\u00f6chste nat\u00fcrliche Erhebung der Stadt und wird von der von weitem sichtbaren Basilika Sacr\u00e9-C\u0153ur gekr\u00f6nt. Frau Stehr f\u00fchrte uns durch das Viertel, u. a. sahen wir das Grab des in Paris verstorbenen deutschen Dichters Heinrich Heine. Unsere Reisef\u00fchre\u00adrin hatte viele interessante Infor\u00admationen und Anekdoten f\u00fcr uns und so war der Aufstieg zur Basi\u00adlika sehr kurzweilig. Oben ange\u00adkommen, besichtigten wir die be\u00adr\u00fchmte, dem Herzen Christi ge\u00adweihte Kirche im \u201eZuckerb\u00e4cker\u00adstil\u201c. Wir genossen den grandiosen Ausblick auf die Stadt von den Treppenstufen der Wallfahrtskir\u00adche, bevor wir uns schlie\u00dflich auf den R\u00fcckweg machten und den Abend wieder in \u201eunserer\u201c Pizzeria ausklingen lie\u00dfen.<\/p>\n<p>&nbsp;<\/p>\n<p><img decoding=\"async\" class=\"aligncenter\" src=\"https:\/\/www.kirche-hettenhausen.de\/site\/wp-content\/uploads\/2019\/04\/SAM_0492_n.jpg\" \/><\/p>\n<p>&nbsp;<\/p>\n<p>&nbsp;<\/p>\n<p>Und schneller als gedacht brach der letzte Tag unserer Reise an, an dem wir wie geplant einen Gottes\u00addienst in der Christuskirche, dem Gotteshaus der Deutschen Evange\u00adlischen Gemeinde in Paris, besuch\u00adten. Die Liturgie war uns sehr ver\u00adtraut, selbst der anschlie\u00dfende Kirchenkaffee mit vertiefenden Gespr\u00e4chen war ganz wie zu Hause.<\/p>\n<p>&nbsp;<\/p>\n<p><img decoding=\"async\" class=\"alignright\" src=\"https:\/\/www.kirche-hettenhausen.de\/site\/wp-content\/uploads\/2019\/04\/SAM_0509_n.jpg\" \/><\/p>\n<p>&nbsp;<\/p>\n<p>Nach dem Gottesdienst teilte sich unsere Gruppe: Die einen gingen wie geplant zum Pariser Kunsthandwerkermarkt am Fu\u00df des Montparnasse-Turms, die anderen folgten dem Geheimtipp einer Gottesdienstbesucherin und verbrachten die Mittagspause in einem romantischen Garten mit Museum ganz in der N\u00e4he der Kirche.<\/p>\n<p>&nbsp;<\/p>\n<p>&nbsp;<\/p>\n<p>&nbsp;<\/p>\n<p>Bald mussten wir aber alle wieder zur\u00fcck zum Hotel, um unsere Koffer zu holen und zum Bahnhof zu fahren, von wo wir Paris gegen 17 Uhr schweren Herzens verlie\u00dfen.<\/p>\n<p><img decoding=\"async\" class=\"aligncenter\" src=\"https:\/\/www.kirche-hettenhausen.de\/site\/wp-content\/uploads\/2019\/04\/CIMG0423_n.jpg\" \/><\/p>\n<p>&nbsp;<\/p>\n<p>&nbsp;<\/p>\n<p>Wir haben viele sch\u00f6ne gemein\u00adsame Stunden verbracht und wer\u00adden sicherlich noch lange an diese wundervolle Reise und die damit verbundenen Erlebnisse denken.<\/p>\n<p>Ein besonders herzliches Dankesch\u00f6n noch einmal an Simone Ke\u00dfler f\u00fcr die komplette Organisation. Es war toll und wir freuen uns schon auf das n\u00e4chste Mal\u2026<\/p>\n<p>&nbsp;<\/p>\n<p><img loading=\"lazy\" decoding=\"async\" class=\"aligncenter\" src=\"https:\/\/www.kirche-hettenhausen.de\/site\/wp-content\/uploads\/2019\/04\/P1000603_n.jpg\" alt=\"Gruppenbild\" width=\"336\" height=\"448\" \/><\/p>\n<p>&nbsp;<\/p>\n<p style=\"text-align: right;\">(mf)<\/p>\n","protected":false},"excerpt":{"rendered":"<p>Am 12. Juni 2013 machten wir uns um kurz vor 6 Uhr, eine Stunde fr\u00fcher als urspr\u00fcnglich geplant, mit 18 Teilnehmern auf den Weg nach Paris, dem Ziel unserer diesj\u00e4hri\u00adgen Gemeindereise. Die Bahnfahrt f\u00fchrte uns zun\u00e4chst \u00fcber Fulda und Frankfurt, bis wir dann gegen 13 Uhr am Gare de l\u2019Est in Paris an\u00adkamen. Dort erwartete [&hellip;]<\/p>\n","protected":false},"author":2,"featured_media":2431,"comment_status":"closed","ping_status":"closed","sticky":false,"template":"","format":"standard","meta":{"footnotes":""},"categories":[25],"tags":[82,91,39],"class_list":["post-2398","post","type-post","status-publish","format-standard","has-post-thumbnail","hentry","category-veranstaltungen","tag-gemeindefahrt","tag-oekumene","tag-veranstaltungen"],"yoast_head":"<!-- This site is optimized with the Yoast SEO plugin v27.4 - https:\/\/yoast.com\/product\/yoast-seo-wordpress\/ -->\n<title>Gemeindereise nach Paris - Ev.-luth. Kirchengemeinde Hettenhausen - Dalherda<\/title>\n<meta name=\"robots\" content=\"index, follow, max-snippet:-1, max-image-preview:large, max-video-preview:-1\" \/>\n<link rel=\"canonical\" href=\"https:\/\/www.kirche-hettenhausen.de\/site\/2013\/07\/gemeindereise-nach-paris\/\" \/>\n<meta property=\"og:locale\" content=\"de_DE\" \/>\n<meta property=\"og:type\" content=\"article\" \/>\n<meta property=\"og:title\" content=\"Gemeindereise nach Paris - Ev.-luth. Kirchengemeinde Hettenhausen - Dalherda\" \/>\n<meta property=\"og:description\" content=\"Am 12. Juni 2013 machten wir uns um kurz vor 6 Uhr, eine Stunde fr\u00fcher als urspr\u00fcnglich geplant, mit 18 Teilnehmern auf den Weg nach Paris, dem Ziel unserer diesj\u00e4hri\u00adgen Gemeindereise. Die Bahnfahrt f\u00fchrte uns zun\u00e4chst \u00fcber Fulda und Frankfurt, bis wir dann gegen 13 Uhr am Gare de l\u2019Est in Paris an\u00adkamen. Dort erwartete [&hellip;]\" \/>\n<meta property=\"og:url\" content=\"https:\/\/www.kirche-hettenhausen.de\/site\/2013\/07\/gemeindereise-nach-paris\/\" \/>\n<meta property=\"og:site_name\" content=\"Ev.-luth. Kirchengemeinde Hettenhausen - Dalherda\" \/>\n<meta property=\"article:published_time\" content=\"2013-07-01T18:54:15+00:00\" \/>\n<meta property=\"article:modified_time\" content=\"2021-07-04T02:09:24+00:00\" \/>\n<meta property=\"og:image\" content=\"https:\/\/www.kirche-hettenhausen.de\/site\/wp-content\/uploads\/2019\/04\/SAM_0241_n.jpg\" \/>\n\t<meta property=\"og:image:width\" content=\"275\" \/>\n\t<meta property=\"og:image:height\" content=\"199\" \/>\n\t<meta property=\"og:image:type\" content=\"image\/jpeg\" \/>\n<meta name=\"author\" content=\"Marion Friedrich\" \/>\n<meta name=\"twitter:card\" content=\"summary_large_image\" \/>\n<meta name=\"twitter:label1\" content=\"Verfasst von\" \/>\n\t<meta name=\"twitter:data1\" content=\"Marion Friedrich\" \/>\n\t<meta name=\"twitter:label2\" content=\"Gesch\u00e4tzte Lesezeit\" \/>\n\t<meta name=\"twitter:data2\" content=\"6\u00a0Minuten\" \/>\n<script type=\"application\/ld+json\" class=\"yoast-schema-graph\">{\"@context\":\"https:\\\/\\\/schema.org\",\"@graph\":[{\"@type\":\"Article\",\"@id\":\"https:\\\/\\\/www.kirche-hettenhausen.de\\\/site\\\/2013\\\/07\\\/gemeindereise-nach-paris\\\/#article\",\"isPartOf\":{\"@id\":\"https:\\\/\\\/www.kirche-hettenhausen.de\\\/site\\\/2013\\\/07\\\/gemeindereise-nach-paris\\\/\"},\"author\":{\"name\":\"Marion Friedrich\",\"@id\":\"https:\\\/\\\/www.kirche-hettenhausen.de\\\/site\\\/#\\\/schema\\\/person\\\/7740d89d8f816da861ece2b378a21c57\"},\"headline\":\"Gemeindereise nach Paris\",\"datePublished\":\"2013-07-01T18:54:15+00:00\",\"dateModified\":\"2021-07-04T02:09:24+00:00\",\"mainEntityOfPage\":{\"@id\":\"https:\\\/\\\/www.kirche-hettenhausen.de\\\/site\\\/2013\\\/07\\\/gemeindereise-nach-paris\\\/\"},\"wordCount\":1051,\"image\":{\"@id\":\"https:\\\/\\\/www.kirche-hettenhausen.de\\\/site\\\/2013\\\/07\\\/gemeindereise-nach-paris\\\/#primaryimage\"},\"thumbnailUrl\":\"https:\\\/\\\/www.kirche-hettenhausen.de\\\/site\\\/wp-content\\\/uploads\\\/2019\\\/04\\\/SAM_0241_n.jpg\",\"keywords\":[\"Gemeindefahrt\",\"\u00d6kumene\",\"Veranstaltungen\"],\"articleSection\":[\"Veranstaltungen\"],\"inLanguage\":\"de\"},{\"@type\":\"WebPage\",\"@id\":\"https:\\\/\\\/www.kirche-hettenhausen.de\\\/site\\\/2013\\\/07\\\/gemeindereise-nach-paris\\\/\",\"url\":\"https:\\\/\\\/www.kirche-hettenhausen.de\\\/site\\\/2013\\\/07\\\/gemeindereise-nach-paris\\\/\",\"name\":\"Gemeindereise nach Paris - Ev.-luth. Kirchengemeinde Hettenhausen - Dalherda\",\"isPartOf\":{\"@id\":\"https:\\\/\\\/www.kirche-hettenhausen.de\\\/site\\\/#website\"},\"primaryImageOfPage\":{\"@id\":\"https:\\\/\\\/www.kirche-hettenhausen.de\\\/site\\\/2013\\\/07\\\/gemeindereise-nach-paris\\\/#primaryimage\"},\"image\":{\"@id\":\"https:\\\/\\\/www.kirche-hettenhausen.de\\\/site\\\/2013\\\/07\\\/gemeindereise-nach-paris\\\/#primaryimage\"},\"thumbnailUrl\":\"https:\\\/\\\/www.kirche-hettenhausen.de\\\/site\\\/wp-content\\\/uploads\\\/2019\\\/04\\\/SAM_0241_n.jpg\",\"datePublished\":\"2013-07-01T18:54:15+00:00\",\"dateModified\":\"2021-07-04T02:09:24+00:00\",\"author\":{\"@id\":\"https:\\\/\\\/www.kirche-hettenhausen.de\\\/site\\\/#\\\/schema\\\/person\\\/7740d89d8f816da861ece2b378a21c57\"},\"breadcrumb\":{\"@id\":\"https:\\\/\\\/www.kirche-hettenhausen.de\\\/site\\\/2013\\\/07\\\/gemeindereise-nach-paris\\\/#breadcrumb\"},\"inLanguage\":\"de\",\"potentialAction\":[{\"@type\":\"ReadAction\",\"target\":[\"https:\\\/\\\/www.kirche-hettenhausen.de\\\/site\\\/2013\\\/07\\\/gemeindereise-nach-paris\\\/\"]}]},{\"@type\":\"ImageObject\",\"inLanguage\":\"de\",\"@id\":\"https:\\\/\\\/www.kirche-hettenhausen.de\\\/site\\\/2013\\\/07\\\/gemeindereise-nach-paris\\\/#primaryimage\",\"url\":\"https:\\\/\\\/www.kirche-hettenhausen.de\\\/site\\\/wp-content\\\/uploads\\\/2019\\\/04\\\/SAM_0241_n.jpg\",\"contentUrl\":\"https:\\\/\\\/www.kirche-hettenhausen.de\\\/site\\\/wp-content\\\/uploads\\\/2019\\\/04\\\/SAM_0241_n.jpg\",\"width\":275,\"height\":199},{\"@type\":\"BreadcrumbList\",\"@id\":\"https:\\\/\\\/www.kirche-hettenhausen.de\\\/site\\\/2013\\\/07\\\/gemeindereise-nach-paris\\\/#breadcrumb\",\"itemListElement\":[{\"@type\":\"ListItem\",\"position\":1,\"name\":\"Startseite\",\"item\":\"https:\\\/\\\/www.kirche-hettenhausen.de\\\/site\\\/\"},{\"@type\":\"ListItem\",\"position\":2,\"name\":\"Gemeindereise nach Paris\"}]},{\"@type\":\"WebSite\",\"@id\":\"https:\\\/\\\/www.kirche-hettenhausen.de\\\/site\\\/#website\",\"url\":\"https:\\\/\\\/www.kirche-hettenhausen.de\\\/site\\\/\",\"name\":\"Ev.-luth. Kirchengemeinde Hettenhausen - Dalherda\",\"description\":\"Homepage der Ev.-luth. Kirchengemeinde Hettenhausen - Dalherda\",\"potentialAction\":[{\"@type\":\"SearchAction\",\"target\":{\"@type\":\"EntryPoint\",\"urlTemplate\":\"https:\\\/\\\/www.kirche-hettenhausen.de\\\/site\\\/?s={search_term_string}\"},\"query-input\":{\"@type\":\"PropertyValueSpecification\",\"valueRequired\":true,\"valueName\":\"search_term_string\"}}],\"inLanguage\":\"de\"},{\"@type\":\"Person\",\"@id\":\"https:\\\/\\\/www.kirche-hettenhausen.de\\\/site\\\/#\\\/schema\\\/person\\\/7740d89d8f816da861ece2b378a21c57\",\"name\":\"Marion Friedrich\",\"url\":\"https:\\\/\\\/www.kirche-hettenhausen.de\\\/site\\\/author\\\/m-friedrichkirche-hettenhausen-de\\\/\"}]}<\/script>\n<!-- \/ Yoast SEO plugin. -->","yoast_head_json":{"title":"Gemeindereise nach Paris - Ev.-luth. Kirchengemeinde Hettenhausen - Dalherda","robots":{"index":"index","follow":"follow","max-snippet":"max-snippet:-1","max-image-preview":"max-image-preview:large","max-video-preview":"max-video-preview:-1"},"canonical":"https:\/\/www.kirche-hettenhausen.de\/site\/2013\/07\/gemeindereise-nach-paris\/","og_locale":"de_DE","og_type":"article","og_title":"Gemeindereise nach Paris - Ev.-luth. Kirchengemeinde Hettenhausen - Dalherda","og_description":"Am 12. Juni 2013 machten wir uns um kurz vor 6 Uhr, eine Stunde fr\u00fcher als urspr\u00fcnglich geplant, mit 18 Teilnehmern auf den Weg nach Paris, dem Ziel unserer diesj\u00e4hri\u00adgen Gemeindereise. Die Bahnfahrt f\u00fchrte uns zun\u00e4chst \u00fcber Fulda und Frankfurt, bis wir dann gegen 13 Uhr am Gare de l\u2019Est in Paris an\u00adkamen. Dort erwartete [&hellip;]","og_url":"https:\/\/www.kirche-hettenhausen.de\/site\/2013\/07\/gemeindereise-nach-paris\/","og_site_name":"Ev.-luth. Kirchengemeinde Hettenhausen - Dalherda","article_published_time":"2013-07-01T18:54:15+00:00","article_modified_time":"2021-07-04T02:09:24+00:00","og_image":[{"width":275,"height":199,"url":"https:\/\/www.kirche-hettenhausen.de\/site\/wp-content\/uploads\/2019\/04\/SAM_0241_n.jpg","type":"image\/jpeg"}],"author":"Marion Friedrich","twitter_card":"summary_large_image","twitter_misc":{"Verfasst von":"Marion Friedrich","Gesch\u00e4tzte Lesezeit":"6\u00a0Minuten"},"schema":{"@context":"https:\/\/schema.org","@graph":[{"@type":"Article","@id":"https:\/\/www.kirche-hettenhausen.de\/site\/2013\/07\/gemeindereise-nach-paris\/#article","isPartOf":{"@id":"https:\/\/www.kirche-hettenhausen.de\/site\/2013\/07\/gemeindereise-nach-paris\/"},"author":{"name":"Marion Friedrich","@id":"https:\/\/www.kirche-hettenhausen.de\/site\/#\/schema\/person\/7740d89d8f816da861ece2b378a21c57"},"headline":"Gemeindereise nach Paris","datePublished":"2013-07-01T18:54:15+00:00","dateModified":"2021-07-04T02:09:24+00:00","mainEntityOfPage":{"@id":"https:\/\/www.kirche-hettenhausen.de\/site\/2013\/07\/gemeindereise-nach-paris\/"},"wordCount":1051,"image":{"@id":"https:\/\/www.kirche-hettenhausen.de\/site\/2013\/07\/gemeindereise-nach-paris\/#primaryimage"},"thumbnailUrl":"https:\/\/www.kirche-hettenhausen.de\/site\/wp-content\/uploads\/2019\/04\/SAM_0241_n.jpg","keywords":["Gemeindefahrt","\u00d6kumene","Veranstaltungen"],"articleSection":["Veranstaltungen"],"inLanguage":"de"},{"@type":"WebPage","@id":"https:\/\/www.kirche-hettenhausen.de\/site\/2013\/07\/gemeindereise-nach-paris\/","url":"https:\/\/www.kirche-hettenhausen.de\/site\/2013\/07\/gemeindereise-nach-paris\/","name":"Gemeindereise nach Paris - Ev.-luth. Kirchengemeinde Hettenhausen - Dalherda","isPartOf":{"@id":"https:\/\/www.kirche-hettenhausen.de\/site\/#website"},"primaryImageOfPage":{"@id":"https:\/\/www.kirche-hettenhausen.de\/site\/2013\/07\/gemeindereise-nach-paris\/#primaryimage"},"image":{"@id":"https:\/\/www.kirche-hettenhausen.de\/site\/2013\/07\/gemeindereise-nach-paris\/#primaryimage"},"thumbnailUrl":"https:\/\/www.kirche-hettenhausen.de\/site\/wp-content\/uploads\/2019\/04\/SAM_0241_n.jpg","datePublished":"2013-07-01T18:54:15+00:00","dateModified":"2021-07-04T02:09:24+00:00","author":{"@id":"https:\/\/www.kirche-hettenhausen.de\/site\/#\/schema\/person\/7740d89d8f816da861ece2b378a21c57"},"breadcrumb":{"@id":"https:\/\/www.kirche-hettenhausen.de\/site\/2013\/07\/gemeindereise-nach-paris\/#breadcrumb"},"inLanguage":"de","potentialAction":[{"@type":"ReadAction","target":["https:\/\/www.kirche-hettenhausen.de\/site\/2013\/07\/gemeindereise-nach-paris\/"]}]},{"@type":"ImageObject","inLanguage":"de","@id":"https:\/\/www.kirche-hettenhausen.de\/site\/2013\/07\/gemeindereise-nach-paris\/#primaryimage","url":"https:\/\/www.kirche-hettenhausen.de\/site\/wp-content\/uploads\/2019\/04\/SAM_0241_n.jpg","contentUrl":"https:\/\/www.kirche-hettenhausen.de\/site\/wp-content\/uploads\/2019\/04\/SAM_0241_n.jpg","width":275,"height":199},{"@type":"BreadcrumbList","@id":"https:\/\/www.kirche-hettenhausen.de\/site\/2013\/07\/gemeindereise-nach-paris\/#breadcrumb","itemListElement":[{"@type":"ListItem","position":1,"name":"Startseite","item":"https:\/\/www.kirche-hettenhausen.de\/site\/"},{"@type":"ListItem","position":2,"name":"Gemeindereise nach Paris"}]},{"@type":"WebSite","@id":"https:\/\/www.kirche-hettenhausen.de\/site\/#website","url":"https:\/\/www.kirche-hettenhausen.de\/site\/","name":"Ev.-luth. Kirchengemeinde Hettenhausen - Dalherda","description":"Homepage der Ev.-luth. Kirchengemeinde Hettenhausen - Dalherda","potentialAction":[{"@type":"SearchAction","target":{"@type":"EntryPoint","urlTemplate":"https:\/\/www.kirche-hettenhausen.de\/site\/?s={search_term_string}"},"query-input":{"@type":"PropertyValueSpecification","valueRequired":true,"valueName":"search_term_string"}}],"inLanguage":"de"},{"@type":"Person","@id":"https:\/\/www.kirche-hettenhausen.de\/site\/#\/schema\/person\/7740d89d8f816da861ece2b378a21c57","name":"Marion Friedrich","url":"https:\/\/www.kirche-hettenhausen.de\/site\/author\/m-friedrichkirche-hettenhausen-de\/"}]}},"_links":{"self":[{"href":"https:\/\/www.kirche-hettenhausen.de\/site\/wp-json\/wp\/v2\/posts\/2398","targetHints":{"allow":["GET"]}}],"collection":[{"href":"https:\/\/www.kirche-hettenhausen.de\/site\/wp-json\/wp\/v2\/posts"}],"about":[{"href":"https:\/\/www.kirche-hettenhausen.de\/site\/wp-json\/wp\/v2\/types\/post"}],"author":[{"embeddable":true,"href":"https:\/\/www.kirche-hettenhausen.de\/site\/wp-json\/wp\/v2\/users\/2"}],"replies":[{"embeddable":true,"href":"https:\/\/www.kirche-hettenhausen.de\/site\/wp-json\/wp\/v2\/comments?post=2398"}],"version-history":[{"count":15,"href":"https:\/\/www.kirche-hettenhausen.de\/site\/wp-json\/wp\/v2\/posts\/2398\/revisions"}],"predecessor-version":[{"id":9540,"href":"https:\/\/www.kirche-hettenhausen.de\/site\/wp-json\/wp\/v2\/posts\/2398\/revisions\/9540"}],"wp:featuredmedia":[{"embeddable":true,"href":"https:\/\/www.kirche-hettenhausen.de\/site\/wp-json\/wp\/v2\/media\/2431"}],"wp:attachment":[{"href":"https:\/\/www.kirche-hettenhausen.de\/site\/wp-json\/wp\/v2\/media?parent=2398"}],"wp:term":[{"taxonomy":"category","embeddable":true,"href":"https:\/\/www.kirche-hettenhausen.de\/site\/wp-json\/wp\/v2\/categories?post=2398"},{"taxonomy":"post_tag","embeddable":true,"href":"https:\/\/www.kirche-hettenhausen.de\/site\/wp-json\/wp\/v2\/tags?post=2398"}],"curies":[{"name":"wp","href":"https:\/\/api.w.org\/{rel}","templated":true}]}}