{"id":2163,"date":"2019-02-28T20:16:51","date_gmt":"2019-02-28T19:16:51","guid":{"rendered":"https:\/\/kirche-hettenhausen.de\/site\/?p=2163"},"modified":"2021-02-16T21:45:48","modified_gmt":"2021-02-16T20:45:48","slug":"fasten-fuer-die-orgel","status":"publish","type":"post","link":"https:\/\/www.kirche-hettenhausen.de\/site\/2019\/02\/fasten-fuer-die-orgel\/","title":{"rendered":"&#8222;Fasten f\u00fcr die Orgel&#8220;"},"content":{"rendered":"<p style=\"text-align: left;\"><strong><u>(\u2026oder die etwas andere Idee\u2026)<\/u><\/strong><\/p>\n<p>&nbsp;<\/p>\n<p style=\"text-align: center;\">Bis Ostern ist es wieder soweit,<\/p>\n<p style=\"text-align: center;\">es beginnt die Fastenzeit.<\/p>\n<p style=\"text-align: center;\">Probehalber mal etwas anders machen,<\/p>\n<p style=\"text-align: center;\">weglassen oder \u00e4ndern von so einigen Sachen.<\/p>\n<p style=\"text-align: center;\">Es k\u00f6nnte n\u00e4mlich eine Entdeckung sein,<\/p>\n<p style=\"text-align: center;\">zu verzichten auf Bier, Handy, Zigaretten oder Wein.<\/p>\n<p style=\"text-align: center;\">Oder man gibt was hinzu<\/p>\n<p style=\"text-align: center;\">und geht eine Spazierrunde mal ganz in Ruh.<\/p>\n<p style=\"text-align: center;\">Zusammen oder allein, ganz egal,<\/p>\n<p style=\"text-align: center;\">vielleicht mit einem Freund. Sie haben die Wahl.<\/p>\n<p style=\"text-align: center;\">Nun kommt es, warum wir hier f\u00fcr Sie dichten,<\/p>\n<p style=\"text-align: center;\">die Orgel muss renoviert werden und wir als Gemeinde wollen es richten.<\/p>\n<p style=\"text-align: center;\">Unsere Idee w\u00e4re in der Fastenzeit,<\/p>\n<p style=\"text-align: center;\">geben Sie den Betrag, f\u00fcr den Sie sind bereit.<\/p>\n<p style=\"text-align: center;\">Lasse ich 2 x in der Woche das Bier abends sein,<\/p>\n<p style=\"text-align: center;\">schon k\u00f6nnten 3 Euro in Ihr \u201eOrgel-Sparschwein\u201c rein.<\/p>\n<p style=\"text-align: center;\">Oder verzichte ich 7 Wochen lang auf meine Gl\u00e4ser Wein,<\/p>\n<p style=\"text-align: center;\">k\u00f6nnte auch dieser Betrag in das Sparschwein hinein.<\/p>\n<p style=\"text-align: center;\">Laufe ich ab und zu eine Runde ums Dorf oder Haus,<\/p>\n<p style=\"text-align: center;\">k\u00f6nnte pro Runde ein kleiner Betrag aus Ihrem Geldbeutel raus.<\/p>\n<p style=\"text-align: center;\">Auch Kinder k\u00f6nnen mit dabei hier sein,<\/p>\n<p style=\"text-align: center;\">schaut ihr doch mal wieder in ein Buch hinein.<\/p>\n<p style=\"text-align: center;\">Pro Seite, Kapitel oder Buch gibt es von der Mutter,<\/p>\n<p style=\"text-align: center;\">f\u00fcr euer \u201eOrgel-Schweinchen\u201c gutes Futter.<\/p>\n<p style=\"text-align: center;\">Verlassen wir doch alle mal ein st\u00fcckweit die gewohnten Wegen,<\/p>\n<p style=\"text-align: center;\">f\u00fcr unsere Orgel w\u00e4re das ein Segen.<\/p>\n<p style=\"text-align: center;\">Aber auch f\u00fcr Sie selbst w\u00e4re es ein Gewinn,<\/p>\n<p style=\"text-align: center;\">einen Schritt zur Seite machen, mal etwas anderes haben im Sinn<\/p>\n<p style=\"text-align: center;\">und an Ostersonntag bringen wir alle unser \u201eOrgel-Sparschwein\u201c mit zur Kirche hin.<\/p>\n<p>&nbsp;<\/p>\n<p style=\"text-align: right;\">(Eva Gro\u00df)<\/p>\n<p>&nbsp;<\/p>\n<p><img loading=\"lazy\" decoding=\"async\" src=\"https:\/\/www.kirche-hettenhausen.de\/site\/wp-content\/uploads\/2019\/03\/save-3451075_1280.jpg\" alt=\"\" width=\"1280\" height=\"720\" \/><\/p>\n","protected":false},"excerpt":{"rendered":"<p>(\u2026oder die etwas andere Idee\u2026) &nbsp; Bis Ostern ist es wieder soweit, es beginnt die Fastenzeit. Probehalber mal etwas anders machen, weglassen oder \u00e4ndern von so einigen Sachen. Es k\u00f6nnte n\u00e4mlich eine Entdeckung sein, zu verzichten auf Bier, Handy, Zigaretten oder Wein. Oder man gibt was hinzu und geht eine Spazierrunde mal ganz in Ruh. [&hellip;]<\/p>\n","protected":false},"author":2,"featured_media":2312,"comment_status":"closed","ping_status":"closed","sticky":false,"template":"","format":"standard","meta":{"footnotes":""},"categories":[48,129,22,17,25],"tags":[15,128,91,38,44,34,39],"class_list":["post-2163","post","type-post","status-publish","format-standard","has-post-thumbnail","hentry","category-feier-festtage","category-hettenhausen","category-kirche-st-georg","category-orgelprojekt-st-georg","category-veranstaltungen","tag-adam-eifert-orgel","tag-hettenhausen","tag-oekumene","tag-orgelprojekt-st-georg","tag-ostern","tag-pfarrkirche-st-georg","tag-veranstaltungen"],"yoast_head":"<!-- This site is optimized with the Yoast SEO plugin v27.4 - https:\/\/yoast.com\/product\/yoast-seo-wordpress\/ -->\n<title>&quot;Fasten f\u00fcr die Orgel&quot; - Ev.-luth. Kirchengemeinde Hettenhausen - Dalherda<\/title>\n<meta name=\"robots\" content=\"index, follow, max-snippet:-1, max-image-preview:large, max-video-preview:-1\" \/>\n<link rel=\"canonical\" href=\"https:\/\/www.kirche-hettenhausen.de\/site\/2019\/02\/fasten-fuer-die-orgel\/\" \/>\n<meta property=\"og:locale\" content=\"de_DE\" \/>\n<meta property=\"og:type\" content=\"article\" \/>\n<meta property=\"og:title\" content=\"&quot;Fasten f\u00fcr die Orgel&quot; - Ev.-luth. Kirchengemeinde Hettenhausen - Dalherda\" \/>\n<meta property=\"og:description\" content=\"(\u2026oder die etwas andere Idee\u2026) &nbsp; Bis Ostern ist es wieder soweit, es beginnt die Fastenzeit. Probehalber mal etwas anders machen, weglassen oder \u00e4ndern von so einigen Sachen. Es k\u00f6nnte n\u00e4mlich eine Entdeckung sein, zu verzichten auf Bier, Handy, Zigaretten oder Wein. Oder man gibt was hinzu und geht eine Spazierrunde mal ganz in Ruh. [&hellip;]\" \/>\n<meta property=\"og:url\" content=\"https:\/\/www.kirche-hettenhausen.de\/site\/2019\/02\/fasten-fuer-die-orgel\/\" \/>\n<meta property=\"og:site_name\" content=\"Ev.-luth. Kirchengemeinde Hettenhausen - Dalherda\" \/>\n<meta property=\"article:published_time\" content=\"2019-02-28T19:16:51+00:00\" \/>\n<meta property=\"article:modified_time\" content=\"2021-02-16T20:45:48+00:00\" \/>\n<meta property=\"og:image\" content=\"https:\/\/www.kirche-hettenhausen.de\/site\/wp-content\/uploads\/2019\/03\/piggy-bank-1510552_640.jpg\" \/>\n\t<meta property=\"og:image:width\" content=\"640\" \/>\n\t<meta property=\"og:image:height\" content=\"397\" \/>\n\t<meta property=\"og:image:type\" content=\"image\/jpeg\" \/>\n<meta name=\"author\" content=\"Marion Friedrich\" \/>\n<meta name=\"twitter:card\" content=\"summary_large_image\" \/>\n<meta name=\"twitter:label1\" content=\"Verfasst von\" \/>\n\t<meta name=\"twitter:data1\" content=\"Marion Friedrich\" \/>\n\t<meta name=\"twitter:label2\" content=\"Gesch\u00e4tzte Lesezeit\" \/>\n\t<meta name=\"twitter:data2\" content=\"1\u00a0Minute\" \/>\n<script type=\"application\/ld+json\" class=\"yoast-schema-graph\">{\"@context\":\"https:\\\/\\\/schema.org\",\"@graph\":[{\"@type\":\"Article\",\"@id\":\"https:\\\/\\\/www.kirche-hettenhausen.de\\\/site\\\/2019\\\/02\\\/fasten-fuer-die-orgel\\\/#article\",\"isPartOf\":{\"@id\":\"https:\\\/\\\/www.kirche-hettenhausen.de\\\/site\\\/2019\\\/02\\\/fasten-fuer-die-orgel\\\/\"},\"author\":{\"name\":\"Marion Friedrich\",\"@id\":\"https:\\\/\\\/www.kirche-hettenhausen.de\\\/site\\\/#\\\/schema\\\/person\\\/7740d89d8f816da861ece2b378a21c57\"},\"headline\":\"&#8222;Fasten f\u00fcr die Orgel&#8220;\",\"datePublished\":\"2019-02-28T19:16:51+00:00\",\"dateModified\":\"2021-02-16T20:45:48+00:00\",\"mainEntityOfPage\":{\"@id\":\"https:\\\/\\\/www.kirche-hettenhausen.de\\\/site\\\/2019\\\/02\\\/fasten-fuer-die-orgel\\\/\"},\"wordCount\":264,\"image\":{\"@id\":\"https:\\\/\\\/www.kirche-hettenhausen.de\\\/site\\\/2019\\\/02\\\/fasten-fuer-die-orgel\\\/#primaryimage\"},\"thumbnailUrl\":\"https:\\\/\\\/www.kirche-hettenhausen.de\\\/site\\\/wp-content\\\/uploads\\\/2019\\\/03\\\/piggy-bank-1510552_640.jpg\",\"keywords\":[\"Adam-Eifert-Orgel\",\"Hettenhausen\",\"\u00d6kumene\",\"Orgelprojekt St. Georg\",\"Ostern\",\"Pfarrkirche St. Georg\",\"Veranstaltungen\"],\"articleSection\":[\"Feier-\\\/Festtage\",\"Hettenhausen\",\"Kirche St. Georg\",\"Orgelprojekt St. Georg\",\"Veranstaltungen\"],\"inLanguage\":\"de\"},{\"@type\":\"WebPage\",\"@id\":\"https:\\\/\\\/www.kirche-hettenhausen.de\\\/site\\\/2019\\\/02\\\/fasten-fuer-die-orgel\\\/\",\"url\":\"https:\\\/\\\/www.kirche-hettenhausen.de\\\/site\\\/2019\\\/02\\\/fasten-fuer-die-orgel\\\/\",\"name\":\"\\\"Fasten f\u00fcr die Orgel\\\" - Ev.-luth. Kirchengemeinde Hettenhausen - Dalherda\",\"isPartOf\":{\"@id\":\"https:\\\/\\\/www.kirche-hettenhausen.de\\\/site\\\/#website\"},\"primaryImageOfPage\":{\"@id\":\"https:\\\/\\\/www.kirche-hettenhausen.de\\\/site\\\/2019\\\/02\\\/fasten-fuer-die-orgel\\\/#primaryimage\"},\"image\":{\"@id\":\"https:\\\/\\\/www.kirche-hettenhausen.de\\\/site\\\/2019\\\/02\\\/fasten-fuer-die-orgel\\\/#primaryimage\"},\"thumbnailUrl\":\"https:\\\/\\\/www.kirche-hettenhausen.de\\\/site\\\/wp-content\\\/uploads\\\/2019\\\/03\\\/piggy-bank-1510552_640.jpg\",\"datePublished\":\"2019-02-28T19:16:51+00:00\",\"dateModified\":\"2021-02-16T20:45:48+00:00\",\"author\":{\"@id\":\"https:\\\/\\\/www.kirche-hettenhausen.de\\\/site\\\/#\\\/schema\\\/person\\\/7740d89d8f816da861ece2b378a21c57\"},\"breadcrumb\":{\"@id\":\"https:\\\/\\\/www.kirche-hettenhausen.de\\\/site\\\/2019\\\/02\\\/fasten-fuer-die-orgel\\\/#breadcrumb\"},\"inLanguage\":\"de\",\"potentialAction\":[{\"@type\":\"ReadAction\",\"target\":[\"https:\\\/\\\/www.kirche-hettenhausen.de\\\/site\\\/2019\\\/02\\\/fasten-fuer-die-orgel\\\/\"]}]},{\"@type\":\"ImageObject\",\"inLanguage\":\"de\",\"@id\":\"https:\\\/\\\/www.kirche-hettenhausen.de\\\/site\\\/2019\\\/02\\\/fasten-fuer-die-orgel\\\/#primaryimage\",\"url\":\"https:\\\/\\\/www.kirche-hettenhausen.de\\\/site\\\/wp-content\\\/uploads\\\/2019\\\/03\\\/piggy-bank-1510552_640.jpg\",\"contentUrl\":\"https:\\\/\\\/www.kirche-hettenhausen.de\\\/site\\\/wp-content\\\/uploads\\\/2019\\\/03\\\/piggy-bank-1510552_640.jpg\",\"width\":640,\"height\":397,\"caption\":\"Bild von Alexas_Fotos auf Pixabay\"},{\"@type\":\"BreadcrumbList\",\"@id\":\"https:\\\/\\\/www.kirche-hettenhausen.de\\\/site\\\/2019\\\/02\\\/fasten-fuer-die-orgel\\\/#breadcrumb\",\"itemListElement\":[{\"@type\":\"ListItem\",\"position\":1,\"name\":\"Startseite\",\"item\":\"https:\\\/\\\/www.kirche-hettenhausen.de\\\/site\\\/\"},{\"@type\":\"ListItem\",\"position\":2,\"name\":\"&#8222;Fasten f\u00fcr die Orgel&#8220;\"}]},{\"@type\":\"WebSite\",\"@id\":\"https:\\\/\\\/www.kirche-hettenhausen.de\\\/site\\\/#website\",\"url\":\"https:\\\/\\\/www.kirche-hettenhausen.de\\\/site\\\/\",\"name\":\"Ev.-luth. Kirchengemeinde Hettenhausen - Dalherda\",\"description\":\"Homepage der Ev.-luth. Kirchengemeinde Hettenhausen - Dalherda\",\"potentialAction\":[{\"@type\":\"SearchAction\",\"target\":{\"@type\":\"EntryPoint\",\"urlTemplate\":\"https:\\\/\\\/www.kirche-hettenhausen.de\\\/site\\\/?s={search_term_string}\"},\"query-input\":{\"@type\":\"PropertyValueSpecification\",\"valueRequired\":true,\"valueName\":\"search_term_string\"}}],\"inLanguage\":\"de\"},{\"@type\":\"Person\",\"@id\":\"https:\\\/\\\/www.kirche-hettenhausen.de\\\/site\\\/#\\\/schema\\\/person\\\/7740d89d8f816da861ece2b378a21c57\",\"name\":\"Marion Friedrich\",\"url\":\"https:\\\/\\\/www.kirche-hettenhausen.de\\\/site\\\/author\\\/m-friedrichkirche-hettenhausen-de\\\/\"}]}<\/script>\n<!-- \/ Yoast SEO plugin. -->","yoast_head_json":{"title":"\"Fasten f\u00fcr die Orgel\" - Ev.-luth. Kirchengemeinde Hettenhausen - Dalherda","robots":{"index":"index","follow":"follow","max-snippet":"max-snippet:-1","max-image-preview":"max-image-preview:large","max-video-preview":"max-video-preview:-1"},"canonical":"https:\/\/www.kirche-hettenhausen.de\/site\/2019\/02\/fasten-fuer-die-orgel\/","og_locale":"de_DE","og_type":"article","og_title":"\"Fasten f\u00fcr die Orgel\" - Ev.-luth. Kirchengemeinde Hettenhausen - Dalherda","og_description":"(\u2026oder die etwas andere Idee\u2026) &nbsp; Bis Ostern ist es wieder soweit, es beginnt die Fastenzeit. Probehalber mal etwas anders machen, weglassen oder \u00e4ndern von so einigen Sachen. Es k\u00f6nnte n\u00e4mlich eine Entdeckung sein, zu verzichten auf Bier, Handy, Zigaretten oder Wein. Oder man gibt was hinzu und geht eine Spazierrunde mal ganz in Ruh. [&hellip;]","og_url":"https:\/\/www.kirche-hettenhausen.de\/site\/2019\/02\/fasten-fuer-die-orgel\/","og_site_name":"Ev.-luth. Kirchengemeinde Hettenhausen - Dalherda","article_published_time":"2019-02-28T19:16:51+00:00","article_modified_time":"2021-02-16T20:45:48+00:00","og_image":[{"width":640,"height":397,"url":"https:\/\/www.kirche-hettenhausen.de\/site\/wp-content\/uploads\/2019\/03\/piggy-bank-1510552_640.jpg","type":"image\/jpeg"}],"author":"Marion Friedrich","twitter_card":"summary_large_image","twitter_misc":{"Verfasst von":"Marion Friedrich","Gesch\u00e4tzte Lesezeit":"1\u00a0Minute"},"schema":{"@context":"https:\/\/schema.org","@graph":[{"@type":"Article","@id":"https:\/\/www.kirche-hettenhausen.de\/site\/2019\/02\/fasten-fuer-die-orgel\/#article","isPartOf":{"@id":"https:\/\/www.kirche-hettenhausen.de\/site\/2019\/02\/fasten-fuer-die-orgel\/"},"author":{"name":"Marion Friedrich","@id":"https:\/\/www.kirche-hettenhausen.de\/site\/#\/schema\/person\/7740d89d8f816da861ece2b378a21c57"},"headline":"&#8222;Fasten f\u00fcr die Orgel&#8220;","datePublished":"2019-02-28T19:16:51+00:00","dateModified":"2021-02-16T20:45:48+00:00","mainEntityOfPage":{"@id":"https:\/\/www.kirche-hettenhausen.de\/site\/2019\/02\/fasten-fuer-die-orgel\/"},"wordCount":264,"image":{"@id":"https:\/\/www.kirche-hettenhausen.de\/site\/2019\/02\/fasten-fuer-die-orgel\/#primaryimage"},"thumbnailUrl":"https:\/\/www.kirche-hettenhausen.de\/site\/wp-content\/uploads\/2019\/03\/piggy-bank-1510552_640.jpg","keywords":["Adam-Eifert-Orgel","Hettenhausen","\u00d6kumene","Orgelprojekt St. Georg","Ostern","Pfarrkirche St. Georg","Veranstaltungen"],"articleSection":["Feier-\/Festtage","Hettenhausen","Kirche St. Georg","Orgelprojekt St. Georg","Veranstaltungen"],"inLanguage":"de"},{"@type":"WebPage","@id":"https:\/\/www.kirche-hettenhausen.de\/site\/2019\/02\/fasten-fuer-die-orgel\/","url":"https:\/\/www.kirche-hettenhausen.de\/site\/2019\/02\/fasten-fuer-die-orgel\/","name":"\"Fasten f\u00fcr die Orgel\" - Ev.-luth. Kirchengemeinde Hettenhausen - Dalherda","isPartOf":{"@id":"https:\/\/www.kirche-hettenhausen.de\/site\/#website"},"primaryImageOfPage":{"@id":"https:\/\/www.kirche-hettenhausen.de\/site\/2019\/02\/fasten-fuer-die-orgel\/#primaryimage"},"image":{"@id":"https:\/\/www.kirche-hettenhausen.de\/site\/2019\/02\/fasten-fuer-die-orgel\/#primaryimage"},"thumbnailUrl":"https:\/\/www.kirche-hettenhausen.de\/site\/wp-content\/uploads\/2019\/03\/piggy-bank-1510552_640.jpg","datePublished":"2019-02-28T19:16:51+00:00","dateModified":"2021-02-16T20:45:48+00:00","author":{"@id":"https:\/\/www.kirche-hettenhausen.de\/site\/#\/schema\/person\/7740d89d8f816da861ece2b378a21c57"},"breadcrumb":{"@id":"https:\/\/www.kirche-hettenhausen.de\/site\/2019\/02\/fasten-fuer-die-orgel\/#breadcrumb"},"inLanguage":"de","potentialAction":[{"@type":"ReadAction","target":["https:\/\/www.kirche-hettenhausen.de\/site\/2019\/02\/fasten-fuer-die-orgel\/"]}]},{"@type":"ImageObject","inLanguage":"de","@id":"https:\/\/www.kirche-hettenhausen.de\/site\/2019\/02\/fasten-fuer-die-orgel\/#primaryimage","url":"https:\/\/www.kirche-hettenhausen.de\/site\/wp-content\/uploads\/2019\/03\/piggy-bank-1510552_640.jpg","contentUrl":"https:\/\/www.kirche-hettenhausen.de\/site\/wp-content\/uploads\/2019\/03\/piggy-bank-1510552_640.jpg","width":640,"height":397,"caption":"Bild von Alexas_Fotos auf Pixabay"},{"@type":"BreadcrumbList","@id":"https:\/\/www.kirche-hettenhausen.de\/site\/2019\/02\/fasten-fuer-die-orgel\/#breadcrumb","itemListElement":[{"@type":"ListItem","position":1,"name":"Startseite","item":"https:\/\/www.kirche-hettenhausen.de\/site\/"},{"@type":"ListItem","position":2,"name":"&#8222;Fasten f\u00fcr die Orgel&#8220;"}]},{"@type":"WebSite","@id":"https:\/\/www.kirche-hettenhausen.de\/site\/#website","url":"https:\/\/www.kirche-hettenhausen.de\/site\/","name":"Ev.-luth. Kirchengemeinde Hettenhausen - Dalherda","description":"Homepage der Ev.-luth. Kirchengemeinde Hettenhausen - Dalherda","potentialAction":[{"@type":"SearchAction","target":{"@type":"EntryPoint","urlTemplate":"https:\/\/www.kirche-hettenhausen.de\/site\/?s={search_term_string}"},"query-input":{"@type":"PropertyValueSpecification","valueRequired":true,"valueName":"search_term_string"}}],"inLanguage":"de"},{"@type":"Person","@id":"https:\/\/www.kirche-hettenhausen.de\/site\/#\/schema\/person\/7740d89d8f816da861ece2b378a21c57","name":"Marion Friedrich","url":"https:\/\/www.kirche-hettenhausen.de\/site\/author\/m-friedrichkirche-hettenhausen-de\/"}]}},"_links":{"self":[{"href":"https:\/\/www.kirche-hettenhausen.de\/site\/wp-json\/wp\/v2\/posts\/2163","targetHints":{"allow":["GET"]}}],"collection":[{"href":"https:\/\/www.kirche-hettenhausen.de\/site\/wp-json\/wp\/v2\/posts"}],"about":[{"href":"https:\/\/www.kirche-hettenhausen.de\/site\/wp-json\/wp\/v2\/types\/post"}],"author":[{"embeddable":true,"href":"https:\/\/www.kirche-hettenhausen.de\/site\/wp-json\/wp\/v2\/users\/2"}],"replies":[{"embeddable":true,"href":"https:\/\/www.kirche-hettenhausen.de\/site\/wp-json\/wp\/v2\/comments?post=2163"}],"version-history":[{"count":7,"href":"https:\/\/www.kirche-hettenhausen.de\/site\/wp-json\/wp\/v2\/posts\/2163\/revisions"}],"predecessor-version":[{"id":5010,"href":"https:\/\/www.kirche-hettenhausen.de\/site\/wp-json\/wp\/v2\/posts\/2163\/revisions\/5010"}],"wp:featuredmedia":[{"embeddable":true,"href":"https:\/\/www.kirche-hettenhausen.de\/site\/wp-json\/wp\/v2\/media\/2312"}],"wp:attachment":[{"href":"https:\/\/www.kirche-hettenhausen.de\/site\/wp-json\/wp\/v2\/media?parent=2163"}],"wp:term":[{"taxonomy":"category","embeddable":true,"href":"https:\/\/www.kirche-hettenhausen.de\/site\/wp-json\/wp\/v2\/categories?post=2163"},{"taxonomy":"post_tag","embeddable":true,"href":"https:\/\/www.kirche-hettenhausen.de\/site\/wp-json\/wp\/v2\/tags?post=2163"}],"curies":[{"name":"wp","href":"https:\/\/api.w.org\/{rel}","templated":true}]}}