{"id":2095,"date":"2019-01-26T15:31:08","date_gmt":"2019-01-26T14:31:08","guid":{"rendered":"https:\/\/kirche-hettenhausen.de\/site\/?p=2095"},"modified":"2021-02-02T03:07:04","modified_gmt":"2021-02-02T02:07:04","slug":"rhoenerkinderkirchentag","status":"publish","type":"post","link":"https:\/\/www.kirche-hettenhausen.de\/site\/2019\/01\/rhoenerkinderkirchentag\/","title":{"rendered":"Rh\u00f6nerKinderKirchenTag"},"content":{"rendered":"<p>Der n\u00e4chste Rh\u00f6nerKinderKirchenTag findet am <strong>Samstag, den 9. M\u00e4rz 2019 <\/strong>in Gersfeld statt.<\/p>\n<p><span style=\"font-size: 14pt;\">Thema: &#8222;Josef und seine Br\u00fcder&#8220;<\/span><\/p>\n<p>Anmelden k\u00f6nnt ihr euch im Pfarramt oder beim KiGo-Team.<\/p>\n","protected":false},"excerpt":{"rendered":"<p>Der n\u00e4chste Rh\u00f6nerKinderKirchenTag findet am Samstag, den 9. M\u00e4rz 2019 in Gersfeld statt. Thema: &#8222;Josef und seine Br\u00fcder&#8220; Anmelden k\u00f6nnt ihr euch im Pfarramt oder beim KiGo-Team.<\/p>\n","protected":false},"author":2,"featured_media":0,"comment_status":"closed","ping_status":"closed","sticky":false,"template":"","format":"standard","meta":{"footnotes":""},"categories":[18],"tags":[68,60,28,54,55,67],"class_list":["post-2095","post","type-post","status-publish","format-standard","hentry","category-gottesdienst","tag-basteln","tag-eltern","tag-kinder","tag-kindergottesdienst","tag-kirche-mit-kindern","tag-singen"],"yoast_head":"<!-- This site is optimized with the Yoast SEO plugin v27.4 - https:\/\/yoast.com\/product\/yoast-seo-wordpress\/ -->\n<title>Rh\u00f6nerKinderKirchenTag - Ev.-luth. Kirchengemeinde Hettenhausen - Dalherda<\/title>\n<meta name=\"robots\" content=\"index, follow, max-snippet:-1, max-image-preview:large, max-video-preview:-1\" \/>\n<link rel=\"canonical\" href=\"https:\/\/www.kirche-hettenhausen.de\/site\/2019\/01\/rhoenerkinderkirchentag\/\" \/>\n<meta property=\"og:locale\" content=\"de_DE\" \/>\n<meta property=\"og:type\" content=\"article\" \/>\n<meta property=\"og:title\" content=\"Rh\u00f6nerKinderKirchenTag - Ev.-luth. Kirchengemeinde Hettenhausen - Dalherda\" \/>\n<meta property=\"og:description\" content=\"Der n\u00e4chste Rh\u00f6nerKinderKirchenTag findet am Samstag, den 9. M\u00e4rz 2019 in Gersfeld statt. Thema: &#8222;Josef und seine Br\u00fcder&#8220; Anmelden k\u00f6nnt ihr euch im Pfarramt oder beim KiGo-Team.\" \/>\n<meta property=\"og:url\" content=\"https:\/\/www.kirche-hettenhausen.de\/site\/2019\/01\/rhoenerkinderkirchentag\/\" \/>\n<meta property=\"og:site_name\" content=\"Ev.-luth. Kirchengemeinde Hettenhausen - Dalherda\" \/>\n<meta property=\"article:published_time\" content=\"2019-01-26T14:31:08+00:00\" \/>\n<meta property=\"article:modified_time\" content=\"2021-02-02T02:07:04+00:00\" \/>\n<meta name=\"author\" content=\"Marion Friedrich\" \/>\n<meta name=\"twitter:card\" content=\"summary_large_image\" \/>\n<meta name=\"twitter:label1\" content=\"Verfasst von\" \/>\n\t<meta name=\"twitter:data1\" content=\"Marion Friedrich\" \/>\n<script type=\"application\/ld+json\" class=\"yoast-schema-graph\">{\"@context\":\"https:\\\/\\\/schema.org\",\"@graph\":[{\"@type\":\"Article\",\"@id\":\"https:\\\/\\\/www.kirche-hettenhausen.de\\\/site\\\/2019\\\/01\\\/rhoenerkinderkirchentag\\\/#article\",\"isPartOf\":{\"@id\":\"https:\\\/\\\/www.kirche-hettenhausen.de\\\/site\\\/2019\\\/01\\\/rhoenerkinderkirchentag\\\/\"},\"author\":{\"name\":\"Marion Friedrich\",\"@id\":\"https:\\\/\\\/www.kirche-hettenhausen.de\\\/site\\\/#\\\/schema\\\/person\\\/7740d89d8f816da861ece2b378a21c57\"},\"headline\":\"Rh\u00f6nerKinderKirchenTag\",\"datePublished\":\"2019-01-26T14:31:08+00:00\",\"dateModified\":\"2021-02-02T02:07:04+00:00\",\"mainEntityOfPage\":{\"@id\":\"https:\\\/\\\/www.kirche-hettenhausen.de\\\/site\\\/2019\\\/01\\\/rhoenerkinderkirchentag\\\/\"},\"wordCount\":32,\"keywords\":[\"Basteln\",\"Eltern\",\"Kinder\",\"Kindergottesdienst\",\"Kirche mit Kindern\",\"Singen\"],\"articleSection\":[\"Gottesdienst\"],\"inLanguage\":\"de\"},{\"@type\":\"WebPage\",\"@id\":\"https:\\\/\\\/www.kirche-hettenhausen.de\\\/site\\\/2019\\\/01\\\/rhoenerkinderkirchentag\\\/\",\"url\":\"https:\\\/\\\/www.kirche-hettenhausen.de\\\/site\\\/2019\\\/01\\\/rhoenerkinderkirchentag\\\/\",\"name\":\"Rh\u00f6nerKinderKirchenTag - Ev.-luth. Kirchengemeinde Hettenhausen - Dalherda\",\"isPartOf\":{\"@id\":\"https:\\\/\\\/www.kirche-hettenhausen.de\\\/site\\\/#website\"},\"datePublished\":\"2019-01-26T14:31:08+00:00\",\"dateModified\":\"2021-02-02T02:07:04+00:00\",\"author\":{\"@id\":\"https:\\\/\\\/www.kirche-hettenhausen.de\\\/site\\\/#\\\/schema\\\/person\\\/7740d89d8f816da861ece2b378a21c57\"},\"breadcrumb\":{\"@id\":\"https:\\\/\\\/www.kirche-hettenhausen.de\\\/site\\\/2019\\\/01\\\/rhoenerkinderkirchentag\\\/#breadcrumb\"},\"inLanguage\":\"de\",\"potentialAction\":[{\"@type\":\"ReadAction\",\"target\":[\"https:\\\/\\\/www.kirche-hettenhausen.de\\\/site\\\/2019\\\/01\\\/rhoenerkinderkirchentag\\\/\"]}]},{\"@type\":\"BreadcrumbList\",\"@id\":\"https:\\\/\\\/www.kirche-hettenhausen.de\\\/site\\\/2019\\\/01\\\/rhoenerkinderkirchentag\\\/#breadcrumb\",\"itemListElement\":[{\"@type\":\"ListItem\",\"position\":1,\"name\":\"Startseite\",\"item\":\"https:\\\/\\\/www.kirche-hettenhausen.de\\\/site\\\/\"},{\"@type\":\"ListItem\",\"position\":2,\"name\":\"Rh\u00f6nerKinderKirchenTag\"}]},{\"@type\":\"WebSite\",\"@id\":\"https:\\\/\\\/www.kirche-hettenhausen.de\\\/site\\\/#website\",\"url\":\"https:\\\/\\\/www.kirche-hettenhausen.de\\\/site\\\/\",\"name\":\"Ev.-luth. Kirchengemeinde Hettenhausen - Dalherda\",\"description\":\"Homepage der Ev.-luth. Kirchengemeinde Hettenhausen - Dalherda\",\"potentialAction\":[{\"@type\":\"SearchAction\",\"target\":{\"@type\":\"EntryPoint\",\"urlTemplate\":\"https:\\\/\\\/www.kirche-hettenhausen.de\\\/site\\\/?s={search_term_string}\"},\"query-input\":{\"@type\":\"PropertyValueSpecification\",\"valueRequired\":true,\"valueName\":\"search_term_string\"}}],\"inLanguage\":\"de\"},{\"@type\":\"Person\",\"@id\":\"https:\\\/\\\/www.kirche-hettenhausen.de\\\/site\\\/#\\\/schema\\\/person\\\/7740d89d8f816da861ece2b378a21c57\",\"name\":\"Marion Friedrich\",\"url\":\"https:\\\/\\\/www.kirche-hettenhausen.de\\\/site\\\/author\\\/m-friedrichkirche-hettenhausen-de\\\/\"}]}<\/script>\n<!-- \/ Yoast SEO plugin. -->","yoast_head_json":{"title":"Rh\u00f6nerKinderKirchenTag - Ev.-luth. Kirchengemeinde Hettenhausen - Dalherda","robots":{"index":"index","follow":"follow","max-snippet":"max-snippet:-1","max-image-preview":"max-image-preview:large","max-video-preview":"max-video-preview:-1"},"canonical":"https:\/\/www.kirche-hettenhausen.de\/site\/2019\/01\/rhoenerkinderkirchentag\/","og_locale":"de_DE","og_type":"article","og_title":"Rh\u00f6nerKinderKirchenTag - Ev.-luth. Kirchengemeinde Hettenhausen - Dalherda","og_description":"Der n\u00e4chste Rh\u00f6nerKinderKirchenTag findet am Samstag, den 9. M\u00e4rz 2019 in Gersfeld statt. Thema: &#8222;Josef und seine Br\u00fcder&#8220; Anmelden k\u00f6nnt ihr euch im Pfarramt oder beim KiGo-Team.","og_url":"https:\/\/www.kirche-hettenhausen.de\/site\/2019\/01\/rhoenerkinderkirchentag\/","og_site_name":"Ev.-luth. Kirchengemeinde Hettenhausen - Dalherda","article_published_time":"2019-01-26T14:31:08+00:00","article_modified_time":"2021-02-02T02:07:04+00:00","author":"Marion Friedrich","twitter_card":"summary_large_image","twitter_misc":{"Verfasst von":"Marion Friedrich"},"schema":{"@context":"https:\/\/schema.org","@graph":[{"@type":"Article","@id":"https:\/\/www.kirche-hettenhausen.de\/site\/2019\/01\/rhoenerkinderkirchentag\/#article","isPartOf":{"@id":"https:\/\/www.kirche-hettenhausen.de\/site\/2019\/01\/rhoenerkinderkirchentag\/"},"author":{"name":"Marion Friedrich","@id":"https:\/\/www.kirche-hettenhausen.de\/site\/#\/schema\/person\/7740d89d8f816da861ece2b378a21c57"},"headline":"Rh\u00f6nerKinderKirchenTag","datePublished":"2019-01-26T14:31:08+00:00","dateModified":"2021-02-02T02:07:04+00:00","mainEntityOfPage":{"@id":"https:\/\/www.kirche-hettenhausen.de\/site\/2019\/01\/rhoenerkinderkirchentag\/"},"wordCount":32,"keywords":["Basteln","Eltern","Kinder","Kindergottesdienst","Kirche mit Kindern","Singen"],"articleSection":["Gottesdienst"],"inLanguage":"de"},{"@type":"WebPage","@id":"https:\/\/www.kirche-hettenhausen.de\/site\/2019\/01\/rhoenerkinderkirchentag\/","url":"https:\/\/www.kirche-hettenhausen.de\/site\/2019\/01\/rhoenerkinderkirchentag\/","name":"Rh\u00f6nerKinderKirchenTag - Ev.-luth. Kirchengemeinde Hettenhausen - Dalherda","isPartOf":{"@id":"https:\/\/www.kirche-hettenhausen.de\/site\/#website"},"datePublished":"2019-01-26T14:31:08+00:00","dateModified":"2021-02-02T02:07:04+00:00","author":{"@id":"https:\/\/www.kirche-hettenhausen.de\/site\/#\/schema\/person\/7740d89d8f816da861ece2b378a21c57"},"breadcrumb":{"@id":"https:\/\/www.kirche-hettenhausen.de\/site\/2019\/01\/rhoenerkinderkirchentag\/#breadcrumb"},"inLanguage":"de","potentialAction":[{"@type":"ReadAction","target":["https:\/\/www.kirche-hettenhausen.de\/site\/2019\/01\/rhoenerkinderkirchentag\/"]}]},{"@type":"BreadcrumbList","@id":"https:\/\/www.kirche-hettenhausen.de\/site\/2019\/01\/rhoenerkinderkirchentag\/#breadcrumb","itemListElement":[{"@type":"ListItem","position":1,"name":"Startseite","item":"https:\/\/www.kirche-hettenhausen.de\/site\/"},{"@type":"ListItem","position":2,"name":"Rh\u00f6nerKinderKirchenTag"}]},{"@type":"WebSite","@id":"https:\/\/www.kirche-hettenhausen.de\/site\/#website","url":"https:\/\/www.kirche-hettenhausen.de\/site\/","name":"Ev.-luth. Kirchengemeinde Hettenhausen - Dalherda","description":"Homepage der Ev.-luth. Kirchengemeinde Hettenhausen - Dalherda","potentialAction":[{"@type":"SearchAction","target":{"@type":"EntryPoint","urlTemplate":"https:\/\/www.kirche-hettenhausen.de\/site\/?s={search_term_string}"},"query-input":{"@type":"PropertyValueSpecification","valueRequired":true,"valueName":"search_term_string"}}],"inLanguage":"de"},{"@type":"Person","@id":"https:\/\/www.kirche-hettenhausen.de\/site\/#\/schema\/person\/7740d89d8f816da861ece2b378a21c57","name":"Marion Friedrich","url":"https:\/\/www.kirche-hettenhausen.de\/site\/author\/m-friedrichkirche-hettenhausen-de\/"}]}},"_links":{"self":[{"href":"https:\/\/www.kirche-hettenhausen.de\/site\/wp-json\/wp\/v2\/posts\/2095","targetHints":{"allow":["GET"]}}],"collection":[{"href":"https:\/\/www.kirche-hettenhausen.de\/site\/wp-json\/wp\/v2\/posts"}],"about":[{"href":"https:\/\/www.kirche-hettenhausen.de\/site\/wp-json\/wp\/v2\/types\/post"}],"author":[{"embeddable":true,"href":"https:\/\/www.kirche-hettenhausen.de\/site\/wp-json\/wp\/v2\/users\/2"}],"replies":[{"embeddable":true,"href":"https:\/\/www.kirche-hettenhausen.de\/site\/wp-json\/wp\/v2\/comments?post=2095"}],"version-history":[{"count":5,"href":"https:\/\/www.kirche-hettenhausen.de\/site\/wp-json\/wp\/v2\/posts\/2095\/revisions"}],"predecessor-version":[{"id":2100,"href":"https:\/\/www.kirche-hettenhausen.de\/site\/wp-json\/wp\/v2\/posts\/2095\/revisions\/2100"}],"wp:attachment":[{"href":"https:\/\/www.kirche-hettenhausen.de\/site\/wp-json\/wp\/v2\/media?parent=2095"}],"wp:term":[{"taxonomy":"category","embeddable":true,"href":"https:\/\/www.kirche-hettenhausen.de\/site\/wp-json\/wp\/v2\/categories?post=2095"},{"taxonomy":"post_tag","embeddable":true,"href":"https:\/\/www.kirche-hettenhausen.de\/site\/wp-json\/wp\/v2\/tags?post=2095"}],"curies":[{"name":"wp","href":"https:\/\/api.w.org\/{rel}","templated":true}]}}