{"id":18088,"date":"2026-09-03T21:40:19","date_gmt":"2026-09-03T19:40:19","guid":{"rendered":"https:\/\/www.kirche-hettenhausen.de\/site\/?p=18088"},"modified":"2026-09-03T21:47:20","modified_gmt":"2026-09-03T19:47:20","slug":"ein-nachmittag-voller-musik-spiel-und-strahlender-kinderaugen","status":"publish","type":"post","link":"https:\/\/www.kirche-hettenhausen.de\/site\/2026\/09\/ein-nachmittag-voller-musik-spiel-und-strahlender-kinderaugen\/","title":{"rendered":"Ein Nachmittag voller Musik, Spiel und strahlender Kinderaugen"},"content":{"rendered":"<h3>Was f\u00fcr ein sch\u00f6ner Nachmittag in Dalherda!<\/h3>\n<p>&nbsp;<\/p>\n<p>Eigentlich sollte unser Familienfest auf dem Zeltplatz am Hauck stattfinden \u2013 doch das Wetter hatte andere Pl\u00e4ne. Kurzerhand zogen wir in die liebevoll und bunt geschm\u00fcckte Kirche um. Und so wurde die h\u00f6chstgelegene Kirche Hessens zum ganz besonderen Veranstaltungsort f\u00fcr einen fr\u00f6hlichen Nachmittag voller Musik, Spiel und Begegnung.<\/p>\n<p>Den Auftakt machte das Mitmachkonzert \u201eHerr M\u00fcller und seine Gitarre\u201c. Und was soll man sagen? Herr M\u00fcller hat die Kinder vom ersten Moment an begeistert! Mit viel Herz, Humor und einem gro\u00dfartigen Gesp\u00fcr f\u00fcr sein junges Publikum wurde gesungen, gelacht, mitgemacht und gestaunt. Die Kinder waren mit voller Begeisterung dabei \u2013 leuchtende Augen und strahlende Gesichter inklusive.<\/p>\n\n\t\t<style>\n\t\t\t#gallery-1 {\n\t\t\t\tmargin: auto;\n\t\t\t}\n\t\t\t#gallery-1 .gallery-item {\n\t\t\t\tfloat: left;\n\t\t\t\tmargin-top: 10px;\n\t\t\t\ttext-align: center;\n\t\t\t\twidth: 50%;\n\t\t\t}\n\t\t\t#gallery-1 img {\n\t\t\t\tborder: 2px solid #cfcfcf;\n\t\t\t}\n\t\t\t#gallery-1 .gallery-caption {\n\t\t\t\tmargin-left: 0;\n\t\t\t}\n\t\t\t\/* see gallery_shortcode() in wp-includes\/media.php *\/\n\t\t<\/style>\n\t\t<div id='gallery-1' class='gallery galleryid-18088 gallery-columns-2 gallery-size-full'><dl class='gallery-item'>\n\t\t\t<dt class='gallery-icon portrait'>\n\t\t\t\t<a href='https:\/\/www.kirche-hettenhausen.de\/site\/wp-content\/uploads\/2026\/09\/Kinderkultursommer4-rotated.jpg'><img loading=\"lazy\" decoding=\"async\" width=\"600\" height=\"800\" src=\"https:\/\/www.kirche-hettenhausen.de\/site\/wp-content\/uploads\/2026\/09\/Kinderkultursommer4-rotated.jpg\" class=\"attachment-full size-full\" alt=\"Herr M\u00fcller und seine Gitarre\" srcset=\"https:\/\/www.kirche-hettenhausen.de\/site\/wp-content\/uploads\/2026\/09\/Kinderkultursommer4-rotated.jpg 600w, https:\/\/www.kirche-hettenhausen.de\/site\/wp-content\/uploads\/2026\/09\/Kinderkultursommer4-225x300.jpg 225w, https:\/\/www.kirche-hettenhausen.de\/site\/wp-content\/uploads\/2026\/09\/Kinderkultursommer4-300x400.jpg 300w, https:\/\/www.kirche-hettenhausen.de\/site\/wp-content\/uploads\/2026\/09\/Kinderkultursommer4-375x500.jpg 375w\" sizes=\"auto, (max-width: 600px) 100vw, 600px\" \/><\/a>\n\t\t\t<\/dt><\/dl><dl class='gallery-item'>\n\t\t\t<dt class='gallery-icon portrait'>\n\t\t\t\t<a href='https:\/\/www.kirche-hettenhausen.de\/site\/wp-content\/uploads\/2026\/09\/Kinderkultursommer3-rotated.jpg'><img loading=\"lazy\" decoding=\"async\" width=\"600\" height=\"800\" src=\"https:\/\/www.kirche-hettenhausen.de\/site\/wp-content\/uploads\/2026\/09\/Kinderkultursommer3-rotated.jpg\" class=\"attachment-full size-full\" alt=\"Herr M\u00fcller und seine Gitarre\" srcset=\"https:\/\/www.kirche-hettenhausen.de\/site\/wp-content\/uploads\/2026\/09\/Kinderkultursommer3-rotated.jpg 600w, https:\/\/www.kirche-hettenhausen.de\/site\/wp-content\/uploads\/2026\/09\/Kinderkultursommer3-225x300.jpg 225w, https:\/\/www.kirche-hettenhausen.de\/site\/wp-content\/uploads\/2026\/09\/Kinderkultursommer3-300x400.jpg 300w, https:\/\/www.kirche-hettenhausen.de\/site\/wp-content\/uploads\/2026\/09\/Kinderkultursommer3-375x500.jpg 375w\" sizes=\"auto, (max-width: 600px) 100vw, 600px\" \/><\/a>\n\t\t\t<\/dt><\/dl><br style=\"clear: both\" \/>\n\t\t<\/div>\n\n<p>&nbsp;<\/p>\n<p>Aber nicht nur die Kinder hatten ihren Spa\u00df. Auch die Erwachsenen lie\u00dfen sich von der guten Stimmung anstecken und machten begeistert mit. Es war einfach sch\u00f6n zu erleben, wie Musik Menschen verbindet.<\/p>\n<p>Nach dem Konzert ging es fr\u00f6hlich weiter: Bei Kaffee und Kuchen, Gegrilltem, Eis und anderen Leckereien war Zeit zum Genie\u00dfen, Plaudern und Beisammensein.<\/p>\n<p>F\u00fcr die Kinder warteten au\u00dferdem verschiedene Spiel- und Mitmachstationen. Es wurden Buttons gestaltet, Glitzertattoos ausprobiert, beim XXL-Vier-Gewinnt spannende Duelle ausgetragen und beim Dosenwerfen die Treffsicherheit unter Beweis gestellt. \u00dcberall wurde gespielt, gelacht, ausprobiert und mitgemacht.<\/p>\n\n\t\t<style>\n\t\t\t#gallery-2 {\n\t\t\t\tmargin: auto;\n\t\t\t}\n\t\t\t#gallery-2 .gallery-item {\n\t\t\t\tfloat: left;\n\t\t\t\tmargin-top: 10px;\n\t\t\t\ttext-align: center;\n\t\t\t\twidth: 50%;\n\t\t\t}\n\t\t\t#gallery-2 img {\n\t\t\t\tborder: 2px solid #cfcfcf;\n\t\t\t}\n\t\t\t#gallery-2 .gallery-caption {\n\t\t\t\tmargin-left: 0;\n\t\t\t}\n\t\t\t\/* see gallery_shortcode() in wp-includes\/media.php *\/\n\t\t<\/style>\n\t\t<div id='gallery-2' class='gallery galleryid-18088 gallery-columns-2 gallery-size-full'><dl class='gallery-item'>\n\t\t\t<dt class='gallery-icon portrait'>\n\t\t\t\t<a href='https:\/\/www.kirche-hettenhausen.de\/site\/wp-content\/uploads\/2026\/09\/Kinderkultursommer5-rotated.jpg'><img loading=\"lazy\" decoding=\"async\" width=\"600\" height=\"800\" src=\"https:\/\/www.kirche-hettenhausen.de\/site\/wp-content\/uploads\/2026\/09\/Kinderkultursommer5-rotated.jpg\" class=\"attachment-full size-full\" alt=\"Herr M\u00fcller und seine Gitarre\" srcset=\"https:\/\/www.kirche-hettenhausen.de\/site\/wp-content\/uploads\/2026\/09\/Kinderkultursommer5-rotated.jpg 600w, https:\/\/www.kirche-hettenhausen.de\/site\/wp-content\/uploads\/2026\/09\/Kinderkultursommer5-225x300.jpg 225w, https:\/\/www.kirche-hettenhausen.de\/site\/wp-content\/uploads\/2026\/09\/Kinderkultursommer5-300x400.jpg 300w, https:\/\/www.kirche-hettenhausen.de\/site\/wp-content\/uploads\/2026\/09\/Kinderkultursommer5-375x500.jpg 375w\" sizes=\"auto, (max-width: 600px) 100vw, 600px\" \/><\/a>\n\t\t\t<\/dt><\/dl><dl class='gallery-item'>\n\t\t\t<dt class='gallery-icon portrait'>\n\t\t\t\t<a href='https:\/\/www.kirche-hettenhausen.de\/site\/wp-content\/uploads\/2026\/09\/Kinderkultursommer1-rotated.jpg'><img loading=\"lazy\" decoding=\"async\" width=\"600\" height=\"800\" src=\"https:\/\/www.kirche-hettenhausen.de\/site\/wp-content\/uploads\/2026\/09\/Kinderkultursommer1-rotated.jpg\" class=\"attachment-full size-full\" alt=\"Herr M\u00fcller und seine Gitarre\" srcset=\"https:\/\/www.kirche-hettenhausen.de\/site\/wp-content\/uploads\/2026\/09\/Kinderkultursommer1-rotated.jpg 600w, https:\/\/www.kirche-hettenhausen.de\/site\/wp-content\/uploads\/2026\/09\/Kinderkultursommer1-225x300.jpg 225w, https:\/\/www.kirche-hettenhausen.de\/site\/wp-content\/uploads\/2026\/09\/Kinderkultursommer1-300x400.jpg 300w, https:\/\/www.kirche-hettenhausen.de\/site\/wp-content\/uploads\/2026\/09\/Kinderkultursommer1-375x500.jpg 375w\" sizes=\"auto, (max-width: 600px) 100vw, 600px\" \/><\/a>\n\t\t\t<\/dt><\/dl><br style=\"clear: both\" \/>\n\t\t<\/div>\n\n<p>&nbsp;<\/p>\n<p>Die besondere Atmosph\u00e4re in der Kirche, die vielen bunten Dekorationen, die Musik und vor allem die Begeisterung der Kinder machten diesen Nachmittag zu einem rundum gelungenen Erlebnis.<\/p>\n<p><strong>Wer nicht dabei war, hat definitiv etwas verpasst!<\/strong><\/p>\n<p>Denn es war ein Nachmittag voller fr\u00f6hlicher Momente, herzlicher Begegnungen und ganz viel guter Laune \u2013 und vor allem ein Nachmittag, an dem Kinderherzen h\u00f6herschlugen.<\/p>\n<p>Ein ganz besonderer Dank gilt dem Kultursommer Main-Kinzig-Fulda f\u00fcr die finanzielle Unterst\u00fctzung, die diese sch\u00f6ne Veranstaltung m\u00f6glich gemacht hat.<\/p>\n<p>Von Herzen danken wir au\u00dferdem allen Helferinnen und Helfern, unseren flei\u00dfigen Kuchenb\u00e4ckerinnen und nat\u00fcrlich allen Teamerinnen und Teamern, die mit viel Engagement, Zeit und Herzblut zum Gelingen dieses Tages beigetragen haben.<\/p>\n<p>Danke f\u00fcrs Vorbereiten, Backen, Aufbauen, Betreuen, Mitmachen und Aufr\u00e4umen!<\/p>\n<p>Und vielleicht gilt am Ende einfach:<\/p>\n<p>Das Wetter konnte uns nichts anhaben \u2013 denn die gute Laune schien an diesem Nachmittag sowieso die Sonne zu ersetzen!<\/p>\n<p>&nbsp;<\/p>\n<p style=\"text-align: right;\">(Leonie Scharf)<\/p>\n","protected":false},"excerpt":{"rendered":"<p>Was f\u00fcr ein sch\u00f6ner Nachmittag in Dalherda! &nbsp; Eigentlich sollte unser Familienfest auf dem Zeltplatz am Hauck stattfinden \u2013 doch das Wetter hatte andere Pl\u00e4ne. Kurzerhand zogen wir in die liebevoll und bunt geschm\u00fcckte Kirche um. Und so wurde die h\u00f6chstgelegene Kirche Hessens zum ganz besonderen Veranstaltungsort f\u00fcr einen fr\u00f6hlichen Nachmittag voller Musik, Spiel und [&hellip;]<\/p>\n","protected":false},"author":2,"featured_media":18086,"comment_status":"closed","ping_status":"closed","sticky":false,"template":"","format":"standard","meta":{"footnotes":""},"categories":[1,104,25],"tags":[68,102,28,54,55,58,91,67,39],"class_list":["post-18088","post","type-post","status-publish","format-standard","has-post-thumbnail","hentry","category-allgemein","category-dalherda","category-veranstaltungen","tag-basteln","tag-dalherda","tag-kinder","tag-kindergottesdienst","tag-kirche-mit-kindern","tag-kuchen","tag-oekumene","tag-singen","tag-veranstaltungen"],"yoast_head":"<!-- This site is optimized with the Yoast SEO plugin v28.4 - https:\/\/yoast.com\/product\/yoast-seo-wordpress\/ -->\n<title>Ein Nachmittag voller Musik, Spiel und strahlender Kinderaugen - Ev.-luth. Kirchengemeinde Hettenhausen - Dalherda<\/title>\n<meta name=\"robots\" content=\"index, follow, max-snippet:-1, max-image-preview:large, max-video-preview:-1\" \/>\n<link rel=\"canonical\" href=\"https:\/\/www.kirche-hettenhausen.de\/site\/2026\/09\/ein-nachmittag-voller-musik-spiel-und-strahlender-kinderaugen\/\" \/>\n<meta property=\"og:locale\" content=\"de_DE\" \/>\n<meta property=\"og:type\" content=\"article\" \/>\n<meta property=\"og:title\" content=\"Ein Nachmittag voller Musik, Spiel und strahlender Kinderaugen - Ev.-luth. Kirchengemeinde Hettenhausen - Dalherda\" \/>\n<meta property=\"og:description\" content=\"Was f\u00fcr ein sch\u00f6ner Nachmittag in Dalherda! &nbsp; Eigentlich sollte unser Familienfest auf dem Zeltplatz am Hauck stattfinden \u2013 doch das Wetter hatte andere Pl\u00e4ne. Kurzerhand zogen wir in die liebevoll und bunt geschm\u00fcckte Kirche um. Und so wurde die h\u00f6chstgelegene Kirche Hessens zum ganz besonderen Veranstaltungsort f\u00fcr einen fr\u00f6hlichen Nachmittag voller Musik, Spiel und [&hellip;]\" \/>\n<meta property=\"og:url\" content=\"https:\/\/www.kirche-hettenhausen.de\/site\/2026\/09\/ein-nachmittag-voller-musik-spiel-und-strahlender-kinderaugen\/\" \/>\n<meta property=\"og:site_name\" content=\"Ev.-luth. Kirchengemeinde Hettenhausen - Dalherda\" \/>\n<meta property=\"article:published_time\" content=\"2026-09-03T19:40:19+00:00\" \/>\n<meta property=\"article:modified_time\" content=\"2026-09-03T19:47:20+00:00\" \/>\n<meta property=\"og:image\" content=\"https:\/\/www.kirche-hettenhausen.de\/site\/wp-content\/uploads\/2026\/09\/Kinderkultursommer2-rotated.jpg\" \/>\n\t<meta property=\"og:image:width\" content=\"600\" \/>\n\t<meta property=\"og:image:height\" content=\"800\" \/>\n\t<meta property=\"og:image:type\" content=\"image\/jpeg\" \/>\n<meta name=\"author\" content=\"Marion Friedrich\" \/>\n<meta name=\"twitter:card\" content=\"summary_large_image\" \/>\n<meta name=\"twitter:label1\" content=\"Verfasst von\" \/>\n\t<meta name=\"twitter:data1\" content=\"Marion Friedrich\" \/>\n\t<meta name=\"twitter:label2\" content=\"Gesch\u00e4tzte Lesezeit\" \/>\n\t<meta name=\"twitter:data2\" content=\"3\u00a0Minuten\" \/>\n<script type=\"application\/ld+json\" class=\"yoast-schema-graph\">{\"@context\":\"https:\\\/\\\/schema.org\",\"@graph\":[{\"@type\":\"Article\",\"@id\":\"https:\\\/\\\/www.kirche-hettenhausen.de\\\/site\\\/2026\\\/09\\\/ein-nachmittag-voller-musik-spiel-und-strahlender-kinderaugen\\\/#article\",\"isPartOf\":{\"@id\":\"https:\\\/\\\/www.kirche-hettenhausen.de\\\/site\\\/2026\\\/09\\\/ein-nachmittag-voller-musik-spiel-und-strahlender-kinderaugen\\\/\"},\"author\":{\"name\":\"Marion Friedrich\",\"@id\":\"https:\\\/\\\/www.kirche-hettenhausen.de\\\/site\\\/#\\\/schema\\\/person\\\/7740d89d8f816da861ece2b378a21c57\"},\"headline\":\"Ein Nachmittag voller Musik, Spiel und strahlender Kinderaugen\",\"datePublished\":\"2026-09-03T19:40:19+00:00\",\"dateModified\":\"2026-09-03T19:47:20+00:00\",\"mainEntityOfPage\":{\"@id\":\"https:\\\/\\\/www.kirche-hettenhausen.de\\\/site\\\/2026\\\/09\\\/ein-nachmittag-voller-musik-spiel-und-strahlender-kinderaugen\\\/\"},\"wordCount\":402,\"image\":{\"@id\":\"https:\\\/\\\/www.kirche-hettenhausen.de\\\/site\\\/2026\\\/09\\\/ein-nachmittag-voller-musik-spiel-und-strahlender-kinderaugen\\\/#primaryimage\"},\"thumbnailUrl\":\"https:\\\/\\\/www.kirche-hettenhausen.de\\\/site\\\/wp-content\\\/uploads\\\/2026\\\/09\\\/Kinderkultursommer2-rotated.jpg\",\"keywords\":[\"Basteln\",\"Dalherda\",\"Kinder\",\"Kindergottesdienst\",\"Kirche mit Kindern\",\"Kuchen\",\"\u00d6kumene\",\"Singen\",\"Veranstaltungen\"],\"articleSection\":{\"1\":\"Dalherda\",\"2\":\"Veranstaltungen\"},\"inLanguage\":\"de\"},{\"@type\":\"WebPage\",\"@id\":\"https:\\\/\\\/www.kirche-hettenhausen.de\\\/site\\\/2026\\\/09\\\/ein-nachmittag-voller-musik-spiel-und-strahlender-kinderaugen\\\/\",\"url\":\"https:\\\/\\\/www.kirche-hettenhausen.de\\\/site\\\/2026\\\/09\\\/ein-nachmittag-voller-musik-spiel-und-strahlender-kinderaugen\\\/\",\"name\":\"Ein Nachmittag voller Musik, Spiel und strahlender Kinderaugen - Ev.-luth. Kirchengemeinde Hettenhausen - Dalherda\",\"isPartOf\":{\"@id\":\"https:\\\/\\\/www.kirche-hettenhausen.de\\\/site\\\/#website\"},\"primaryImageOfPage\":{\"@id\":\"https:\\\/\\\/www.kirche-hettenhausen.de\\\/site\\\/2026\\\/09\\\/ein-nachmittag-voller-musik-spiel-und-strahlender-kinderaugen\\\/#primaryimage\"},\"image\":{\"@id\":\"https:\\\/\\\/www.kirche-hettenhausen.de\\\/site\\\/2026\\\/09\\\/ein-nachmittag-voller-musik-spiel-und-strahlender-kinderaugen\\\/#primaryimage\"},\"thumbnailUrl\":\"https:\\\/\\\/www.kirche-hettenhausen.de\\\/site\\\/wp-content\\\/uploads\\\/2026\\\/09\\\/Kinderkultursommer2-rotated.jpg\",\"datePublished\":\"2026-09-03T19:40:19+00:00\",\"dateModified\":\"2026-09-03T19:47:20+00:00\",\"author\":{\"@id\":\"https:\\\/\\\/www.kirche-hettenhausen.de\\\/site\\\/#\\\/schema\\\/person\\\/7740d89d8f816da861ece2b378a21c57\"},\"breadcrumb\":{\"@id\":\"https:\\\/\\\/www.kirche-hettenhausen.de\\\/site\\\/2026\\\/09\\\/ein-nachmittag-voller-musik-spiel-und-strahlender-kinderaugen\\\/#breadcrumb\"},\"inLanguage\":\"de\",\"potentialAction\":[{\"@type\":\"ReadAction\",\"target\":[\"https:\\\/\\\/www.kirche-hettenhausen.de\\\/site\\\/2026\\\/09\\\/ein-nachmittag-voller-musik-spiel-und-strahlender-kinderaugen\\\/\"]}]},{\"@type\":\"ImageObject\",\"inLanguage\":\"de\",\"@id\":\"https:\\\/\\\/www.kirche-hettenhausen.de\\\/site\\\/2026\\\/09\\\/ein-nachmittag-voller-musik-spiel-und-strahlender-kinderaugen\\\/#primaryimage\",\"url\":\"https:\\\/\\\/www.kirche-hettenhausen.de\\\/site\\\/wp-content\\\/uploads\\\/2026\\\/09\\\/Kinderkultursommer2-rotated.jpg\",\"contentUrl\":\"https:\\\/\\\/www.kirche-hettenhausen.de\\\/site\\\/wp-content\\\/uploads\\\/2026\\\/09\\\/Kinderkultursommer2-rotated.jpg\",\"width\":600,\"height\":800,\"caption\":\"Herr M\u00fcller und seine Gitarre\"},{\"@type\":\"BreadcrumbList\",\"@id\":\"https:\\\/\\\/www.kirche-hettenhausen.de\\\/site\\\/2026\\\/09\\\/ein-nachmittag-voller-musik-spiel-und-strahlender-kinderaugen\\\/#breadcrumb\",\"itemListElement\":[{\"@type\":\"ListItem\",\"position\":1,\"name\":\"Startseite\",\"item\":\"https:\\\/\\\/www.kirche-hettenhausen.de\\\/site\\\/\"},{\"@type\":\"ListItem\",\"position\":2,\"name\":\"Ein Nachmittag voller Musik, Spiel und strahlender Kinderaugen\"}]},{\"@type\":\"WebSite\",\"@id\":\"https:\\\/\\\/www.kirche-hettenhausen.de\\\/site\\\/#website\",\"url\":\"https:\\\/\\\/www.kirche-hettenhausen.de\\\/site\\\/\",\"name\":\"Ev.-luth. Kirchengemeinde Hettenhausen - Dalherda\",\"description\":\"Homepage der Ev.-luth. Kirchengemeinde Hettenhausen - Dalherda\",\"potentialAction\":[{\"@type\":\"SearchAction\",\"target\":{\"@type\":\"EntryPoint\",\"urlTemplate\":\"https:\\\/\\\/www.kirche-hettenhausen.de\\\/site\\\/?s={search_term_string}\"},\"query-input\":{\"@type\":\"PropertyValueSpecification\",\"valueRequired\":true,\"valueName\":\"search_term_string\"}}],\"inLanguage\":\"de\"},{\"@type\":\"Person\",\"@id\":\"https:\\\/\\\/www.kirche-hettenhausen.de\\\/site\\\/#\\\/schema\\\/person\\\/7740d89d8f816da861ece2b378a21c57\",\"name\":\"Marion Friedrich\",\"url\":\"https:\\\/\\\/www.kirche-hettenhausen.de\\\/site\\\/author\\\/m-friedrichkirche-hettenhausen-de\\\/\"}]}<\/script>\n<!-- \/ Yoast SEO plugin. -->","yoast_head_json":{"title":"Ein Nachmittag voller Musik, Spiel und strahlender Kinderaugen - Ev.-luth. Kirchengemeinde Hettenhausen - Dalherda","robots":{"index":"index","follow":"follow","max-snippet":"max-snippet:-1","max-image-preview":"max-image-preview:large","max-video-preview":"max-video-preview:-1"},"canonical":"https:\/\/www.kirche-hettenhausen.de\/site\/2026\/09\/ein-nachmittag-voller-musik-spiel-und-strahlender-kinderaugen\/","og_locale":"de_DE","og_type":"article","og_title":"Ein Nachmittag voller Musik, Spiel und strahlender Kinderaugen - Ev.-luth. Kirchengemeinde Hettenhausen - Dalherda","og_description":"Was f\u00fcr ein sch\u00f6ner Nachmittag in Dalherda! &nbsp; Eigentlich sollte unser Familienfest auf dem Zeltplatz am Hauck stattfinden \u2013 doch das Wetter hatte andere Pl\u00e4ne. Kurzerhand zogen wir in die liebevoll und bunt geschm\u00fcckte Kirche um. Und so wurde die h\u00f6chstgelegene Kirche Hessens zum ganz besonderen Veranstaltungsort f\u00fcr einen fr\u00f6hlichen Nachmittag voller Musik, Spiel und [&hellip;]","og_url":"https:\/\/www.kirche-hettenhausen.de\/site\/2026\/09\/ein-nachmittag-voller-musik-spiel-und-strahlender-kinderaugen\/","og_site_name":"Ev.-luth. Kirchengemeinde Hettenhausen - Dalherda","article_published_time":"2026-09-03T19:40:19+00:00","article_modified_time":"2026-09-03T19:47:20+00:00","og_image":[{"width":600,"height":800,"url":"https:\/\/www.kirche-hettenhausen.de\/site\/wp-content\/uploads\/2026\/09\/Kinderkultursommer2-rotated.jpg","type":"image\/jpeg"}],"author":"Marion Friedrich","twitter_card":"summary_large_image","twitter_misc":{"Verfasst von":"Marion Friedrich","Gesch\u00e4tzte Lesezeit":"3\u00a0Minuten"},"schema":{"@context":"https:\/\/schema.org","@graph":[{"@type":"Article","@id":"https:\/\/www.kirche-hettenhausen.de\/site\/2026\/09\/ein-nachmittag-voller-musik-spiel-und-strahlender-kinderaugen\/#article","isPartOf":{"@id":"https:\/\/www.kirche-hettenhausen.de\/site\/2026\/09\/ein-nachmittag-voller-musik-spiel-und-strahlender-kinderaugen\/"},"author":{"name":"Marion Friedrich","@id":"https:\/\/www.kirche-hettenhausen.de\/site\/#\/schema\/person\/7740d89d8f816da861ece2b378a21c57"},"headline":"Ein Nachmittag voller Musik, Spiel und strahlender Kinderaugen","datePublished":"2026-09-03T19:40:19+00:00","dateModified":"2026-09-03T19:47:20+00:00","mainEntityOfPage":{"@id":"https:\/\/www.kirche-hettenhausen.de\/site\/2026\/09\/ein-nachmittag-voller-musik-spiel-und-strahlender-kinderaugen\/"},"wordCount":402,"image":{"@id":"https:\/\/www.kirche-hettenhausen.de\/site\/2026\/09\/ein-nachmittag-voller-musik-spiel-und-strahlender-kinderaugen\/#primaryimage"},"thumbnailUrl":"https:\/\/www.kirche-hettenhausen.de\/site\/wp-content\/uploads\/2026\/09\/Kinderkultursommer2-rotated.jpg","keywords":["Basteln","Dalherda","Kinder","Kindergottesdienst","Kirche mit Kindern","Kuchen","\u00d6kumene","Singen","Veranstaltungen"],"articleSection":{"1":"Dalherda","2":"Veranstaltungen"},"inLanguage":"de"},{"@type":"WebPage","@id":"https:\/\/www.kirche-hettenhausen.de\/site\/2026\/09\/ein-nachmittag-voller-musik-spiel-und-strahlender-kinderaugen\/","url":"https:\/\/www.kirche-hettenhausen.de\/site\/2026\/09\/ein-nachmittag-voller-musik-spiel-und-strahlender-kinderaugen\/","name":"Ein Nachmittag voller Musik, Spiel und strahlender Kinderaugen - Ev.-luth. Kirchengemeinde Hettenhausen - Dalherda","isPartOf":{"@id":"https:\/\/www.kirche-hettenhausen.de\/site\/#website"},"primaryImageOfPage":{"@id":"https:\/\/www.kirche-hettenhausen.de\/site\/2026\/09\/ein-nachmittag-voller-musik-spiel-und-strahlender-kinderaugen\/#primaryimage"},"image":{"@id":"https:\/\/www.kirche-hettenhausen.de\/site\/2026\/09\/ein-nachmittag-voller-musik-spiel-und-strahlender-kinderaugen\/#primaryimage"},"thumbnailUrl":"https:\/\/www.kirche-hettenhausen.de\/site\/wp-content\/uploads\/2026\/09\/Kinderkultursommer2-rotated.jpg","datePublished":"2026-09-03T19:40:19+00:00","dateModified":"2026-09-03T19:47:20+00:00","author":{"@id":"https:\/\/www.kirche-hettenhausen.de\/site\/#\/schema\/person\/7740d89d8f816da861ece2b378a21c57"},"breadcrumb":{"@id":"https:\/\/www.kirche-hettenhausen.de\/site\/2026\/09\/ein-nachmittag-voller-musik-spiel-und-strahlender-kinderaugen\/#breadcrumb"},"inLanguage":"de","potentialAction":[{"@type":"ReadAction","target":["https:\/\/www.kirche-hettenhausen.de\/site\/2026\/09\/ein-nachmittag-voller-musik-spiel-und-strahlender-kinderaugen\/"]}]},{"@type":"ImageObject","inLanguage":"de","@id":"https:\/\/www.kirche-hettenhausen.de\/site\/2026\/09\/ein-nachmittag-voller-musik-spiel-und-strahlender-kinderaugen\/#primaryimage","url":"https:\/\/www.kirche-hettenhausen.de\/site\/wp-content\/uploads\/2026\/09\/Kinderkultursommer2-rotated.jpg","contentUrl":"https:\/\/www.kirche-hettenhausen.de\/site\/wp-content\/uploads\/2026\/09\/Kinderkultursommer2-rotated.jpg","width":600,"height":800,"caption":"Herr M\u00fcller und seine Gitarre"},{"@type":"BreadcrumbList","@id":"https:\/\/www.kirche-hettenhausen.de\/site\/2026\/09\/ein-nachmittag-voller-musik-spiel-und-strahlender-kinderaugen\/#breadcrumb","itemListElement":[{"@type":"ListItem","position":1,"name":"Startseite","item":"https:\/\/www.kirche-hettenhausen.de\/site\/"},{"@type":"ListItem","position":2,"name":"Ein Nachmittag voller Musik, Spiel und strahlender Kinderaugen"}]},{"@type":"WebSite","@id":"https:\/\/www.kirche-hettenhausen.de\/site\/#website","url":"https:\/\/www.kirche-hettenhausen.de\/site\/","name":"Ev.-luth. Kirchengemeinde Hettenhausen - Dalherda","description":"Homepage der Ev.-luth. Kirchengemeinde Hettenhausen - Dalherda","potentialAction":[{"@type":"SearchAction","target":{"@type":"EntryPoint","urlTemplate":"https:\/\/www.kirche-hettenhausen.de\/site\/?s={search_term_string}"},"query-input":{"@type":"PropertyValueSpecification","valueRequired":true,"valueName":"search_term_string"}}],"inLanguage":"de"},{"@type":"Person","@id":"https:\/\/www.kirche-hettenhausen.de\/site\/#\/schema\/person\/7740d89d8f816da861ece2b378a21c57","name":"Marion Friedrich","url":"https:\/\/www.kirche-hettenhausen.de\/site\/author\/m-friedrichkirche-hettenhausen-de\/"}]}},"_links":{"self":[{"href":"https:\/\/www.kirche-hettenhausen.de\/site\/wp-json\/wp\/v2\/posts\/18088","targetHints":{"allow":["GET"]}}],"collection":[{"href":"https:\/\/www.kirche-hettenhausen.de\/site\/wp-json\/wp\/v2\/posts"}],"about":[{"href":"https:\/\/www.kirche-hettenhausen.de\/site\/wp-json\/wp\/v2\/types\/post"}],"author":[{"embeddable":true,"href":"https:\/\/www.kirche-hettenhausen.de\/site\/wp-json\/wp\/v2\/users\/2"}],"replies":[{"embeddable":true,"href":"https:\/\/www.kirche-hettenhausen.de\/site\/wp-json\/wp\/v2\/comments?post=18088"}],"version-history":[{"count":5,"href":"https:\/\/www.kirche-hettenhausen.de\/site\/wp-json\/wp\/v2\/posts\/18088\/revisions"}],"predecessor-version":[{"id":18093,"href":"https:\/\/www.kirche-hettenhausen.de\/site\/wp-json\/wp\/v2\/posts\/18088\/revisions\/18093"}],"wp:featuredmedia":[{"embeddable":true,"href":"https:\/\/www.kirche-hettenhausen.de\/site\/wp-json\/wp\/v2\/media\/18086"}],"wp:attachment":[{"href":"https:\/\/www.kirche-hettenhausen.de\/site\/wp-json\/wp\/v2\/media?parent=18088"}],"wp:term":[{"taxonomy":"category","embeddable":true,"href":"https:\/\/www.kirche-hettenhausen.de\/site\/wp-json\/wp\/v2\/categories?post=18088"},{"taxonomy":"post_tag","embeddable":true,"href":"https:\/\/www.kirche-hettenhausen.de\/site\/wp-json\/wp\/v2\/tags?post=18088"}],"curies":[{"name":"wp","href":"https:\/\/api.w.org\/{rel}","templated":true}]}}