{"id":18078,"date":"2026-09-03T21:45:34","date_gmt":"2026-09-03T19:45:34","guid":{"rendered":"https:\/\/www.kirche-hettenhausen.de\/site\/?p=18078"},"modified":"2026-09-03T21:47:37","modified_gmt":"2026-09-03T19:47:37","slug":"pfarrerin-gesucht","status":"publish","type":"post","link":"https:\/\/www.kirche-hettenhausen.de\/site\/2026\/09\/pfarrerin-gesucht\/","title":{"rendered":"PFARRER*IN GESUCHT"},"content":{"rendered":"<p>Sie sind Pfarrer oder Pfarrerin und haben Lust, Ihre F\u00e4higkeiten, Begabungen und Ideen zusammen mit einer \u00e4u\u00dferst aktiven und engagierten Gemeinde umzusetzen, mit ihr gemeinsam die Zukunft im Sinne der Kirche Jesu Christi zu gestalten?<\/p>\n<p>Dann sind Sie bei uns genau richtig, wir freuen uns auf SIE!<!--more--><\/p>\n<p>Einen ersten \u00dcberblick \u00fcber unsere Gemeinde finden Sie in unserem <strong><a href=\"https:\/\/www.kirche-hettenhausen.de\/site\/wp-content\/uploads\/2026\/07\/ProfilHettenhausenDalherda-2026.pdf\" target=\"_blank\" rel=\"noopener\">Gemeinde- und Pfarrstellenprofil<\/a> <\/strong>und nat\u00fcrlich hier auf unserer Homepage.<\/p>\n<p>Die vakante Pfarrstelle in unserer Kirchengemeinde wurde im aktuellen Kirchlichen Amtsblatt, Ausgabe 2026\/08 zur Besetzung ausgeschrieben.<\/p>\n<p>Weitere Infos zum Bewerbungsverfahren finden Sie nachfolgend:<\/p>\n<p><a href=\"https:\/\/www.ekkw.de\/service\/pfarrstellen\">EKKW Website: Pfarrstellen in der EKKW &#8211; Aktuelle Stellenangebote f\u00fcr Pfarrerinnen und Pfarrer<\/a><\/p>\n<p><a href=\"https:\/\/www.kirchenrecht-ekkw.de\/document\/62877#s00000054\">Kirchliches Amtsblatt: Ausgabe 2026\/08 &#8211; Kirchenrecht Online-Nachschlagewerk | Ev. Kirche von Kurhessen-Waldeck<\/a><\/p>\n","protected":false},"excerpt":{"rendered":"<p>Sie sind Pfarrer oder Pfarrerin und haben Lust, Ihre F\u00e4higkeiten, Begabungen und Ideen zusammen mit einer \u00e4u\u00dferst aktiven und engagierten Gemeinde umzusetzen, mit ihr gemeinsam die Zukunft im Sinne der Kirche Jesu Christi zu gestalten? Dann sind Sie bei uns genau richtig, wir freuen uns auf SIE!<\/p>\n","protected":false},"author":2,"featured_media":0,"comment_status":"closed","ping_status":"closed","sticky":false,"template":"","format":"standard","meta":{"footnotes":""},"categories":[1,104,129,49,76,97,105],"tags":[102,56,128,219,98,7,103],"class_list":["post-18078","post","type-post","status-publish","format-standard","hentry","category-allgemein","category-dalherda","category-hettenhausen","category-jobs-und-karriere","category-kirchenvorstand","category-landeskirche","category-poppenhausen","tag-dalherda","tag-gesucht","tag-hettenhausen","tag-kirchenkreis-fulda","tag-landeskirche","tag-pfarrer","tag-poppenhausen"],"yoast_head":"<!-- This site is optimized with the Yoast SEO plugin v28.4 - https:\/\/yoast.com\/product\/yoast-seo-wordpress\/ -->\n<title>PFARRER*IN GESUCHT - Ev.-luth. Kirchengemeinde Hettenhausen - Dalherda<\/title>\n<meta name=\"description\" content=\"Ev.-luth. Kirchengemeinde Hettenhausen - Dalherda - PFARRER*IN GESUCHT -\" \/>\n<meta name=\"robots\" content=\"index, follow, max-snippet:-1, max-image-preview:large, max-video-preview:-1\" \/>\n<link rel=\"canonical\" href=\"https:\/\/www.kirche-hettenhausen.de\/site\/2026\/09\/pfarrerin-gesucht\/\" \/>\n<meta property=\"og:locale\" content=\"de_DE\" \/>\n<meta property=\"og:type\" content=\"article\" \/>\n<meta property=\"og:title\" content=\"PFARRER*IN GESUCHT - Ev.-luth. Kirchengemeinde Hettenhausen - Dalherda\" \/>\n<meta property=\"og:description\" content=\"Ev.-luth. Kirchengemeinde Hettenhausen - Dalherda - PFARRER*IN GESUCHT -\" \/>\n<meta property=\"og:url\" content=\"https:\/\/www.kirche-hettenhausen.de\/site\/2026\/09\/pfarrerin-gesucht\/\" \/>\n<meta property=\"og:site_name\" content=\"Ev.-luth. Kirchengemeinde Hettenhausen - Dalherda\" \/>\n<meta property=\"article:published_time\" content=\"2026-09-03T19:45:34+00:00\" \/>\n<meta property=\"article:modified_time\" content=\"2026-09-03T19:47:37+00:00\" \/>\n<meta name=\"author\" content=\"Marion Friedrich\" \/>\n<meta name=\"twitter:card\" content=\"summary_large_image\" \/>\n<meta name=\"twitter:label1\" content=\"Verfasst von\" \/>\n\t<meta name=\"twitter:data1\" content=\"Marion Friedrich\" \/>\n\t<meta name=\"twitter:label2\" content=\"Gesch\u00e4tzte Lesezeit\" \/>\n\t<meta name=\"twitter:data2\" content=\"1\u00a0Minute\" \/>\n<script type=\"application\/ld+json\" class=\"yoast-schema-graph\">{\"@context\":\"https:\\\/\\\/schema.org\",\"@graph\":[{\"@type\":\"Article\",\"@id\":\"https:\\\/\\\/www.kirche-hettenhausen.de\\\/site\\\/2026\\\/09\\\/pfarrerin-gesucht\\\/#article\",\"isPartOf\":{\"@id\":\"https:\\\/\\\/www.kirche-hettenhausen.de\\\/site\\\/2026\\\/09\\\/pfarrerin-gesucht\\\/\"},\"author\":{\"name\":\"Marion Friedrich\",\"@id\":\"https:\\\/\\\/www.kirche-hettenhausen.de\\\/site\\\/#\\\/schema\\\/person\\\/7740d89d8f816da861ece2b378a21c57\"},\"headline\":\"PFARRER*IN GESUCHT\",\"datePublished\":\"2026-09-03T19:45:34+00:00\",\"dateModified\":\"2026-09-03T19:47:37+00:00\",\"mainEntityOfPage\":{\"@id\":\"https:\\\/\\\/www.kirche-hettenhausen.de\\\/site\\\/2026\\\/09\\\/pfarrerin-gesucht\\\/\"},\"wordCount\":118,\"keywords\":[\"Dalherda\",\"Gesucht\",\"Hettenhausen\",\"Kirchenkreis Fulda\",\"Landeskirche\",\"Pfarrer\",\"Poppenhausen\"],\"articleSection\":{\"1\":\"Dalherda\",\"2\":\"Hettenhausen\",\"3\":\"Jobs und Karriere\",\"4\":\"Kirchenvorstand\",\"5\":\"Landeskirche\",\"6\":\"Poppenhausen\"},\"inLanguage\":\"de\"},{\"@type\":\"WebPage\",\"@id\":\"https:\\\/\\\/www.kirche-hettenhausen.de\\\/site\\\/2026\\\/09\\\/pfarrerin-gesucht\\\/\",\"url\":\"https:\\\/\\\/www.kirche-hettenhausen.de\\\/site\\\/2026\\\/09\\\/pfarrerin-gesucht\\\/\",\"name\":\"PFARRER*IN GESUCHT - Ev.-luth. Kirchengemeinde Hettenhausen - Dalherda\",\"isPartOf\":{\"@id\":\"https:\\\/\\\/www.kirche-hettenhausen.de\\\/site\\\/#website\"},\"datePublished\":\"2026-09-03T19:45:34+00:00\",\"dateModified\":\"2026-09-03T19:47:37+00:00\",\"author\":{\"@id\":\"https:\\\/\\\/www.kirche-hettenhausen.de\\\/site\\\/#\\\/schema\\\/person\\\/7740d89d8f816da861ece2b378a21c57\"},\"description\":\"Ev.-luth. Kirchengemeinde Hettenhausen - Dalherda - PFARRER*IN GESUCHT -\",\"breadcrumb\":{\"@id\":\"https:\\\/\\\/www.kirche-hettenhausen.de\\\/site\\\/2026\\\/09\\\/pfarrerin-gesucht\\\/#breadcrumb\"},\"inLanguage\":\"de\",\"potentialAction\":[{\"@type\":\"ReadAction\",\"target\":[\"https:\\\/\\\/www.kirche-hettenhausen.de\\\/site\\\/2026\\\/09\\\/pfarrerin-gesucht\\\/\"]}]},{\"@type\":\"BreadcrumbList\",\"@id\":\"https:\\\/\\\/www.kirche-hettenhausen.de\\\/site\\\/2026\\\/09\\\/pfarrerin-gesucht\\\/#breadcrumb\",\"itemListElement\":[{\"@type\":\"ListItem\",\"position\":1,\"name\":\"Startseite\",\"item\":\"https:\\\/\\\/www.kirche-hettenhausen.de\\\/site\\\/\"},{\"@type\":\"ListItem\",\"position\":2,\"name\":\"PFARRER*IN GESUCHT\"}]},{\"@type\":\"WebSite\",\"@id\":\"https:\\\/\\\/www.kirche-hettenhausen.de\\\/site\\\/#website\",\"url\":\"https:\\\/\\\/www.kirche-hettenhausen.de\\\/site\\\/\",\"name\":\"Ev.-luth. Kirchengemeinde Hettenhausen - Dalherda\",\"description\":\"Homepage der Ev.-luth. Kirchengemeinde Hettenhausen - Dalherda\",\"potentialAction\":[{\"@type\":\"SearchAction\",\"target\":{\"@type\":\"EntryPoint\",\"urlTemplate\":\"https:\\\/\\\/www.kirche-hettenhausen.de\\\/site\\\/?s={search_term_string}\"},\"query-input\":{\"@type\":\"PropertyValueSpecification\",\"valueRequired\":true,\"valueName\":\"search_term_string\"}}],\"inLanguage\":\"de\"},{\"@type\":\"Person\",\"@id\":\"https:\\\/\\\/www.kirche-hettenhausen.de\\\/site\\\/#\\\/schema\\\/person\\\/7740d89d8f816da861ece2b378a21c57\",\"name\":\"Marion Friedrich\",\"url\":\"https:\\\/\\\/www.kirche-hettenhausen.de\\\/site\\\/author\\\/m-friedrichkirche-hettenhausen-de\\\/\"}]}<\/script>\n<!-- \/ Yoast SEO plugin. -->","yoast_head_json":{"title":"PFARRER*IN GESUCHT - Ev.-luth. Kirchengemeinde Hettenhausen - Dalherda","description":"Ev.-luth. Kirchengemeinde Hettenhausen - Dalherda - PFARRER*IN GESUCHT -","robots":{"index":"index","follow":"follow","max-snippet":"max-snippet:-1","max-image-preview":"max-image-preview:large","max-video-preview":"max-video-preview:-1"},"canonical":"https:\/\/www.kirche-hettenhausen.de\/site\/2026\/09\/pfarrerin-gesucht\/","og_locale":"de_DE","og_type":"article","og_title":"PFARRER*IN GESUCHT - Ev.-luth. Kirchengemeinde Hettenhausen - Dalherda","og_description":"Ev.-luth. Kirchengemeinde Hettenhausen - Dalherda - PFARRER*IN GESUCHT -","og_url":"https:\/\/www.kirche-hettenhausen.de\/site\/2026\/09\/pfarrerin-gesucht\/","og_site_name":"Ev.-luth. Kirchengemeinde Hettenhausen - Dalherda","article_published_time":"2026-09-03T19:45:34+00:00","article_modified_time":"2026-09-03T19:47:37+00:00","author":"Marion Friedrich","twitter_card":"summary_large_image","twitter_misc":{"Verfasst von":"Marion Friedrich","Gesch\u00e4tzte Lesezeit":"1\u00a0Minute"},"schema":{"@context":"https:\/\/schema.org","@graph":[{"@type":"Article","@id":"https:\/\/www.kirche-hettenhausen.de\/site\/2026\/09\/pfarrerin-gesucht\/#article","isPartOf":{"@id":"https:\/\/www.kirche-hettenhausen.de\/site\/2026\/09\/pfarrerin-gesucht\/"},"author":{"name":"Marion Friedrich","@id":"https:\/\/www.kirche-hettenhausen.de\/site\/#\/schema\/person\/7740d89d8f816da861ece2b378a21c57"},"headline":"PFARRER*IN GESUCHT","datePublished":"2026-09-03T19:45:34+00:00","dateModified":"2026-09-03T19:47:37+00:00","mainEntityOfPage":{"@id":"https:\/\/www.kirche-hettenhausen.de\/site\/2026\/09\/pfarrerin-gesucht\/"},"wordCount":118,"keywords":["Dalherda","Gesucht","Hettenhausen","Kirchenkreis Fulda","Landeskirche","Pfarrer","Poppenhausen"],"articleSection":{"1":"Dalherda","2":"Hettenhausen","3":"Jobs und Karriere","4":"Kirchenvorstand","5":"Landeskirche","6":"Poppenhausen"},"inLanguage":"de"},{"@type":"WebPage","@id":"https:\/\/www.kirche-hettenhausen.de\/site\/2026\/09\/pfarrerin-gesucht\/","url":"https:\/\/www.kirche-hettenhausen.de\/site\/2026\/09\/pfarrerin-gesucht\/","name":"PFARRER*IN GESUCHT - Ev.-luth. Kirchengemeinde Hettenhausen - Dalherda","isPartOf":{"@id":"https:\/\/www.kirche-hettenhausen.de\/site\/#website"},"datePublished":"2026-09-03T19:45:34+00:00","dateModified":"2026-09-03T19:47:37+00:00","author":{"@id":"https:\/\/www.kirche-hettenhausen.de\/site\/#\/schema\/person\/7740d89d8f816da861ece2b378a21c57"},"description":"Ev.-luth. Kirchengemeinde Hettenhausen - Dalherda - PFARRER*IN GESUCHT -","breadcrumb":{"@id":"https:\/\/www.kirche-hettenhausen.de\/site\/2026\/09\/pfarrerin-gesucht\/#breadcrumb"},"inLanguage":"de","potentialAction":[{"@type":"ReadAction","target":["https:\/\/www.kirche-hettenhausen.de\/site\/2026\/09\/pfarrerin-gesucht\/"]}]},{"@type":"BreadcrumbList","@id":"https:\/\/www.kirche-hettenhausen.de\/site\/2026\/09\/pfarrerin-gesucht\/#breadcrumb","itemListElement":[{"@type":"ListItem","position":1,"name":"Startseite","item":"https:\/\/www.kirche-hettenhausen.de\/site\/"},{"@type":"ListItem","position":2,"name":"PFARRER*IN GESUCHT"}]},{"@type":"WebSite","@id":"https:\/\/www.kirche-hettenhausen.de\/site\/#website","url":"https:\/\/www.kirche-hettenhausen.de\/site\/","name":"Ev.-luth. Kirchengemeinde Hettenhausen - Dalherda","description":"Homepage der Ev.-luth. Kirchengemeinde Hettenhausen - Dalherda","potentialAction":[{"@type":"SearchAction","target":{"@type":"EntryPoint","urlTemplate":"https:\/\/www.kirche-hettenhausen.de\/site\/?s={search_term_string}"},"query-input":{"@type":"PropertyValueSpecification","valueRequired":true,"valueName":"search_term_string"}}],"inLanguage":"de"},{"@type":"Person","@id":"https:\/\/www.kirche-hettenhausen.de\/site\/#\/schema\/person\/7740d89d8f816da861ece2b378a21c57","name":"Marion Friedrich","url":"https:\/\/www.kirche-hettenhausen.de\/site\/author\/m-friedrichkirche-hettenhausen-de\/"}]}},"_links":{"self":[{"href":"https:\/\/www.kirche-hettenhausen.de\/site\/wp-json\/wp\/v2\/posts\/18078","targetHints":{"allow":["GET"]}}],"collection":[{"href":"https:\/\/www.kirche-hettenhausen.de\/site\/wp-json\/wp\/v2\/posts"}],"about":[{"href":"https:\/\/www.kirche-hettenhausen.de\/site\/wp-json\/wp\/v2\/types\/post"}],"author":[{"embeddable":true,"href":"https:\/\/www.kirche-hettenhausen.de\/site\/wp-json\/wp\/v2\/users\/2"}],"replies":[{"embeddable":true,"href":"https:\/\/www.kirche-hettenhausen.de\/site\/wp-json\/wp\/v2\/comments?post=18078"}],"version-history":[{"count":3,"href":"https:\/\/www.kirche-hettenhausen.de\/site\/wp-json\/wp\/v2\/posts\/18078\/revisions"}],"predecessor-version":[{"id":18082,"href":"https:\/\/www.kirche-hettenhausen.de\/site\/wp-json\/wp\/v2\/posts\/18078\/revisions\/18082"}],"wp:attachment":[{"href":"https:\/\/www.kirche-hettenhausen.de\/site\/wp-json\/wp\/v2\/media?parent=18078"}],"wp:term":[{"taxonomy":"category","embeddable":true,"href":"https:\/\/www.kirche-hettenhausen.de\/site\/wp-json\/wp\/v2\/categories?post=18078"},{"taxonomy":"post_tag","embeddable":true,"href":"https:\/\/www.kirche-hettenhausen.de\/site\/wp-json\/wp\/v2\/tags?post=18078"}],"curies":[{"name":"wp","href":"https:\/\/api.w.org\/{rel}","templated":true}]}}