{"id":18063,"date":"2026-08-30T12:02:54","date_gmt":"2026-08-30T10:02:54","guid":{"rendered":"https:\/\/www.kirche-hettenhausen.de\/site\/?p=18063"},"modified":"2026-08-30T12:13:46","modified_gmt":"2026-08-30T10:13:46","slug":"oeffentliche-ausschreibung-landverpachtung","status":"publish","type":"post","link":"https:\/\/www.kirche-hettenhausen.de\/site\/2026\/08\/oeffentliche-ausschreibung-landverpachtung\/","title":{"rendered":"\u00d6ffentliche Ausschreibung &#8211; Landverpachtung"},"content":{"rendered":"<p>In der Kirchengemeinde Hettenhausen-Dalherda\u00a0stehen ab 1. Oktober 2026 f\u00fcr die Dauer von 12 Jahren folgende Fl\u00e4chen zur Neuverpachtung an:<!--more--><\/p>\n<table width=\"709\">\n<tbody>\n<tr>\n<td width=\"48\"><strong>Flur<\/strong><\/td>\n<td width=\"65\"><strong>Z\u00e4hler<\/strong><\/td>\n<td width=\"65\"><strong>Nenner<\/strong><\/td>\n<td width=\"131\"><strong>Gemarkung<\/strong><\/td>\n<td width=\"138\"><strong>Lagebezeichnung<\/strong><\/td>\n<td width=\"113\"><strong>Wirtschaftsart<\/strong><\/td>\n<td width=\"149\"><strong>Fl\u00e4chengr\u00f6\u00dfe <\/strong><\/td>\n<\/tr>\n<tr>\n<td width=\"48\">7<\/td>\n<td width=\"65\">130<\/td>\n<td width=\"65\"><\/td>\n<td width=\"131\">Hettenhausen<\/td>\n<td width=\"138\">Horst<\/td>\n<td width=\"113\">Gr\u00fcnland<\/td>\n<td width=\"149\">\u00a0 5.674,00 m\u00b2<\/td>\n<\/tr>\n<tr>\n<td width=\"48\">7<\/td>\n<td width=\"65\">135<\/td>\n<td width=\"65\"><\/td>\n<td width=\"131\">Hettenhausen<\/td>\n<td width=\"138\">Horst<\/td>\n<td width=\"113\">Gr\u00fcnland<\/td>\n<td width=\"149\">13.051,00 m\u00b2<\/td>\n<\/tr>\n<\/tbody>\n<\/table>\n<p>&nbsp;<\/p>\n<p>Der Kirchenvorstand wird bei der Vergabe der Fl\u00e4chen folgende Kriterien zugrunde legen:<\/p>\n<ul>\n<li>ordnungsgem\u00e4\u00dfe Bewirtschaftung<\/li>\n<li>H\u00f6he des Pachtzinsgebotes<\/li>\n<li>Kirchenzugeh\u00f6rigkeit<\/li>\n<li>\u00f6rtliche N\u00e4he des Pachtbetriebes zum Pachtland<\/li>\n<li>sozio\u00f6konomische und soziale Aspekte<\/li>\n<li>\u00f6kologische Aspekte (besondere Umweltleistungen)<\/li>\n<\/ul>\n<p>&nbsp;<\/p>\n<p>Durch die Verabschiedung eines neuen Verm\u00f6gensaufsichtsgesetzes in der Evangelischen Kirche von Kurhessen-Waldeck ist ab dem Jahr 2010 ein Systemwechsel bei der Verpachtung kirchlicher Fl\u00e4chen eingetreten. K\u00fcnftig darf der Kirchenvorstand die Pachtvertr\u00e4ge nur nach Ausschreibung und Angebotseinholung vergeben. Aus diesem Grund bitten wir Sie als Pachtinteressierten, zum <span style=\"background-color: #ffff00;\">11. September 2026<\/span> ein Angebot in verschlossenem Umschlag abzugeben, f\u00fcr die Fl\u00e4chen, die Sie gern ab 1. Oktober 2026 pachten m\u00f6chten. Die Angebote sollen im Ev. Pfarramt der Kirchengemeinde Hettenhausen-Dalherda Ebersberger Str. 11, 36129 Gersfeld-Hettenhausen abgegeben werden. Der Kirchenvorstand wird die Entscheidung \u00fcber die Vergabe nach den vorstehenden Kriterien treffen. Aus diesem Grund bitten wir Sie, neben dem Pachtpreisgebot und der Mitteilung, welche Fl\u00e4chen Sie pachten m\u00f6chten, auch zu den weiteren Kriterien Stellung zu nehmen. Ein Bewerbungsmuster liegt im Pfarramt \/ Kirchenkreisamt bereit.<\/p>\n<p>Hettenhausen, 27.08.2026<\/p>\n<p>Kirchenvorstand<\/p>\n<p>&nbsp;<\/p>\n<p><a href=\"https:\/\/www.kirche-hettenhausen.de\/site\/wp-content\/uploads\/2026\/08\/Ausschreibung-Hettenhausen-Dalherda.pdf\">Ausschreibung Hettenhausen-Dalherda<\/a><\/p>\n<p><a href=\"https:\/\/www.kirche-hettenhausen.de\/site\/wp-content\/uploads\/2026\/08\/Bewerbungsformular.pdf\">Bewerbungsformular<\/a><\/p>\n","protected":false},"excerpt":{"rendered":"<p>In der Kirchengemeinde Hettenhausen-Dalherda\u00a0stehen ab 1. Oktober 2026 f\u00fcr die Dauer von 12 Jahren folgende Fl\u00e4chen zur Neuverpachtung an:<\/p>\n","protected":false},"author":2,"featured_media":0,"comment_status":"closed","ping_status":"closed","sticky":false,"template":"","format":"standard","meta":{"footnotes":""},"categories":[1,129,76],"tags":[56,128,77],"class_list":["post-18063","post","type-post","status-publish","format-standard","hentry","category-allgemein","category-hettenhausen","category-kirchenvorstand","tag-gesucht","tag-hettenhausen","tag-kirchenvorstand"],"yoast_head":"<!-- This site is optimized with the Yoast SEO plugin v28.3 - https:\/\/yoast.com\/product\/yoast-seo-wordpress\/ -->\n<title>\u00d6ffentliche Ausschreibung - Landverpachtung - Ev.-luth. Kirchengemeinde Hettenhausen - Dalherda<\/title>\n<meta name=\"description\" content=\"Ev.-luth. Kirchengemeinde Hettenhausen - Dalherda - \u00d6ffentliche Ausschreibung - Landverpachtung -\" \/>\n<meta name=\"robots\" content=\"index, follow, max-snippet:-1, max-image-preview:large, max-video-preview:-1\" \/>\n<link rel=\"canonical\" href=\"https:\/\/www.kirche-hettenhausen.de\/site\/2026\/08\/oeffentliche-ausschreibung-landverpachtung\/\" \/>\n<meta property=\"og:locale\" content=\"de_DE\" \/>\n<meta property=\"og:type\" content=\"article\" \/>\n<meta property=\"og:title\" content=\"\u00d6ffentliche Ausschreibung - Landverpachtung - Ev.-luth. Kirchengemeinde Hettenhausen - Dalherda\" \/>\n<meta property=\"og:description\" content=\"Ev.-luth. Kirchengemeinde Hettenhausen - Dalherda - \u00d6ffentliche Ausschreibung - Landverpachtung -\" \/>\n<meta property=\"og:url\" content=\"https:\/\/www.kirche-hettenhausen.de\/site\/2026\/08\/oeffentliche-ausschreibung-landverpachtung\/\" \/>\n<meta property=\"og:site_name\" content=\"Ev.-luth. Kirchengemeinde Hettenhausen - Dalherda\" \/>\n<meta property=\"article:published_time\" content=\"2026-08-30T10:02:54+00:00\" \/>\n<meta property=\"article:modified_time\" content=\"2026-08-30T10:13:46+00:00\" \/>\n<meta name=\"author\" content=\"Marion Friedrich\" \/>\n<meta name=\"twitter:card\" content=\"summary_large_image\" \/>\n<meta name=\"twitter:label1\" content=\"Verfasst von\" \/>\n\t<meta name=\"twitter:data1\" content=\"Marion Friedrich\" \/>\n\t<meta name=\"twitter:label2\" content=\"Gesch\u00e4tzte Lesezeit\" \/>\n\t<meta name=\"twitter:data2\" content=\"2\u00a0Minuten\" \/>\n<script type=\"application\/ld+json\" class=\"yoast-schema-graph\">{\"@context\":\"https:\\\/\\\/schema.org\",\"@graph\":[{\"@type\":\"Article\",\"@id\":\"https:\\\/\\\/www.kirche-hettenhausen.de\\\/site\\\/2026\\\/08\\\/oeffentliche-ausschreibung-landverpachtung\\\/#article\",\"isPartOf\":{\"@id\":\"https:\\\/\\\/www.kirche-hettenhausen.de\\\/site\\\/2026\\\/08\\\/oeffentliche-ausschreibung-landverpachtung\\\/\"},\"author\":{\"name\":\"Marion Friedrich\",\"@id\":\"https:\\\/\\\/www.kirche-hettenhausen.de\\\/site\\\/#\\\/schema\\\/person\\\/7740d89d8f816da861ece2b378a21c57\"},\"headline\":\"\u00d6ffentliche Ausschreibung &#8211; Landverpachtung\",\"datePublished\":\"2026-08-30T10:02:54+00:00\",\"dateModified\":\"2026-08-30T10:13:46+00:00\",\"mainEntityOfPage\":{\"@id\":\"https:\\\/\\\/www.kirche-hettenhausen.de\\\/site\\\/2026\\\/08\\\/oeffentliche-ausschreibung-landverpachtung\\\/\"},\"wordCount\":219,\"keywords\":[\"Gesucht\",\"Hettenhausen\",\"Kirchenvorstand\"],\"articleSection\":{\"1\":\"Hettenhausen\",\"2\":\"Kirchenvorstand\"},\"inLanguage\":\"de\"},{\"@type\":\"WebPage\",\"@id\":\"https:\\\/\\\/www.kirche-hettenhausen.de\\\/site\\\/2026\\\/08\\\/oeffentliche-ausschreibung-landverpachtung\\\/\",\"url\":\"https:\\\/\\\/www.kirche-hettenhausen.de\\\/site\\\/2026\\\/08\\\/oeffentliche-ausschreibung-landverpachtung\\\/\",\"name\":\"\u00d6ffentliche Ausschreibung - Landverpachtung - Ev.-luth. Kirchengemeinde Hettenhausen - Dalherda\",\"isPartOf\":{\"@id\":\"https:\\\/\\\/www.kirche-hettenhausen.de\\\/site\\\/#website\"},\"datePublished\":\"2026-08-30T10:02:54+00:00\",\"dateModified\":\"2026-08-30T10:13:46+00:00\",\"author\":{\"@id\":\"https:\\\/\\\/www.kirche-hettenhausen.de\\\/site\\\/#\\\/schema\\\/person\\\/7740d89d8f816da861ece2b378a21c57\"},\"description\":\"Ev.-luth. Kirchengemeinde Hettenhausen - Dalherda - \u00d6ffentliche Ausschreibung - Landverpachtung -\",\"breadcrumb\":{\"@id\":\"https:\\\/\\\/www.kirche-hettenhausen.de\\\/site\\\/2026\\\/08\\\/oeffentliche-ausschreibung-landverpachtung\\\/#breadcrumb\"},\"inLanguage\":\"de\",\"potentialAction\":[{\"@type\":\"ReadAction\",\"target\":[\"https:\\\/\\\/www.kirche-hettenhausen.de\\\/site\\\/2026\\\/08\\\/oeffentliche-ausschreibung-landverpachtung\\\/\"]}]},{\"@type\":\"BreadcrumbList\",\"@id\":\"https:\\\/\\\/www.kirche-hettenhausen.de\\\/site\\\/2026\\\/08\\\/oeffentliche-ausschreibung-landverpachtung\\\/#breadcrumb\",\"itemListElement\":[{\"@type\":\"ListItem\",\"position\":1,\"name\":\"Startseite\",\"item\":\"https:\\\/\\\/www.kirche-hettenhausen.de\\\/site\\\/\"},{\"@type\":\"ListItem\",\"position\":2,\"name\":\"\u00d6ffentliche Ausschreibung &#8211; Landverpachtung\"}]},{\"@type\":\"WebSite\",\"@id\":\"https:\\\/\\\/www.kirche-hettenhausen.de\\\/site\\\/#website\",\"url\":\"https:\\\/\\\/www.kirche-hettenhausen.de\\\/site\\\/\",\"name\":\"Ev.-luth. Kirchengemeinde Hettenhausen - Dalherda\",\"description\":\"Homepage der Ev.-luth. Kirchengemeinde Hettenhausen - Dalherda\",\"potentialAction\":[{\"@type\":\"SearchAction\",\"target\":{\"@type\":\"EntryPoint\",\"urlTemplate\":\"https:\\\/\\\/www.kirche-hettenhausen.de\\\/site\\\/?s={search_term_string}\"},\"query-input\":{\"@type\":\"PropertyValueSpecification\",\"valueRequired\":true,\"valueName\":\"search_term_string\"}}],\"inLanguage\":\"de\"},{\"@type\":\"Person\",\"@id\":\"https:\\\/\\\/www.kirche-hettenhausen.de\\\/site\\\/#\\\/schema\\\/person\\\/7740d89d8f816da861ece2b378a21c57\",\"name\":\"Marion Friedrich\",\"url\":\"https:\\\/\\\/www.kirche-hettenhausen.de\\\/site\\\/author\\\/m-friedrichkirche-hettenhausen-de\\\/\"}]}<\/script>\n<!-- \/ Yoast SEO plugin. -->","yoast_head_json":{"title":"\u00d6ffentliche Ausschreibung - Landverpachtung - Ev.-luth. Kirchengemeinde Hettenhausen - Dalherda","description":"Ev.-luth. Kirchengemeinde Hettenhausen - Dalherda - \u00d6ffentliche Ausschreibung - Landverpachtung -","robots":{"index":"index","follow":"follow","max-snippet":"max-snippet:-1","max-image-preview":"max-image-preview:large","max-video-preview":"max-video-preview:-1"},"canonical":"https:\/\/www.kirche-hettenhausen.de\/site\/2026\/08\/oeffentliche-ausschreibung-landverpachtung\/","og_locale":"de_DE","og_type":"article","og_title":"\u00d6ffentliche Ausschreibung - Landverpachtung - Ev.-luth. Kirchengemeinde Hettenhausen - Dalherda","og_description":"Ev.-luth. Kirchengemeinde Hettenhausen - Dalherda - \u00d6ffentliche Ausschreibung - Landverpachtung -","og_url":"https:\/\/www.kirche-hettenhausen.de\/site\/2026\/08\/oeffentliche-ausschreibung-landverpachtung\/","og_site_name":"Ev.-luth. Kirchengemeinde Hettenhausen - Dalherda","article_published_time":"2026-08-30T10:02:54+00:00","article_modified_time":"2026-08-30T10:13:46+00:00","author":"Marion Friedrich","twitter_card":"summary_large_image","twitter_misc":{"Verfasst von":"Marion Friedrich","Gesch\u00e4tzte Lesezeit":"2\u00a0Minuten"},"schema":{"@context":"https:\/\/schema.org","@graph":[{"@type":"Article","@id":"https:\/\/www.kirche-hettenhausen.de\/site\/2026\/08\/oeffentliche-ausschreibung-landverpachtung\/#article","isPartOf":{"@id":"https:\/\/www.kirche-hettenhausen.de\/site\/2026\/08\/oeffentliche-ausschreibung-landverpachtung\/"},"author":{"name":"Marion Friedrich","@id":"https:\/\/www.kirche-hettenhausen.de\/site\/#\/schema\/person\/7740d89d8f816da861ece2b378a21c57"},"headline":"\u00d6ffentliche Ausschreibung &#8211; Landverpachtung","datePublished":"2026-08-30T10:02:54+00:00","dateModified":"2026-08-30T10:13:46+00:00","mainEntityOfPage":{"@id":"https:\/\/www.kirche-hettenhausen.de\/site\/2026\/08\/oeffentliche-ausschreibung-landverpachtung\/"},"wordCount":219,"keywords":["Gesucht","Hettenhausen","Kirchenvorstand"],"articleSection":{"1":"Hettenhausen","2":"Kirchenvorstand"},"inLanguage":"de"},{"@type":"WebPage","@id":"https:\/\/www.kirche-hettenhausen.de\/site\/2026\/08\/oeffentliche-ausschreibung-landverpachtung\/","url":"https:\/\/www.kirche-hettenhausen.de\/site\/2026\/08\/oeffentliche-ausschreibung-landverpachtung\/","name":"\u00d6ffentliche Ausschreibung - Landverpachtung - Ev.-luth. Kirchengemeinde Hettenhausen - Dalherda","isPartOf":{"@id":"https:\/\/www.kirche-hettenhausen.de\/site\/#website"},"datePublished":"2026-08-30T10:02:54+00:00","dateModified":"2026-08-30T10:13:46+00:00","author":{"@id":"https:\/\/www.kirche-hettenhausen.de\/site\/#\/schema\/person\/7740d89d8f816da861ece2b378a21c57"},"description":"Ev.-luth. Kirchengemeinde Hettenhausen - Dalherda - \u00d6ffentliche Ausschreibung - Landverpachtung -","breadcrumb":{"@id":"https:\/\/www.kirche-hettenhausen.de\/site\/2026\/08\/oeffentliche-ausschreibung-landverpachtung\/#breadcrumb"},"inLanguage":"de","potentialAction":[{"@type":"ReadAction","target":["https:\/\/www.kirche-hettenhausen.de\/site\/2026\/08\/oeffentliche-ausschreibung-landverpachtung\/"]}]},{"@type":"BreadcrumbList","@id":"https:\/\/www.kirche-hettenhausen.de\/site\/2026\/08\/oeffentliche-ausschreibung-landverpachtung\/#breadcrumb","itemListElement":[{"@type":"ListItem","position":1,"name":"Startseite","item":"https:\/\/www.kirche-hettenhausen.de\/site\/"},{"@type":"ListItem","position":2,"name":"\u00d6ffentliche Ausschreibung &#8211; Landverpachtung"}]},{"@type":"WebSite","@id":"https:\/\/www.kirche-hettenhausen.de\/site\/#website","url":"https:\/\/www.kirche-hettenhausen.de\/site\/","name":"Ev.-luth. Kirchengemeinde Hettenhausen - Dalherda","description":"Homepage der Ev.-luth. Kirchengemeinde Hettenhausen - Dalherda","potentialAction":[{"@type":"SearchAction","target":{"@type":"EntryPoint","urlTemplate":"https:\/\/www.kirche-hettenhausen.de\/site\/?s={search_term_string}"},"query-input":{"@type":"PropertyValueSpecification","valueRequired":true,"valueName":"search_term_string"}}],"inLanguage":"de"},{"@type":"Person","@id":"https:\/\/www.kirche-hettenhausen.de\/site\/#\/schema\/person\/7740d89d8f816da861ece2b378a21c57","name":"Marion Friedrich","url":"https:\/\/www.kirche-hettenhausen.de\/site\/author\/m-friedrichkirche-hettenhausen-de\/"}]}},"_links":{"self":[{"href":"https:\/\/www.kirche-hettenhausen.de\/site\/wp-json\/wp\/v2\/posts\/18063","targetHints":{"allow":["GET"]}}],"collection":[{"href":"https:\/\/www.kirche-hettenhausen.de\/site\/wp-json\/wp\/v2\/posts"}],"about":[{"href":"https:\/\/www.kirche-hettenhausen.de\/site\/wp-json\/wp\/v2\/types\/post"}],"author":[{"embeddable":true,"href":"https:\/\/www.kirche-hettenhausen.de\/site\/wp-json\/wp\/v2\/users\/2"}],"replies":[{"embeddable":true,"href":"https:\/\/www.kirche-hettenhausen.de\/site\/wp-json\/wp\/v2\/comments?post=18063"}],"version-history":[{"count":9,"href":"https:\/\/www.kirche-hettenhausen.de\/site\/wp-json\/wp\/v2\/posts\/18063\/revisions"}],"predecessor-version":[{"id":18073,"href":"https:\/\/www.kirche-hettenhausen.de\/site\/wp-json\/wp\/v2\/posts\/18063\/revisions\/18073"}],"wp:attachment":[{"href":"https:\/\/www.kirche-hettenhausen.de\/site\/wp-json\/wp\/v2\/media?parent=18063"}],"wp:term":[{"taxonomy":"category","embeddable":true,"href":"https:\/\/www.kirche-hettenhausen.de\/site\/wp-json\/wp\/v2\/categories?post=18063"},{"taxonomy":"post_tag","embeddable":true,"href":"https:\/\/www.kirche-hettenhausen.de\/site\/wp-json\/wp\/v2\/tags?post=18063"}],"curies":[{"name":"wp","href":"https:\/\/api.w.org\/{rel}","templated":true}]}}