{"id":17195,"date":"2026-01-25T12:41:07","date_gmt":"2026-01-25T11:41:07","guid":{"rendered":"https:\/\/www.kirche-hettenhausen.de\/site\/?p=17195"},"modified":"2026-02-10T00:50:07","modified_gmt":"2026-02-09T23:50:07","slug":"abschied-und-neubeginn","status":"publish","type":"post","link":"https:\/\/www.kirche-hettenhausen.de\/site\/2026\/01\/abschied-und-neubeginn\/","title":{"rendered":"Abschied und Neubeginn"},"content":{"rendered":"<p>Am 30. November 2025, dem ersten Advent, feierten wir mit Pfarrerin Julia Kaiser in unserer Gemeinde einen sehr bewegenden Gottesdienst, bei dem der alte Kirchenvorstand verabschiedet und gleichzeitig der neue Kirchenvorstand offiziell in sein Amt eingef\u00fchrt wurde.<\/p>\n<div id=\"attachment_17191\" style=\"width: 810px\" class=\"wp-caption aligncenter\"><img loading=\"lazy\" decoding=\"async\" aria-describedby=\"caption-attachment-17191\" class=\"wp-image-17191 size-full\" src=\"https:\/\/www.kirche-hettenhausen.de\/site\/wp-content\/uploads\/2026\/01\/Kirchenvorstand-2025_2.jpg\" alt=\"Einf\u00fchrung KV 2025\" width=\"800\" height=\"450\" srcset=\"https:\/\/www.kirche-hettenhausen.de\/site\/wp-content\/uploads\/2026\/01\/Kirchenvorstand-2025_2.jpg 800w, https:\/\/www.kirche-hettenhausen.de\/site\/wp-content\/uploads\/2026\/01\/Kirchenvorstand-2025_2-300x169.jpg 300w, https:\/\/www.kirche-hettenhausen.de\/site\/wp-content\/uploads\/2026\/01\/Kirchenvorstand-2025_2-768x432.jpg 768w\" sizes=\"auto, (max-width: 800px) 100vw, 800px\" \/><p id=\"caption-attachment-17191\" class=\"wp-caption-text\">Der neue Kirchenvorstand. Hintere Reihe von links nach rechts: Leonie Scharf, Marion Friedrich, Bettina Lindner, Ulrich Walter. Vordere Reihe von links nach rechts: Verena Frohnapfel, Petra Sauer, Patricia Ulrich, Franziska Zinn (im Foto fehlt Elisabeth Mohr)<\/p><\/div>\n<p><!--more--><\/p>\n<p>Gro\u00dfer Dank gilt dem bisherigen Kirchenvorstand, der sich \u00fcber viele Jahre hinweg engagiert und mit viel Herzblut f\u00fcr das Wohl unserer Gemeinde eingesetzt hat. Nicht nur wir und unsere Kirchengemeinde sind den scheidenden Kirchenvorsteherinnen und Kirchenvorstehern zu Dank verpflichtet. Die Bisch\u00f6fin unserer Landeskirche, Dr. Beate Hofmann, dankt in besonderer Weise den langj\u00e4hrigen Mitgliedern des Kirchenvorstandes f\u00fcr ihren Einsatz in der Gemeinde Jesu Christi. Pfarrerin Kaiser \u00fcberreichte im Namen der Bisch\u00f6fin drei besondere Auszeichnungen:<\/p>\n<p>In W\u00fcrdigung ihres 18-j\u00e4hrigen Dienstes als Kirchenvorsteherinnen wurden Simone Ke\u00dfler und Sandra Mohr die Dankmedaille der Evangelischen Kirche von Kurhessen-Waldeck verliehen.<\/p>\n<p>Martin Schleicher wurde in W\u00fcrdigung seines 24-j\u00e4hrigen Dienstes als Kirchenvorsteher unserer Gemeinde die Maria-Magdalena-Medaille der Landeskirche verliehen.<\/p>\n<div id=\"attachment_17192\" style=\"width: 810px\" class=\"wp-caption aligncenter\"><img loading=\"lazy\" decoding=\"async\" aria-describedby=\"caption-attachment-17192\" class=\"wp-image-17192 size-full\" src=\"https:\/\/www.kirche-hettenhausen.de\/site\/wp-content\/uploads\/2026\/01\/Kirchenvorstand-2025_3.jpg\" alt=\"Verabschiedung KV 2025\" width=\"800\" height=\"450\" srcset=\"https:\/\/www.kirche-hettenhausen.de\/site\/wp-content\/uploads\/2026\/01\/Kirchenvorstand-2025_3.jpg 800w, https:\/\/www.kirche-hettenhausen.de\/site\/wp-content\/uploads\/2026\/01\/Kirchenvorstand-2025_3-300x169.jpg 300w, https:\/\/www.kirche-hettenhausen.de\/site\/wp-content\/uploads\/2026\/01\/Kirchenvorstand-2025_3-768x432.jpg 768w\" sizes=\"auto, (max-width: 800px) 100vw, 800px\" \/><p id=\"caption-attachment-17192\" class=\"wp-caption-text\">Von links nach rechts: S\u00f6ren Scharf, Sibylle H\u00fcmmer, Sandra Mohr, Simone Ke\u00dfler, Ira Magerhans, Martin Schleicher<\/p><\/div>\n<p>&nbsp;<\/p>\n<p>Als Dankesch\u00f6n und Anerkennung ihrer Arbeit sang Pfarrerin Kaiser den scheidenden Mitgliedern folgendes Lied auf die Melodie von \u201eM\u00f6ge die Stra\u00dfe\u201c:<\/p>\n<p style=\"text-align: center;\"><strong><em>Liebe Sibylle, du hast 6 Jahre,<\/em><\/strong><br \/>\n<strong><em>hier in der Gemeinde viel gemacht,<\/em><\/strong><br \/>\n<strong><em>alles rund um Schmalnau gemanagt,<\/em><\/strong><br \/>\n<strong><em>und in Liturgie dich eingebracht.<\/em><\/strong><\/p>\n<p style=\"text-align: center;\"><strong><em>Und nun ist die Zeit vor\u00fcber,<\/em><\/strong><br \/>\n<strong><em>Friedhof, Sitzung, Orga hing da dran,<\/em><\/strong><br \/>\n<strong><em>wir sagen danke tief im Innern,<\/em><\/strong><br \/>\n<strong><em>f\u00fcr das, was man nicht alles sehen kann.<\/em><\/strong><\/p>\n<p>&nbsp;<\/p>\n<p style=\"text-align: center;\"><strong><em>Liebe Ira, du hast 6 Jahre,<\/em><\/strong><br \/>\n<strong><em>in Dalherda wohl alles geplant,<\/em><\/strong><br \/>\n<strong><em>Kirche, Heiz\u00f6l und den Adventskranz,<\/em><\/strong><br \/>\n<strong><em>in Baufragen warst du immer am Start.<\/em><\/strong><\/p>\n<p style=\"text-align: center;\"><strong><em>Und nun ist die Zeit vor\u00fcber,<\/em><\/strong><br \/>\n<strong><em>wir hoffen, dass du uns nicht ganz verl\u00e4sst,<\/em><\/strong><br \/>\n<strong><em>beim Schm\u00fccken, Planen und Organisieren,<\/em><\/strong><br \/>\n<strong><em>noch weiter deine Hand walten l\u00e4sst.<\/em><\/strong><\/p>\n<p>&nbsp;<\/p>\n<p style=\"text-align: center;\"><strong><em>Lieber S\u00f6ren, du hast 6 Jahre,<\/em><\/strong><br \/>\n<strong><em>dich mit ganzem Herzen eingebracht,<\/em><\/strong><br \/>\n<strong><em>Technik, Zeltplatz und Digitales,<\/em><\/strong><br \/>\n<strong><em>hast du zuverl\u00e4ssig hier gemacht.<\/em><\/strong><\/p>\n<p style=\"text-align: center;\"><strong><em>Und nun ist die Zeit vor\u00fcber,<\/em><\/strong><br \/>\n<strong><em>f\u00fcr Pfadis und Konfis warst du da,<\/em><\/strong><br \/>\n<strong><em>wir werden dich doch sehr vermissen,<\/em><\/strong><br \/>\n<strong><em>und hoffen, du bleibst weiter hier uns nah.<\/em><\/strong><\/p>\n<p>&nbsp;<\/p>\n<p style=\"text-align: center;\"><strong><em>Liebe Sandra, du hast 18 Jahre,<\/em><\/strong><br \/>\n<strong><em>hier in der Gemeinde viel getan,<\/em><\/strong><br \/>\n<strong><em>mit ganz viel Mut, deine Meinung zu vertreten,<\/em><\/strong><br \/>\n<strong><em>in Finanzen, Kreissynode hast du Plan.<\/em><\/strong><\/p>\n<p style=\"text-align: center;\"><strong><em>Und nun ist die Zeit vor\u00fcber,<\/em><\/strong><br \/>\n<strong><em>Zeit mit Konfis und in dem KV,<\/em><\/strong><br \/>\n<strong><em>aber als Lektorin bleibst du bei uns,<\/em><\/strong><br \/>\n<strong><em>mit lautem Lachen kennen wir dich genau.<\/em><\/strong><\/p>\n<p>&nbsp;<\/p>\n<p style=\"text-align: center;\"><strong><em>Liebe Simone, du hast 18 Jahre,<\/em><\/strong><br \/>\n<strong><em>hier bei uns so vieles aufgebaut,<\/em><\/strong><br \/>\n<strong><em>Gemeindereisen, Tagesausfl\u00fcge,<\/em><\/strong><br \/>\n<strong><em>eine Kirche als Modell uns anvertraut.<\/em><\/strong><\/p>\n<p style=\"text-align: center;\"><strong><em>Und nun ist die Zeit vor\u00fcber,<\/em><\/strong><br \/>\n<strong><em>die Sitzungen laufen nun ohne dich,<\/em><\/strong><br \/>\n<strong><em>wir danken dir f\u00fcr alle Ideen,<\/em><\/strong><br \/>\n<strong><em>und hoffen, du beh\u00e4ltst sie nicht f\u00fcr dich.<\/em><\/strong><\/p>\n<p>&nbsp;<\/p>\n<p style=\"text-align: center;\"><strong><em>Lieber Martin, du hast 24 Jahre,<\/em><\/strong><br \/>\n<strong><em>den Kirchenvorstand mit hier angef\u00fchrt,<\/em><\/strong><br \/>\n<strong><em>vieles war nicht immer einfach,<\/em><\/strong><br \/>\n<strong><em>es lag dir sehr am Herzen, was man sp\u00fcrt.<\/em><\/strong><\/p>\n<p style=\"text-align: center;\"><strong><em>Und nun ist die Zeit vor\u00fcber,<\/em><\/strong><br \/>\n<strong><em>Planen, Machen, vieles hing an dir.<\/em><\/strong><br \/>\n<strong><em>F\u00fcr die Dinge, die niemand sieht,<\/em><\/strong><br \/>\n<strong><em>von Herzen danken wir dir daf\u00fcr.<\/em><\/strong><\/p>\n<p>&nbsp;<\/p>\n<p style=\"text-align: center;\"><strong><em>Und nun ist die Zeit vor\u00fcber,<\/em><\/strong><br \/>\n<strong><em>Neues f\u00e4ngt jetzt f\u00fcr euch alle an.<\/em><\/strong><br \/>\n<strong><em>Wir sagen DANKE, f\u00fcr alles was man sieht,<\/em><\/strong><br \/>\n<strong><em>und nicht einmal in Worte fassen kann.<\/em><\/strong><\/p>\n<p>&nbsp;<\/p>\n<p>Am Eingang hatte jeder Gottesdienstbesucher ein &#8222;Bitte-Nicht-St\u00f6ren&#8220;-Schild bekommen, worauf Pfarrerin Kaiser dann in ihrer Predigt n\u00e4her einging. Sie forderte uns auf, Gott in unseren Alltag hineinzulassen, um in unserem Leben Liebe, Gerechtigkeit und Ver\u00e4nderung zu erm\u00f6glichen. Gott klopfe an unsere T\u00fcr und \u201est\u00f6re uns liebevoll zum Guten\u201c.<\/p>\n<p>Im Gottesdienst wurden auch die neuen Konfirmandinnen und Konfirmanden begr\u00fc\u00dft. Pfarrerin Kaiser betonte, dass diese Jugendlichen mit dem Schritt, konfirmiert werden zu wollen, Gott auch ihre T\u00fcre \u00f6ffnen und ihm die Chance geben, in ihr Leben kommen zu d\u00fcrfen.<\/p>\n<p>Und noch ein weiterer Abschied stand in diesem Gottesdienst an: Julia Kaiser hat den Staffelstab als Vakanzvertretung unserer Kirchengemeinde an ihren Kollegen Pfarrer Helmut Stradal \u00fcbergeben. Helmut Stradal ist als Pfarrer unserer Nachbargemeinde Gersfeld kein Unbekannter und er wird uns unterst\u00fctzen, bis hoffentlich die Pfarrstelle in der Kirchengemeinde Hettenhausen-Dalherda bald wieder besetzt ist.<\/p>\n<p>Julia Kaiser danken wir von Herzen f\u00fcr alles, was sie seit Mai 2025 f\u00fcr unsere Gemeinde getan hat, f\u00fcr ihre Unterst\u00fctzung, ihre Ideen und ihre ansteckende Begeisterung!<\/p>\n<p>Der erste Advent stand damit f\u00fcr Dankbarkeit und Abschied, aber auch f\u00fcr einen Neubeginn. Der neue Kirchenvorstand blickt mit Zuversicht und Mut auf die kommenden Jahre in unserer Gemeinde und ist bereit, das Gemeindeleben aktiv weiterzuentwickeln.<\/p>\n<p>Anmerkung: Die Amtseinf\u00fchrung von Elisabeth Mohr, die leider am 1. Advent nicht anwesend sein konnte, wurde im Gottesdienst zum Ausklang der Weihnacht am 11. Januar 2026 nachgeholt.<\/p>\n<p>&nbsp;<\/p>\n<p style=\"text-align: right;\">(Patricia Ulrich, Marion Friedrich)<\/p>\n","protected":false},"excerpt":{"rendered":"<p>Am 30. November 2025, dem ersten Advent, feierten wir mit Pfarrerin Julia Kaiser in unserer Gemeinde einen sehr bewegenden Gottesdienst, bei dem der alte Kirchenvorstand verabschiedet und gleichzeitig der neue Kirchenvorstand offiziell in sein Amt eingef\u00fchrt wurde.<\/p>\n","protected":false},"author":2,"featured_media":17190,"comment_status":"closed","ping_status":"closed","sticky":false,"template":"","format":"standard","meta":{"footnotes":""},"categories":[104,48,18,129,22,76,97,105,25],"tags":[43,14,102,33,128,77,47,98,7,34,103,39],"class_list":["post-17195","post","type-post","status-publish","format-standard","has-post-thumbnail","hentry","category-dalherda","category-feier-festtage","category-gottesdienst","category-hettenhausen","category-kirche-st-georg","category-kirchenvorstand","category-landeskirche","category-poppenhausen","category-veranstaltungen","tag-advent","tag-bischoefin","tag-dalherda","tag-gottesdienst","tag-hettenhausen","tag-kirchenvorstand","tag-konfirmanden","tag-landeskirche","tag-pfarrer","tag-pfarrkirche-st-georg","tag-poppenhausen","tag-veranstaltungen"],"yoast_head":"<!-- This site is optimized with the Yoast SEO plugin v27.4 - https:\/\/yoast.com\/product\/yoast-seo-wordpress\/ -->\n<title>Abschied und Neubeginn - Ev.-luth. Kirchengemeinde Hettenhausen - Dalherda<\/title>\n<meta name=\"description\" content=\"Ev.-luth. Kirchengemeinde Hettenhausen - Dalherda - Abschied und Neubeginn -\" \/>\n<meta name=\"robots\" content=\"index, follow, max-snippet:-1, max-image-preview:large, max-video-preview:-1\" \/>\n<link rel=\"canonical\" href=\"https:\/\/www.kirche-hettenhausen.de\/site\/2026\/01\/abschied-und-neubeginn\/\" \/>\n<meta property=\"og:locale\" content=\"de_DE\" \/>\n<meta property=\"og:type\" content=\"article\" \/>\n<meta property=\"og:title\" content=\"Abschied und Neubeginn - Ev.-luth. Kirchengemeinde Hettenhausen - Dalherda\" \/>\n<meta property=\"og:description\" content=\"Ev.-luth. Kirchengemeinde Hettenhausen - Dalherda - Abschied und Neubeginn -\" \/>\n<meta property=\"og:url\" content=\"https:\/\/www.kirche-hettenhausen.de\/site\/2026\/01\/abschied-und-neubeginn\/\" \/>\n<meta property=\"og:site_name\" content=\"Ev.-luth. Kirchengemeinde Hettenhausen - Dalherda\" \/>\n<meta property=\"article:published_time\" content=\"2026-01-25T11:41:07+00:00\" \/>\n<meta property=\"article:modified_time\" content=\"2026-02-09T23:50:07+00:00\" \/>\n<meta property=\"og:image\" content=\"https:\/\/www.kirche-hettenhausen.de\/site\/wp-content\/uploads\/2026\/01\/Kirchenvorstand-2025_1.jpg\" \/>\n\t<meta property=\"og:image:width\" content=\"800\" \/>\n\t<meta property=\"og:image:height\" content=\"450\" \/>\n\t<meta property=\"og:image:type\" content=\"image\/jpeg\" \/>\n<meta name=\"author\" content=\"Marion Friedrich\" \/>\n<meta name=\"twitter:card\" content=\"summary_large_image\" \/>\n<meta name=\"twitter:label1\" content=\"Verfasst von\" \/>\n\t<meta name=\"twitter:data1\" content=\"Marion Friedrich\" \/>\n\t<meta name=\"twitter:label2\" content=\"Gesch\u00e4tzte Lesezeit\" \/>\n\t<meta name=\"twitter:data2\" content=\"5\u00a0Minuten\" \/>\n<script type=\"application\/ld+json\" class=\"yoast-schema-graph\">{\"@context\":\"https:\\\/\\\/schema.org\",\"@graph\":[{\"@type\":\"Article\",\"@id\":\"https:\\\/\\\/www.kirche-hettenhausen.de\\\/site\\\/2026\\\/01\\\/abschied-und-neubeginn\\\/#article\",\"isPartOf\":{\"@id\":\"https:\\\/\\\/www.kirche-hettenhausen.de\\\/site\\\/2026\\\/01\\\/abschied-und-neubeginn\\\/\"},\"author\":{\"name\":\"Marion Friedrich\",\"@id\":\"https:\\\/\\\/www.kirche-hettenhausen.de\\\/site\\\/#\\\/schema\\\/person\\\/7740d89d8f816da861ece2b378a21c57\"},\"headline\":\"Abschied und Neubeginn\",\"datePublished\":\"2026-01-25T11:41:07+00:00\",\"dateModified\":\"2026-02-09T23:50:07+00:00\",\"mainEntityOfPage\":{\"@id\":\"https:\\\/\\\/www.kirche-hettenhausen.de\\\/site\\\/2026\\\/01\\\/abschied-und-neubeginn\\\/\"},\"wordCount\":849,\"image\":{\"@id\":\"https:\\\/\\\/www.kirche-hettenhausen.de\\\/site\\\/2026\\\/01\\\/abschied-und-neubeginn\\\/#primaryimage\"},\"thumbnailUrl\":\"https:\\\/\\\/www.kirche-hettenhausen.de\\\/site\\\/wp-content\\\/uploads\\\/2026\\\/01\\\/Kirchenvorstand-2025_1.jpg\",\"keywords\":[\"Advent\",\"Bisch\u00f6fin\",\"Dalherda\",\"Gottesdienst\",\"Hettenhausen\",\"Kirchenvorstand\",\"Konfirmanden\",\"Landeskirche\",\"Pfarrer\",\"Pfarrkirche St. Georg\",\"Poppenhausen\",\"Veranstaltungen\"],\"articleSection\":[\"Dalherda\",\"Feier-\\\/Festtage\",\"Gottesdienst\",\"Hettenhausen\",\"Kirche St. Georg\",\"Kirchenvorstand\",\"Landeskirche\",\"Poppenhausen\",\"Veranstaltungen\"],\"inLanguage\":\"de\"},{\"@type\":\"WebPage\",\"@id\":\"https:\\\/\\\/www.kirche-hettenhausen.de\\\/site\\\/2026\\\/01\\\/abschied-und-neubeginn\\\/\",\"url\":\"https:\\\/\\\/www.kirche-hettenhausen.de\\\/site\\\/2026\\\/01\\\/abschied-und-neubeginn\\\/\",\"name\":\"Abschied und Neubeginn - Ev.-luth. Kirchengemeinde Hettenhausen - Dalherda\",\"isPartOf\":{\"@id\":\"https:\\\/\\\/www.kirche-hettenhausen.de\\\/site\\\/#website\"},\"primaryImageOfPage\":{\"@id\":\"https:\\\/\\\/www.kirche-hettenhausen.de\\\/site\\\/2026\\\/01\\\/abschied-und-neubeginn\\\/#primaryimage\"},\"image\":{\"@id\":\"https:\\\/\\\/www.kirche-hettenhausen.de\\\/site\\\/2026\\\/01\\\/abschied-und-neubeginn\\\/#primaryimage\"},\"thumbnailUrl\":\"https:\\\/\\\/www.kirche-hettenhausen.de\\\/site\\\/wp-content\\\/uploads\\\/2026\\\/01\\\/Kirchenvorstand-2025_1.jpg\",\"datePublished\":\"2026-01-25T11:41:07+00:00\",\"dateModified\":\"2026-02-09T23:50:07+00:00\",\"author\":{\"@id\":\"https:\\\/\\\/www.kirche-hettenhausen.de\\\/site\\\/#\\\/schema\\\/person\\\/7740d89d8f816da861ece2b378a21c57\"},\"description\":\"Ev.-luth. Kirchengemeinde Hettenhausen - Dalherda - Abschied und Neubeginn -\",\"breadcrumb\":{\"@id\":\"https:\\\/\\\/www.kirche-hettenhausen.de\\\/site\\\/2026\\\/01\\\/abschied-und-neubeginn\\\/#breadcrumb\"},\"inLanguage\":\"de\",\"potentialAction\":[{\"@type\":\"ReadAction\",\"target\":[\"https:\\\/\\\/www.kirche-hettenhausen.de\\\/site\\\/2026\\\/01\\\/abschied-und-neubeginn\\\/\"]}]},{\"@type\":\"ImageObject\",\"inLanguage\":\"de\",\"@id\":\"https:\\\/\\\/www.kirche-hettenhausen.de\\\/site\\\/2026\\\/01\\\/abschied-und-neubeginn\\\/#primaryimage\",\"url\":\"https:\\\/\\\/www.kirche-hettenhausen.de\\\/site\\\/wp-content\\\/uploads\\\/2026\\\/01\\\/Kirchenvorstand-2025_1.jpg\",\"contentUrl\":\"https:\\\/\\\/www.kirche-hettenhausen.de\\\/site\\\/wp-content\\\/uploads\\\/2026\\\/01\\\/Kirchenvorstand-2025_1.jpg\",\"width\":800,\"height\":450,\"caption\":\"Einf\u00fchrung und Verabschiedung KV 2025\"},{\"@type\":\"BreadcrumbList\",\"@id\":\"https:\\\/\\\/www.kirche-hettenhausen.de\\\/site\\\/2026\\\/01\\\/abschied-und-neubeginn\\\/#breadcrumb\",\"itemListElement\":[{\"@type\":\"ListItem\",\"position\":1,\"name\":\"Startseite\",\"item\":\"https:\\\/\\\/www.kirche-hettenhausen.de\\\/site\\\/\"},{\"@type\":\"ListItem\",\"position\":2,\"name\":\"Abschied und Neubeginn\"}]},{\"@type\":\"WebSite\",\"@id\":\"https:\\\/\\\/www.kirche-hettenhausen.de\\\/site\\\/#website\",\"url\":\"https:\\\/\\\/www.kirche-hettenhausen.de\\\/site\\\/\",\"name\":\"Ev.-luth. Kirchengemeinde Hettenhausen - Dalherda\",\"description\":\"Homepage der Ev.-luth. Kirchengemeinde Hettenhausen - Dalherda\",\"potentialAction\":[{\"@type\":\"SearchAction\",\"target\":{\"@type\":\"EntryPoint\",\"urlTemplate\":\"https:\\\/\\\/www.kirche-hettenhausen.de\\\/site\\\/?s={search_term_string}\"},\"query-input\":{\"@type\":\"PropertyValueSpecification\",\"valueRequired\":true,\"valueName\":\"search_term_string\"}}],\"inLanguage\":\"de\"},{\"@type\":\"Person\",\"@id\":\"https:\\\/\\\/www.kirche-hettenhausen.de\\\/site\\\/#\\\/schema\\\/person\\\/7740d89d8f816da861ece2b378a21c57\",\"name\":\"Marion Friedrich\",\"url\":\"https:\\\/\\\/www.kirche-hettenhausen.de\\\/site\\\/author\\\/m-friedrichkirche-hettenhausen-de\\\/\"}]}<\/script>\n<!-- \/ Yoast SEO plugin. -->","yoast_head_json":{"title":"Abschied und Neubeginn - Ev.-luth. Kirchengemeinde Hettenhausen - Dalherda","description":"Ev.-luth. Kirchengemeinde Hettenhausen - Dalherda - Abschied und Neubeginn -","robots":{"index":"index","follow":"follow","max-snippet":"max-snippet:-1","max-image-preview":"max-image-preview:large","max-video-preview":"max-video-preview:-1"},"canonical":"https:\/\/www.kirche-hettenhausen.de\/site\/2026\/01\/abschied-und-neubeginn\/","og_locale":"de_DE","og_type":"article","og_title":"Abschied und Neubeginn - Ev.-luth. Kirchengemeinde Hettenhausen - Dalherda","og_description":"Ev.-luth. Kirchengemeinde Hettenhausen - Dalherda - Abschied und Neubeginn -","og_url":"https:\/\/www.kirche-hettenhausen.de\/site\/2026\/01\/abschied-und-neubeginn\/","og_site_name":"Ev.-luth. Kirchengemeinde Hettenhausen - Dalherda","article_published_time":"2026-01-25T11:41:07+00:00","article_modified_time":"2026-02-09T23:50:07+00:00","og_image":[{"width":800,"height":450,"url":"https:\/\/www.kirche-hettenhausen.de\/site\/wp-content\/uploads\/2026\/01\/Kirchenvorstand-2025_1.jpg","type":"image\/jpeg"}],"author":"Marion Friedrich","twitter_card":"summary_large_image","twitter_misc":{"Verfasst von":"Marion Friedrich","Gesch\u00e4tzte Lesezeit":"5\u00a0Minuten"},"schema":{"@context":"https:\/\/schema.org","@graph":[{"@type":"Article","@id":"https:\/\/www.kirche-hettenhausen.de\/site\/2026\/01\/abschied-und-neubeginn\/#article","isPartOf":{"@id":"https:\/\/www.kirche-hettenhausen.de\/site\/2026\/01\/abschied-und-neubeginn\/"},"author":{"name":"Marion Friedrich","@id":"https:\/\/www.kirche-hettenhausen.de\/site\/#\/schema\/person\/7740d89d8f816da861ece2b378a21c57"},"headline":"Abschied und Neubeginn","datePublished":"2026-01-25T11:41:07+00:00","dateModified":"2026-02-09T23:50:07+00:00","mainEntityOfPage":{"@id":"https:\/\/www.kirche-hettenhausen.de\/site\/2026\/01\/abschied-und-neubeginn\/"},"wordCount":849,"image":{"@id":"https:\/\/www.kirche-hettenhausen.de\/site\/2026\/01\/abschied-und-neubeginn\/#primaryimage"},"thumbnailUrl":"https:\/\/www.kirche-hettenhausen.de\/site\/wp-content\/uploads\/2026\/01\/Kirchenvorstand-2025_1.jpg","keywords":["Advent","Bisch\u00f6fin","Dalherda","Gottesdienst","Hettenhausen","Kirchenvorstand","Konfirmanden","Landeskirche","Pfarrer","Pfarrkirche St. Georg","Poppenhausen","Veranstaltungen"],"articleSection":["Dalherda","Feier-\/Festtage","Gottesdienst","Hettenhausen","Kirche St. Georg","Kirchenvorstand","Landeskirche","Poppenhausen","Veranstaltungen"],"inLanguage":"de"},{"@type":"WebPage","@id":"https:\/\/www.kirche-hettenhausen.de\/site\/2026\/01\/abschied-und-neubeginn\/","url":"https:\/\/www.kirche-hettenhausen.de\/site\/2026\/01\/abschied-und-neubeginn\/","name":"Abschied und Neubeginn - Ev.-luth. Kirchengemeinde Hettenhausen - Dalherda","isPartOf":{"@id":"https:\/\/www.kirche-hettenhausen.de\/site\/#website"},"primaryImageOfPage":{"@id":"https:\/\/www.kirche-hettenhausen.de\/site\/2026\/01\/abschied-und-neubeginn\/#primaryimage"},"image":{"@id":"https:\/\/www.kirche-hettenhausen.de\/site\/2026\/01\/abschied-und-neubeginn\/#primaryimage"},"thumbnailUrl":"https:\/\/www.kirche-hettenhausen.de\/site\/wp-content\/uploads\/2026\/01\/Kirchenvorstand-2025_1.jpg","datePublished":"2026-01-25T11:41:07+00:00","dateModified":"2026-02-09T23:50:07+00:00","author":{"@id":"https:\/\/www.kirche-hettenhausen.de\/site\/#\/schema\/person\/7740d89d8f816da861ece2b378a21c57"},"description":"Ev.-luth. Kirchengemeinde Hettenhausen - Dalherda - Abschied und Neubeginn -","breadcrumb":{"@id":"https:\/\/www.kirche-hettenhausen.de\/site\/2026\/01\/abschied-und-neubeginn\/#breadcrumb"},"inLanguage":"de","potentialAction":[{"@type":"ReadAction","target":["https:\/\/www.kirche-hettenhausen.de\/site\/2026\/01\/abschied-und-neubeginn\/"]}]},{"@type":"ImageObject","inLanguage":"de","@id":"https:\/\/www.kirche-hettenhausen.de\/site\/2026\/01\/abschied-und-neubeginn\/#primaryimage","url":"https:\/\/www.kirche-hettenhausen.de\/site\/wp-content\/uploads\/2026\/01\/Kirchenvorstand-2025_1.jpg","contentUrl":"https:\/\/www.kirche-hettenhausen.de\/site\/wp-content\/uploads\/2026\/01\/Kirchenvorstand-2025_1.jpg","width":800,"height":450,"caption":"Einf\u00fchrung und Verabschiedung KV 2025"},{"@type":"BreadcrumbList","@id":"https:\/\/www.kirche-hettenhausen.de\/site\/2026\/01\/abschied-und-neubeginn\/#breadcrumb","itemListElement":[{"@type":"ListItem","position":1,"name":"Startseite","item":"https:\/\/www.kirche-hettenhausen.de\/site\/"},{"@type":"ListItem","position":2,"name":"Abschied und Neubeginn"}]},{"@type":"WebSite","@id":"https:\/\/www.kirche-hettenhausen.de\/site\/#website","url":"https:\/\/www.kirche-hettenhausen.de\/site\/","name":"Ev.-luth. Kirchengemeinde Hettenhausen - Dalherda","description":"Homepage der Ev.-luth. Kirchengemeinde Hettenhausen - Dalherda","potentialAction":[{"@type":"SearchAction","target":{"@type":"EntryPoint","urlTemplate":"https:\/\/www.kirche-hettenhausen.de\/site\/?s={search_term_string}"},"query-input":{"@type":"PropertyValueSpecification","valueRequired":true,"valueName":"search_term_string"}}],"inLanguage":"de"},{"@type":"Person","@id":"https:\/\/www.kirche-hettenhausen.de\/site\/#\/schema\/person\/7740d89d8f816da861ece2b378a21c57","name":"Marion Friedrich","url":"https:\/\/www.kirche-hettenhausen.de\/site\/author\/m-friedrichkirche-hettenhausen-de\/"}]}},"_links":{"self":[{"href":"https:\/\/www.kirche-hettenhausen.de\/site\/wp-json\/wp\/v2\/posts\/17195","targetHints":{"allow":["GET"]}}],"collection":[{"href":"https:\/\/www.kirche-hettenhausen.de\/site\/wp-json\/wp\/v2\/posts"}],"about":[{"href":"https:\/\/www.kirche-hettenhausen.de\/site\/wp-json\/wp\/v2\/types\/post"}],"author":[{"embeddable":true,"href":"https:\/\/www.kirche-hettenhausen.de\/site\/wp-json\/wp\/v2\/users\/2"}],"replies":[{"embeddable":true,"href":"https:\/\/www.kirche-hettenhausen.de\/site\/wp-json\/wp\/v2\/comments?post=17195"}],"version-history":[{"count":27,"href":"https:\/\/www.kirche-hettenhausen.de\/site\/wp-json\/wp\/v2\/posts\/17195\/revisions"}],"predecessor-version":[{"id":17222,"href":"https:\/\/www.kirche-hettenhausen.de\/site\/wp-json\/wp\/v2\/posts\/17195\/revisions\/17222"}],"wp:featuredmedia":[{"embeddable":true,"href":"https:\/\/www.kirche-hettenhausen.de\/site\/wp-json\/wp\/v2\/media\/17190"}],"wp:attachment":[{"href":"https:\/\/www.kirche-hettenhausen.de\/site\/wp-json\/wp\/v2\/media?parent=17195"}],"wp:term":[{"taxonomy":"category","embeddable":true,"href":"https:\/\/www.kirche-hettenhausen.de\/site\/wp-json\/wp\/v2\/categories?post=17195"},{"taxonomy":"post_tag","embeddable":true,"href":"https:\/\/www.kirche-hettenhausen.de\/site\/wp-json\/wp\/v2\/tags?post=17195"}],"curies":[{"name":"wp","href":"https:\/\/api.w.org\/{rel}","templated":true}]}}