{"id":15958,"date":"2025-04-08T23:00:03","date_gmt":"2025-04-08T21:00:03","guid":{"rendered":"https:\/\/kirche-hettenhausen.de\/site\/?p=15958"},"modified":"2025-04-26T15:21:15","modified_gmt":"2025-04-26T13:21:15","slug":"starke-gemeinschaft","status":"publish","type":"post","link":"https:\/\/www.kirche-hettenhausen.de\/site\/2025\/04\/starke-gemeinschaft\/","title":{"rendered":"starke gemeinschaft"},"content":{"rendered":"<h3><span style=\"color: #db1385;\">Informationsabend zur Kirchenvorstandswahl<\/span><\/h3>\n<p style=\"text-align: left;\"><strong>23. April 2025 | 19:00 Uhr | Martin-Luther-Haus Hettenhausen | Gemeindehaus Dalherda<\/strong><\/p>\n<p><!--more--><\/p>\n<p>Am 26. Oktober 2025 sind in der Evangelischen Kirche von Kurhessen-Waldeck (EKKW) Kirchenvorstandswahlen.<\/p>\n<p>Die Planungen haben begonnen.<\/p>\n<p>F\u00fcr die <strong>n\u00e4chste Wahlperiode (2025 &#8211; 2031)<\/strong> brauchen wir wieder Frauen und M\u00e4nner, die Verantwortung \u00fcbernehmen, ihre pers\u00f6nlichen und beruflichen Erfahrungen einbringen, die aber auch Freude daran haben, sich in neue Themen einzuarbeiten.<\/p>\n<p>Wichtig ist es uns, den Gemeindegliedern eine echte Wahl zu geben und eine m\u00f6glichst umfangreiche <strong>Kandidatenliste<\/strong> aufzustellen. Gew\u00e4hlt werden k\u00f6nnen evangelische Gemeindeglieder, die vollj\u00e4hrig sind. Zu den gew\u00e4hlten Mitgliedern k\u00f6nnen dann noch weitere durch eine <strong>Berufung<\/strong> dazukommen.<\/p>\n<p>Kennen Sie Menschen, die Sie f\u00fcr dieses Amt geeignet halten? Haben Sie selbst Interesse und Freude an einer solchen Aufgabe? Wenden Sie sich gerne an einen der aktuellen Kirchenvorsteher oder an das Pfarramt und geben Ihre <strong>Vorschl\u00e4ge<\/strong> weiter.<\/p>\n<p>Am <strong>23. April<\/strong> finden um <strong>19 Uhr <\/strong><strong>im Martin-Luther-Haus Hettenhausen und im Gemeindehaus Dalherda <\/strong>parallel<strong> Informationsabende<\/strong> statt. Wer sich f\u00fcr Fragen rund um die Wahl, die Kandidatur oder die Arbeit im Kirchenvorstand interessiert, kann auch dort mit uns ins Gespr\u00e4ch kommen. Herzliche Einladung!<\/p>\n<p><strong><a href=\"https:\/\/www.kirche-hettenhausen.de\/site\/2025\/02\/setze-zeichen\/\" target=\"_blank\" rel=\"noopener\">Setze Zeichen!<\/a><\/strong><\/p>\n<p><strong><a href=\"http:\/\/www.zeichensetzen2025.de\" target=\"_blank\" rel=\"noopener\">www.zeichensetzen2025.de<\/a><\/strong><\/p>\n<p>&nbsp;<\/p>\n<p>&nbsp;<\/p>\n","protected":false},"excerpt":{"rendered":"<p>Informationsabend zur Kirchenvorstandswahl 23. April 2025 | 19:00 Uhr | Martin-Luther-Haus Hettenhausen | Gemeindehaus Dalherda<\/p>\n","protected":false},"author":2,"featured_media":15784,"comment_status":"closed","ping_status":"closed","sticky":false,"template":"","format":"standard","meta":{"footnotes":""},"categories":[104,129,76,97,21,105,25],"tags":[102,188,128,77,98,37,103,39],"class_list":["post-15958","post","type-post","status-publish","format-standard","has-post-thumbnail","hentry","category-dalherda","category-hettenhausen","category-kirchenvorstand","category-landeskirche","category-martin-luther-haus","category-poppenhausen","category-veranstaltungen","tag-dalherda","tag-gemeindehaus-dalherda","tag-hettenhausen","tag-kirchenvorstand","tag-landeskirche","tag-martin-luther-haus","tag-poppenhausen","tag-veranstaltungen"],"yoast_head":"<!-- This site is optimized with the Yoast SEO plugin v27.4 - https:\/\/yoast.com\/product\/yoast-seo-wordpress\/ -->\n<title>starke gemeinschaft - Ev.-luth. Kirchengemeinde Hettenhausen - Dalherda<\/title>\n<meta name=\"description\" content=\"Ev.-luth. Kirchengemeinde Hettenhausen - Dalherda - Kirchenvorstand - starke gemeinschaft -\" \/>\n<meta name=\"robots\" content=\"index, follow, max-snippet:-1, max-image-preview:large, max-video-preview:-1\" \/>\n<link rel=\"canonical\" href=\"https:\/\/www.kirche-hettenhausen.de\/site\/2025\/04\/starke-gemeinschaft\/\" \/>\n<meta property=\"og:locale\" content=\"de_DE\" \/>\n<meta property=\"og:type\" content=\"article\" \/>\n<meta property=\"og:title\" content=\"starke gemeinschaft - Ev.-luth. Kirchengemeinde Hettenhausen - Dalherda\" \/>\n<meta property=\"og:description\" content=\"Ev.-luth. Kirchengemeinde Hettenhausen - Dalherda - Kirchenvorstand - starke gemeinschaft -\" \/>\n<meta property=\"og:url\" content=\"https:\/\/www.kirche-hettenhausen.de\/site\/2025\/04\/starke-gemeinschaft\/\" \/>\n<meta property=\"og:site_name\" content=\"Ev.-luth. Kirchengemeinde Hettenhausen - Dalherda\" \/>\n<meta property=\"article:published_time\" content=\"2025-04-08T21:00:03+00:00\" \/>\n<meta property=\"article:modified_time\" content=\"2025-04-26T13:21:15+00:00\" \/>\n<meta property=\"og:image\" content=\"https:\/\/www.kirche-hettenhausen.de\/site\/wp-content\/uploads\/2025\/01\/2103_header_gemeinschaft_cmyk_1.jpg\" \/>\n\t<meta property=\"og:image:width\" content=\"1000\" \/>\n\t<meta property=\"og:image:height\" content=\"380\" \/>\n\t<meta property=\"og:image:type\" content=\"image\/jpeg\" \/>\n<meta name=\"author\" content=\"Marion Friedrich\" \/>\n<meta name=\"twitter:card\" content=\"summary_large_image\" \/>\n<meta name=\"twitter:label1\" content=\"Verfasst von\" \/>\n\t<meta name=\"twitter:data1\" content=\"Marion Friedrich\" \/>\n\t<meta name=\"twitter:label2\" content=\"Gesch\u00e4tzte Lesezeit\" \/>\n\t<meta name=\"twitter:data2\" content=\"2\u00a0Minuten\" \/>\n<script type=\"application\/ld+json\" class=\"yoast-schema-graph\">{\"@context\":\"https:\\\/\\\/schema.org\",\"@graph\":[{\"@type\":\"Article\",\"@id\":\"https:\\\/\\\/www.kirche-hettenhausen.de\\\/site\\\/2025\\\/04\\\/starke-gemeinschaft\\\/#article\",\"isPartOf\":{\"@id\":\"https:\\\/\\\/www.kirche-hettenhausen.de\\\/site\\\/2025\\\/04\\\/starke-gemeinschaft\\\/\"},\"author\":{\"name\":\"Marion Friedrich\",\"@id\":\"https:\\\/\\\/www.kirche-hettenhausen.de\\\/site\\\/#\\\/schema\\\/person\\\/7740d89d8f816da861ece2b378a21c57\"},\"headline\":\"starke gemeinschaft\",\"datePublished\":\"2025-04-08T21:00:03+00:00\",\"dateModified\":\"2025-04-26T13:21:15+00:00\",\"mainEntityOfPage\":{\"@id\":\"https:\\\/\\\/www.kirche-hettenhausen.de\\\/site\\\/2025\\\/04\\\/starke-gemeinschaft\\\/\"},\"wordCount\":194,\"image\":{\"@id\":\"https:\\\/\\\/www.kirche-hettenhausen.de\\\/site\\\/2025\\\/04\\\/starke-gemeinschaft\\\/#primaryimage\"},\"thumbnailUrl\":\"https:\\\/\\\/www.kirche-hettenhausen.de\\\/site\\\/wp-content\\\/uploads\\\/2025\\\/01\\\/2103_header_gemeinschaft_cmyk_1.jpg\",\"keywords\":[\"Dalherda\",\"Gemeindehaus Dalherda\",\"Hettenhausen\",\"Kirchenvorstand\",\"Landeskirche\",\"Martin-Luther-Haus\",\"Poppenhausen\",\"Veranstaltungen\"],\"articleSection\":[\"Dalherda\",\"Hettenhausen\",\"Kirchenvorstand\",\"Landeskirche\",\"Martin-Luther-Haus\",\"Poppenhausen\",\"Veranstaltungen\"],\"inLanguage\":\"de\"},{\"@type\":\"WebPage\",\"@id\":\"https:\\\/\\\/www.kirche-hettenhausen.de\\\/site\\\/2025\\\/04\\\/starke-gemeinschaft\\\/\",\"url\":\"https:\\\/\\\/www.kirche-hettenhausen.de\\\/site\\\/2025\\\/04\\\/starke-gemeinschaft\\\/\",\"name\":\"starke gemeinschaft - Ev.-luth. Kirchengemeinde Hettenhausen - Dalherda\",\"isPartOf\":{\"@id\":\"https:\\\/\\\/www.kirche-hettenhausen.de\\\/site\\\/#website\"},\"primaryImageOfPage\":{\"@id\":\"https:\\\/\\\/www.kirche-hettenhausen.de\\\/site\\\/2025\\\/04\\\/starke-gemeinschaft\\\/#primaryimage\"},\"image\":{\"@id\":\"https:\\\/\\\/www.kirche-hettenhausen.de\\\/site\\\/2025\\\/04\\\/starke-gemeinschaft\\\/#primaryimage\"},\"thumbnailUrl\":\"https:\\\/\\\/www.kirche-hettenhausen.de\\\/site\\\/wp-content\\\/uploads\\\/2025\\\/01\\\/2103_header_gemeinschaft_cmyk_1.jpg\",\"datePublished\":\"2025-04-08T21:00:03+00:00\",\"dateModified\":\"2025-04-26T13:21:15+00:00\",\"author\":{\"@id\":\"https:\\\/\\\/www.kirche-hettenhausen.de\\\/site\\\/#\\\/schema\\\/person\\\/7740d89d8f816da861ece2b378a21c57\"},\"description\":\"Ev.-luth. Kirchengemeinde Hettenhausen - Dalherda - Kirchenvorstand - starke gemeinschaft -\",\"breadcrumb\":{\"@id\":\"https:\\\/\\\/www.kirche-hettenhausen.de\\\/site\\\/2025\\\/04\\\/starke-gemeinschaft\\\/#breadcrumb\"},\"inLanguage\":\"de\",\"potentialAction\":[{\"@type\":\"ReadAction\",\"target\":[\"https:\\\/\\\/www.kirche-hettenhausen.de\\\/site\\\/2025\\\/04\\\/starke-gemeinschaft\\\/\"]}]},{\"@type\":\"ImageObject\",\"inLanguage\":\"de\",\"@id\":\"https:\\\/\\\/www.kirche-hettenhausen.de\\\/site\\\/2025\\\/04\\\/starke-gemeinschaft\\\/#primaryimage\",\"url\":\"https:\\\/\\\/www.kirche-hettenhausen.de\\\/site\\\/wp-content\\\/uploads\\\/2025\\\/01\\\/2103_header_gemeinschaft_cmyk_1.jpg\",\"contentUrl\":\"https:\\\/\\\/www.kirche-hettenhausen.de\\\/site\\\/wp-content\\\/uploads\\\/2025\\\/01\\\/2103_header_gemeinschaft_cmyk_1.jpg\",\"width\":1000,\"height\":380,\"caption\":\"KV-Wahl 2025\"},{\"@type\":\"BreadcrumbList\",\"@id\":\"https:\\\/\\\/www.kirche-hettenhausen.de\\\/site\\\/2025\\\/04\\\/starke-gemeinschaft\\\/#breadcrumb\",\"itemListElement\":[{\"@type\":\"ListItem\",\"position\":1,\"name\":\"Startseite\",\"item\":\"https:\\\/\\\/www.kirche-hettenhausen.de\\\/site\\\/\"},{\"@type\":\"ListItem\",\"position\":2,\"name\":\"starke gemeinschaft\"}]},{\"@type\":\"WebSite\",\"@id\":\"https:\\\/\\\/www.kirche-hettenhausen.de\\\/site\\\/#website\",\"url\":\"https:\\\/\\\/www.kirche-hettenhausen.de\\\/site\\\/\",\"name\":\"Ev.-luth. Kirchengemeinde Hettenhausen - Dalherda\",\"description\":\"Homepage der Ev.-luth. Kirchengemeinde Hettenhausen - Dalherda\",\"potentialAction\":[{\"@type\":\"SearchAction\",\"target\":{\"@type\":\"EntryPoint\",\"urlTemplate\":\"https:\\\/\\\/www.kirche-hettenhausen.de\\\/site\\\/?s={search_term_string}\"},\"query-input\":{\"@type\":\"PropertyValueSpecification\",\"valueRequired\":true,\"valueName\":\"search_term_string\"}}],\"inLanguage\":\"de\"},{\"@type\":\"Person\",\"@id\":\"https:\\\/\\\/www.kirche-hettenhausen.de\\\/site\\\/#\\\/schema\\\/person\\\/7740d89d8f816da861ece2b378a21c57\",\"name\":\"Marion Friedrich\",\"url\":\"https:\\\/\\\/www.kirche-hettenhausen.de\\\/site\\\/author\\\/m-friedrichkirche-hettenhausen-de\\\/\"}]}<\/script>\n<!-- \/ Yoast SEO plugin. -->","yoast_head_json":{"title":"starke gemeinschaft - Ev.-luth. Kirchengemeinde Hettenhausen - Dalherda","description":"Ev.-luth. Kirchengemeinde Hettenhausen - Dalherda - Kirchenvorstand - starke gemeinschaft -","robots":{"index":"index","follow":"follow","max-snippet":"max-snippet:-1","max-image-preview":"max-image-preview:large","max-video-preview":"max-video-preview:-1"},"canonical":"https:\/\/www.kirche-hettenhausen.de\/site\/2025\/04\/starke-gemeinschaft\/","og_locale":"de_DE","og_type":"article","og_title":"starke gemeinschaft - Ev.-luth. Kirchengemeinde Hettenhausen - Dalherda","og_description":"Ev.-luth. Kirchengemeinde Hettenhausen - Dalherda - Kirchenvorstand - starke gemeinschaft -","og_url":"https:\/\/www.kirche-hettenhausen.de\/site\/2025\/04\/starke-gemeinschaft\/","og_site_name":"Ev.-luth. Kirchengemeinde Hettenhausen - Dalherda","article_published_time":"2025-04-08T21:00:03+00:00","article_modified_time":"2025-04-26T13:21:15+00:00","og_image":[{"width":1000,"height":380,"url":"https:\/\/www.kirche-hettenhausen.de\/site\/wp-content\/uploads\/2025\/01\/2103_header_gemeinschaft_cmyk_1.jpg","type":"image\/jpeg"}],"author":"Marion Friedrich","twitter_card":"summary_large_image","twitter_misc":{"Verfasst von":"Marion Friedrich","Gesch\u00e4tzte Lesezeit":"2\u00a0Minuten"},"schema":{"@context":"https:\/\/schema.org","@graph":[{"@type":"Article","@id":"https:\/\/www.kirche-hettenhausen.de\/site\/2025\/04\/starke-gemeinschaft\/#article","isPartOf":{"@id":"https:\/\/www.kirche-hettenhausen.de\/site\/2025\/04\/starke-gemeinschaft\/"},"author":{"name":"Marion Friedrich","@id":"https:\/\/www.kirche-hettenhausen.de\/site\/#\/schema\/person\/7740d89d8f816da861ece2b378a21c57"},"headline":"starke gemeinschaft","datePublished":"2025-04-08T21:00:03+00:00","dateModified":"2025-04-26T13:21:15+00:00","mainEntityOfPage":{"@id":"https:\/\/www.kirche-hettenhausen.de\/site\/2025\/04\/starke-gemeinschaft\/"},"wordCount":194,"image":{"@id":"https:\/\/www.kirche-hettenhausen.de\/site\/2025\/04\/starke-gemeinschaft\/#primaryimage"},"thumbnailUrl":"https:\/\/www.kirche-hettenhausen.de\/site\/wp-content\/uploads\/2025\/01\/2103_header_gemeinschaft_cmyk_1.jpg","keywords":["Dalherda","Gemeindehaus Dalherda","Hettenhausen","Kirchenvorstand","Landeskirche","Martin-Luther-Haus","Poppenhausen","Veranstaltungen"],"articleSection":["Dalherda","Hettenhausen","Kirchenvorstand","Landeskirche","Martin-Luther-Haus","Poppenhausen","Veranstaltungen"],"inLanguage":"de"},{"@type":"WebPage","@id":"https:\/\/www.kirche-hettenhausen.de\/site\/2025\/04\/starke-gemeinschaft\/","url":"https:\/\/www.kirche-hettenhausen.de\/site\/2025\/04\/starke-gemeinschaft\/","name":"starke gemeinschaft - Ev.-luth. Kirchengemeinde Hettenhausen - Dalherda","isPartOf":{"@id":"https:\/\/www.kirche-hettenhausen.de\/site\/#website"},"primaryImageOfPage":{"@id":"https:\/\/www.kirche-hettenhausen.de\/site\/2025\/04\/starke-gemeinschaft\/#primaryimage"},"image":{"@id":"https:\/\/www.kirche-hettenhausen.de\/site\/2025\/04\/starke-gemeinschaft\/#primaryimage"},"thumbnailUrl":"https:\/\/www.kirche-hettenhausen.de\/site\/wp-content\/uploads\/2025\/01\/2103_header_gemeinschaft_cmyk_1.jpg","datePublished":"2025-04-08T21:00:03+00:00","dateModified":"2025-04-26T13:21:15+00:00","author":{"@id":"https:\/\/www.kirche-hettenhausen.de\/site\/#\/schema\/person\/7740d89d8f816da861ece2b378a21c57"},"description":"Ev.-luth. Kirchengemeinde Hettenhausen - Dalherda - Kirchenvorstand - starke gemeinschaft -","breadcrumb":{"@id":"https:\/\/www.kirche-hettenhausen.de\/site\/2025\/04\/starke-gemeinschaft\/#breadcrumb"},"inLanguage":"de","potentialAction":[{"@type":"ReadAction","target":["https:\/\/www.kirche-hettenhausen.de\/site\/2025\/04\/starke-gemeinschaft\/"]}]},{"@type":"ImageObject","inLanguage":"de","@id":"https:\/\/www.kirche-hettenhausen.de\/site\/2025\/04\/starke-gemeinschaft\/#primaryimage","url":"https:\/\/www.kirche-hettenhausen.de\/site\/wp-content\/uploads\/2025\/01\/2103_header_gemeinschaft_cmyk_1.jpg","contentUrl":"https:\/\/www.kirche-hettenhausen.de\/site\/wp-content\/uploads\/2025\/01\/2103_header_gemeinschaft_cmyk_1.jpg","width":1000,"height":380,"caption":"KV-Wahl 2025"},{"@type":"BreadcrumbList","@id":"https:\/\/www.kirche-hettenhausen.de\/site\/2025\/04\/starke-gemeinschaft\/#breadcrumb","itemListElement":[{"@type":"ListItem","position":1,"name":"Startseite","item":"https:\/\/www.kirche-hettenhausen.de\/site\/"},{"@type":"ListItem","position":2,"name":"starke gemeinschaft"}]},{"@type":"WebSite","@id":"https:\/\/www.kirche-hettenhausen.de\/site\/#website","url":"https:\/\/www.kirche-hettenhausen.de\/site\/","name":"Ev.-luth. Kirchengemeinde Hettenhausen - Dalherda","description":"Homepage der Ev.-luth. Kirchengemeinde Hettenhausen - Dalherda","potentialAction":[{"@type":"SearchAction","target":{"@type":"EntryPoint","urlTemplate":"https:\/\/www.kirche-hettenhausen.de\/site\/?s={search_term_string}"},"query-input":{"@type":"PropertyValueSpecification","valueRequired":true,"valueName":"search_term_string"}}],"inLanguage":"de"},{"@type":"Person","@id":"https:\/\/www.kirche-hettenhausen.de\/site\/#\/schema\/person\/7740d89d8f816da861ece2b378a21c57","name":"Marion Friedrich","url":"https:\/\/www.kirche-hettenhausen.de\/site\/author\/m-friedrichkirche-hettenhausen-de\/"}]}},"_links":{"self":[{"href":"https:\/\/www.kirche-hettenhausen.de\/site\/wp-json\/wp\/v2\/posts\/15958","targetHints":{"allow":["GET"]}}],"collection":[{"href":"https:\/\/www.kirche-hettenhausen.de\/site\/wp-json\/wp\/v2\/posts"}],"about":[{"href":"https:\/\/www.kirche-hettenhausen.de\/site\/wp-json\/wp\/v2\/types\/post"}],"author":[{"embeddable":true,"href":"https:\/\/www.kirche-hettenhausen.de\/site\/wp-json\/wp\/v2\/users\/2"}],"replies":[{"embeddable":true,"href":"https:\/\/www.kirche-hettenhausen.de\/site\/wp-json\/wp\/v2\/comments?post=15958"}],"version-history":[{"count":1,"href":"https:\/\/www.kirche-hettenhausen.de\/site\/wp-json\/wp\/v2\/posts\/15958\/revisions"}],"predecessor-version":[{"id":15959,"href":"https:\/\/www.kirche-hettenhausen.de\/site\/wp-json\/wp\/v2\/posts\/15958\/revisions\/15959"}],"wp:featuredmedia":[{"embeddable":true,"href":"https:\/\/www.kirche-hettenhausen.de\/site\/wp-json\/wp\/v2\/media\/15784"}],"wp:attachment":[{"href":"https:\/\/www.kirche-hettenhausen.de\/site\/wp-json\/wp\/v2\/media?parent=15958"}],"wp:term":[{"taxonomy":"category","embeddable":true,"href":"https:\/\/www.kirche-hettenhausen.de\/site\/wp-json\/wp\/v2\/categories?post=15958"},{"taxonomy":"post_tag","embeddable":true,"href":"https:\/\/www.kirche-hettenhausen.de\/site\/wp-json\/wp\/v2\/tags?post=15958"}],"curies":[{"name":"wp","href":"https:\/\/api.w.org\/{rel}","templated":true}]}}