{"id":15785,"date":"2025-05-09T10:15:00","date_gmt":"2025-05-09T08:15:00","guid":{"rendered":"https:\/\/kirche-hettenhausen.de\/site\/?p=15785"},"modified":"2025-05-09T10:34:01","modified_gmt":"2025-05-09T08:34:01","slug":"setze-zeichen","status":"publish","type":"post","link":"https:\/\/www.kirche-hettenhausen.de\/site\/2025\/05\/setze-zeichen\/","title":{"rendered":"Setze Zeichen!"},"content":{"rendered":"<h3><span style=\"color: #db1385;\">\u00a0\u27a1\u00a0 Setze Zeichen \u2013 mach mit im Kirchenvorstand<\/span><\/h3>\n<p>Am 26. Oktober 2025 werden in der Evangelischen Kirche von Kurhessen-Waldeck neue Kirchenvorst\u00e4nde gew\u00e4hlt. <strong>Auch in unserer Kirchengemeinde werden Frauen und M\u00e4nner gesucht, die sich engagieren!<\/strong><\/p>\n<p>Wichtig ist es uns, den Gemeindegliedern eine echte Wahl zu geben und eine m\u00f6glichst umfangreiche <strong>Kandidatenliste<\/strong> aufzustellen. Gew\u00e4hlt werden k\u00f6nnen evangelische Gemeindeglieder, die vollj\u00e4hrig sind. Zu den gew\u00e4hlten Mitgliedern k\u00f6nnen dann noch weitere durch eine Berufung dazukommen.<!--more--><\/p>\n<h3><span style=\"color: #db1385;\">\u00a0\u27a1\u00a0 Sie m\u00f6chten in der Kirche etwas bewegen, weil\u2026<\/span><\/h3>\n<p>\u00bb Ihnen Gemeinschaft am Herzen liegt<br \/>\n\u00bb Sie das Gemeindeleben aktiv mitgestalten wollen<br \/>\n\u00bb Sie kreativ sind und gute Ideen haben<br \/>\n\u00bb Sie gerne ehrenamtlich t\u00e4tig sind<br \/>\n\u00bb Sie bereit sind, Verantwortung zu \u00fcbernehmen<br \/>\n\u00bb Sie andere Menschen motivieren k\u00f6nnen<br \/>\n\u00bb Sie Ihre pers\u00f6nlichen und beruflichen Erfahrungen einbringen wollen<br \/>\n\u00bb Sie Freude daran haben, sich in neue Themen einzuarbeiten<\/p>\n<h3><span style=\"color: #db1385;\">\u00a0\u27a1\u00a0 Der Kirchenvorstand&#8230;<\/span><\/h3>\n<p>\u00bb f\u00f6rdert das Gemeindeleben<br \/>\n\u00bb ist verantwortlich f\u00fcr die Mitarbeiterinnen und Mitarbeiter<br \/>\n\u00bb verwaltet die Finanzen und Geb\u00e4ude der Kirche<br \/>\n\u00bb vertritt die Gemeinde nach au\u00dfen<br \/>\n\u00bb begleitet und gestaltet den Gottesdienst<\/p>\n<h3><span style=\"color: #db1385;\">\u00a0\u27a1\u00a0 Interessiert?<\/span><\/h3>\n<p><strong>Kennen Sie Menschen, die Sie f\u00fcr dieses Amt geeignet halten? Haben Sie selbst Interesse und Freude an einer solchen Aufgabe? <\/strong>Haben Sie weitere Fragen? Dann wenden Sie sich gerne<strong> bis Mitte Juni <\/strong>an einen der aktuellen<strong> <a href=\"https:\/\/www.kirche-hettenhausen.de\/site\/kontakt\/kirchenvorstand\/\">Kirchenvorsteher<\/a> <\/strong>oder das <strong><a href=\"https:\/\/www.kirche-hettenhausen.de\/site\/kontakt\/pfarramt\/\">Pfarramt<\/a> <\/strong>und geben Ihre<strong> Vorschl\u00e4ge <\/strong>weiter!<\/p>\n<p>&nbsp;<\/p>\n<p><strong>Was hat ein Kirchenvorstand eigentlich zu tun?\u00a0Ulrike Joachimi vom Referat Gemeindeentwicklung und Missionarische Dienste der EKKW und Beauftragte f\u00fcr die Kirchenvorstandswahl 2025, hat Antworten auf 10 Fragen:<br \/>\n<a href=\"https:\/\/www.ekkw.de\/service\/kv-wahl-2025\/kandidaten-\/-kandidatinnen-finden\/alles-umsonst-hoffentlich-nicht\" target=\"_blank\" rel=\"noopener\">EKKW Website: Alles umsonst? Hoffentlich nicht<\/a><\/strong><\/p>\n<p>&nbsp;<\/p>\n<p><a href=\"https:\/\/www.fulda-evangelisch.de\/kopie_kontakt\/kv-wahl-2025\"><img loading=\"lazy\" decoding=\"async\" class=\"alignright wp-image-15799 size-full\" src=\"https:\/\/www.kirche-hettenhausen.de\/site\/wp-content\/uploads\/2025\/01\/QR-Code-KV-Wahl.jpg\" alt=\"\" width=\"67\" height=\"70\" \/><\/a><\/p>\n<p><strong><a href=\"http:\/\/www.zeichensetzen2025.de\" target=\"_blank\" rel=\"noopener\">www.zeichensetzen2025.de<\/a><br \/>\n<\/strong><strong><a href=\"http:\/\/www.fulda-evangelisch.de\" target=\"_blank\" rel=\"noopener\">www.fulda-evangelisch.de<\/a><\/strong><\/p>\n","protected":false},"excerpt":{"rendered":"<p>\u00a0\u27a1\u00a0 Setze Zeichen \u2013 mach mit im Kirchenvorstand Am 26. Oktober 2025 werden in der Evangelischen Kirche von Kurhessen-Waldeck neue Kirchenvorst\u00e4nde gew\u00e4hlt. Auch in unserer Kirchengemeinde werden Frauen und M\u00e4nner gesucht, die sich engagieren! Wichtig ist es uns, den Gemeindegliedern eine echte Wahl zu geben und eine m\u00f6glichst umfangreiche Kandidatenliste aufzustellen. Gew\u00e4hlt werden k\u00f6nnen evangelische [&hellip;]<\/p>\n","protected":false},"author":2,"featured_media":16126,"comment_status":"closed","ping_status":"closed","sticky":false,"template":"","format":"standard","meta":{"footnotes":""},"categories":[104,129,76,97,105],"tags":[102,128,77,98,103],"class_list":["post-15785","post","type-post","status-publish","format-standard","has-post-thumbnail","hentry","category-dalherda","category-hettenhausen","category-kirchenvorstand","category-landeskirche","category-poppenhausen","tag-dalherda","tag-hettenhausen","tag-kirchenvorstand","tag-landeskirche","tag-poppenhausen"],"yoast_head":"<!-- This site is optimized with the Yoast SEO plugin v27.4 - https:\/\/yoast.com\/product\/yoast-seo-wordpress\/ -->\n<title>Setze Zeichen! - Ev.-luth. Kirchengemeinde Hettenhausen - Dalherda<\/title>\n<meta name=\"description\" content=\"Ev.-luth. Kirchengemeinde Hettenhausen - Dalherda - Kirchenvorstand - Setze Zeichen! -\" \/>\n<meta name=\"robots\" content=\"index, follow, max-snippet:-1, max-image-preview:large, max-video-preview:-1\" \/>\n<link rel=\"canonical\" href=\"https:\/\/www.kirche-hettenhausen.de\/site\/2025\/05\/setze-zeichen\/\" \/>\n<meta property=\"og:locale\" content=\"de_DE\" \/>\n<meta property=\"og:type\" content=\"article\" \/>\n<meta property=\"og:title\" content=\"Setze Zeichen! - Ev.-luth. Kirchengemeinde Hettenhausen - Dalherda\" \/>\n<meta property=\"og:description\" content=\"Ev.-luth. Kirchengemeinde Hettenhausen - Dalherda - Kirchenvorstand - Setze Zeichen! -\" \/>\n<meta property=\"og:url\" content=\"https:\/\/www.kirche-hettenhausen.de\/site\/2025\/05\/setze-zeichen\/\" \/>\n<meta property=\"og:site_name\" content=\"Ev.-luth. Kirchengemeinde Hettenhausen - Dalherda\" \/>\n<meta property=\"article:published_time\" content=\"2025-05-09T08:15:00+00:00\" \/>\n<meta property=\"article:modified_time\" content=\"2025-05-09T08:34:01+00:00\" \/>\n<meta property=\"og:image\" content=\"https:\/\/www.kirche-hettenhausen.de\/site\/wp-content\/uploads\/2025\/05\/2105_header_zukunftgestalten_cmyk-scaled.jpg\" \/>\n\t<meta property=\"og:image:width\" content=\"2560\" \/>\n\t<meta property=\"og:image:height\" content=\"974\" \/>\n\t<meta property=\"og:image:type\" content=\"image\/jpeg\" \/>\n<meta name=\"author\" content=\"Marion Friedrich\" \/>\n<meta name=\"twitter:card\" content=\"summary_large_image\" \/>\n<meta name=\"twitter:label1\" content=\"Verfasst von\" \/>\n\t<meta name=\"twitter:data1\" content=\"Marion Friedrich\" \/>\n\t<meta name=\"twitter:label2\" content=\"Gesch\u00e4tzte Lesezeit\" \/>\n\t<meta name=\"twitter:data2\" content=\"2\u00a0Minuten\" \/>\n<script type=\"application\/ld+json\" class=\"yoast-schema-graph\">{\"@context\":\"https:\\\/\\\/schema.org\",\"@graph\":[{\"@type\":\"Article\",\"@id\":\"https:\\\/\\\/www.kirche-hettenhausen.de\\\/site\\\/2025\\\/05\\\/setze-zeichen\\\/#article\",\"isPartOf\":{\"@id\":\"https:\\\/\\\/www.kirche-hettenhausen.de\\\/site\\\/2025\\\/05\\\/setze-zeichen\\\/\"},\"author\":{\"name\":\"Marion Friedrich\",\"@id\":\"https:\\\/\\\/www.kirche-hettenhausen.de\\\/site\\\/#\\\/schema\\\/person\\\/7740d89d8f816da861ece2b378a21c57\"},\"headline\":\"Setze Zeichen!\",\"datePublished\":\"2025-05-09T08:15:00+00:00\",\"dateModified\":\"2025-05-09T08:34:01+00:00\",\"mainEntityOfPage\":{\"@id\":\"https:\\\/\\\/www.kirche-hettenhausen.de\\\/site\\\/2025\\\/05\\\/setze-zeichen\\\/\"},\"wordCount\":267,\"image\":{\"@id\":\"https:\\\/\\\/www.kirche-hettenhausen.de\\\/site\\\/2025\\\/05\\\/setze-zeichen\\\/#primaryimage\"},\"thumbnailUrl\":\"https:\\\/\\\/www.kirche-hettenhausen.de\\\/site\\\/wp-content\\\/uploads\\\/2025\\\/05\\\/2105_header_zukunftgestalten_cmyk-scaled.jpg\",\"keywords\":[\"Dalherda\",\"Hettenhausen\",\"Kirchenvorstand\",\"Landeskirche\",\"Poppenhausen\"],\"articleSection\":[\"Dalherda\",\"Hettenhausen\",\"Kirchenvorstand\",\"Landeskirche\",\"Poppenhausen\"],\"inLanguage\":\"de\"},{\"@type\":\"WebPage\",\"@id\":\"https:\\\/\\\/www.kirche-hettenhausen.de\\\/site\\\/2025\\\/05\\\/setze-zeichen\\\/\",\"url\":\"https:\\\/\\\/www.kirche-hettenhausen.de\\\/site\\\/2025\\\/05\\\/setze-zeichen\\\/\",\"name\":\"Setze Zeichen! - Ev.-luth. Kirchengemeinde Hettenhausen - Dalherda\",\"isPartOf\":{\"@id\":\"https:\\\/\\\/www.kirche-hettenhausen.de\\\/site\\\/#website\"},\"primaryImageOfPage\":{\"@id\":\"https:\\\/\\\/www.kirche-hettenhausen.de\\\/site\\\/2025\\\/05\\\/setze-zeichen\\\/#primaryimage\"},\"image\":{\"@id\":\"https:\\\/\\\/www.kirche-hettenhausen.de\\\/site\\\/2025\\\/05\\\/setze-zeichen\\\/#primaryimage\"},\"thumbnailUrl\":\"https:\\\/\\\/www.kirche-hettenhausen.de\\\/site\\\/wp-content\\\/uploads\\\/2025\\\/05\\\/2105_header_zukunftgestalten_cmyk-scaled.jpg\",\"datePublished\":\"2025-05-09T08:15:00+00:00\",\"dateModified\":\"2025-05-09T08:34:01+00:00\",\"author\":{\"@id\":\"https:\\\/\\\/www.kirche-hettenhausen.de\\\/site\\\/#\\\/schema\\\/person\\\/7740d89d8f816da861ece2b378a21c57\"},\"description\":\"Ev.-luth. Kirchengemeinde Hettenhausen - Dalherda - Kirchenvorstand - Setze Zeichen! -\",\"breadcrumb\":{\"@id\":\"https:\\\/\\\/www.kirche-hettenhausen.de\\\/site\\\/2025\\\/05\\\/setze-zeichen\\\/#breadcrumb\"},\"inLanguage\":\"de\",\"potentialAction\":[{\"@type\":\"ReadAction\",\"target\":[\"https:\\\/\\\/www.kirche-hettenhausen.de\\\/site\\\/2025\\\/05\\\/setze-zeichen\\\/\"]}]},{\"@type\":\"ImageObject\",\"inLanguage\":\"de\",\"@id\":\"https:\\\/\\\/www.kirche-hettenhausen.de\\\/site\\\/2025\\\/05\\\/setze-zeichen\\\/#primaryimage\",\"url\":\"https:\\\/\\\/www.kirche-hettenhausen.de\\\/site\\\/wp-content\\\/uploads\\\/2025\\\/05\\\/2105_header_zukunftgestalten_cmyk-scaled.jpg\",\"contentUrl\":\"https:\\\/\\\/www.kirche-hettenhausen.de\\\/site\\\/wp-content\\\/uploads\\\/2025\\\/05\\\/2105_header_zukunftgestalten_cmyk-scaled.jpg\",\"width\":2560,\"height\":974},{\"@type\":\"BreadcrumbList\",\"@id\":\"https:\\\/\\\/www.kirche-hettenhausen.de\\\/site\\\/2025\\\/05\\\/setze-zeichen\\\/#breadcrumb\",\"itemListElement\":[{\"@type\":\"ListItem\",\"position\":1,\"name\":\"Startseite\",\"item\":\"https:\\\/\\\/www.kirche-hettenhausen.de\\\/site\\\/\"},{\"@type\":\"ListItem\",\"position\":2,\"name\":\"Setze Zeichen!\"}]},{\"@type\":\"WebSite\",\"@id\":\"https:\\\/\\\/www.kirche-hettenhausen.de\\\/site\\\/#website\",\"url\":\"https:\\\/\\\/www.kirche-hettenhausen.de\\\/site\\\/\",\"name\":\"Ev.-luth. Kirchengemeinde Hettenhausen - Dalherda\",\"description\":\"Homepage der Ev.-luth. Kirchengemeinde Hettenhausen - Dalherda\",\"potentialAction\":[{\"@type\":\"SearchAction\",\"target\":{\"@type\":\"EntryPoint\",\"urlTemplate\":\"https:\\\/\\\/www.kirche-hettenhausen.de\\\/site\\\/?s={search_term_string}\"},\"query-input\":{\"@type\":\"PropertyValueSpecification\",\"valueRequired\":true,\"valueName\":\"search_term_string\"}}],\"inLanguage\":\"de\"},{\"@type\":\"Person\",\"@id\":\"https:\\\/\\\/www.kirche-hettenhausen.de\\\/site\\\/#\\\/schema\\\/person\\\/7740d89d8f816da861ece2b378a21c57\",\"name\":\"Marion Friedrich\",\"url\":\"https:\\\/\\\/www.kirche-hettenhausen.de\\\/site\\\/author\\\/m-friedrichkirche-hettenhausen-de\\\/\"}]}<\/script>\n<!-- \/ Yoast SEO plugin. -->","yoast_head_json":{"title":"Setze Zeichen! - Ev.-luth. Kirchengemeinde Hettenhausen - Dalherda","description":"Ev.-luth. Kirchengemeinde Hettenhausen - Dalherda - Kirchenvorstand - Setze Zeichen! -","robots":{"index":"index","follow":"follow","max-snippet":"max-snippet:-1","max-image-preview":"max-image-preview:large","max-video-preview":"max-video-preview:-1"},"canonical":"https:\/\/www.kirche-hettenhausen.de\/site\/2025\/05\/setze-zeichen\/","og_locale":"de_DE","og_type":"article","og_title":"Setze Zeichen! - Ev.-luth. Kirchengemeinde Hettenhausen - Dalherda","og_description":"Ev.-luth. Kirchengemeinde Hettenhausen - Dalherda - Kirchenvorstand - Setze Zeichen! -","og_url":"https:\/\/www.kirche-hettenhausen.de\/site\/2025\/05\/setze-zeichen\/","og_site_name":"Ev.-luth. Kirchengemeinde Hettenhausen - Dalherda","article_published_time":"2025-05-09T08:15:00+00:00","article_modified_time":"2025-05-09T08:34:01+00:00","og_image":[{"width":2560,"height":974,"url":"https:\/\/www.kirche-hettenhausen.de\/site\/wp-content\/uploads\/2025\/05\/2105_header_zukunftgestalten_cmyk-scaled.jpg","type":"image\/jpeg"}],"author":"Marion Friedrich","twitter_card":"summary_large_image","twitter_misc":{"Verfasst von":"Marion Friedrich","Gesch\u00e4tzte Lesezeit":"2\u00a0Minuten"},"schema":{"@context":"https:\/\/schema.org","@graph":[{"@type":"Article","@id":"https:\/\/www.kirche-hettenhausen.de\/site\/2025\/05\/setze-zeichen\/#article","isPartOf":{"@id":"https:\/\/www.kirche-hettenhausen.de\/site\/2025\/05\/setze-zeichen\/"},"author":{"name":"Marion Friedrich","@id":"https:\/\/www.kirche-hettenhausen.de\/site\/#\/schema\/person\/7740d89d8f816da861ece2b378a21c57"},"headline":"Setze Zeichen!","datePublished":"2025-05-09T08:15:00+00:00","dateModified":"2025-05-09T08:34:01+00:00","mainEntityOfPage":{"@id":"https:\/\/www.kirche-hettenhausen.de\/site\/2025\/05\/setze-zeichen\/"},"wordCount":267,"image":{"@id":"https:\/\/www.kirche-hettenhausen.de\/site\/2025\/05\/setze-zeichen\/#primaryimage"},"thumbnailUrl":"https:\/\/www.kirche-hettenhausen.de\/site\/wp-content\/uploads\/2025\/05\/2105_header_zukunftgestalten_cmyk-scaled.jpg","keywords":["Dalherda","Hettenhausen","Kirchenvorstand","Landeskirche","Poppenhausen"],"articleSection":["Dalherda","Hettenhausen","Kirchenvorstand","Landeskirche","Poppenhausen"],"inLanguage":"de"},{"@type":"WebPage","@id":"https:\/\/www.kirche-hettenhausen.de\/site\/2025\/05\/setze-zeichen\/","url":"https:\/\/www.kirche-hettenhausen.de\/site\/2025\/05\/setze-zeichen\/","name":"Setze Zeichen! - Ev.-luth. Kirchengemeinde Hettenhausen - Dalherda","isPartOf":{"@id":"https:\/\/www.kirche-hettenhausen.de\/site\/#website"},"primaryImageOfPage":{"@id":"https:\/\/www.kirche-hettenhausen.de\/site\/2025\/05\/setze-zeichen\/#primaryimage"},"image":{"@id":"https:\/\/www.kirche-hettenhausen.de\/site\/2025\/05\/setze-zeichen\/#primaryimage"},"thumbnailUrl":"https:\/\/www.kirche-hettenhausen.de\/site\/wp-content\/uploads\/2025\/05\/2105_header_zukunftgestalten_cmyk-scaled.jpg","datePublished":"2025-05-09T08:15:00+00:00","dateModified":"2025-05-09T08:34:01+00:00","author":{"@id":"https:\/\/www.kirche-hettenhausen.de\/site\/#\/schema\/person\/7740d89d8f816da861ece2b378a21c57"},"description":"Ev.-luth. Kirchengemeinde Hettenhausen - Dalherda - Kirchenvorstand - Setze Zeichen! -","breadcrumb":{"@id":"https:\/\/www.kirche-hettenhausen.de\/site\/2025\/05\/setze-zeichen\/#breadcrumb"},"inLanguage":"de","potentialAction":[{"@type":"ReadAction","target":["https:\/\/www.kirche-hettenhausen.de\/site\/2025\/05\/setze-zeichen\/"]}]},{"@type":"ImageObject","inLanguage":"de","@id":"https:\/\/www.kirche-hettenhausen.de\/site\/2025\/05\/setze-zeichen\/#primaryimage","url":"https:\/\/www.kirche-hettenhausen.de\/site\/wp-content\/uploads\/2025\/05\/2105_header_zukunftgestalten_cmyk-scaled.jpg","contentUrl":"https:\/\/www.kirche-hettenhausen.de\/site\/wp-content\/uploads\/2025\/05\/2105_header_zukunftgestalten_cmyk-scaled.jpg","width":2560,"height":974},{"@type":"BreadcrumbList","@id":"https:\/\/www.kirche-hettenhausen.de\/site\/2025\/05\/setze-zeichen\/#breadcrumb","itemListElement":[{"@type":"ListItem","position":1,"name":"Startseite","item":"https:\/\/www.kirche-hettenhausen.de\/site\/"},{"@type":"ListItem","position":2,"name":"Setze Zeichen!"}]},{"@type":"WebSite","@id":"https:\/\/www.kirche-hettenhausen.de\/site\/#website","url":"https:\/\/www.kirche-hettenhausen.de\/site\/","name":"Ev.-luth. Kirchengemeinde Hettenhausen - Dalherda","description":"Homepage der Ev.-luth. Kirchengemeinde Hettenhausen - Dalherda","potentialAction":[{"@type":"SearchAction","target":{"@type":"EntryPoint","urlTemplate":"https:\/\/www.kirche-hettenhausen.de\/site\/?s={search_term_string}"},"query-input":{"@type":"PropertyValueSpecification","valueRequired":true,"valueName":"search_term_string"}}],"inLanguage":"de"},{"@type":"Person","@id":"https:\/\/www.kirche-hettenhausen.de\/site\/#\/schema\/person\/7740d89d8f816da861ece2b378a21c57","name":"Marion Friedrich","url":"https:\/\/www.kirche-hettenhausen.de\/site\/author\/m-friedrichkirche-hettenhausen-de\/"}]}},"_links":{"self":[{"href":"https:\/\/www.kirche-hettenhausen.de\/site\/wp-json\/wp\/v2\/posts\/15785","targetHints":{"allow":["GET"]}}],"collection":[{"href":"https:\/\/www.kirche-hettenhausen.de\/site\/wp-json\/wp\/v2\/posts"}],"about":[{"href":"https:\/\/www.kirche-hettenhausen.de\/site\/wp-json\/wp\/v2\/types\/post"}],"author":[{"embeddable":true,"href":"https:\/\/www.kirche-hettenhausen.de\/site\/wp-json\/wp\/v2\/users\/2"}],"replies":[{"embeddable":true,"href":"https:\/\/www.kirche-hettenhausen.de\/site\/wp-json\/wp\/v2\/comments?post=15785"}],"version-history":[{"count":17,"href":"https:\/\/www.kirche-hettenhausen.de\/site\/wp-json\/wp\/v2\/posts\/15785\/revisions"}],"predecessor-version":[{"id":16124,"href":"https:\/\/www.kirche-hettenhausen.de\/site\/wp-json\/wp\/v2\/posts\/15785\/revisions\/16124"}],"wp:featuredmedia":[{"embeddable":true,"href":"https:\/\/www.kirche-hettenhausen.de\/site\/wp-json\/wp\/v2\/media\/16126"}],"wp:attachment":[{"href":"https:\/\/www.kirche-hettenhausen.de\/site\/wp-json\/wp\/v2\/media?parent=15785"}],"wp:term":[{"taxonomy":"category","embeddable":true,"href":"https:\/\/www.kirche-hettenhausen.de\/site\/wp-json\/wp\/v2\/categories?post=15785"},{"taxonomy":"post_tag","embeddable":true,"href":"https:\/\/www.kirche-hettenhausen.de\/site\/wp-json\/wp\/v2\/tags?post=15785"}],"curies":[{"name":"wp","href":"https:\/\/api.w.org\/{rel}","templated":true}]}}