{"id":15751,"date":"2025-01-17T20:31:25","date_gmt":"2025-01-17T19:31:25","guid":{"rendered":"https:\/\/kirche-hettenhausen.de\/site\/?p=15751"},"modified":"2025-01-17T20:31:25","modified_gmt":"2025-01-17T19:31:25","slug":"danke-fuer-eine-tolle-zeit","status":"publish","type":"post","link":"https:\/\/www.kirche-hettenhausen.de\/site\/2025\/01\/danke-fuer-eine-tolle-zeit\/","title":{"rendered":"DANKE f\u00fcr eine tolle Zeit!"},"content":{"rendered":"<h3><span style=\"color: #db1385;\">Verabschiedung nach mehr als 20 Jahren Kindergottesdienst<\/span><\/h3>\n<p><!--more--><\/p>\n<p>Am Sonntag, den 12. Januar 2025 haben wir uns gemeinsam mit den Kindergottesdienst-Kindern und dem Kindergottesdienst-Team von Barbara und Andrea verabschiedet.<\/p>\n<p>Nach \u00fcber 20 Jahren Kindergottesdienst war es Zeit DANKE zu sagen. DANKE f\u00fcr viele sch\u00f6ne Momente und Erlebnisse. Wir haben gelacht, gebetet, gebastelt, Geschichten geh\u00f6rt, Gottesdienste mitgestaltet und vieles mehr.<\/p>\n<p>DANKE f\u00fcr euer Engagement, eure Zeit, euer Lachen, eure Geduld, eure guten Ideen und daf\u00fcr, dass ihr den Glauben fr\u00f6hlich, kindgerecht und mit viel Spa\u00df weitergegeben habt.<\/p>\n<p>Die Kindergottesdienst-Kinder und das Team sagen DANKE f\u00fcr die bunte Kigo-Zeit mit EUCH!<\/p>\n<p>Wir freuen uns riesig, dass wir Verst\u00e4rkung f\u00fcr das Kindergottesdienst-Team gefunden haben. Nicole Magerhans und Alexandra Gossler werden ab sofort ein fester Bestandteil. Wir freuen uns auf die gemeinsame Zeit und all die Momente, die wir in Zukunft gemeinsam erleben werden.<\/p>\n<p>Sch\u00f6n, dass ihr dabei seid!<\/p>\n<p>&nbsp;<\/p>\n<p style=\"text-align: right;\">(ls)<\/p>\n","protected":false},"excerpt":{"rendered":"<p>Verabschiedung nach mehr als 20 Jahren Kindergottesdienst<\/p>\n","protected":false},"author":2,"featured_media":15750,"comment_status":"closed","ping_status":"closed","sticky":false,"template":"","format":"standard","meta":{"footnotes":""},"categories":[18,129],"tags":[33,128,28,54,55],"class_list":["post-15751","post","type-post","status-publish","format-standard","has-post-thumbnail","hentry","category-gottesdienst","category-hettenhausen","tag-gottesdienst","tag-hettenhausen","tag-kinder","tag-kindergottesdienst","tag-kirche-mit-kindern"],"yoast_head":"<!-- This site is optimized with the Yoast SEO plugin v27.5 - https:\/\/yoast.com\/product\/yoast-seo-wordpress\/ -->\n<title>DANKE f\u00fcr eine tolle Zeit! - Ev.-luth. Kirchengemeinde Hettenhausen - Dalherda<\/title>\n<meta name=\"description\" content=\"Ev.-luth. Kirchengemeinde Hettenhausen - Dalherda - DANKE f\u00fcr eine tolle Zeit! -\" \/>\n<meta name=\"robots\" content=\"index, follow, max-snippet:-1, max-image-preview:large, max-video-preview:-1\" \/>\n<link rel=\"canonical\" href=\"https:\/\/www.kirche-hettenhausen.de\/site\/2025\/01\/danke-fuer-eine-tolle-zeit\/\" \/>\n<meta property=\"og:locale\" content=\"de_DE\" \/>\n<meta property=\"og:type\" content=\"article\" \/>\n<meta property=\"og:title\" content=\"DANKE f\u00fcr eine tolle Zeit! - Ev.-luth. Kirchengemeinde Hettenhausen - Dalherda\" \/>\n<meta property=\"og:description\" content=\"Ev.-luth. Kirchengemeinde Hettenhausen - Dalherda - DANKE f\u00fcr eine tolle Zeit! -\" \/>\n<meta property=\"og:url\" content=\"https:\/\/www.kirche-hettenhausen.de\/site\/2025\/01\/danke-fuer-eine-tolle-zeit\/\" \/>\n<meta property=\"og:site_name\" content=\"Ev.-luth. Kirchengemeinde Hettenhausen - Dalherda\" \/>\n<meta property=\"article:published_time\" content=\"2025-01-17T19:31:25+00:00\" \/>\n<meta property=\"og:image\" content=\"https:\/\/www.kirche-hettenhausen.de\/site\/wp-content\/uploads\/2025\/01\/04-Teamuebergabe.jpg\" \/>\n\t<meta property=\"og:image:width\" content=\"2048\" \/>\n\t<meta property=\"og:image:height\" content=\"1442\" \/>\n\t<meta property=\"og:image:type\" content=\"image\/jpeg\" \/>\n<meta name=\"author\" content=\"Marion Friedrich\" \/>\n<meta name=\"twitter:card\" content=\"summary_large_image\" \/>\n<meta name=\"twitter:label1\" content=\"Verfasst von\" \/>\n\t<meta name=\"twitter:data1\" content=\"Marion Friedrich\" \/>\n\t<meta name=\"twitter:label2\" content=\"Gesch\u00e4tzte Lesezeit\" \/>\n\t<meta name=\"twitter:data2\" content=\"2\u00a0Minuten\" \/>\n<script type=\"application\/ld+json\" class=\"yoast-schema-graph\">{\"@context\":\"https:\\\/\\\/schema.org\",\"@graph\":[{\"@type\":\"Article\",\"@id\":\"https:\\\/\\\/www.kirche-hettenhausen.de\\\/site\\\/2025\\\/01\\\/danke-fuer-eine-tolle-zeit\\\/#article\",\"isPartOf\":{\"@id\":\"https:\\\/\\\/www.kirche-hettenhausen.de\\\/site\\\/2025\\\/01\\\/danke-fuer-eine-tolle-zeit\\\/\"},\"author\":{\"name\":\"Marion Friedrich\",\"@id\":\"https:\\\/\\\/www.kirche-hettenhausen.de\\\/site\\\/#\\\/schema\\\/person\\\/7740d89d8f816da861ece2b378a21c57\"},\"headline\":\"DANKE f\u00fcr eine tolle Zeit!\",\"datePublished\":\"2025-01-17T19:31:25+00:00\",\"mainEntityOfPage\":{\"@id\":\"https:\\\/\\\/www.kirche-hettenhausen.de\\\/site\\\/2025\\\/01\\\/danke-fuer-eine-tolle-zeit\\\/\"},\"wordCount\":158,\"image\":{\"@id\":\"https:\\\/\\\/www.kirche-hettenhausen.de\\\/site\\\/2025\\\/01\\\/danke-fuer-eine-tolle-zeit\\\/#primaryimage\"},\"thumbnailUrl\":\"https:\\\/\\\/www.kirche-hettenhausen.de\\\/site\\\/wp-content\\\/uploads\\\/2025\\\/01\\\/04-Teamuebergabe.jpg\",\"keywords\":[\"Gottesdienst\",\"Hettenhausen\",\"Kinder\",\"Kindergottesdienst\",\"Kirche mit Kindern\"],\"articleSection\":[\"Gottesdienst\",\"Hettenhausen\"],\"inLanguage\":\"de\"},{\"@type\":\"WebPage\",\"@id\":\"https:\\\/\\\/www.kirche-hettenhausen.de\\\/site\\\/2025\\\/01\\\/danke-fuer-eine-tolle-zeit\\\/\",\"url\":\"https:\\\/\\\/www.kirche-hettenhausen.de\\\/site\\\/2025\\\/01\\\/danke-fuer-eine-tolle-zeit\\\/\",\"name\":\"DANKE f\u00fcr eine tolle Zeit! - Ev.-luth. Kirchengemeinde Hettenhausen - Dalherda\",\"isPartOf\":{\"@id\":\"https:\\\/\\\/www.kirche-hettenhausen.de\\\/site\\\/#website\"},\"primaryImageOfPage\":{\"@id\":\"https:\\\/\\\/www.kirche-hettenhausen.de\\\/site\\\/2025\\\/01\\\/danke-fuer-eine-tolle-zeit\\\/#primaryimage\"},\"image\":{\"@id\":\"https:\\\/\\\/www.kirche-hettenhausen.de\\\/site\\\/2025\\\/01\\\/danke-fuer-eine-tolle-zeit\\\/#primaryimage\"},\"thumbnailUrl\":\"https:\\\/\\\/www.kirche-hettenhausen.de\\\/site\\\/wp-content\\\/uploads\\\/2025\\\/01\\\/04-Teamuebergabe.jpg\",\"datePublished\":\"2025-01-17T19:31:25+00:00\",\"author\":{\"@id\":\"https:\\\/\\\/www.kirche-hettenhausen.de\\\/site\\\/#\\\/schema\\\/person\\\/7740d89d8f816da861ece2b378a21c57\"},\"description\":\"Ev.-luth. Kirchengemeinde Hettenhausen - Dalherda - DANKE f\u00fcr eine tolle Zeit! -\",\"breadcrumb\":{\"@id\":\"https:\\\/\\\/www.kirche-hettenhausen.de\\\/site\\\/2025\\\/01\\\/danke-fuer-eine-tolle-zeit\\\/#breadcrumb\"},\"inLanguage\":\"de\",\"potentialAction\":[{\"@type\":\"ReadAction\",\"target\":[\"https:\\\/\\\/www.kirche-hettenhausen.de\\\/site\\\/2025\\\/01\\\/danke-fuer-eine-tolle-zeit\\\/\"]}]},{\"@type\":\"ImageObject\",\"inLanguage\":\"de\",\"@id\":\"https:\\\/\\\/www.kirche-hettenhausen.de\\\/site\\\/2025\\\/01\\\/danke-fuer-eine-tolle-zeit\\\/#primaryimage\",\"url\":\"https:\\\/\\\/www.kirche-hettenhausen.de\\\/site\\\/wp-content\\\/uploads\\\/2025\\\/01\\\/04-Teamuebergabe.jpg\",\"contentUrl\":\"https:\\\/\\\/www.kirche-hettenhausen.de\\\/site\\\/wp-content\\\/uploads\\\/2025\\\/01\\\/04-Teamuebergabe.jpg\",\"width\":2048,\"height\":1442,\"caption\":\"Kindergottesdienst\"},{\"@type\":\"BreadcrumbList\",\"@id\":\"https:\\\/\\\/www.kirche-hettenhausen.de\\\/site\\\/2025\\\/01\\\/danke-fuer-eine-tolle-zeit\\\/#breadcrumb\",\"itemListElement\":[{\"@type\":\"ListItem\",\"position\":1,\"name\":\"Startseite\",\"item\":\"https:\\\/\\\/www.kirche-hettenhausen.de\\\/site\\\/\"},{\"@type\":\"ListItem\",\"position\":2,\"name\":\"DANKE f\u00fcr eine tolle Zeit!\"}]},{\"@type\":\"WebSite\",\"@id\":\"https:\\\/\\\/www.kirche-hettenhausen.de\\\/site\\\/#website\",\"url\":\"https:\\\/\\\/www.kirche-hettenhausen.de\\\/site\\\/\",\"name\":\"Ev.-luth. Kirchengemeinde Hettenhausen - Dalherda\",\"description\":\"Homepage der Ev.-luth. Kirchengemeinde Hettenhausen - Dalherda\",\"potentialAction\":[{\"@type\":\"SearchAction\",\"target\":{\"@type\":\"EntryPoint\",\"urlTemplate\":\"https:\\\/\\\/www.kirche-hettenhausen.de\\\/site\\\/?s={search_term_string}\"},\"query-input\":{\"@type\":\"PropertyValueSpecification\",\"valueRequired\":true,\"valueName\":\"search_term_string\"}}],\"inLanguage\":\"de\"},{\"@type\":\"Person\",\"@id\":\"https:\\\/\\\/www.kirche-hettenhausen.de\\\/site\\\/#\\\/schema\\\/person\\\/7740d89d8f816da861ece2b378a21c57\",\"name\":\"Marion Friedrich\",\"url\":\"https:\\\/\\\/www.kirche-hettenhausen.de\\\/site\\\/author\\\/m-friedrichkirche-hettenhausen-de\\\/\"}]}<\/script>\n<!-- \/ Yoast SEO plugin. -->","yoast_head_json":{"title":"DANKE f\u00fcr eine tolle Zeit! - Ev.-luth. Kirchengemeinde Hettenhausen - Dalherda","description":"Ev.-luth. Kirchengemeinde Hettenhausen - Dalherda - DANKE f\u00fcr eine tolle Zeit! -","robots":{"index":"index","follow":"follow","max-snippet":"max-snippet:-1","max-image-preview":"max-image-preview:large","max-video-preview":"max-video-preview:-1"},"canonical":"https:\/\/www.kirche-hettenhausen.de\/site\/2025\/01\/danke-fuer-eine-tolle-zeit\/","og_locale":"de_DE","og_type":"article","og_title":"DANKE f\u00fcr eine tolle Zeit! - Ev.-luth. Kirchengemeinde Hettenhausen - Dalherda","og_description":"Ev.-luth. Kirchengemeinde Hettenhausen - Dalherda - DANKE f\u00fcr eine tolle Zeit! -","og_url":"https:\/\/www.kirche-hettenhausen.de\/site\/2025\/01\/danke-fuer-eine-tolle-zeit\/","og_site_name":"Ev.-luth. Kirchengemeinde Hettenhausen - Dalherda","article_published_time":"2025-01-17T19:31:25+00:00","og_image":[{"width":2048,"height":1442,"url":"https:\/\/www.kirche-hettenhausen.de\/site\/wp-content\/uploads\/2025\/01\/04-Teamuebergabe.jpg","type":"image\/jpeg"}],"author":"Marion Friedrich","twitter_card":"summary_large_image","twitter_misc":{"Verfasst von":"Marion Friedrich","Gesch\u00e4tzte Lesezeit":"2\u00a0Minuten"},"schema":{"@context":"https:\/\/schema.org","@graph":[{"@type":"Article","@id":"https:\/\/www.kirche-hettenhausen.de\/site\/2025\/01\/danke-fuer-eine-tolle-zeit\/#article","isPartOf":{"@id":"https:\/\/www.kirche-hettenhausen.de\/site\/2025\/01\/danke-fuer-eine-tolle-zeit\/"},"author":{"name":"Marion Friedrich","@id":"https:\/\/www.kirche-hettenhausen.de\/site\/#\/schema\/person\/7740d89d8f816da861ece2b378a21c57"},"headline":"DANKE f\u00fcr eine tolle Zeit!","datePublished":"2025-01-17T19:31:25+00:00","mainEntityOfPage":{"@id":"https:\/\/www.kirche-hettenhausen.de\/site\/2025\/01\/danke-fuer-eine-tolle-zeit\/"},"wordCount":158,"image":{"@id":"https:\/\/www.kirche-hettenhausen.de\/site\/2025\/01\/danke-fuer-eine-tolle-zeit\/#primaryimage"},"thumbnailUrl":"https:\/\/www.kirche-hettenhausen.de\/site\/wp-content\/uploads\/2025\/01\/04-Teamuebergabe.jpg","keywords":["Gottesdienst","Hettenhausen","Kinder","Kindergottesdienst","Kirche mit Kindern"],"articleSection":["Gottesdienst","Hettenhausen"],"inLanguage":"de"},{"@type":"WebPage","@id":"https:\/\/www.kirche-hettenhausen.de\/site\/2025\/01\/danke-fuer-eine-tolle-zeit\/","url":"https:\/\/www.kirche-hettenhausen.de\/site\/2025\/01\/danke-fuer-eine-tolle-zeit\/","name":"DANKE f\u00fcr eine tolle Zeit! - Ev.-luth. Kirchengemeinde Hettenhausen - Dalherda","isPartOf":{"@id":"https:\/\/www.kirche-hettenhausen.de\/site\/#website"},"primaryImageOfPage":{"@id":"https:\/\/www.kirche-hettenhausen.de\/site\/2025\/01\/danke-fuer-eine-tolle-zeit\/#primaryimage"},"image":{"@id":"https:\/\/www.kirche-hettenhausen.de\/site\/2025\/01\/danke-fuer-eine-tolle-zeit\/#primaryimage"},"thumbnailUrl":"https:\/\/www.kirche-hettenhausen.de\/site\/wp-content\/uploads\/2025\/01\/04-Teamuebergabe.jpg","datePublished":"2025-01-17T19:31:25+00:00","author":{"@id":"https:\/\/www.kirche-hettenhausen.de\/site\/#\/schema\/person\/7740d89d8f816da861ece2b378a21c57"},"description":"Ev.-luth. Kirchengemeinde Hettenhausen - Dalherda - DANKE f\u00fcr eine tolle Zeit! -","breadcrumb":{"@id":"https:\/\/www.kirche-hettenhausen.de\/site\/2025\/01\/danke-fuer-eine-tolle-zeit\/#breadcrumb"},"inLanguage":"de","potentialAction":[{"@type":"ReadAction","target":["https:\/\/www.kirche-hettenhausen.de\/site\/2025\/01\/danke-fuer-eine-tolle-zeit\/"]}]},{"@type":"ImageObject","inLanguage":"de","@id":"https:\/\/www.kirche-hettenhausen.de\/site\/2025\/01\/danke-fuer-eine-tolle-zeit\/#primaryimage","url":"https:\/\/www.kirche-hettenhausen.de\/site\/wp-content\/uploads\/2025\/01\/04-Teamuebergabe.jpg","contentUrl":"https:\/\/www.kirche-hettenhausen.de\/site\/wp-content\/uploads\/2025\/01\/04-Teamuebergabe.jpg","width":2048,"height":1442,"caption":"Kindergottesdienst"},{"@type":"BreadcrumbList","@id":"https:\/\/www.kirche-hettenhausen.de\/site\/2025\/01\/danke-fuer-eine-tolle-zeit\/#breadcrumb","itemListElement":[{"@type":"ListItem","position":1,"name":"Startseite","item":"https:\/\/www.kirche-hettenhausen.de\/site\/"},{"@type":"ListItem","position":2,"name":"DANKE f\u00fcr eine tolle Zeit!"}]},{"@type":"WebSite","@id":"https:\/\/www.kirche-hettenhausen.de\/site\/#website","url":"https:\/\/www.kirche-hettenhausen.de\/site\/","name":"Ev.-luth. Kirchengemeinde Hettenhausen - Dalherda","description":"Homepage der Ev.-luth. Kirchengemeinde Hettenhausen - Dalherda","potentialAction":[{"@type":"SearchAction","target":{"@type":"EntryPoint","urlTemplate":"https:\/\/www.kirche-hettenhausen.de\/site\/?s={search_term_string}"},"query-input":{"@type":"PropertyValueSpecification","valueRequired":true,"valueName":"search_term_string"}}],"inLanguage":"de"},{"@type":"Person","@id":"https:\/\/www.kirche-hettenhausen.de\/site\/#\/schema\/person\/7740d89d8f816da861ece2b378a21c57","name":"Marion Friedrich","url":"https:\/\/www.kirche-hettenhausen.de\/site\/author\/m-friedrichkirche-hettenhausen-de\/"}]}},"_links":{"self":[{"href":"https:\/\/www.kirche-hettenhausen.de\/site\/wp-json\/wp\/v2\/posts\/15751","targetHints":{"allow":["GET"]}}],"collection":[{"href":"https:\/\/www.kirche-hettenhausen.de\/site\/wp-json\/wp\/v2\/posts"}],"about":[{"href":"https:\/\/www.kirche-hettenhausen.de\/site\/wp-json\/wp\/v2\/types\/post"}],"author":[{"embeddable":true,"href":"https:\/\/www.kirche-hettenhausen.de\/site\/wp-json\/wp\/v2\/users\/2"}],"replies":[{"embeddable":true,"href":"https:\/\/www.kirche-hettenhausen.de\/site\/wp-json\/wp\/v2\/comments?post=15751"}],"version-history":[{"count":3,"href":"https:\/\/www.kirche-hettenhausen.de\/site\/wp-json\/wp\/v2\/posts\/15751\/revisions"}],"predecessor-version":[{"id":15754,"href":"https:\/\/www.kirche-hettenhausen.de\/site\/wp-json\/wp\/v2\/posts\/15751\/revisions\/15754"}],"wp:featuredmedia":[{"embeddable":true,"href":"https:\/\/www.kirche-hettenhausen.de\/site\/wp-json\/wp\/v2\/media\/15750"}],"wp:attachment":[{"href":"https:\/\/www.kirche-hettenhausen.de\/site\/wp-json\/wp\/v2\/media?parent=15751"}],"wp:term":[{"taxonomy":"category","embeddable":true,"href":"https:\/\/www.kirche-hettenhausen.de\/site\/wp-json\/wp\/v2\/categories?post=15751"},{"taxonomy":"post_tag","embeddable":true,"href":"https:\/\/www.kirche-hettenhausen.de\/site\/wp-json\/wp\/v2\/tags?post=15751"}],"curies":[{"name":"wp","href":"https:\/\/api.w.org\/{rel}","templated":true}]}}