{"id":14749,"date":"2024-04-02T00:00:14","date_gmt":"2024-04-01T22:00:14","guid":{"rendered":"https:\/\/kirche-hettenhausen.de\/site\/?p=14749"},"modified":"2024-05-19T17:55:09","modified_gmt":"2024-05-19T15:55:09","slug":"meditative-wanderung","status":"publish","type":"post","link":"https:\/\/www.kirche-hettenhausen.de\/site\/2024\/04\/meditative-wanderung\/","title":{"rendered":"Meditative Wanderung"},"content":{"rendered":"<p><strong>Am Samstag, 25. Mai 2024 treffen wir uns um 14:00 Uhr<\/strong> am Pfarrhaus in Hettenhausen und starten einen Rundweg.<\/p>\n<p>In regelm\u00e4\u00dfigen Abst\u00e4nden machen wir Halt und h\u00f6ren meditative Texte. Am Ende geht es zum Ausgangspunkt zur\u00fcck.<\/p>\n<p><strong>Anmeldung bitte bis 23. Mai 2024 im <a href=\"https:\/\/www.kirche-hettenhausen.de\/site\/kontakt\/pfarramt\/\">Pfarramt<\/a><\/strong><\/p>\n<p>&nbsp;<\/p>\n<h4>Einige Gedanken zum Wandern und Pilgern<\/h4>\n<p>Die erhabene Sprache der Natur, die T\u00f6ne der bed\u00fcrftigen Menschheit lernt nur der Wanderer kennen. <em>Johann Wolfgang von Goethe<\/em><\/p>\n<p>Die Seele geht zu Fu\u00df. <em>Arabisches Sprichwort<\/em><\/p>\n<p>Wo gehen wir denn hin? Immer nach Hause. <em>Novalis<\/em><\/p>\n<p>Das unruhige Herz ist die Wurzel der Pilgerschaft. <em>Volksmund<\/em><\/p>\n<p>Im Menschen lebt die Sehnsucht, die ihn hinaustreibt aus dem Einerlei des Alltags und aus der Enge seiner gewohnten Umgebung. Immer lockt ihn das Andere, das Fremde. Doch alles Neue, das er unterwegs sieht und erlebt, kann ihn niemals ganz erf\u00fcllen. Seine Sehnsucht ist gr\u00f6\u00dfer. Im Grunde seines Herzens sucht er ruhelos den ganz Anderen, und alle Wege, zu denen der Mensch aufbricht, zeigen ihm an, dass sein ganzes Leben ein Weg ist, ein Pilgerweg zu Gott. <em>Augustinus<\/em><\/p>\n","protected":false},"excerpt":{"rendered":"<p>Am Samstag, 25. Mai 2024 treffen wir uns um 14:00 Uhr am Pfarrhaus in Hettenhausen und starten einen Rundweg. In regelm\u00e4\u00dfigen Abst\u00e4nden machen wir Halt und h\u00f6ren meditative Texte. Am Ende geht es zum Ausgangspunkt zur\u00fcck. Anmeldung bitte bis 23. Mai 2024 im Pfarramt &nbsp; Einige Gedanken zum Wandern und Pilgern Die erhabene Sprache der [&hellip;]<\/p>\n","protected":false},"author":2,"featured_media":14748,"comment_status":"closed","ping_status":"closed","sticky":false,"template":"","format":"standard","meta":{"footnotes":""},"categories":[129,21,25],"tags":[128,37,7,39],"class_list":["post-14749","post","type-post","status-publish","format-standard","has-post-thumbnail","hentry","category-hettenhausen","category-martin-luther-haus","category-veranstaltungen","tag-hettenhausen","tag-martin-luther-haus","tag-pfarrer","tag-veranstaltungen"],"yoast_head":"<!-- This site is optimized with the Yoast SEO plugin v27.4 - https:\/\/yoast.com\/product\/yoast-seo-wordpress\/ -->\n<title>Meditative Wanderung - Ev.-luth. Kirchengemeinde Hettenhausen - Dalherda<\/title>\n<meta name=\"robots\" content=\"index, follow, max-snippet:-1, max-image-preview:large, max-video-preview:-1\" \/>\n<link rel=\"canonical\" href=\"https:\/\/www.kirche-hettenhausen.de\/site\/2024\/04\/meditative-wanderung\/\" \/>\n<meta property=\"og:locale\" content=\"de_DE\" \/>\n<meta property=\"og:type\" content=\"article\" \/>\n<meta property=\"og:title\" content=\"Meditative Wanderung - Ev.-luth. Kirchengemeinde Hettenhausen - Dalherda\" \/>\n<meta property=\"og:description\" content=\"Am Samstag, 25. Mai 2024 treffen wir uns um 14:00 Uhr am Pfarrhaus in Hettenhausen und starten einen Rundweg. In regelm\u00e4\u00dfigen Abst\u00e4nden machen wir Halt und h\u00f6ren meditative Texte. Am Ende geht es zum Ausgangspunkt zur\u00fcck. Anmeldung bitte bis 23. Mai 2024 im Pfarramt &nbsp; Einige Gedanken zum Wandern und Pilgern Die erhabene Sprache der [&hellip;]\" \/>\n<meta property=\"og:url\" content=\"https:\/\/www.kirche-hettenhausen.de\/site\/2024\/04\/meditative-wanderung\/\" \/>\n<meta property=\"og:site_name\" content=\"Ev.-luth. Kirchengemeinde Hettenhausen - Dalherda\" \/>\n<meta property=\"article:published_time\" content=\"2024-04-01T22:00:14+00:00\" \/>\n<meta property=\"article:modified_time\" content=\"2024-05-19T15:55:09+00:00\" \/>\n<meta property=\"og:image\" content=\"https:\/\/www.kirche-hettenhausen.de\/site\/wp-content\/uploads\/2024\/02\/Pilgerweg.jpg\" \/>\n\t<meta property=\"og:image:width\" content=\"393\" \/>\n\t<meta property=\"og:image:height\" content=\"264\" \/>\n\t<meta property=\"og:image:type\" content=\"image\/jpeg\" \/>\n<meta name=\"author\" content=\"Marion Friedrich\" \/>\n<meta name=\"twitter:card\" content=\"summary_large_image\" \/>\n<meta name=\"twitter:label1\" content=\"Verfasst von\" \/>\n\t<meta name=\"twitter:data1\" content=\"Marion Friedrich\" \/>\n\t<meta name=\"twitter:label2\" content=\"Gesch\u00e4tzte Lesezeit\" \/>\n\t<meta name=\"twitter:data2\" content=\"2\u00a0Minuten\" \/>\n<script type=\"application\/ld+json\" class=\"yoast-schema-graph\">{\"@context\":\"https:\\\/\\\/schema.org\",\"@graph\":[{\"@type\":\"Article\",\"@id\":\"https:\\\/\\\/www.kirche-hettenhausen.de\\\/site\\\/2024\\\/04\\\/meditative-wanderung\\\/#article\",\"isPartOf\":{\"@id\":\"https:\\\/\\\/www.kirche-hettenhausen.de\\\/site\\\/2024\\\/04\\\/meditative-wanderung\\\/\"},\"author\":{\"name\":\"Marion Friedrich\",\"@id\":\"https:\\\/\\\/www.kirche-hettenhausen.de\\\/site\\\/#\\\/schema\\\/person\\\/7740d89d8f816da861ece2b378a21c57\"},\"headline\":\"Meditative Wanderung\",\"datePublished\":\"2024-04-01T22:00:14+00:00\",\"dateModified\":\"2024-05-19T15:55:09+00:00\",\"mainEntityOfPage\":{\"@id\":\"https:\\\/\\\/www.kirche-hettenhausen.de\\\/site\\\/2024\\\/04\\\/meditative-wanderung\\\/\"},\"wordCount\":178,\"image\":{\"@id\":\"https:\\\/\\\/www.kirche-hettenhausen.de\\\/site\\\/2024\\\/04\\\/meditative-wanderung\\\/#primaryimage\"},\"thumbnailUrl\":\"https:\\\/\\\/www.kirche-hettenhausen.de\\\/site\\\/wp-content\\\/uploads\\\/2024\\\/02\\\/Pilgerweg.jpg\",\"keywords\":[\"Hettenhausen\",\"Martin-Luther-Haus\",\"Pfarrer\",\"Veranstaltungen\"],\"articleSection\":[\"Hettenhausen\",\"Martin-Luther-Haus\",\"Veranstaltungen\"],\"inLanguage\":\"de\"},{\"@type\":\"WebPage\",\"@id\":\"https:\\\/\\\/www.kirche-hettenhausen.de\\\/site\\\/2024\\\/04\\\/meditative-wanderung\\\/\",\"url\":\"https:\\\/\\\/www.kirche-hettenhausen.de\\\/site\\\/2024\\\/04\\\/meditative-wanderung\\\/\",\"name\":\"Meditative Wanderung - Ev.-luth. Kirchengemeinde Hettenhausen - Dalherda\",\"isPartOf\":{\"@id\":\"https:\\\/\\\/www.kirche-hettenhausen.de\\\/site\\\/#website\"},\"primaryImageOfPage\":{\"@id\":\"https:\\\/\\\/www.kirche-hettenhausen.de\\\/site\\\/2024\\\/04\\\/meditative-wanderung\\\/#primaryimage\"},\"image\":{\"@id\":\"https:\\\/\\\/www.kirche-hettenhausen.de\\\/site\\\/2024\\\/04\\\/meditative-wanderung\\\/#primaryimage\"},\"thumbnailUrl\":\"https:\\\/\\\/www.kirche-hettenhausen.de\\\/site\\\/wp-content\\\/uploads\\\/2024\\\/02\\\/Pilgerweg.jpg\",\"datePublished\":\"2024-04-01T22:00:14+00:00\",\"dateModified\":\"2024-05-19T15:55:09+00:00\",\"author\":{\"@id\":\"https:\\\/\\\/www.kirche-hettenhausen.de\\\/site\\\/#\\\/schema\\\/person\\\/7740d89d8f816da861ece2b378a21c57\"},\"breadcrumb\":{\"@id\":\"https:\\\/\\\/www.kirche-hettenhausen.de\\\/site\\\/2024\\\/04\\\/meditative-wanderung\\\/#breadcrumb\"},\"inLanguage\":\"de\",\"potentialAction\":[{\"@type\":\"ReadAction\",\"target\":[\"https:\\\/\\\/www.kirche-hettenhausen.de\\\/site\\\/2024\\\/04\\\/meditative-wanderung\\\/\"]}]},{\"@type\":\"ImageObject\",\"inLanguage\":\"de\",\"@id\":\"https:\\\/\\\/www.kirche-hettenhausen.de\\\/site\\\/2024\\\/04\\\/meditative-wanderung\\\/#primaryimage\",\"url\":\"https:\\\/\\\/www.kirche-hettenhausen.de\\\/site\\\/wp-content\\\/uploads\\\/2024\\\/02\\\/Pilgerweg.jpg\",\"contentUrl\":\"https:\\\/\\\/www.kirche-hettenhausen.de\\\/site\\\/wp-content\\\/uploads\\\/2024\\\/02\\\/Pilgerweg.jpg\",\"width\":393,\"height\":264},{\"@type\":\"BreadcrumbList\",\"@id\":\"https:\\\/\\\/www.kirche-hettenhausen.de\\\/site\\\/2024\\\/04\\\/meditative-wanderung\\\/#breadcrumb\",\"itemListElement\":[{\"@type\":\"ListItem\",\"position\":1,\"name\":\"Startseite\",\"item\":\"https:\\\/\\\/www.kirche-hettenhausen.de\\\/site\\\/\"},{\"@type\":\"ListItem\",\"position\":2,\"name\":\"Meditative Wanderung\"}]},{\"@type\":\"WebSite\",\"@id\":\"https:\\\/\\\/www.kirche-hettenhausen.de\\\/site\\\/#website\",\"url\":\"https:\\\/\\\/www.kirche-hettenhausen.de\\\/site\\\/\",\"name\":\"Ev.-luth. Kirchengemeinde Hettenhausen - Dalherda\",\"description\":\"Homepage der Ev.-luth. Kirchengemeinde Hettenhausen - Dalherda\",\"potentialAction\":[{\"@type\":\"SearchAction\",\"target\":{\"@type\":\"EntryPoint\",\"urlTemplate\":\"https:\\\/\\\/www.kirche-hettenhausen.de\\\/site\\\/?s={search_term_string}\"},\"query-input\":{\"@type\":\"PropertyValueSpecification\",\"valueRequired\":true,\"valueName\":\"search_term_string\"}}],\"inLanguage\":\"de\"},{\"@type\":\"Person\",\"@id\":\"https:\\\/\\\/www.kirche-hettenhausen.de\\\/site\\\/#\\\/schema\\\/person\\\/7740d89d8f816da861ece2b378a21c57\",\"name\":\"Marion Friedrich\",\"url\":\"https:\\\/\\\/www.kirche-hettenhausen.de\\\/site\\\/author\\\/m-friedrichkirche-hettenhausen-de\\\/\"}]}<\/script>\n<!-- \/ Yoast SEO plugin. -->","yoast_head_json":{"title":"Meditative Wanderung - Ev.-luth. Kirchengemeinde Hettenhausen - Dalherda","robots":{"index":"index","follow":"follow","max-snippet":"max-snippet:-1","max-image-preview":"max-image-preview:large","max-video-preview":"max-video-preview:-1"},"canonical":"https:\/\/www.kirche-hettenhausen.de\/site\/2024\/04\/meditative-wanderung\/","og_locale":"de_DE","og_type":"article","og_title":"Meditative Wanderung - Ev.-luth. Kirchengemeinde Hettenhausen - Dalherda","og_description":"Am Samstag, 25. Mai 2024 treffen wir uns um 14:00 Uhr am Pfarrhaus in Hettenhausen und starten einen Rundweg. In regelm\u00e4\u00dfigen Abst\u00e4nden machen wir Halt und h\u00f6ren meditative Texte. Am Ende geht es zum Ausgangspunkt zur\u00fcck. Anmeldung bitte bis 23. Mai 2024 im Pfarramt &nbsp; Einige Gedanken zum Wandern und Pilgern Die erhabene Sprache der [&hellip;]","og_url":"https:\/\/www.kirche-hettenhausen.de\/site\/2024\/04\/meditative-wanderung\/","og_site_name":"Ev.-luth. Kirchengemeinde Hettenhausen - Dalherda","article_published_time":"2024-04-01T22:00:14+00:00","article_modified_time":"2024-05-19T15:55:09+00:00","og_image":[{"width":393,"height":264,"url":"https:\/\/www.kirche-hettenhausen.de\/site\/wp-content\/uploads\/2024\/02\/Pilgerweg.jpg","type":"image\/jpeg"}],"author":"Marion Friedrich","twitter_card":"summary_large_image","twitter_misc":{"Verfasst von":"Marion Friedrich","Gesch\u00e4tzte Lesezeit":"2\u00a0Minuten"},"schema":{"@context":"https:\/\/schema.org","@graph":[{"@type":"Article","@id":"https:\/\/www.kirche-hettenhausen.de\/site\/2024\/04\/meditative-wanderung\/#article","isPartOf":{"@id":"https:\/\/www.kirche-hettenhausen.de\/site\/2024\/04\/meditative-wanderung\/"},"author":{"name":"Marion Friedrich","@id":"https:\/\/www.kirche-hettenhausen.de\/site\/#\/schema\/person\/7740d89d8f816da861ece2b378a21c57"},"headline":"Meditative Wanderung","datePublished":"2024-04-01T22:00:14+00:00","dateModified":"2024-05-19T15:55:09+00:00","mainEntityOfPage":{"@id":"https:\/\/www.kirche-hettenhausen.de\/site\/2024\/04\/meditative-wanderung\/"},"wordCount":178,"image":{"@id":"https:\/\/www.kirche-hettenhausen.de\/site\/2024\/04\/meditative-wanderung\/#primaryimage"},"thumbnailUrl":"https:\/\/www.kirche-hettenhausen.de\/site\/wp-content\/uploads\/2024\/02\/Pilgerweg.jpg","keywords":["Hettenhausen","Martin-Luther-Haus","Pfarrer","Veranstaltungen"],"articleSection":["Hettenhausen","Martin-Luther-Haus","Veranstaltungen"],"inLanguage":"de"},{"@type":"WebPage","@id":"https:\/\/www.kirche-hettenhausen.de\/site\/2024\/04\/meditative-wanderung\/","url":"https:\/\/www.kirche-hettenhausen.de\/site\/2024\/04\/meditative-wanderung\/","name":"Meditative Wanderung - Ev.-luth. Kirchengemeinde Hettenhausen - Dalherda","isPartOf":{"@id":"https:\/\/www.kirche-hettenhausen.de\/site\/#website"},"primaryImageOfPage":{"@id":"https:\/\/www.kirche-hettenhausen.de\/site\/2024\/04\/meditative-wanderung\/#primaryimage"},"image":{"@id":"https:\/\/www.kirche-hettenhausen.de\/site\/2024\/04\/meditative-wanderung\/#primaryimage"},"thumbnailUrl":"https:\/\/www.kirche-hettenhausen.de\/site\/wp-content\/uploads\/2024\/02\/Pilgerweg.jpg","datePublished":"2024-04-01T22:00:14+00:00","dateModified":"2024-05-19T15:55:09+00:00","author":{"@id":"https:\/\/www.kirche-hettenhausen.de\/site\/#\/schema\/person\/7740d89d8f816da861ece2b378a21c57"},"breadcrumb":{"@id":"https:\/\/www.kirche-hettenhausen.de\/site\/2024\/04\/meditative-wanderung\/#breadcrumb"},"inLanguage":"de","potentialAction":[{"@type":"ReadAction","target":["https:\/\/www.kirche-hettenhausen.de\/site\/2024\/04\/meditative-wanderung\/"]}]},{"@type":"ImageObject","inLanguage":"de","@id":"https:\/\/www.kirche-hettenhausen.de\/site\/2024\/04\/meditative-wanderung\/#primaryimage","url":"https:\/\/www.kirche-hettenhausen.de\/site\/wp-content\/uploads\/2024\/02\/Pilgerweg.jpg","contentUrl":"https:\/\/www.kirche-hettenhausen.de\/site\/wp-content\/uploads\/2024\/02\/Pilgerweg.jpg","width":393,"height":264},{"@type":"BreadcrumbList","@id":"https:\/\/www.kirche-hettenhausen.de\/site\/2024\/04\/meditative-wanderung\/#breadcrumb","itemListElement":[{"@type":"ListItem","position":1,"name":"Startseite","item":"https:\/\/www.kirche-hettenhausen.de\/site\/"},{"@type":"ListItem","position":2,"name":"Meditative Wanderung"}]},{"@type":"WebSite","@id":"https:\/\/www.kirche-hettenhausen.de\/site\/#website","url":"https:\/\/www.kirche-hettenhausen.de\/site\/","name":"Ev.-luth. Kirchengemeinde Hettenhausen - Dalherda","description":"Homepage der Ev.-luth. Kirchengemeinde Hettenhausen - Dalherda","potentialAction":[{"@type":"SearchAction","target":{"@type":"EntryPoint","urlTemplate":"https:\/\/www.kirche-hettenhausen.de\/site\/?s={search_term_string}"},"query-input":{"@type":"PropertyValueSpecification","valueRequired":true,"valueName":"search_term_string"}}],"inLanguage":"de"},{"@type":"Person","@id":"https:\/\/www.kirche-hettenhausen.de\/site\/#\/schema\/person\/7740d89d8f816da861ece2b378a21c57","name":"Marion Friedrich","url":"https:\/\/www.kirche-hettenhausen.de\/site\/author\/m-friedrichkirche-hettenhausen-de\/"}]}},"_links":{"self":[{"href":"https:\/\/www.kirche-hettenhausen.de\/site\/wp-json\/wp\/v2\/posts\/14749","targetHints":{"allow":["GET"]}}],"collection":[{"href":"https:\/\/www.kirche-hettenhausen.de\/site\/wp-json\/wp\/v2\/posts"}],"about":[{"href":"https:\/\/www.kirche-hettenhausen.de\/site\/wp-json\/wp\/v2\/types\/post"}],"author":[{"embeddable":true,"href":"https:\/\/www.kirche-hettenhausen.de\/site\/wp-json\/wp\/v2\/users\/2"}],"replies":[{"embeddable":true,"href":"https:\/\/www.kirche-hettenhausen.de\/site\/wp-json\/wp\/v2\/comments?post=14749"}],"version-history":[{"count":4,"href":"https:\/\/www.kirche-hettenhausen.de\/site\/wp-json\/wp\/v2\/posts\/14749\/revisions"}],"predecessor-version":[{"id":14910,"href":"https:\/\/www.kirche-hettenhausen.de\/site\/wp-json\/wp\/v2\/posts\/14749\/revisions\/14910"}],"wp:featuredmedia":[{"embeddable":true,"href":"https:\/\/www.kirche-hettenhausen.de\/site\/wp-json\/wp\/v2\/media\/14748"}],"wp:attachment":[{"href":"https:\/\/www.kirche-hettenhausen.de\/site\/wp-json\/wp\/v2\/media?parent=14749"}],"wp:term":[{"taxonomy":"category","embeddable":true,"href":"https:\/\/www.kirche-hettenhausen.de\/site\/wp-json\/wp\/v2\/categories?post=14749"},{"taxonomy":"post_tag","embeddable":true,"href":"https:\/\/www.kirche-hettenhausen.de\/site\/wp-json\/wp\/v2\/tags?post=14749"}],"curies":[{"name":"wp","href":"https:\/\/api.w.org\/{rel}","templated":true}]}}