{"id":14522,"date":"2024-02-11T23:21:28","date_gmt":"2024-02-11T22:21:28","guid":{"rendered":"https:\/\/kirche-hettenhausen.de\/site\/?p=14522"},"modified":"2024-02-12T21:03:04","modified_gmt":"2024-02-12T20:03:04","slug":"volles-haus-tolles-haus-martin-luther-haus","status":"publish","type":"post","link":"https:\/\/www.kirche-hettenhausen.de\/site\/2024\/02\/volles-haus-tolles-haus-martin-luther-haus\/","title":{"rendered":"VOLLES Haus &#8211; TOLLES Haus &#8211; Martin-Luther-Haus!"},"content":{"rendered":"<p>Was f\u00fcr eine Party! In diesem Jahr startete die \u201eNachmittags-Fremdensitzung der Rh\u00f6n\u201c im Martin-Luther-Haus am 09.02.2024.<\/p>\n<p><!--more--><\/p>\n<p>Nach dem Kaffeetrinken ging das Programm los, Pfarrerin Beate Ehlert begr\u00fc\u00dfte die Faschingsgemeinde und ermunterte zum Frohsinn. Sie erfreute uns mit einem Beitrag in Reimform und berichtete dar\u00fcber, dass Jesus auch damals schon zum Fr\u00f6hlichsein aufgerufen hat. Das war der richtige Startschuss\u2026<\/p>\n<p>Es ging weiter mit einer Umfrage \u00fcber Musikgeschmack der deutschen Bev\u00f6lkerung. Hier wurden durch die Reporterin der Osthessen-News am Kirchberg Interviews gestartet bzgl. Lieblingsmusik und Lieblingsliedern. Allerdings erkl\u00e4rten sich die Befragten bereit, nach der Kirche durch einen L\u00fcgendetektor zu schreiten, der feststellen sollte, inwieweit die Selbsteinsch\u00e4tzung richtig liegt. Ich kann euch sagen, da gab es \u00dcberraschungen und 100 % der Probanden lagen daneben, denn es kamen komplett andere Musikneigungen ans Tageslicht. Beste Starbesetzung wurde dem begeisterten Publikum geboten. Tolle Inszenierung. (Idee: Inge Kesenheimer)<\/p>\n<p>Im Anschluss begr\u00fc\u00dften wir in der B\u00fctt unsere H\u00e4tteh\u00e4userin Christel Erang, die auf Platt so einiges \u00fcber fr\u00fcher und heute zu berichten hatte. Bei den Hausnamen war auch das Publikum gefragt und jeder konnte sich einem Clan zuordnen. Super!<\/p>\n<p>Der n\u00e4chste Programmpunkt wurde vom Kirchench\u00f6rchen Hettenhausen gestaltet unter der Leitung von Ulrike Zitzmann. Toll anzusehen waren die Teilnehmerinnen als Hannes aus der Knopffabrik. \u201eHannes, haste Zeit\u2026 ich sagte: Joo.\u201c Die 7 Hannese \ud83d\ude42\u00a0mussten die Kn\u00f6pfe mit allen K\u00f6rperteilen drehen. Sehr witzig.<\/p>\n<p>Nun besuchte uns der Rh\u00f6ner Plattgold-Star Franz Habersack (120 Hektar, 40 F\u00e4rkels\u00e4u un ledich) alias Elisabeth Mohr. Nachdem er nicht sicher war, ob er im evangelischen Hettenhausen auftreten will, hat seine Oma ihn \u00fcberredet wegen interreligi\u00f6sem Dingsda usw. Er erz\u00e4hlte uns von seinen Aktivit\u00e4ten beim Klamottenkauf und im Fitnessstudio. Naja, jedenfalls brauchte er f\u00fcr seine Aufregung nicht die indische Klangschalentherapie, sondern die Rh\u00f6ner S\u00e4ueimertherapie. HE HO, de S\u00e4ustall br\u00e4nnt\u2026 Was soll ich sagen, das Publikum machte mit und wurde auch therapiert.<\/p>\n<p>Es folgte die Adjutantengarde mit einem hervorragenden Gardetanz und das Publikum bekam einen Augenschmaus der besonderen Art. Mit diesem Tanz schafften die jungen Damen sogar den 2. Platz auf dem Gardeturnier. Bravo. (Leitung: Lena Heil)<\/p>\n<p>Als weiterer H\u00f6hepunkt marschierte das 2. Hettenh\u00e4user Prinzenpaar Michael und Susanne mit Gefolge ein und die Narren begr\u00fc\u00dften sie mit einem dreifach donnernden: \u201eWir sind nicht jung, wir sind nicht fit \u2013 wir machen jeden Bl\u00f6dsinn mit\u201c. Wie toll, wieder ein so sympathisches Prinzenpaar zu haben. Hettenhausen &#8211; HELAU.<\/p>\n<p>Nun waren ALLE Kinder dran, gro\u00df und klein, mit dem Tante-Rita-Abschlusstanz. Herzig und lustig. Da brauchte man Kondition, um mitzuhalten. (Leitung: Lena Heil)<\/p>\n<p>Zum Abschluss des Programms unterhielten uns gekonnt die Traumt\u00e4nzer, allesamt jung und fit. Die \u201eJ\u00e4germeisterschaften\u201c spielten im Wald und lie\u00dfen R\u00fcckschl\u00fcsse auf die Proben zu. Einfach toll. (Leitung: Leonie Scharf und Anna Gutmann)<\/p>\n<p>Eine tolle Sitzung ging zu Ende, die Stimmung war bestens, die Vortr\u00e4ge allesamt sehr gelungen. Und es wurde viel Platt gesprochen, das freut mich ganz besonders.<\/p>\n<p>DANKE nochmal an euch G\u00e4ste, die ihr so zahlreich gekommen seid! DANKE auch an alle Aktiven, die gesprochen, gespielt, getanzt, musiziert, an den Technikkn\u00f6pfen gedreht, geholfen, vorbereitet und nachbereitet haben. Spitze! Und auch ganz besonderen Dank an die Kuchen- und Kr\u00e4ppelb\u00e4ckerinnen. Lecker!<\/p>\n<p>Sch\u00f6n war&#8217;s. HELAU.<\/p>\n<p>Eure Elisabeth Mohr<\/p>\n<p>&nbsp;<\/p>\n<hr \/>\n<p>Zum Erinnern und f\u00fcr all diejenigen, die es dieses Jahr nicht zur Rh\u00f6ner Nachmittags-Fremdensitzung ins Martin-Luther-Haus geschafft haben, hier ein paar Einblicke in eine wahrhaft TOLLE Veranstaltung:<\/p>\n<div id=\"metaslider-id-14525\" style=\"width: 100%;\" class=\"ml-slider-3-108-0 metaslider metaslider-nivo metaslider-14525 ml-slider ms-theme-default\" role=\"region\" aria-label=\"Fasching 2024\" data-height=\"533\" data-width=\"800\">\n    <div id=\"metaslider_container_14525\">\n        <div class='slider-wrapper theme-default'><div class='ribbon'><\/div><div id='metaslider_14525' class='nivoSlider'><img loading=\"lazy\" decoding=\"async\" src=\"https:\/\/www.kirche-hettenhausen.de\/site\/wp-content\/uploads\/2024\/01\/Orange-Einfach-Fasching-Party-Instagram-Post_20240107_111725_0000-800x533.jpg\" height=\"533\" width=\"800\" title=\"Orange Einfach Fasching Party Instagram Post_20240107_111725_0000\" alt=\"\" class=\"slider-14525 slide-14526 msDefaultImage\" \/><img loading=\"lazy\" decoding=\"async\" src=\"https:\/\/www.kirche-hettenhausen.de\/site\/wp-content\/uploads\/2024\/02\/DSC08967.jpg\" height=\"533\" width=\"800\" title=\"Rh\u00f6ner Nachmittags-Fremdensitzung\" alt=\"Fasching 2024 MLH\" class=\"slider-14525 slide-14628 msDefaultImage\" \/><img loading=\"lazy\" decoding=\"async\" src=\"https:\/\/www.kirche-hettenhausen.de\/site\/wp-content\/uploads\/2024\/02\/DSC08976.jpg\" height=\"533\" width=\"800\" title=\"Rh\u00f6ner Nachmittags-Fremdensitzung\" alt=\"Fasching 2024 MLH\" class=\"slider-14525 slide-14629 msDefaultImage\" \/><img loading=\"lazy\" decoding=\"async\" src=\"https:\/\/www.kirche-hettenhausen.de\/site\/wp-content\/uploads\/2024\/02\/DSC08979.jpg\" height=\"533\" width=\"800\" title=\"Rh\u00f6ner Nachmittags-Fremdensitzung\" alt=\"Fasching 2024 MLH Elisabeth Mohr\" class=\"slider-14525 slide-14630 msDefaultImage\" \/><img loading=\"lazy\" decoding=\"async\" src=\"https:\/\/www.kirche-hettenhausen.de\/site\/wp-content\/uploads\/2024\/02\/DSC08981-800x533.jpg\" height=\"533\" width=\"800\" title=\"Rh\u00f6ner Nachmittags-Fremdensitzung\" alt=\"Fasching 2024 MLH Petra Sauer\" class=\"slider-14525 slide-14631 msDefaultImage\" \/><img loading=\"lazy\" decoding=\"async\" src=\"https:\/\/www.kirche-hettenhausen.de\/site\/wp-content\/uploads\/2024\/02\/DSC08985.jpg\" height=\"533\" width=\"800\" title=\"Rh\u00f6ner Nachmittags-Fremdensitzung\" alt=\"Fasching 2024 MLH Beate Ehlert\" class=\"slider-14525 slide-14632 msDefaultImage\" \/><img loading=\"lazy\" decoding=\"async\" src=\"https:\/\/www.kirche-hettenhausen.de\/site\/wp-content\/uploads\/2024\/02\/DSC08989.jpg\" height=\"533\" width=\"800\" title=\"Rh\u00f6ner Nachmittags-Fremdensitzung\" alt=\"Fasching 2024 MLH\" class=\"slider-14525 slide-14633 msDefaultImage\" \/><img loading=\"lazy\" decoding=\"async\" src=\"https:\/\/www.kirche-hettenhausen.de\/site\/wp-content\/uploads\/2024\/02\/DSC08991.jpg\" height=\"533\" width=\"800\" title=\"Rh\u00f6ner Nachmittags-Fremdensitzung\" alt=\"Fasching 2024 MLH\" class=\"slider-14525 slide-14634 msDefaultImage\" \/><img loading=\"lazy\" decoding=\"async\" src=\"https:\/\/www.kirche-hettenhausen.de\/site\/wp-content\/uploads\/2024\/02\/DSC08997.jpg\" height=\"533\" width=\"800\" title=\"Rh\u00f6ner Nachmittags-Fremdensitzung\" alt=\"Fasching 2024 MLH\" class=\"slider-14525 slide-14635 msDefaultImage\" \/><img loading=\"lazy\" decoding=\"async\" src=\"https:\/\/www.kirche-hettenhausen.de\/site\/wp-content\/uploads\/2024\/02\/DSC09001.jpg\" height=\"533\" width=\"800\" title=\"Rh\u00f6ner Nachmittags-Fremdensitzung\" alt=\"Fasching 2024 MLH\" class=\"slider-14525 slide-14636 msDefaultImage\" \/><img loading=\"lazy\" decoding=\"async\" src=\"https:\/\/www.kirche-hettenhausen.de\/site\/wp-content\/uploads\/2024\/02\/DSC09006.jpg\" height=\"533\" width=\"800\" title=\"Rh\u00f6ner Nachmittags-Fremdensitzung\" alt=\"Fasching 2024 MLH\" class=\"slider-14525 slide-14637 msDefaultImage\" \/><img loading=\"lazy\" decoding=\"async\" src=\"https:\/\/www.kirche-hettenhausen.de\/site\/wp-content\/uploads\/2024\/02\/DSC09007.jpg\" height=\"533\" width=\"800\" title=\"Rh\u00f6ner Nachmittags-Fremdensitzung\" alt=\"Fasching 2024 MLH\" class=\"slider-14525 slide-14638 msDefaultImage\" \/><img loading=\"lazy\" decoding=\"async\" src=\"https:\/\/www.kirche-hettenhausen.de\/site\/wp-content\/uploads\/2024\/02\/DSC09011.jpg\" height=\"533\" width=\"800\" title=\"Rh\u00f6ner Nachmittags-Fremdensitzung\" alt=\"Fasching 2024 MLH\" class=\"slider-14525 slide-14639 msDefaultImage\" \/><img loading=\"lazy\" decoding=\"async\" src=\"https:\/\/www.kirche-hettenhausen.de\/site\/wp-content\/uploads\/2024\/02\/DSC09013.jpg\" height=\"533\" width=\"800\" title=\"Rh\u00f6ner Nachmittags-Fremdensitzung\" alt=\"Fasching 2024 MLH\" class=\"slider-14525 slide-14640 msDefaultImage\" \/><img loading=\"lazy\" decoding=\"async\" src=\"https:\/\/www.kirche-hettenhausen.de\/site\/wp-content\/uploads\/2024\/02\/DSC09018.jpg\" height=\"533\" width=\"800\" title=\"Rh\u00f6ner Nachmittags-Fremdensitzung\" alt=\"Fasching 2924 MLH\" class=\"slider-14525 slide-14641 msDefaultImage\" \/><img loading=\"lazy\" decoding=\"async\" src=\"https:\/\/www.kirche-hettenhausen.de\/site\/wp-content\/uploads\/2024\/02\/DSC09020.jpg\" height=\"533\" width=\"800\" title=\"Rh\u00f6ner Nachmittags-Fremdensitzung\" alt=\"Fasching 2024 MLH\" class=\"slider-14525 slide-14642 msDefaultImage\" \/><img loading=\"lazy\" decoding=\"async\" src=\"https:\/\/www.kirche-hettenhausen.de\/site\/wp-content\/uploads\/2024\/02\/DSC09024.jpg\" height=\"533\" width=\"800\" title=\"Rh\u00f6ner Nachmittags-Fremdensitzung\" alt=\"Fasching 2024 MLH\" class=\"slider-14525 slide-14643 msDefaultImage\" \/><img loading=\"lazy\" decoding=\"async\" src=\"https:\/\/www.kirche-hettenhausen.de\/site\/wp-content\/uploads\/2024\/02\/DSC09031.jpg\" height=\"533\" width=\"800\" title=\"Rh\u00f6ner Nachmittags-Fremdensitzung\" alt=\"Fasching 2024 MLH\" class=\"slider-14525 slide-14644 msDefaultImage\" \/><img loading=\"lazy\" decoding=\"async\" src=\"https:\/\/www.kirche-hettenhausen.de\/site\/wp-content\/uploads\/2024\/02\/DSC09034.jpg\" height=\"533\" width=\"800\" title=\"Rh\u00f6ner Nachmittags-Fremdensitzung\" alt=\"Fasching 2025 MLH\" class=\"slider-14525 slide-14645 msDefaultImage\" \/><img loading=\"lazy\" decoding=\"async\" src=\"https:\/\/www.kirche-hettenhausen.de\/site\/wp-content\/uploads\/2024\/02\/DSC09038.jpg\" height=\"533\" width=\"800\" title=\"Rh\u00f6ner Nachmittags-Fremdensitzung\" alt=\"Fasching 2024 MLH\" class=\"slider-14525 slide-14646 msDefaultImage\" \/><img loading=\"lazy\" decoding=\"async\" src=\"https:\/\/www.kirche-hettenhausen.de\/site\/wp-content\/uploads\/2024\/02\/DSC09040.jpg\" height=\"533\" width=\"800\" title=\"Rh\u00f6ner Nachmittags-Fremdensitzung\" alt=\"Fasching 2024 MLH\" class=\"slider-14525 slide-14647 msDefaultImage\" \/><img loading=\"lazy\" decoding=\"async\" src=\"https:\/\/www.kirche-hettenhausen.de\/site\/wp-content\/uploads\/2024\/02\/DSC09045.jpg\" height=\"533\" width=\"800\" title=\"Rh\u00f6ner Nachmittags-Fremdensitzung\" alt=\"Fasching 2024 MLH\" class=\"slider-14525 slide-14648 msDefaultImage\" \/><img loading=\"lazy\" decoding=\"async\" src=\"https:\/\/www.kirche-hettenhausen.de\/site\/wp-content\/uploads\/2024\/02\/DSC09049.jpg\" height=\"533\" width=\"800\" title=\"Rh\u00f6ner Nachmittags-Fremdensitzung\" alt=\"Fasching 2024 MLH\" class=\"slider-14525 slide-14649 msDefaultImage\" \/><img loading=\"lazy\" decoding=\"async\" src=\"https:\/\/www.kirche-hettenhausen.de\/site\/wp-content\/uploads\/2024\/02\/DSC09051.jpg\" height=\"533\" width=\"800\" title=\"Rh\u00f6ner Nachmittags-Fremdensitzung\" alt=\"Fasching 2024 MLH\" class=\"slider-14525 slide-14650 msDefaultImage\" \/><img loading=\"lazy\" decoding=\"async\" src=\"https:\/\/www.kirche-hettenhausen.de\/site\/wp-content\/uploads\/2024\/02\/DSC09054.jpg\" height=\"533\" width=\"800\" title=\"Rh\u00f6ner Nachmittags-Fremdensitzung\" alt=\"Fasching 2024 MLH\" class=\"slider-14525 slide-14651 msDefaultImage\" \/><img loading=\"lazy\" decoding=\"async\" src=\"https:\/\/www.kirche-hettenhausen.de\/site\/wp-content\/uploads\/2024\/02\/DSC09057.jpg\" height=\"533\" width=\"800\" title=\"Rh\u00f6ner Nachmittags-Fremdensitzung\" alt=\"Fasching 2023 MLH\" class=\"slider-14525 slide-14652 msDefaultImage\" \/><img loading=\"lazy\" decoding=\"async\" src=\"https:\/\/www.kirche-hettenhausen.de\/site\/wp-content\/uploads\/2024\/02\/DSC09065.jpg\" height=\"533\" width=\"800\" title=\"Rh\u00f6ner Nachmittags-Fremdensitzung\" alt=\"Fasching 20224 MLH\" class=\"slider-14525 slide-14653 msDefaultImage\" \/><img loading=\"lazy\" decoding=\"async\" src=\"https:\/\/www.kirche-hettenhausen.de\/site\/wp-content\/uploads\/2024\/02\/DSC09068.jpg\" height=\"533\" width=\"800\" title=\"Rh\u00f6ner Nachmittags-Fremdensitzung\" alt=\"Fasching 2024 MLH\" class=\"slider-14525 slide-14654 msDefaultImage\" \/><img loading=\"lazy\" decoding=\"async\" src=\"https:\/\/www.kirche-hettenhausen.de\/site\/wp-content\/uploads\/2024\/02\/DSC09074.jpg\" height=\"533\" width=\"800\" title=\"Rh\u00f6ner Nachmittags-Fremdensitzung\" alt=\"Fasching 2024 MLH\" class=\"slider-14525 slide-14655 msDefaultImage\" \/><img loading=\"lazy\" decoding=\"async\" src=\"https:\/\/www.kirche-hettenhausen.de\/site\/wp-content\/uploads\/2024\/02\/DSC09081.jpg\" height=\"533\" width=\"800\" title=\"Rh\u00f6ner Nachmittags-Fremdensitzung\" alt=\"Fasching 2024 MLH\" class=\"slider-14525 slide-14656 msDefaultImage\" \/><img loading=\"lazy\" decoding=\"async\" src=\"https:\/\/www.kirche-hettenhausen.de\/site\/wp-content\/uploads\/2024\/02\/DSC09084.jpg\" height=\"533\" width=\"800\" title=\"Rh\u00f6ner Nachmittags-Fremdensitzung\" alt=\"Fasching 2024 MLH\" class=\"slider-14525 slide-14657 msDefaultImage\" \/><img loading=\"lazy\" decoding=\"async\" src=\"https:\/\/www.kirche-hettenhausen.de\/site\/wp-content\/uploads\/2024\/02\/DSC09085.jpg\" height=\"533\" width=\"800\" title=\"Rh\u00f6ner Nachmittags-Fremdensitzung\" alt=\"Fasching 2024 MLH\" class=\"slider-14525 slide-14658 msDefaultImage\" \/><img loading=\"lazy\" decoding=\"async\" src=\"https:\/\/www.kirche-hettenhausen.de\/site\/wp-content\/uploads\/2024\/02\/DSC09093.jpg\" height=\"533\" width=\"800\" title=\"Rh\u00f6ner Nachmittags-Fremdensitzung\" alt=\"Fasching 2024 MLH\" class=\"slider-14525 slide-14659 msDefaultImage\" \/><img loading=\"lazy\" decoding=\"async\" src=\"https:\/\/www.kirche-hettenhausen.de\/site\/wp-content\/uploads\/2024\/02\/DSC09095.jpg\" height=\"533\" width=\"800\" title=\"Rh\u00f6ner Nachmittags-Fremdensitzung\" alt=\"Fasching 2024 MLH\" class=\"slider-14525 slide-14660 msDefaultImage\" \/><img loading=\"lazy\" decoding=\"async\" src=\"https:\/\/www.kirche-hettenhausen.de\/site\/wp-content\/uploads\/2024\/02\/DSC09098-800x533.jpg\" height=\"533\" width=\"800\" title=\"Rh\u00f6ner Nachmittags-Fremdensitzung\" alt=\"Fasching 2024 MLH\" class=\"slider-14525 slide-14661 msDefaultImage\" \/><img loading=\"lazy\" decoding=\"async\" src=\"https:\/\/www.kirche-hettenhausen.de\/site\/wp-content\/uploads\/2024\/02\/IMG_20240208_195017.jpg\" height=\"533\" width=\"800\" title=\"Rh\u00f6ner Nachmittags-Fremdensitzung\" alt=\"Fasching 2024 MLH\" class=\"slider-14525 slide-14673 msDefaultImage\" \/><img loading=\"lazy\" decoding=\"async\" src=\"https:\/\/www.kirche-hettenhausen.de\/site\/wp-content\/uploads\/2024\/02\/IMG_20240208_194952.jpg\" height=\"533\" width=\"800\" title=\"Rh\u00f6ner Nachmittags-Fremdensitzung\" alt=\"Fasching 2024 MLH\" class=\"slider-14525 slide-14674 msDefaultImage\" \/><img loading=\"lazy\" decoding=\"async\" src=\"https:\/\/www.kirche-hettenhausen.de\/site\/wp-content\/uploads\/2024\/02\/DSC09105.jpg\" height=\"533\" width=\"800\" title=\"Rh\u00f6ner Nachmittags-Fremdensitzung\" alt=\"Fasching 2024 MLH\" class=\"slider-14525 slide-14663 msDefaultImage\" \/><img loading=\"lazy\" decoding=\"async\" src=\"https:\/\/www.kirche-hettenhausen.de\/site\/wp-content\/uploads\/2024\/02\/DSC09111.jpg\" height=\"533\" width=\"800\" title=\"Rh\u00f6ner Nachmittags-Fremdensitzung\" alt=\"Fasching 2024 MLH\" class=\"slider-14525 slide-14664 msDefaultImage\" \/><img loading=\"lazy\" decoding=\"async\" src=\"https:\/\/www.kirche-hettenhausen.de\/site\/wp-content\/uploads\/2024\/02\/DSC09115.jpg\" height=\"533\" width=\"800\" title=\"Rh\u00f6ner Nachmittags-Fremdensitzung\" alt=\"Fasching 2024 MLH\" class=\"slider-14525 slide-14665 msDefaultImage\" \/><img loading=\"lazy\" decoding=\"async\" src=\"https:\/\/www.kirche-hettenhausen.de\/site\/wp-content\/uploads\/2024\/02\/DSC09116.jpg\" height=\"533\" width=\"800\" title=\"Rh\u00f6ner Nachmittags-Fremdensitzung\" alt=\"Fasching 2024 MLH\" class=\"slider-14525 slide-14666 msDefaultImage\" \/><img loading=\"lazy\" decoding=\"async\" src=\"https:\/\/www.kirche-hettenhausen.de\/site\/wp-content\/uploads\/2024\/02\/DSC09134.jpg\" height=\"533\" width=\"800\" title=\"Rh\u00f6ner Nachmittags-Fremdensitzung\" alt=\"Fasching 2024 MLH\" class=\"slider-14525 slide-14667 msDefaultImage\" \/><img loading=\"lazy\" decoding=\"async\" src=\"https:\/\/www.kirche-hettenhausen.de\/site\/wp-content\/uploads\/2024\/02\/DSC09128.jpg\" height=\"533\" width=\"800\" title=\"Rh\u00f6ner Nachmittags-Fremdensitzung\" alt=\"Fasching 2024 MLH\" class=\"slider-14525 slide-14668 msDefaultImage\" \/><img loading=\"lazy\" decoding=\"async\" src=\"https:\/\/www.kirche-hettenhausen.de\/site\/wp-content\/uploads\/2024\/02\/DSC09130.jpg\" height=\"533\" width=\"800\" title=\"Rh\u00f6ner Nachmittags-Fremdensitzung\" alt=\"Fasching 2024 MLH\" class=\"slider-14525 slide-14669 msDefaultImage\" \/><img loading=\"lazy\" decoding=\"async\" src=\"https:\/\/www.kirche-hettenhausen.de\/site\/wp-content\/uploads\/2024\/02\/DSC09134.jpg\" height=\"533\" width=\"800\" title=\"Rh\u00f6ner Nachmittags-Fremdensitzung\" alt=\"Fasching 2024 MLH\" class=\"slider-14525 slide-14670 msDefaultImage\" \/><img loading=\"lazy\" decoding=\"async\" src=\"https:\/\/www.kirche-hettenhausen.de\/site\/wp-content\/uploads\/2024\/02\/DSC09132.jpg\" height=\"533\" width=\"800\" title=\"Rh\u00f6ner Nachmittags-Fremdensitzung\" alt=\"Fasching 2024 MLH\" class=\"slider-14525 slide-14671 msDefaultImage\" \/><img loading=\"lazy\" decoding=\"async\" src=\"https:\/\/www.kirche-hettenhausen.de\/site\/wp-content\/uploads\/2024\/02\/IMG-20240208-WA0042-800x533.jpg\" height=\"533\" width=\"800\" title=\"Rh\u00f6ner Nachmittags-Fremdensitzung\" alt=\"Fasching 2024 MLH\" class=\"slider-14525 slide-14672 msDefaultImage\" \/><img loading=\"lazy\" decoding=\"async\" src=\"https:\/\/www.kirche-hettenhausen.de\/site\/wp-content\/uploads\/2024\/02\/DSC09135.jpg\" height=\"533\" width=\"800\" title=\"Rh\u00f6ner Nachmittags-Fremdensitzung\" alt=\"Fasching 2024 MLH\" class=\"slider-14525 slide-14675 msDefaultImage\" \/><img loading=\"lazy\" decoding=\"async\" src=\"https:\/\/www.kirche-hettenhausen.de\/site\/wp-content\/uploads\/2024\/02\/DSC09136.jpg\" height=\"533\" width=\"800\" title=\"Rh\u00f6ner Nachmittags-Fremdensitzung\" alt=\"Fasching 2024 MLH\" class=\"slider-14525 slide-14676 msDefaultImage\" \/><img loading=\"lazy\" decoding=\"async\" src=\"https:\/\/www.kirche-hettenhausen.de\/site\/wp-content\/uploads\/2024\/02\/DSC09139.jpg\" height=\"533\" width=\"800\" title=\"Rh\u00f6ner Nachmittags-Fremdensitzung\" alt=\"Fasching 2024 MLH\" class=\"slider-14525 slide-14677 msDefaultImage\" \/><img loading=\"lazy\" decoding=\"async\" src=\"https:\/\/www.kirche-hettenhausen.de\/site\/wp-content\/uploads\/2024\/02\/DSC09140.jpg\" height=\"533\" width=\"800\" title=\"Rh\u00f6ner Nachmittags-Fremdensitzung\" alt=\"Fasching 2024 MLH\" class=\"slider-14525 slide-14678 msDefaultImage\" \/><img loading=\"lazy\" decoding=\"async\" src=\"https:\/\/www.kirche-hettenhausen.de\/site\/wp-content\/uploads\/2024\/02\/DSC09141.jpg\" height=\"533\" width=\"800\" title=\"Rh\u00f6ner Nachmittags-Fremdensitzung\" alt=\"Fasching 2024 MLH\" class=\"slider-14525 slide-14679 msDefaultImage\" \/><img loading=\"lazy\" decoding=\"async\" src=\"https:\/\/www.kirche-hettenhausen.de\/site\/wp-content\/uploads\/2024\/02\/DSC09142.jpg\" height=\"533\" width=\"800\" title=\"Rh\u00f6ner Nachmittags-Fremdensitzung\" alt=\"Fasching 2024 MLH\" class=\"slider-14525 slide-14680 msDefaultImage\" \/><img loading=\"lazy\" decoding=\"async\" src=\"https:\/\/www.kirche-hettenhausen.de\/site\/wp-content\/uploads\/2024\/02\/DSC09147.jpg\" height=\"533\" width=\"800\" title=\"Rh\u00f6ner Nachmittags-Fremdensitzung\" alt=\"Fasching 2024 MLH\" class=\"slider-14525 slide-14681 msDefaultImage\" \/><img loading=\"lazy\" decoding=\"async\" src=\"https:\/\/www.kirche-hettenhausen.de\/site\/wp-content\/uploads\/2024\/02\/DSC09150.jpg\" height=\"533\" width=\"800\" title=\"Rh\u00f6ner Nachmittags-Fremdensitzung\" alt=\"Fasching 2024 MLH\" class=\"slider-14525 slide-14682 msDefaultImage\" \/><img loading=\"lazy\" decoding=\"async\" src=\"https:\/\/www.kirche-hettenhausen.de\/site\/wp-content\/uploads\/2024\/02\/DSC09153.jpg\" height=\"533\" width=\"800\" title=\"Rh\u00f6ner Nachmittags-Fremdensitzung\" alt=\"Fasching 2024 MLH\" class=\"slider-14525 slide-14683 msDefaultImage\" \/><img loading=\"lazy\" decoding=\"async\" src=\"https:\/\/www.kirche-hettenhausen.de\/site\/wp-content\/uploads\/2024\/02\/DSC09164.jpg\" height=\"533\" width=\"800\" title=\"Rh\u00f6ner Nachmittags-Fremdensitzung\" alt=\"Fasching 2024 MLH\" class=\"slider-14525 slide-14684 msDefaultImage\" \/><img loading=\"lazy\" decoding=\"async\" src=\"https:\/\/www.kirche-hettenhausen.de\/site\/wp-content\/uploads\/2024\/02\/DSC09154.jpg\" height=\"533\" width=\"800\" title=\"Rh\u00f6ner Nachmittags-Fremdensitzung\" alt=\"Fasching 2024 MLH\" class=\"slider-14525 slide-14685 msDefaultImage\" \/><img loading=\"lazy\" decoding=\"async\" src=\"https:\/\/www.kirche-hettenhausen.de\/site\/wp-content\/uploads\/2024\/02\/DSC09172.jpg\" height=\"533\" width=\"800\" title=\"Rh\u00f6ner Nachmittags-Fremdensitzung\" alt=\"Fasching 2024 MLH\" class=\"slider-14525 slide-14686 msDefaultImage\" \/><img loading=\"lazy\" decoding=\"async\" src=\"https:\/\/www.kirche-hettenhausen.de\/site\/wp-content\/uploads\/2024\/02\/DSC09166.jpg\" height=\"533\" width=\"800\" title=\"Rh\u00f6ner Nachmittags-Fremdensitzung\" alt=\"Fasching 2024 MLH\" class=\"slider-14525 slide-14687 msDefaultImage\" \/><img loading=\"lazy\" decoding=\"async\" src=\"https:\/\/www.kirche-hettenhausen.de\/site\/wp-content\/uploads\/2024\/02\/DSC09175.jpg\" height=\"533\" width=\"800\" title=\"Rh\u00f6ner Nachmittags-Fremdensitzung\" alt=\"Fasching 2024 MLH\" class=\"slider-14525 slide-14688 msDefaultImage\" \/><img loading=\"lazy\" decoding=\"async\" src=\"https:\/\/www.kirche-hettenhausen.de\/site\/wp-content\/uploads\/2024\/02\/DSC09176.jpg\" height=\"533\" width=\"800\" title=\"Rh\u00f6ner Nachmittags-Fremdensitzung\" alt=\"Fasching 2024 MLH\" class=\"slider-14525 slide-14689 msDefaultImage\" \/><img loading=\"lazy\" decoding=\"async\" src=\"https:\/\/www.kirche-hettenhausen.de\/site\/wp-content\/uploads\/2024\/02\/DSC09177.jpg\" height=\"533\" width=\"800\" title=\"Rh\u00f6ner Nachmittags-Fremdensitzung\" alt=\"Fasching 2024 MLH\" class=\"slider-14525 slide-14690 msDefaultImage\" \/><img loading=\"lazy\" decoding=\"async\" src=\"https:\/\/www.kirche-hettenhausen.de\/site\/wp-content\/uploads\/2024\/02\/DSC09178.jpg\" height=\"533\" width=\"800\" title=\"Rh\u00f6ner Nachmittags-Fremdensitzung\" alt=\"Fasching 2024 MLH\" class=\"slider-14525 slide-14691 msDefaultImage\" \/><img loading=\"lazy\" decoding=\"async\" src=\"https:\/\/www.kirche-hettenhausen.de\/site\/wp-content\/uploads\/2024\/02\/DSC09179.jpg\" height=\"533\" width=\"800\" title=\"Rh\u00f6ner Nachmittags-Fremdensitzung\" alt=\"Fasching 2024 MLH\" class=\"slider-14525 slide-14692 msDefaultImage\" \/><img loading=\"lazy\" decoding=\"async\" src=\"https:\/\/www.kirche-hettenhausen.de\/site\/wp-content\/uploads\/2024\/02\/DSC09180.jpg\" height=\"533\" width=\"800\" title=\"Rh\u00f6ner Nachmittags-Fremdensitzung\" alt=\"Fasching 2024 MLH\" class=\"slider-14525 slide-14693 msDefaultImage\" \/><img loading=\"lazy\" decoding=\"async\" src=\"https:\/\/www.kirche-hettenhausen.de\/site\/wp-content\/uploads\/2024\/02\/DSC09182.jpg\" height=\"533\" width=\"800\" title=\"Rh\u00f6ner Nachmittags-Fremdensitzung\" alt=\"Fasching 2024 MLH\" class=\"slider-14525 slide-14694 msDefaultImage\" \/><img loading=\"lazy\" decoding=\"async\" src=\"https:\/\/www.kirche-hettenhausen.de\/site\/wp-content\/uploads\/2024\/02\/DSC09183.jpg\" height=\"533\" width=\"800\" title=\"Rh\u00f6ner Nachmittags-Fremdensitzung\" alt=\"Fasching 2024 MLH\" class=\"slider-14525 slide-14695 msDefaultImage\" \/><img loading=\"lazy\" decoding=\"async\" src=\"https:\/\/www.kirche-hettenhausen.de\/site\/wp-content\/uploads\/2024\/02\/DSC09184.jpg\" height=\"533\" width=\"800\" title=\"Rh\u00f6ner Nachmittags-Fremdensitzung\" alt=\"Fasching 2024 MLH\" class=\"slider-14525 slide-14696 msDefaultImage\" \/><img loading=\"lazy\" decoding=\"async\" src=\"https:\/\/www.kirche-hettenhausen.de\/site\/wp-content\/uploads\/2024\/02\/DSC09186.jpg\" height=\"533\" width=\"800\" title=\"Rh\u00f6ner Nachmittags-Fremdensitzung\" alt=\"Fasching 2024 MLH\" class=\"slider-14525 slide-14697 msDefaultImage\" \/><img loading=\"lazy\" decoding=\"async\" src=\"https:\/\/www.kirche-hettenhausen.de\/site\/wp-content\/uploads\/2024\/02\/DSC09193.jpg\" height=\"533\" width=\"800\" title=\"Rh\u00f6ner Nachmittags-Fremdensitzung\" alt=\"Fasching 2024 MLH\" class=\"slider-14525 slide-14698 msDefaultImage\" \/><img loading=\"lazy\" decoding=\"async\" src=\"https:\/\/www.kirche-hettenhausen.de\/site\/wp-content\/uploads\/2024\/02\/DSC09195.jpg\" height=\"533\" width=\"800\" title=\"Rh\u00f6ner Nachmittags-Fremdensitzung\" alt=\"Fasching 2024 MLH\" class=\"slider-14525 slide-14699 msDefaultImage\" \/><img loading=\"lazy\" decoding=\"async\" src=\"https:\/\/www.kirche-hettenhausen.de\/site\/wp-content\/uploads\/2024\/02\/DSC09196.jpg\" height=\"533\" width=\"800\" title=\"Rh\u00f6ner Nachmittags-Fremdensitzung\" alt=\"Fasching 2024 MLH\" class=\"slider-14525 slide-14700 msDefaultImage\" \/><img loading=\"lazy\" decoding=\"async\" src=\"https:\/\/www.kirche-hettenhausen.de\/site\/wp-content\/uploads\/2024\/02\/DSC09198.jpg\" height=\"533\" width=\"800\" title=\"Rh\u00f6ner Nachmittags-Fremdensitzung\" alt=\"Fasching 2024 MLH\" class=\"slider-14525 slide-14701 msDefaultImage\" \/><img loading=\"lazy\" decoding=\"async\" src=\"https:\/\/www.kirche-hettenhausen.de\/site\/wp-content\/uploads\/2024\/02\/DSC09202.jpg\" height=\"533\" width=\"800\" title=\"Rh\u00f6ner Nachmittags-Fremdensitzung\" alt=\"Fasching 2024 MLH\" class=\"slider-14525 slide-14702 msDefaultImage\" \/><img loading=\"lazy\" decoding=\"async\" src=\"https:\/\/www.kirche-hettenhausen.de\/site\/wp-content\/uploads\/2024\/02\/DSC09203.jpg\" height=\"533\" width=\"800\" title=\"Rh\u00f6ner Nachmittags-Fremdensitzung\" alt=\"Fasching 2024 MLH\" class=\"slider-14525 slide-14703 msDefaultImage\" \/><img loading=\"lazy\" decoding=\"async\" src=\"https:\/\/www.kirche-hettenhausen.de\/site\/wp-content\/uploads\/2024\/02\/DSC09204.jpg\" height=\"533\" width=\"800\" title=\"Rh\u00f6ner Nachmittags-Fremdensitzung\" alt=\"Fasching 2024 MLH\" class=\"slider-14525 slide-14704 msDefaultImage\" \/><img loading=\"lazy\" decoding=\"async\" src=\"https:\/\/www.kirche-hettenhausen.de\/site\/wp-content\/uploads\/2024\/02\/DSC09205.jpg\" height=\"533\" width=\"800\" title=\"Rh\u00f6ner Nachmittags-Fremdensitzung\" alt=\"Fasching 2024 MLH\" class=\"slider-14525 slide-14705 msDefaultImage\" \/><img loading=\"lazy\" decoding=\"async\" src=\"https:\/\/www.kirche-hettenhausen.de\/site\/wp-content\/uploads\/2024\/02\/DSC09206.jpg\" height=\"533\" width=\"800\" title=\"Rh\u00f6ner Nachmittags-Fremdensitzung\" alt=\"Fasching 2024 MLH\" class=\"slider-14525 slide-14706 msDefaultImage\" \/><img loading=\"lazy\" decoding=\"async\" src=\"https:\/\/www.kirche-hettenhausen.de\/site\/wp-content\/uploads\/2024\/02\/DSC09208.jpg\" height=\"533\" width=\"800\" title=\"Rh\u00f6ner Nachmittags-Fremdensitzung\" alt=\"Fasching 2024 MLH\" class=\"slider-14525 slide-14707 msDefaultImage\" \/><img loading=\"lazy\" decoding=\"async\" src=\"https:\/\/www.kirche-hettenhausen.de\/site\/wp-content\/uploads\/2024\/02\/DSC09209.jpg\" height=\"533\" width=\"800\" title=\"Rh\u00f6ner Nachmittags-Fremdensitzung\" alt=\"Fasching 2024 MLH\" class=\"slider-14525 slide-14708 msDefaultImage\" \/><img loading=\"lazy\" decoding=\"async\" src=\"https:\/\/www.kirche-hettenhausen.de\/site\/wp-content\/uploads\/2024\/02\/DSC09210.jpg\" height=\"533\" width=\"800\" title=\"Rh\u00f6ner Nachmittags-Fremdensitzung\" alt=\"Fasching 2024 MLH\" class=\"slider-14525 slide-14709 msDefaultImage\" \/><img loading=\"lazy\" decoding=\"async\" src=\"https:\/\/www.kirche-hettenhausen.de\/site\/wp-content\/uploads\/2024\/02\/DSC09212.jpg\" height=\"533\" width=\"800\" title=\"Rh\u00f6ner Nachmittags-Fremdensitzung\" alt=\"Fasching 2024 MLH\" class=\"slider-14525 slide-14710 msDefaultImage\" \/><img loading=\"lazy\" decoding=\"async\" src=\"https:\/\/www.kirche-hettenhausen.de\/site\/wp-content\/uploads\/2024\/02\/DSC09213.jpg\" height=\"533\" width=\"800\" title=\"Rh\u00f6ner Nachmittags-Fremdensitzung\" alt=\"Fasching 2024 MLH\" class=\"slider-14525 slide-14711 msDefaultImage\" \/><img loading=\"lazy\" decoding=\"async\" src=\"https:\/\/www.kirche-hettenhausen.de\/site\/wp-content\/uploads\/2024\/02\/DSC09217.jpg\" height=\"533\" width=\"800\" title=\"Rh\u00f6ner Nachmittags-Fremdensitzung\" alt=\"Fasching 2024 MLH\" class=\"slider-14525 slide-14712 msDefaultImage\" \/><img loading=\"lazy\" decoding=\"async\" src=\"https:\/\/www.kirche-hettenhausen.de\/site\/wp-content\/uploads\/2024\/02\/DSC09219.jpg\" height=\"533\" width=\"800\" title=\"Rh\u00f6ner Nachmittags-Fremdensitzung\" alt=\"Fasching 2024 MLH\" class=\"slider-14525 slide-14713 msDefaultImage\" \/><img loading=\"lazy\" decoding=\"async\" src=\"https:\/\/www.kirche-hettenhausen.de\/site\/wp-content\/uploads\/2024\/02\/DSC09228.jpg\" height=\"533\" width=\"800\" title=\"Rh\u00f6ner Nachmittags-Fremdensitzung\" alt=\"Fasching 2024 MLH\" class=\"slider-14525 slide-14714 msDefaultImage\" \/><img loading=\"lazy\" decoding=\"async\" src=\"https:\/\/www.kirche-hettenhausen.de\/site\/wp-content\/uploads\/2024\/02\/DSC09230.jpg\" height=\"533\" width=\"800\" title=\"Rh\u00f6ner Nachmittags-Fremdensitzung\" alt=\"Fasching 2024 MLH\" class=\"slider-14525 slide-14715 msDefaultImage\" \/><img loading=\"lazy\" decoding=\"async\" src=\"https:\/\/www.kirche-hettenhausen.de\/site\/wp-content\/uploads\/2024\/02\/DSC09232.jpg\" height=\"533\" width=\"800\" title=\"Rh\u00f6ner Nachmittags-Fremdensitzung\" alt=\"Fasching 2024 MLH\" class=\"slider-14525 slide-14716 msDefaultImage\" \/><img loading=\"lazy\" decoding=\"async\" src=\"https:\/\/www.kirche-hettenhausen.de\/site\/wp-content\/uploads\/2024\/02\/DSC09238.jpg\" height=\"533\" width=\"800\" title=\"Rh\u00f6ner Nachmittags-Fremdensitzung\" alt=\"Fasching 2024 MLH\" class=\"slider-14525 slide-14717 msDefaultImage\" \/><img loading=\"lazy\" decoding=\"async\" src=\"https:\/\/www.kirche-hettenhausen.de\/site\/wp-content\/uploads\/2024\/02\/DSC09239.jpg\" height=\"533\" width=\"800\" title=\"Rh\u00f6ner Nachmittags-Fremdensitzung\" alt=\"Fasching 2024 MLH\" class=\"slider-14525 slide-14718 msDefaultImage\" \/><img loading=\"lazy\" decoding=\"async\" src=\"https:\/\/www.kirche-hettenhausen.de\/site\/wp-content\/uploads\/2024\/02\/DSC09243.jpg\" height=\"533\" width=\"800\" title=\"Rh\u00f6ner Nachmittags-Fremdensitzung\" alt=\"Fasching 2024 MLH\" class=\"slider-14525 slide-14719 msDefaultImage\" \/><\/div><\/div>\n        \n    <\/div>\n<\/div>\n","protected":false},"excerpt":{"rendered":"<p>Was f\u00fcr eine Party! In diesem Jahr startete die \u201eNachmittags-Fremdensitzung der Rh\u00f6n\u201c im Martin-Luther-Haus am 09.02.2024.<\/p>\n","protected":false},"author":2,"featured_media":14600,"comment_status":"closed","ping_status":"closed","sticky":false,"template":"","format":"standard","meta":{"footnotes":""},"categories":[1],"tags":[51,128,101,64,28,58,37,36,91,7,67,53,39],"class_list":["post-14522","post","type-post","status-publish","format-standard","has-post-thumbnail","hentry","category-allgemein","tag-frauentreff","tag-hettenhausen","tag-jugend","tag-kaffee","tag-kinder","tag-kuchen","tag-martin-luther-haus","tag-musik","tag-oekumene","tag-pfarrer","tag-singen","tag-ue-60","tag-veranstaltungen"],"yoast_head":"<!-- This site is optimized with the Yoast SEO plugin v27.4 - https:\/\/yoast.com\/product\/yoast-seo-wordpress\/ -->\n<title>VOLLES Haus - TOLLES Haus - Martin-Luther-Haus! - Ev.-luth. Kirchengemeinde Hettenhausen - Dalherda<\/title>\n<meta name=\"description\" content=\"Ev.-luth. Kirchengemeinde Hettenhausen - Dalherda - VOLLES Haus - TOLLES Haus - Martin-Luther-Haus! -\" \/>\n<meta name=\"robots\" content=\"index, follow, max-snippet:-1, max-image-preview:large, max-video-preview:-1\" \/>\n<link rel=\"canonical\" href=\"https:\/\/www.kirche-hettenhausen.de\/site\/2024\/02\/volles-haus-tolles-haus-martin-luther-haus\/\" \/>\n<meta property=\"og:locale\" content=\"de_DE\" \/>\n<meta property=\"og:type\" content=\"article\" \/>\n<meta property=\"og:title\" content=\"VOLLES Haus - TOLLES Haus - Martin-Luther-Haus! - Ev.-luth. Kirchengemeinde Hettenhausen - Dalherda\" \/>\n<meta property=\"og:description\" content=\"Ev.-luth. Kirchengemeinde Hettenhausen - Dalherda - VOLLES Haus - TOLLES Haus - Martin-Luther-Haus! -\" \/>\n<meta property=\"og:url\" content=\"https:\/\/www.kirche-hettenhausen.de\/site\/2024\/02\/volles-haus-tolles-haus-martin-luther-haus\/\" \/>\n<meta property=\"og:site_name\" content=\"Ev.-luth. Kirchengemeinde Hettenhausen - Dalherda\" \/>\n<meta property=\"article:published_time\" content=\"2024-02-11T22:21:28+00:00\" \/>\n<meta property=\"article:modified_time\" content=\"2024-02-12T20:03:04+00:00\" \/>\n<meta property=\"og:image\" content=\"https:\/\/www.kirche-hettenhausen.de\/site\/wp-content\/uploads\/2024\/02\/DSC08967.jpg\" \/>\n\t<meta property=\"og:image:width\" content=\"800\" \/>\n\t<meta property=\"og:image:height\" content=\"533\" \/>\n\t<meta property=\"og:image:type\" content=\"image\/jpeg\" \/>\n<meta name=\"author\" content=\"Marion Friedrich\" \/>\n<meta name=\"twitter:card\" content=\"summary_large_image\" \/>\n<meta name=\"twitter:label1\" content=\"Verfasst von\" \/>\n\t<meta name=\"twitter:data1\" content=\"Marion Friedrich\" \/>\n\t<meta name=\"twitter:label2\" content=\"Gesch\u00e4tzte Lesezeit\" \/>\n\t<meta name=\"twitter:data2\" content=\"4\u00a0Minuten\" \/>\n<script type=\"application\/ld+json\" class=\"yoast-schema-graph\">{\"@context\":\"https:\\\/\\\/schema.org\",\"@graph\":[{\"@type\":\"Article\",\"@id\":\"https:\\\/\\\/www.kirche-hettenhausen.de\\\/site\\\/2024\\\/02\\\/volles-haus-tolles-haus-martin-luther-haus\\\/#article\",\"isPartOf\":{\"@id\":\"https:\\\/\\\/www.kirche-hettenhausen.de\\\/site\\\/2024\\\/02\\\/volles-haus-tolles-haus-martin-luther-haus\\\/\"},\"author\":{\"name\":\"Marion Friedrich\",\"@id\":\"https:\\\/\\\/www.kirche-hettenhausen.de\\\/site\\\/#\\\/schema\\\/person\\\/7740d89d8f816da861ece2b378a21c57\"},\"headline\":\"VOLLES Haus &#8211; TOLLES Haus &#8211; Martin-Luther-Haus!\",\"datePublished\":\"2024-02-11T22:21:28+00:00\",\"dateModified\":\"2024-02-12T20:03:04+00:00\",\"mainEntityOfPage\":{\"@id\":\"https:\\\/\\\/www.kirche-hettenhausen.de\\\/site\\\/2024\\\/02\\\/volles-haus-tolles-haus-martin-luther-haus\\\/\"},\"wordCount\":593,\"image\":{\"@id\":\"https:\\\/\\\/www.kirche-hettenhausen.de\\\/site\\\/2024\\\/02\\\/volles-haus-tolles-haus-martin-luther-haus\\\/#primaryimage\"},\"thumbnailUrl\":\"https:\\\/\\\/www.kirche-hettenhausen.de\\\/site\\\/wp-content\\\/uploads\\\/2024\\\/02\\\/DSC08967.jpg\",\"keywords\":[\"Frauentreff\",\"Hettenhausen\",\"Jugend\",\"Kaffee\",\"Kinder\",\"Kuchen\",\"Martin-Luther-Haus\",\"Musik\",\"\u00d6kumene\",\"Pfarrer\",\"Singen\",\"\u00dc 60\",\"Veranstaltungen\"],\"inLanguage\":\"de\"},{\"@type\":\"WebPage\",\"@id\":\"https:\\\/\\\/www.kirche-hettenhausen.de\\\/site\\\/2024\\\/02\\\/volles-haus-tolles-haus-martin-luther-haus\\\/\",\"url\":\"https:\\\/\\\/www.kirche-hettenhausen.de\\\/site\\\/2024\\\/02\\\/volles-haus-tolles-haus-martin-luther-haus\\\/\",\"name\":\"VOLLES Haus - TOLLES Haus - Martin-Luther-Haus! - Ev.-luth. Kirchengemeinde Hettenhausen - Dalherda\",\"isPartOf\":{\"@id\":\"https:\\\/\\\/www.kirche-hettenhausen.de\\\/site\\\/#website\"},\"primaryImageOfPage\":{\"@id\":\"https:\\\/\\\/www.kirche-hettenhausen.de\\\/site\\\/2024\\\/02\\\/volles-haus-tolles-haus-martin-luther-haus\\\/#primaryimage\"},\"image\":{\"@id\":\"https:\\\/\\\/www.kirche-hettenhausen.de\\\/site\\\/2024\\\/02\\\/volles-haus-tolles-haus-martin-luther-haus\\\/#primaryimage\"},\"thumbnailUrl\":\"https:\\\/\\\/www.kirche-hettenhausen.de\\\/site\\\/wp-content\\\/uploads\\\/2024\\\/02\\\/DSC08967.jpg\",\"datePublished\":\"2024-02-11T22:21:28+00:00\",\"dateModified\":\"2024-02-12T20:03:04+00:00\",\"author\":{\"@id\":\"https:\\\/\\\/www.kirche-hettenhausen.de\\\/site\\\/#\\\/schema\\\/person\\\/7740d89d8f816da861ece2b378a21c57\"},\"description\":\"Ev.-luth. Kirchengemeinde Hettenhausen - Dalherda - VOLLES Haus - TOLLES Haus - Martin-Luther-Haus! -\",\"breadcrumb\":{\"@id\":\"https:\\\/\\\/www.kirche-hettenhausen.de\\\/site\\\/2024\\\/02\\\/volles-haus-tolles-haus-martin-luther-haus\\\/#breadcrumb\"},\"inLanguage\":\"de\",\"potentialAction\":[{\"@type\":\"ReadAction\",\"target\":[\"https:\\\/\\\/www.kirche-hettenhausen.de\\\/site\\\/2024\\\/02\\\/volles-haus-tolles-haus-martin-luther-haus\\\/\"]}]},{\"@type\":\"ImageObject\",\"inLanguage\":\"de\",\"@id\":\"https:\\\/\\\/www.kirche-hettenhausen.de\\\/site\\\/2024\\\/02\\\/volles-haus-tolles-haus-martin-luther-haus\\\/#primaryimage\",\"url\":\"https:\\\/\\\/www.kirche-hettenhausen.de\\\/site\\\/wp-content\\\/uploads\\\/2024\\\/02\\\/DSC08967.jpg\",\"contentUrl\":\"https:\\\/\\\/www.kirche-hettenhausen.de\\\/site\\\/wp-content\\\/uploads\\\/2024\\\/02\\\/DSC08967.jpg\",\"width\":800,\"height\":533,\"caption\":\"Fasching 2024 MLH\"},{\"@type\":\"BreadcrumbList\",\"@id\":\"https:\\\/\\\/www.kirche-hettenhausen.de\\\/site\\\/2024\\\/02\\\/volles-haus-tolles-haus-martin-luther-haus\\\/#breadcrumb\",\"itemListElement\":[{\"@type\":\"ListItem\",\"position\":1,\"name\":\"Startseite\",\"item\":\"https:\\\/\\\/www.kirche-hettenhausen.de\\\/site\\\/\"},{\"@type\":\"ListItem\",\"position\":2,\"name\":\"VOLLES Haus &#8211; TOLLES Haus &#8211; Martin-Luther-Haus!\"}]},{\"@type\":\"WebSite\",\"@id\":\"https:\\\/\\\/www.kirche-hettenhausen.de\\\/site\\\/#website\",\"url\":\"https:\\\/\\\/www.kirche-hettenhausen.de\\\/site\\\/\",\"name\":\"Ev.-luth. Kirchengemeinde Hettenhausen - Dalherda\",\"description\":\"Homepage der Ev.-luth. Kirchengemeinde Hettenhausen - Dalherda\",\"potentialAction\":[{\"@type\":\"SearchAction\",\"target\":{\"@type\":\"EntryPoint\",\"urlTemplate\":\"https:\\\/\\\/www.kirche-hettenhausen.de\\\/site\\\/?s={search_term_string}\"},\"query-input\":{\"@type\":\"PropertyValueSpecification\",\"valueRequired\":true,\"valueName\":\"search_term_string\"}}],\"inLanguage\":\"de\"},{\"@type\":\"Person\",\"@id\":\"https:\\\/\\\/www.kirche-hettenhausen.de\\\/site\\\/#\\\/schema\\\/person\\\/7740d89d8f816da861ece2b378a21c57\",\"name\":\"Marion Friedrich\",\"url\":\"https:\\\/\\\/www.kirche-hettenhausen.de\\\/site\\\/author\\\/m-friedrichkirche-hettenhausen-de\\\/\"}]}<\/script>\n<!-- \/ Yoast SEO plugin. -->","yoast_head_json":{"title":"VOLLES Haus - TOLLES Haus - Martin-Luther-Haus! - Ev.-luth. Kirchengemeinde Hettenhausen - Dalherda","description":"Ev.-luth. Kirchengemeinde Hettenhausen - Dalherda - VOLLES Haus - TOLLES Haus - Martin-Luther-Haus! -","robots":{"index":"index","follow":"follow","max-snippet":"max-snippet:-1","max-image-preview":"max-image-preview:large","max-video-preview":"max-video-preview:-1"},"canonical":"https:\/\/www.kirche-hettenhausen.de\/site\/2024\/02\/volles-haus-tolles-haus-martin-luther-haus\/","og_locale":"de_DE","og_type":"article","og_title":"VOLLES Haus - TOLLES Haus - Martin-Luther-Haus! - Ev.-luth. Kirchengemeinde Hettenhausen - Dalherda","og_description":"Ev.-luth. Kirchengemeinde Hettenhausen - Dalherda - VOLLES Haus - TOLLES Haus - Martin-Luther-Haus! -","og_url":"https:\/\/www.kirche-hettenhausen.de\/site\/2024\/02\/volles-haus-tolles-haus-martin-luther-haus\/","og_site_name":"Ev.-luth. Kirchengemeinde Hettenhausen - Dalherda","article_published_time":"2024-02-11T22:21:28+00:00","article_modified_time":"2024-02-12T20:03:04+00:00","og_image":[{"width":800,"height":533,"url":"https:\/\/www.kirche-hettenhausen.de\/site\/wp-content\/uploads\/2024\/02\/DSC08967.jpg","type":"image\/jpeg"}],"author":"Marion Friedrich","twitter_card":"summary_large_image","twitter_misc":{"Verfasst von":"Marion Friedrich","Gesch\u00e4tzte Lesezeit":"4\u00a0Minuten"},"schema":{"@context":"https:\/\/schema.org","@graph":[{"@type":"Article","@id":"https:\/\/www.kirche-hettenhausen.de\/site\/2024\/02\/volles-haus-tolles-haus-martin-luther-haus\/#article","isPartOf":{"@id":"https:\/\/www.kirche-hettenhausen.de\/site\/2024\/02\/volles-haus-tolles-haus-martin-luther-haus\/"},"author":{"name":"Marion Friedrich","@id":"https:\/\/www.kirche-hettenhausen.de\/site\/#\/schema\/person\/7740d89d8f816da861ece2b378a21c57"},"headline":"VOLLES Haus &#8211; TOLLES Haus &#8211; Martin-Luther-Haus!","datePublished":"2024-02-11T22:21:28+00:00","dateModified":"2024-02-12T20:03:04+00:00","mainEntityOfPage":{"@id":"https:\/\/www.kirche-hettenhausen.de\/site\/2024\/02\/volles-haus-tolles-haus-martin-luther-haus\/"},"wordCount":593,"image":{"@id":"https:\/\/www.kirche-hettenhausen.de\/site\/2024\/02\/volles-haus-tolles-haus-martin-luther-haus\/#primaryimage"},"thumbnailUrl":"https:\/\/www.kirche-hettenhausen.de\/site\/wp-content\/uploads\/2024\/02\/DSC08967.jpg","keywords":["Frauentreff","Hettenhausen","Jugend","Kaffee","Kinder","Kuchen","Martin-Luther-Haus","Musik","\u00d6kumene","Pfarrer","Singen","\u00dc 60","Veranstaltungen"],"inLanguage":"de"},{"@type":"WebPage","@id":"https:\/\/www.kirche-hettenhausen.de\/site\/2024\/02\/volles-haus-tolles-haus-martin-luther-haus\/","url":"https:\/\/www.kirche-hettenhausen.de\/site\/2024\/02\/volles-haus-tolles-haus-martin-luther-haus\/","name":"VOLLES Haus - TOLLES Haus - Martin-Luther-Haus! - Ev.-luth. Kirchengemeinde Hettenhausen - Dalherda","isPartOf":{"@id":"https:\/\/www.kirche-hettenhausen.de\/site\/#website"},"primaryImageOfPage":{"@id":"https:\/\/www.kirche-hettenhausen.de\/site\/2024\/02\/volles-haus-tolles-haus-martin-luther-haus\/#primaryimage"},"image":{"@id":"https:\/\/www.kirche-hettenhausen.de\/site\/2024\/02\/volles-haus-tolles-haus-martin-luther-haus\/#primaryimage"},"thumbnailUrl":"https:\/\/www.kirche-hettenhausen.de\/site\/wp-content\/uploads\/2024\/02\/DSC08967.jpg","datePublished":"2024-02-11T22:21:28+00:00","dateModified":"2024-02-12T20:03:04+00:00","author":{"@id":"https:\/\/www.kirche-hettenhausen.de\/site\/#\/schema\/person\/7740d89d8f816da861ece2b378a21c57"},"description":"Ev.-luth. Kirchengemeinde Hettenhausen - Dalherda - VOLLES Haus - TOLLES Haus - Martin-Luther-Haus! -","breadcrumb":{"@id":"https:\/\/www.kirche-hettenhausen.de\/site\/2024\/02\/volles-haus-tolles-haus-martin-luther-haus\/#breadcrumb"},"inLanguage":"de","potentialAction":[{"@type":"ReadAction","target":["https:\/\/www.kirche-hettenhausen.de\/site\/2024\/02\/volles-haus-tolles-haus-martin-luther-haus\/"]}]},{"@type":"ImageObject","inLanguage":"de","@id":"https:\/\/www.kirche-hettenhausen.de\/site\/2024\/02\/volles-haus-tolles-haus-martin-luther-haus\/#primaryimage","url":"https:\/\/www.kirche-hettenhausen.de\/site\/wp-content\/uploads\/2024\/02\/DSC08967.jpg","contentUrl":"https:\/\/www.kirche-hettenhausen.de\/site\/wp-content\/uploads\/2024\/02\/DSC08967.jpg","width":800,"height":533,"caption":"Fasching 2024 MLH"},{"@type":"BreadcrumbList","@id":"https:\/\/www.kirche-hettenhausen.de\/site\/2024\/02\/volles-haus-tolles-haus-martin-luther-haus\/#breadcrumb","itemListElement":[{"@type":"ListItem","position":1,"name":"Startseite","item":"https:\/\/www.kirche-hettenhausen.de\/site\/"},{"@type":"ListItem","position":2,"name":"VOLLES Haus &#8211; TOLLES Haus &#8211; Martin-Luther-Haus!"}]},{"@type":"WebSite","@id":"https:\/\/www.kirche-hettenhausen.de\/site\/#website","url":"https:\/\/www.kirche-hettenhausen.de\/site\/","name":"Ev.-luth. Kirchengemeinde Hettenhausen - Dalherda","description":"Homepage der Ev.-luth. Kirchengemeinde Hettenhausen - Dalherda","potentialAction":[{"@type":"SearchAction","target":{"@type":"EntryPoint","urlTemplate":"https:\/\/www.kirche-hettenhausen.de\/site\/?s={search_term_string}"},"query-input":{"@type":"PropertyValueSpecification","valueRequired":true,"valueName":"search_term_string"}}],"inLanguage":"de"},{"@type":"Person","@id":"https:\/\/www.kirche-hettenhausen.de\/site\/#\/schema\/person\/7740d89d8f816da861ece2b378a21c57","name":"Marion Friedrich","url":"https:\/\/www.kirche-hettenhausen.de\/site\/author\/m-friedrichkirche-hettenhausen-de\/"}]}},"_links":{"self":[{"href":"https:\/\/www.kirche-hettenhausen.de\/site\/wp-json\/wp\/v2\/posts\/14522","targetHints":{"allow":["GET"]}}],"collection":[{"href":"https:\/\/www.kirche-hettenhausen.de\/site\/wp-json\/wp\/v2\/posts"}],"about":[{"href":"https:\/\/www.kirche-hettenhausen.de\/site\/wp-json\/wp\/v2\/types\/post"}],"author":[{"embeddable":true,"href":"https:\/\/www.kirche-hettenhausen.de\/site\/wp-json\/wp\/v2\/users\/2"}],"replies":[{"embeddable":true,"href":"https:\/\/www.kirche-hettenhausen.de\/site\/wp-json\/wp\/v2\/comments?post=14522"}],"version-history":[{"count":16,"href":"https:\/\/www.kirche-hettenhausen.de\/site\/wp-json\/wp\/v2\/posts\/14522\/revisions"}],"predecessor-version":[{"id":14727,"href":"https:\/\/www.kirche-hettenhausen.de\/site\/wp-json\/wp\/v2\/posts\/14522\/revisions\/14727"}],"wp:featuredmedia":[{"embeddable":true,"href":"https:\/\/www.kirche-hettenhausen.de\/site\/wp-json\/wp\/v2\/media\/14600"}],"wp:attachment":[{"href":"https:\/\/www.kirche-hettenhausen.de\/site\/wp-json\/wp\/v2\/media?parent=14522"}],"wp:term":[{"taxonomy":"category","embeddable":true,"href":"https:\/\/www.kirche-hettenhausen.de\/site\/wp-json\/wp\/v2\/categories?post=14522"},{"taxonomy":"post_tag","embeddable":true,"href":"https:\/\/www.kirche-hettenhausen.de\/site\/wp-json\/wp\/v2\/tags?post=14522"}],"curies":[{"name":"wp","href":"https:\/\/api.w.org\/{rel}","templated":true}]}}