{"id":14282,"date":"2024-04-23T00:00:19","date_gmt":"2024-04-22T22:00:19","guid":{"rendered":"https:\/\/kirche-hettenhausen.de\/site\/?p=14282"},"modified":"2024-04-30T19:22:44","modified_gmt":"2024-04-30T17:22:44","slug":"taize-gebet","status":"publish","type":"post","link":"https:\/\/www.kirche-hettenhausen.de\/site\/2024\/04\/taize-gebet\/","title":{"rendered":"Taiz\u00e9-Gebet"},"content":{"rendered":"<p>Stille suchen. Innehalten. Mit Geist und Seele aufatmen.<\/p>\n<p>Jeweils am letzten Mittwoch im Monat kommen wir um 18:30 Uhr in der Kirche Hettenhausen zusammen, um miteinander Lieder aus Taiz\u00e9 zu singen, auf zwei Lesungen zu h\u00f6ren und eine l\u00e4ngere Stille zu halten.<\/p>\n<h4>Termine: 29. Mai &#8211; 26. Juni &#8211; 28. August<\/h4>\n<p>&nbsp;<\/p>\n<div id=\"attachment_14279\" style=\"width: 584px\" class=\"wp-caption aligncenter\"><img loading=\"lazy\" decoding=\"async\" aria-describedby=\"caption-attachment-14279\" class=\"wp-image-14279 size-full\" src=\"https:\/\/www.kirche-hettenhausen.de\/site\/wp-content\/uploads\/2023\/11\/Taizegebet.jpg\" alt=\"\" width=\"574\" height=\"333\" srcset=\"https:\/\/www.kirche-hettenhausen.de\/site\/wp-content\/uploads\/2023\/11\/Taizegebet.jpg 574w, https:\/\/www.kirche-hettenhausen.de\/site\/wp-content\/uploads\/2023\/11\/Taizegebet-300x174.jpg 300w\" sizes=\"auto, (max-width: 574px) 100vw, 574px\" \/><p id=\"caption-attachment-14279\" class=\"wp-caption-text\">Quelle: St. Stephanus Eutingen<\/p><\/div>\n<p>&nbsp;<\/p>\n<p>Taiz\u00e9-Andachten sind eine besondere Form des gemeinsamen Gebets. Sie zielen auf die innere Einkehr. Was sie von anderen Andachten unterscheidet, sind zun\u00e4chst die Lieder aus Taiz\u00e9, einem \u00f6kumenischen Orden bei Cluny in Frankreich: Sie sind kurz und einpr\u00e4gsam, werden m\u00f6glichst mehrstimmig gesungen und vor allem oft wiederholt. Das ist eine Form der Meditation. Es wird ein kurzer Bibeltext gelesen, dem eine Zeit der Stille folgt: Zeit um \u00fcber das Bibelwort, ein Lied oder anderes nachzudenken oder zu beten. Beim Innehalten und Ruhe finden k\u00f6nnen wir vor Gott bringen, was uns bewegt.<\/p>\n","protected":false},"excerpt":{"rendered":"<p>Stille suchen. Innehalten. Mit Geist und Seele aufatmen. Jeweils am letzten Mittwoch im Monat kommen wir um 18:30 Uhr in der Kirche Hettenhausen zusammen, um miteinander Lieder aus Taiz\u00e9 zu singen, auf zwei Lesungen zu h\u00f6ren und eine l\u00e4ngere Stille zu halten. Termine: 29. Mai &#8211; 26. Juni &#8211; 28. August &nbsp; &nbsp; Taiz\u00e9-Andachten sind [&hellip;]<\/p>\n","protected":false},"author":2,"featured_media":14279,"comment_status":"closed","ping_status":"closed","sticky":false,"template":"","format":"standard","meta":{"footnotes":""},"categories":[18,129,22],"tags":[33,128,91,34,67,227],"class_list":["post-14282","post","type-post","status-publish","format-standard","has-post-thumbnail","hentry","category-gottesdienst","category-hettenhausen","category-kirche-st-georg","tag-gottesdienst","tag-hettenhausen","tag-oekumene","tag-pfarrkirche-st-georg","tag-singen","tag-taize"],"yoast_head":"<!-- This site is optimized with the Yoast SEO plugin v27.4 - https:\/\/yoast.com\/product\/yoast-seo-wordpress\/ -->\n<title>Taiz\u00e9-Gebet - Ev.-luth. Kirchengemeinde Hettenhausen - Dalherda<\/title>\n<meta name=\"description\" content=\"Ev.-luth. Kirchengemeinde Hettenhausen - Dalherda - Taiz\u00e9-Gebet -\" \/>\n<meta name=\"robots\" content=\"index, follow, max-snippet:-1, max-image-preview:large, max-video-preview:-1\" \/>\n<link rel=\"canonical\" href=\"https:\/\/www.kirche-hettenhausen.de\/site\/2024\/04\/taize-gebet\/\" \/>\n<meta property=\"og:locale\" content=\"de_DE\" \/>\n<meta property=\"og:type\" content=\"article\" \/>\n<meta property=\"og:title\" content=\"Taiz\u00e9-Gebet - Ev.-luth. Kirchengemeinde Hettenhausen - Dalherda\" \/>\n<meta property=\"og:description\" content=\"Ev.-luth. Kirchengemeinde Hettenhausen - Dalherda - Taiz\u00e9-Gebet -\" \/>\n<meta property=\"og:url\" content=\"https:\/\/www.kirche-hettenhausen.de\/site\/2024\/04\/taize-gebet\/\" \/>\n<meta property=\"og:site_name\" content=\"Ev.-luth. Kirchengemeinde Hettenhausen - Dalherda\" \/>\n<meta property=\"article:published_time\" content=\"2024-04-22T22:00:19+00:00\" \/>\n<meta property=\"article:modified_time\" content=\"2024-04-30T17:22:44+00:00\" \/>\n<meta property=\"og:image\" content=\"https:\/\/www.kirche-hettenhausen.de\/site\/wp-content\/uploads\/2023\/11\/Taizegebet.jpg\" \/>\n\t<meta property=\"og:image:width\" content=\"574\" \/>\n\t<meta property=\"og:image:height\" content=\"333\" \/>\n\t<meta property=\"og:image:type\" content=\"image\/jpeg\" \/>\n<meta name=\"author\" content=\"Marion Friedrich\" \/>\n<meta name=\"twitter:card\" content=\"summary_large_image\" \/>\n<meta name=\"twitter:label1\" content=\"Verfasst von\" \/>\n\t<meta name=\"twitter:data1\" content=\"Marion Friedrich\" \/>\n\t<meta name=\"twitter:label2\" content=\"Gesch\u00e4tzte Lesezeit\" \/>\n\t<meta name=\"twitter:data2\" content=\"2\u00a0Minuten\" \/>\n<script type=\"application\/ld+json\" class=\"yoast-schema-graph\">{\"@context\":\"https:\\\/\\\/schema.org\",\"@graph\":[{\"@type\":\"Article\",\"@id\":\"https:\\\/\\\/www.kirche-hettenhausen.de\\\/site\\\/2024\\\/04\\\/taize-gebet\\\/#article\",\"isPartOf\":{\"@id\":\"https:\\\/\\\/www.kirche-hettenhausen.de\\\/site\\\/2024\\\/04\\\/taize-gebet\\\/\"},\"author\":{\"name\":\"Marion Friedrich\",\"@id\":\"https:\\\/\\\/www.kirche-hettenhausen.de\\\/site\\\/#\\\/schema\\\/person\\\/7740d89d8f816da861ece2b378a21c57\"},\"headline\":\"Taiz\u00e9-Gebet\",\"datePublished\":\"2024-04-22T22:00:19+00:00\",\"dateModified\":\"2024-04-30T17:22:44+00:00\",\"mainEntityOfPage\":{\"@id\":\"https:\\\/\\\/www.kirche-hettenhausen.de\\\/site\\\/2024\\\/04\\\/taize-gebet\\\/\"},\"wordCount\":160,\"image\":{\"@id\":\"https:\\\/\\\/www.kirche-hettenhausen.de\\\/site\\\/2024\\\/04\\\/taize-gebet\\\/#primaryimage\"},\"thumbnailUrl\":\"https:\\\/\\\/www.kirche-hettenhausen.de\\\/site\\\/wp-content\\\/uploads\\\/2023\\\/11\\\/Taizegebet.jpg\",\"keywords\":[\"Gottesdienst\",\"Hettenhausen\",\"\u00d6kumene\",\"Pfarrkirche St. Georg\",\"Singen\",\"Taiz\u00e9\"],\"articleSection\":[\"Gottesdienst\",\"Hettenhausen\",\"Kirche St. Georg\"],\"inLanguage\":\"de\"},{\"@type\":\"WebPage\",\"@id\":\"https:\\\/\\\/www.kirche-hettenhausen.de\\\/site\\\/2024\\\/04\\\/taize-gebet\\\/\",\"url\":\"https:\\\/\\\/www.kirche-hettenhausen.de\\\/site\\\/2024\\\/04\\\/taize-gebet\\\/\",\"name\":\"Taiz\u00e9-Gebet - Ev.-luth. Kirchengemeinde Hettenhausen - Dalherda\",\"isPartOf\":{\"@id\":\"https:\\\/\\\/www.kirche-hettenhausen.de\\\/site\\\/#website\"},\"primaryImageOfPage\":{\"@id\":\"https:\\\/\\\/www.kirche-hettenhausen.de\\\/site\\\/2024\\\/04\\\/taize-gebet\\\/#primaryimage\"},\"image\":{\"@id\":\"https:\\\/\\\/www.kirche-hettenhausen.de\\\/site\\\/2024\\\/04\\\/taize-gebet\\\/#primaryimage\"},\"thumbnailUrl\":\"https:\\\/\\\/www.kirche-hettenhausen.de\\\/site\\\/wp-content\\\/uploads\\\/2023\\\/11\\\/Taizegebet.jpg\",\"datePublished\":\"2024-04-22T22:00:19+00:00\",\"dateModified\":\"2024-04-30T17:22:44+00:00\",\"author\":{\"@id\":\"https:\\\/\\\/www.kirche-hettenhausen.de\\\/site\\\/#\\\/schema\\\/person\\\/7740d89d8f816da861ece2b378a21c57\"},\"description\":\"Ev.-luth. Kirchengemeinde Hettenhausen - Dalherda - Taiz\u00e9-Gebet -\",\"breadcrumb\":{\"@id\":\"https:\\\/\\\/www.kirche-hettenhausen.de\\\/site\\\/2024\\\/04\\\/taize-gebet\\\/#breadcrumb\"},\"inLanguage\":\"de\",\"potentialAction\":[{\"@type\":\"ReadAction\",\"target\":[\"https:\\\/\\\/www.kirche-hettenhausen.de\\\/site\\\/2024\\\/04\\\/taize-gebet\\\/\"]}]},{\"@type\":\"ImageObject\",\"inLanguage\":\"de\",\"@id\":\"https:\\\/\\\/www.kirche-hettenhausen.de\\\/site\\\/2024\\\/04\\\/taize-gebet\\\/#primaryimage\",\"url\":\"https:\\\/\\\/www.kirche-hettenhausen.de\\\/site\\\/wp-content\\\/uploads\\\/2023\\\/11\\\/Taizegebet.jpg\",\"contentUrl\":\"https:\\\/\\\/www.kirche-hettenhausen.de\\\/site\\\/wp-content\\\/uploads\\\/2023\\\/11\\\/Taizegebet.jpg\",\"width\":574,\"height\":333,\"caption\":\"Quelle: St. Stephanus Eutingen\"},{\"@type\":\"BreadcrumbList\",\"@id\":\"https:\\\/\\\/www.kirche-hettenhausen.de\\\/site\\\/2024\\\/04\\\/taize-gebet\\\/#breadcrumb\",\"itemListElement\":[{\"@type\":\"ListItem\",\"position\":1,\"name\":\"Startseite\",\"item\":\"https:\\\/\\\/www.kirche-hettenhausen.de\\\/site\\\/\"},{\"@type\":\"ListItem\",\"position\":2,\"name\":\"Taiz\u00e9-Gebet\"}]},{\"@type\":\"WebSite\",\"@id\":\"https:\\\/\\\/www.kirche-hettenhausen.de\\\/site\\\/#website\",\"url\":\"https:\\\/\\\/www.kirche-hettenhausen.de\\\/site\\\/\",\"name\":\"Ev.-luth. Kirchengemeinde Hettenhausen - Dalherda\",\"description\":\"Homepage der Ev.-luth. Kirchengemeinde Hettenhausen - Dalherda\",\"potentialAction\":[{\"@type\":\"SearchAction\",\"target\":{\"@type\":\"EntryPoint\",\"urlTemplate\":\"https:\\\/\\\/www.kirche-hettenhausen.de\\\/site\\\/?s={search_term_string}\"},\"query-input\":{\"@type\":\"PropertyValueSpecification\",\"valueRequired\":true,\"valueName\":\"search_term_string\"}}],\"inLanguage\":\"de\"},{\"@type\":\"Person\",\"@id\":\"https:\\\/\\\/www.kirche-hettenhausen.de\\\/site\\\/#\\\/schema\\\/person\\\/7740d89d8f816da861ece2b378a21c57\",\"name\":\"Marion Friedrich\",\"url\":\"https:\\\/\\\/www.kirche-hettenhausen.de\\\/site\\\/author\\\/m-friedrichkirche-hettenhausen-de\\\/\"}]}<\/script>\n<!-- \/ Yoast SEO plugin. -->","yoast_head_json":{"title":"Taiz\u00e9-Gebet - Ev.-luth. Kirchengemeinde Hettenhausen - Dalherda","description":"Ev.-luth. Kirchengemeinde Hettenhausen - Dalherda - Taiz\u00e9-Gebet -","robots":{"index":"index","follow":"follow","max-snippet":"max-snippet:-1","max-image-preview":"max-image-preview:large","max-video-preview":"max-video-preview:-1"},"canonical":"https:\/\/www.kirche-hettenhausen.de\/site\/2024\/04\/taize-gebet\/","og_locale":"de_DE","og_type":"article","og_title":"Taiz\u00e9-Gebet - Ev.-luth. Kirchengemeinde Hettenhausen - Dalherda","og_description":"Ev.-luth. Kirchengemeinde Hettenhausen - Dalherda - Taiz\u00e9-Gebet -","og_url":"https:\/\/www.kirche-hettenhausen.de\/site\/2024\/04\/taize-gebet\/","og_site_name":"Ev.-luth. Kirchengemeinde Hettenhausen - Dalherda","article_published_time":"2024-04-22T22:00:19+00:00","article_modified_time":"2024-04-30T17:22:44+00:00","og_image":[{"width":574,"height":333,"url":"https:\/\/www.kirche-hettenhausen.de\/site\/wp-content\/uploads\/2023\/11\/Taizegebet.jpg","type":"image\/jpeg"}],"author":"Marion Friedrich","twitter_card":"summary_large_image","twitter_misc":{"Verfasst von":"Marion Friedrich","Gesch\u00e4tzte Lesezeit":"2\u00a0Minuten"},"schema":{"@context":"https:\/\/schema.org","@graph":[{"@type":"Article","@id":"https:\/\/www.kirche-hettenhausen.de\/site\/2024\/04\/taize-gebet\/#article","isPartOf":{"@id":"https:\/\/www.kirche-hettenhausen.de\/site\/2024\/04\/taize-gebet\/"},"author":{"name":"Marion Friedrich","@id":"https:\/\/www.kirche-hettenhausen.de\/site\/#\/schema\/person\/7740d89d8f816da861ece2b378a21c57"},"headline":"Taiz\u00e9-Gebet","datePublished":"2024-04-22T22:00:19+00:00","dateModified":"2024-04-30T17:22:44+00:00","mainEntityOfPage":{"@id":"https:\/\/www.kirche-hettenhausen.de\/site\/2024\/04\/taize-gebet\/"},"wordCount":160,"image":{"@id":"https:\/\/www.kirche-hettenhausen.de\/site\/2024\/04\/taize-gebet\/#primaryimage"},"thumbnailUrl":"https:\/\/www.kirche-hettenhausen.de\/site\/wp-content\/uploads\/2023\/11\/Taizegebet.jpg","keywords":["Gottesdienst","Hettenhausen","\u00d6kumene","Pfarrkirche St. Georg","Singen","Taiz\u00e9"],"articleSection":["Gottesdienst","Hettenhausen","Kirche St. Georg"],"inLanguage":"de"},{"@type":"WebPage","@id":"https:\/\/www.kirche-hettenhausen.de\/site\/2024\/04\/taize-gebet\/","url":"https:\/\/www.kirche-hettenhausen.de\/site\/2024\/04\/taize-gebet\/","name":"Taiz\u00e9-Gebet - Ev.-luth. Kirchengemeinde Hettenhausen - Dalherda","isPartOf":{"@id":"https:\/\/www.kirche-hettenhausen.de\/site\/#website"},"primaryImageOfPage":{"@id":"https:\/\/www.kirche-hettenhausen.de\/site\/2024\/04\/taize-gebet\/#primaryimage"},"image":{"@id":"https:\/\/www.kirche-hettenhausen.de\/site\/2024\/04\/taize-gebet\/#primaryimage"},"thumbnailUrl":"https:\/\/www.kirche-hettenhausen.de\/site\/wp-content\/uploads\/2023\/11\/Taizegebet.jpg","datePublished":"2024-04-22T22:00:19+00:00","dateModified":"2024-04-30T17:22:44+00:00","author":{"@id":"https:\/\/www.kirche-hettenhausen.de\/site\/#\/schema\/person\/7740d89d8f816da861ece2b378a21c57"},"description":"Ev.-luth. Kirchengemeinde Hettenhausen - Dalherda - Taiz\u00e9-Gebet -","breadcrumb":{"@id":"https:\/\/www.kirche-hettenhausen.de\/site\/2024\/04\/taize-gebet\/#breadcrumb"},"inLanguage":"de","potentialAction":[{"@type":"ReadAction","target":["https:\/\/www.kirche-hettenhausen.de\/site\/2024\/04\/taize-gebet\/"]}]},{"@type":"ImageObject","inLanguage":"de","@id":"https:\/\/www.kirche-hettenhausen.de\/site\/2024\/04\/taize-gebet\/#primaryimage","url":"https:\/\/www.kirche-hettenhausen.de\/site\/wp-content\/uploads\/2023\/11\/Taizegebet.jpg","contentUrl":"https:\/\/www.kirche-hettenhausen.de\/site\/wp-content\/uploads\/2023\/11\/Taizegebet.jpg","width":574,"height":333,"caption":"Quelle: St. Stephanus Eutingen"},{"@type":"BreadcrumbList","@id":"https:\/\/www.kirche-hettenhausen.de\/site\/2024\/04\/taize-gebet\/#breadcrumb","itemListElement":[{"@type":"ListItem","position":1,"name":"Startseite","item":"https:\/\/www.kirche-hettenhausen.de\/site\/"},{"@type":"ListItem","position":2,"name":"Taiz\u00e9-Gebet"}]},{"@type":"WebSite","@id":"https:\/\/www.kirche-hettenhausen.de\/site\/#website","url":"https:\/\/www.kirche-hettenhausen.de\/site\/","name":"Ev.-luth. Kirchengemeinde Hettenhausen - Dalherda","description":"Homepage der Ev.-luth. Kirchengemeinde Hettenhausen - Dalherda","potentialAction":[{"@type":"SearchAction","target":{"@type":"EntryPoint","urlTemplate":"https:\/\/www.kirche-hettenhausen.de\/site\/?s={search_term_string}"},"query-input":{"@type":"PropertyValueSpecification","valueRequired":true,"valueName":"search_term_string"}}],"inLanguage":"de"},{"@type":"Person","@id":"https:\/\/www.kirche-hettenhausen.de\/site\/#\/schema\/person\/7740d89d8f816da861ece2b378a21c57","name":"Marion Friedrich","url":"https:\/\/www.kirche-hettenhausen.de\/site\/author\/m-friedrichkirche-hettenhausen-de\/"}]}},"_links":{"self":[{"href":"https:\/\/www.kirche-hettenhausen.de\/site\/wp-json\/wp\/v2\/posts\/14282","targetHints":{"allow":["GET"]}}],"collection":[{"href":"https:\/\/www.kirche-hettenhausen.de\/site\/wp-json\/wp\/v2\/posts"}],"about":[{"href":"https:\/\/www.kirche-hettenhausen.de\/site\/wp-json\/wp\/v2\/types\/post"}],"author":[{"embeddable":true,"href":"https:\/\/www.kirche-hettenhausen.de\/site\/wp-json\/wp\/v2\/users\/2"}],"replies":[{"embeddable":true,"href":"https:\/\/www.kirche-hettenhausen.de\/site\/wp-json\/wp\/v2\/comments?post=14282"}],"version-history":[{"count":8,"href":"https:\/\/www.kirche-hettenhausen.de\/site\/wp-json\/wp\/v2\/posts\/14282\/revisions"}],"predecessor-version":[{"id":14831,"href":"https:\/\/www.kirche-hettenhausen.de\/site\/wp-json\/wp\/v2\/posts\/14282\/revisions\/14831"}],"wp:featuredmedia":[{"embeddable":true,"href":"https:\/\/www.kirche-hettenhausen.de\/site\/wp-json\/wp\/v2\/media\/14279"}],"wp:attachment":[{"href":"https:\/\/www.kirche-hettenhausen.de\/site\/wp-json\/wp\/v2\/media?parent=14282"}],"wp:term":[{"taxonomy":"category","embeddable":true,"href":"https:\/\/www.kirche-hettenhausen.de\/site\/wp-json\/wp\/v2\/categories?post=14282"},{"taxonomy":"post_tag","embeddable":true,"href":"https:\/\/www.kirche-hettenhausen.de\/site\/wp-json\/wp\/v2\/tags?post=14282"}],"curies":[{"name":"wp","href":"https:\/\/api.w.org\/{rel}","templated":true}]}}