{"id":14253,"date":"2023-11-08T21:56:10","date_gmt":"2023-11-08T20:56:10","guid":{"rendered":"https:\/\/kirche-hettenhausen.de\/site\/?p=14253"},"modified":"2023-11-08T21:56:30","modified_gmt":"2023-11-08T20:56:30","slug":"sternenhimmel-martinsfeuer-und-ganz-viele-lamas","status":"publish","type":"post","link":"https:\/\/www.kirche-hettenhausen.de\/site\/2023\/11\/sternenhimmel-martinsfeuer-und-ganz-viele-lamas\/","title":{"rendered":"Sternenhimmel, Martinsfeuer und ganz viele Lamas"},"content":{"rendered":"<p>Es wird k\u00e4lter und abends ist es wieder fr\u00fcher dunkel. Doch hier im Kindergarten ist es alles andere als dunkel! Unsere Kinder waren in den letzten Wochen echt flei\u00dfig und kreativ. Von der Idee bis zur Umsetzung haben sie ihren eigenen Teil dazu beigetragen, dass viele bunte Laternen entstehen konnten und jede ihren individuellen Touch bekommt. Dabei ist es ganz egal, ob ein Lama beispielsweise gr\u00fcne, orangene, wei\u00dfe, kurze oder lange Beine hat. Denn nur so k\u00f6nnen ganz bunte Sternhimmel, feurige Martinsfeuer und wei\u00dfe, gelbe und rosa Lamas entstehen. Und das ist auch gut so!<\/p>\n<p><img loading=\"lazy\" decoding=\"async\" class=\"wp-image-14252 size-full aligncenter\" src=\"https:\/\/www.kirche-hettenhausen.de\/site\/wp-content\/uploads\/2023\/11\/Laternen-2023-2_1.jpg\" alt=\"Kindergarten Arche Noah\" width=\"600\" height=\"312\" srcset=\"https:\/\/www.kirche-hettenhausen.de\/site\/wp-content\/uploads\/2023\/11\/Laternen-2023-2_1.jpg 600w, https:\/\/www.kirche-hettenhausen.de\/site\/wp-content\/uploads\/2023\/11\/Laternen-2023-2_1-300x156.jpg 300w\" sizes=\"auto, (max-width: 600px) 100vw, 600px\" \/><\/p>\n<p>Besonders zu betonen ist, dass unsere Kinder ihre\u00a0Laterne fast selbst und eigenst\u00e4ndig gebastelt und best\u00fcckt haben. Wir haben nur in kleinen Details Hand angelegt, wie zum Beispiel beim Kleben mit der Hei\u00dfkleberpistole.<\/p>\n<p>In der Woche vor St. Martin haben diese Laternen unsere Gruppenr\u00e4ume sehenswerter, vielf\u00e4ltiger und bunter gemacht. Und auch die Kinder haben sie voller Stolz ihren Eltern gezeigt.<\/p>\n<p><a href=\"https:\/\/www.kirche-hettenhausen.de\/site\/wp-content\/uploads\/2023\/11\/Laternen-2023-3_1.jpg\"><img loading=\"lazy\" decoding=\"async\" class=\"aligncenter wp-image-14251 size-full\" src=\"https:\/\/www.kirche-hettenhausen.de\/site\/wp-content\/uploads\/2023\/11\/Laternen-2023-3_1.jpg\" alt=\"Kindergarten Arche Noah\" width=\"600\" height=\"400\" srcset=\"https:\/\/www.kirche-hettenhausen.de\/site\/wp-content\/uploads\/2023\/11\/Laternen-2023-3_1.jpg 600w, https:\/\/www.kirche-hettenhausen.de\/site\/wp-content\/uploads\/2023\/11\/Laternen-2023-3_1-300x200.jpg 300w, https:\/\/www.kirche-hettenhausen.de\/site\/wp-content\/uploads\/2023\/11\/Laternen-2023-3_1-391x260.jpg 391w\" sizes=\"auto, (max-width: 600px) 100vw, 600px\" \/><\/a><\/p>\n<p>&nbsp;<\/p>\n<p>Am Freitag dann findet um 17:00 Uhr der Gottesdienst zu St. Martin statt, bei dem auch unsere Vorschulkinder einen ganz besonderen Teil mitgestalten. Danach beginnt der Umzug, bei dem diese vielen Laternen die Stra\u00dfen mit ihren tollen Lichtern hell und bunt erleuchten werden! Wir freuen uns drauf und hoffen, euch zu sehen!<\/p>\n<p>Das KiGa-Team<\/p>\n<p><a href=\"https:\/\/www.kirche-hettenhausen.de\/site\/wp-content\/uploads\/2023\/11\/Laternen-2023-1_1.jpg\"><img loading=\"lazy\" decoding=\"async\" class=\"size-medium wp-image-14250 alignright\" src=\"https:\/\/www.kirche-hettenhausen.de\/site\/wp-content\/uploads\/2023\/11\/Laternen-2023-1_1-200x300.jpg\" alt=\"Kindergarten Arche Noah\" width=\"200\" height=\"300\" srcset=\"https:\/\/www.kirche-hettenhausen.de\/site\/wp-content\/uploads\/2023\/11\/Laternen-2023-1_1-200x300.jpg 200w, https:\/\/www.kirche-hettenhausen.de\/site\/wp-content\/uploads\/2023\/11\/Laternen-2023-1_1.jpg 600w\" sizes=\"auto, (max-width: 200px) 100vw, 200px\" \/><\/a><\/p>\n","protected":false},"excerpt":{"rendered":"<p>Es wird k\u00e4lter und abends ist es wieder fr\u00fcher dunkel. Doch hier im Kindergarten ist es alles andere als dunkel! Unsere Kinder waren in den letzten Wochen echt flei\u00dfig und kreativ. Von der Idee bis zur Umsetzung haben sie ihren eigenen Teil dazu beigetragen, dass viele bunte Laternen entstehen konnten und jede ihren individuellen Touch [&hellip;]<\/p>\n","protected":false},"author":2,"featured_media":14250,"comment_status":"closed","ping_status":"closed","sticky":false,"template":"","format":"standard","meta":{"footnotes":""},"categories":[19],"tags":[28,31],"class_list":["post-14253","post","type-post","status-publish","format-standard","has-post-thumbnail","hentry","category-kindergarten","tag-kinder","tag-kindergarten-arche-noah"],"yoast_head":"<!-- This site is optimized with the Yoast SEO plugin v27.4 - https:\/\/yoast.com\/product\/yoast-seo-wordpress\/ -->\n<title>Sternenhimmel, Martinsfeuer und ganz viele Lamas - Ev.-luth. Kirchengemeinde Hettenhausen - Dalherda<\/title>\n<meta name=\"description\" content=\"Ev.-luth. Kirchengemeinde Hettenhausen - Dalherda - Sternenhimmel, Martinsfeuer und ganz viele Lamas -\" \/>\n<meta name=\"robots\" content=\"index, follow, max-snippet:-1, max-image-preview:large, max-video-preview:-1\" \/>\n<link rel=\"canonical\" href=\"https:\/\/www.kirche-hettenhausen.de\/site\/2023\/11\/sternenhimmel-martinsfeuer-und-ganz-viele-lamas\/\" \/>\n<meta property=\"og:locale\" content=\"de_DE\" \/>\n<meta property=\"og:type\" content=\"article\" \/>\n<meta property=\"og:title\" content=\"Sternenhimmel, Martinsfeuer und ganz viele Lamas - Ev.-luth. Kirchengemeinde Hettenhausen - Dalherda\" \/>\n<meta property=\"og:description\" content=\"Ev.-luth. Kirchengemeinde Hettenhausen - Dalherda - Sternenhimmel, Martinsfeuer und ganz viele Lamas -\" \/>\n<meta property=\"og:url\" content=\"https:\/\/www.kirche-hettenhausen.de\/site\/2023\/11\/sternenhimmel-martinsfeuer-und-ganz-viele-lamas\/\" \/>\n<meta property=\"og:site_name\" content=\"Ev.-luth. Kirchengemeinde Hettenhausen - Dalherda\" \/>\n<meta property=\"article:published_time\" content=\"2023-11-08T20:56:10+00:00\" \/>\n<meta property=\"article:modified_time\" content=\"2023-11-08T20:56:30+00:00\" \/>\n<meta property=\"og:image\" content=\"https:\/\/www.kirche-hettenhausen.de\/site\/wp-content\/uploads\/2023\/11\/Laternen-2023-1_1.jpg\" \/>\n\t<meta property=\"og:image:width\" content=\"600\" \/>\n\t<meta property=\"og:image:height\" content=\"902\" \/>\n\t<meta property=\"og:image:type\" content=\"image\/jpeg\" \/>\n<meta name=\"author\" content=\"Marion Friedrich\" \/>\n<meta name=\"twitter:card\" content=\"summary_large_image\" \/>\n<meta name=\"twitter:label1\" content=\"Verfasst von\" \/>\n\t<meta name=\"twitter:data1\" content=\"Marion Friedrich\" \/>\n\t<meta name=\"twitter:label2\" content=\"Gesch\u00e4tzte Lesezeit\" \/>\n\t<meta name=\"twitter:data2\" content=\"2\u00a0Minuten\" \/>\n<script type=\"application\/ld+json\" class=\"yoast-schema-graph\">{\"@context\":\"https:\\\/\\\/schema.org\",\"@graph\":[{\"@type\":\"Article\",\"@id\":\"https:\\\/\\\/www.kirche-hettenhausen.de\\\/site\\\/2023\\\/11\\\/sternenhimmel-martinsfeuer-und-ganz-viele-lamas\\\/#article\",\"isPartOf\":{\"@id\":\"https:\\\/\\\/www.kirche-hettenhausen.de\\\/site\\\/2023\\\/11\\\/sternenhimmel-martinsfeuer-und-ganz-viele-lamas\\\/\"},\"author\":{\"name\":\"Marion Friedrich\",\"@id\":\"https:\\\/\\\/www.kirche-hettenhausen.de\\\/site\\\/#\\\/schema\\\/person\\\/7740d89d8f816da861ece2b378a21c57\"},\"headline\":\"Sternenhimmel, Martinsfeuer und ganz viele Lamas\",\"datePublished\":\"2023-11-08T20:56:10+00:00\",\"dateModified\":\"2023-11-08T20:56:30+00:00\",\"mainEntityOfPage\":{\"@id\":\"https:\\\/\\\/www.kirche-hettenhausen.de\\\/site\\\/2023\\\/11\\\/sternenhimmel-martinsfeuer-und-ganz-viele-lamas\\\/\"},\"wordCount\":228,\"image\":{\"@id\":\"https:\\\/\\\/www.kirche-hettenhausen.de\\\/site\\\/2023\\\/11\\\/sternenhimmel-martinsfeuer-und-ganz-viele-lamas\\\/#primaryimage\"},\"thumbnailUrl\":\"https:\\\/\\\/www.kirche-hettenhausen.de\\\/site\\\/wp-content\\\/uploads\\\/2023\\\/11\\\/Laternen-2023-1_1.jpg\",\"keywords\":[\"Kinder\",\"Kindergarten \\\"Arche Noah\\\"\"],\"articleSection\":[\"Kindergarten Arche Noah\"],\"inLanguage\":\"de\"},{\"@type\":\"WebPage\",\"@id\":\"https:\\\/\\\/www.kirche-hettenhausen.de\\\/site\\\/2023\\\/11\\\/sternenhimmel-martinsfeuer-und-ganz-viele-lamas\\\/\",\"url\":\"https:\\\/\\\/www.kirche-hettenhausen.de\\\/site\\\/2023\\\/11\\\/sternenhimmel-martinsfeuer-und-ganz-viele-lamas\\\/\",\"name\":\"Sternenhimmel, Martinsfeuer und ganz viele Lamas - Ev.-luth. Kirchengemeinde Hettenhausen - Dalherda\",\"isPartOf\":{\"@id\":\"https:\\\/\\\/www.kirche-hettenhausen.de\\\/site\\\/#website\"},\"primaryImageOfPage\":{\"@id\":\"https:\\\/\\\/www.kirche-hettenhausen.de\\\/site\\\/2023\\\/11\\\/sternenhimmel-martinsfeuer-und-ganz-viele-lamas\\\/#primaryimage\"},\"image\":{\"@id\":\"https:\\\/\\\/www.kirche-hettenhausen.de\\\/site\\\/2023\\\/11\\\/sternenhimmel-martinsfeuer-und-ganz-viele-lamas\\\/#primaryimage\"},\"thumbnailUrl\":\"https:\\\/\\\/www.kirche-hettenhausen.de\\\/site\\\/wp-content\\\/uploads\\\/2023\\\/11\\\/Laternen-2023-1_1.jpg\",\"datePublished\":\"2023-11-08T20:56:10+00:00\",\"dateModified\":\"2023-11-08T20:56:30+00:00\",\"author\":{\"@id\":\"https:\\\/\\\/www.kirche-hettenhausen.de\\\/site\\\/#\\\/schema\\\/person\\\/7740d89d8f816da861ece2b378a21c57\"},\"description\":\"Ev.-luth. Kirchengemeinde Hettenhausen - Dalherda - Sternenhimmel, Martinsfeuer und ganz viele Lamas -\",\"breadcrumb\":{\"@id\":\"https:\\\/\\\/www.kirche-hettenhausen.de\\\/site\\\/2023\\\/11\\\/sternenhimmel-martinsfeuer-und-ganz-viele-lamas\\\/#breadcrumb\"},\"inLanguage\":\"de\",\"potentialAction\":[{\"@type\":\"ReadAction\",\"target\":[\"https:\\\/\\\/www.kirche-hettenhausen.de\\\/site\\\/2023\\\/11\\\/sternenhimmel-martinsfeuer-und-ganz-viele-lamas\\\/\"]}]},{\"@type\":\"ImageObject\",\"inLanguage\":\"de\",\"@id\":\"https:\\\/\\\/www.kirche-hettenhausen.de\\\/site\\\/2023\\\/11\\\/sternenhimmel-martinsfeuer-und-ganz-viele-lamas\\\/#primaryimage\",\"url\":\"https:\\\/\\\/www.kirche-hettenhausen.de\\\/site\\\/wp-content\\\/uploads\\\/2023\\\/11\\\/Laternen-2023-1_1.jpg\",\"contentUrl\":\"https:\\\/\\\/www.kirche-hettenhausen.de\\\/site\\\/wp-content\\\/uploads\\\/2023\\\/11\\\/Laternen-2023-1_1.jpg\",\"width\":600,\"height\":902,\"caption\":\"Kindergarten Arche Noah\"},{\"@type\":\"BreadcrumbList\",\"@id\":\"https:\\\/\\\/www.kirche-hettenhausen.de\\\/site\\\/2023\\\/11\\\/sternenhimmel-martinsfeuer-und-ganz-viele-lamas\\\/#breadcrumb\",\"itemListElement\":[{\"@type\":\"ListItem\",\"position\":1,\"name\":\"Startseite\",\"item\":\"https:\\\/\\\/www.kirche-hettenhausen.de\\\/site\\\/\"},{\"@type\":\"ListItem\",\"position\":2,\"name\":\"Sternenhimmel, Martinsfeuer und ganz viele Lamas\"}]},{\"@type\":\"WebSite\",\"@id\":\"https:\\\/\\\/www.kirche-hettenhausen.de\\\/site\\\/#website\",\"url\":\"https:\\\/\\\/www.kirche-hettenhausen.de\\\/site\\\/\",\"name\":\"Ev.-luth. Kirchengemeinde Hettenhausen - Dalherda\",\"description\":\"Homepage der Ev.-luth. Kirchengemeinde Hettenhausen - Dalherda\",\"potentialAction\":[{\"@type\":\"SearchAction\",\"target\":{\"@type\":\"EntryPoint\",\"urlTemplate\":\"https:\\\/\\\/www.kirche-hettenhausen.de\\\/site\\\/?s={search_term_string}\"},\"query-input\":{\"@type\":\"PropertyValueSpecification\",\"valueRequired\":true,\"valueName\":\"search_term_string\"}}],\"inLanguage\":\"de\"},{\"@type\":\"Person\",\"@id\":\"https:\\\/\\\/www.kirche-hettenhausen.de\\\/site\\\/#\\\/schema\\\/person\\\/7740d89d8f816da861ece2b378a21c57\",\"name\":\"Marion Friedrich\",\"url\":\"https:\\\/\\\/www.kirche-hettenhausen.de\\\/site\\\/author\\\/m-friedrichkirche-hettenhausen-de\\\/\"}]}<\/script>\n<!-- \/ Yoast SEO plugin. -->","yoast_head_json":{"title":"Sternenhimmel, Martinsfeuer und ganz viele Lamas - Ev.-luth. Kirchengemeinde Hettenhausen - Dalherda","description":"Ev.-luth. Kirchengemeinde Hettenhausen - Dalherda - Sternenhimmel, Martinsfeuer und ganz viele Lamas -","robots":{"index":"index","follow":"follow","max-snippet":"max-snippet:-1","max-image-preview":"max-image-preview:large","max-video-preview":"max-video-preview:-1"},"canonical":"https:\/\/www.kirche-hettenhausen.de\/site\/2023\/11\/sternenhimmel-martinsfeuer-und-ganz-viele-lamas\/","og_locale":"de_DE","og_type":"article","og_title":"Sternenhimmel, Martinsfeuer und ganz viele Lamas - Ev.-luth. Kirchengemeinde Hettenhausen - Dalherda","og_description":"Ev.-luth. Kirchengemeinde Hettenhausen - Dalherda - Sternenhimmel, Martinsfeuer und ganz viele Lamas -","og_url":"https:\/\/www.kirche-hettenhausen.de\/site\/2023\/11\/sternenhimmel-martinsfeuer-und-ganz-viele-lamas\/","og_site_name":"Ev.-luth. Kirchengemeinde Hettenhausen - Dalherda","article_published_time":"2023-11-08T20:56:10+00:00","article_modified_time":"2023-11-08T20:56:30+00:00","og_image":[{"width":600,"height":902,"url":"https:\/\/www.kirche-hettenhausen.de\/site\/wp-content\/uploads\/2023\/11\/Laternen-2023-1_1.jpg","type":"image\/jpeg"}],"author":"Marion Friedrich","twitter_card":"summary_large_image","twitter_misc":{"Verfasst von":"Marion Friedrich","Gesch\u00e4tzte Lesezeit":"2\u00a0Minuten"},"schema":{"@context":"https:\/\/schema.org","@graph":[{"@type":"Article","@id":"https:\/\/www.kirche-hettenhausen.de\/site\/2023\/11\/sternenhimmel-martinsfeuer-und-ganz-viele-lamas\/#article","isPartOf":{"@id":"https:\/\/www.kirche-hettenhausen.de\/site\/2023\/11\/sternenhimmel-martinsfeuer-und-ganz-viele-lamas\/"},"author":{"name":"Marion Friedrich","@id":"https:\/\/www.kirche-hettenhausen.de\/site\/#\/schema\/person\/7740d89d8f816da861ece2b378a21c57"},"headline":"Sternenhimmel, Martinsfeuer und ganz viele Lamas","datePublished":"2023-11-08T20:56:10+00:00","dateModified":"2023-11-08T20:56:30+00:00","mainEntityOfPage":{"@id":"https:\/\/www.kirche-hettenhausen.de\/site\/2023\/11\/sternenhimmel-martinsfeuer-und-ganz-viele-lamas\/"},"wordCount":228,"image":{"@id":"https:\/\/www.kirche-hettenhausen.de\/site\/2023\/11\/sternenhimmel-martinsfeuer-und-ganz-viele-lamas\/#primaryimage"},"thumbnailUrl":"https:\/\/www.kirche-hettenhausen.de\/site\/wp-content\/uploads\/2023\/11\/Laternen-2023-1_1.jpg","keywords":["Kinder","Kindergarten \"Arche Noah\""],"articleSection":["Kindergarten Arche Noah"],"inLanguage":"de"},{"@type":"WebPage","@id":"https:\/\/www.kirche-hettenhausen.de\/site\/2023\/11\/sternenhimmel-martinsfeuer-und-ganz-viele-lamas\/","url":"https:\/\/www.kirche-hettenhausen.de\/site\/2023\/11\/sternenhimmel-martinsfeuer-und-ganz-viele-lamas\/","name":"Sternenhimmel, Martinsfeuer und ganz viele Lamas - Ev.-luth. Kirchengemeinde Hettenhausen - Dalherda","isPartOf":{"@id":"https:\/\/www.kirche-hettenhausen.de\/site\/#website"},"primaryImageOfPage":{"@id":"https:\/\/www.kirche-hettenhausen.de\/site\/2023\/11\/sternenhimmel-martinsfeuer-und-ganz-viele-lamas\/#primaryimage"},"image":{"@id":"https:\/\/www.kirche-hettenhausen.de\/site\/2023\/11\/sternenhimmel-martinsfeuer-und-ganz-viele-lamas\/#primaryimage"},"thumbnailUrl":"https:\/\/www.kirche-hettenhausen.de\/site\/wp-content\/uploads\/2023\/11\/Laternen-2023-1_1.jpg","datePublished":"2023-11-08T20:56:10+00:00","dateModified":"2023-11-08T20:56:30+00:00","author":{"@id":"https:\/\/www.kirche-hettenhausen.de\/site\/#\/schema\/person\/7740d89d8f816da861ece2b378a21c57"},"description":"Ev.-luth. Kirchengemeinde Hettenhausen - Dalherda - Sternenhimmel, Martinsfeuer und ganz viele Lamas -","breadcrumb":{"@id":"https:\/\/www.kirche-hettenhausen.de\/site\/2023\/11\/sternenhimmel-martinsfeuer-und-ganz-viele-lamas\/#breadcrumb"},"inLanguage":"de","potentialAction":[{"@type":"ReadAction","target":["https:\/\/www.kirche-hettenhausen.de\/site\/2023\/11\/sternenhimmel-martinsfeuer-und-ganz-viele-lamas\/"]}]},{"@type":"ImageObject","inLanguage":"de","@id":"https:\/\/www.kirche-hettenhausen.de\/site\/2023\/11\/sternenhimmel-martinsfeuer-und-ganz-viele-lamas\/#primaryimage","url":"https:\/\/www.kirche-hettenhausen.de\/site\/wp-content\/uploads\/2023\/11\/Laternen-2023-1_1.jpg","contentUrl":"https:\/\/www.kirche-hettenhausen.de\/site\/wp-content\/uploads\/2023\/11\/Laternen-2023-1_1.jpg","width":600,"height":902,"caption":"Kindergarten Arche Noah"},{"@type":"BreadcrumbList","@id":"https:\/\/www.kirche-hettenhausen.de\/site\/2023\/11\/sternenhimmel-martinsfeuer-und-ganz-viele-lamas\/#breadcrumb","itemListElement":[{"@type":"ListItem","position":1,"name":"Startseite","item":"https:\/\/www.kirche-hettenhausen.de\/site\/"},{"@type":"ListItem","position":2,"name":"Sternenhimmel, Martinsfeuer und ganz viele Lamas"}]},{"@type":"WebSite","@id":"https:\/\/www.kirche-hettenhausen.de\/site\/#website","url":"https:\/\/www.kirche-hettenhausen.de\/site\/","name":"Ev.-luth. Kirchengemeinde Hettenhausen - Dalherda","description":"Homepage der Ev.-luth. Kirchengemeinde Hettenhausen - Dalherda","potentialAction":[{"@type":"SearchAction","target":{"@type":"EntryPoint","urlTemplate":"https:\/\/www.kirche-hettenhausen.de\/site\/?s={search_term_string}"},"query-input":{"@type":"PropertyValueSpecification","valueRequired":true,"valueName":"search_term_string"}}],"inLanguage":"de"},{"@type":"Person","@id":"https:\/\/www.kirche-hettenhausen.de\/site\/#\/schema\/person\/7740d89d8f816da861ece2b378a21c57","name":"Marion Friedrich","url":"https:\/\/www.kirche-hettenhausen.de\/site\/author\/m-friedrichkirche-hettenhausen-de\/"}]}},"_links":{"self":[{"href":"https:\/\/www.kirche-hettenhausen.de\/site\/wp-json\/wp\/v2\/posts\/14253","targetHints":{"allow":["GET"]}}],"collection":[{"href":"https:\/\/www.kirche-hettenhausen.de\/site\/wp-json\/wp\/v2\/posts"}],"about":[{"href":"https:\/\/www.kirche-hettenhausen.de\/site\/wp-json\/wp\/v2\/types\/post"}],"author":[{"embeddable":true,"href":"https:\/\/www.kirche-hettenhausen.de\/site\/wp-json\/wp\/v2\/users\/2"}],"replies":[{"embeddable":true,"href":"https:\/\/www.kirche-hettenhausen.de\/site\/wp-json\/wp\/v2\/comments?post=14253"}],"version-history":[{"count":2,"href":"https:\/\/www.kirche-hettenhausen.de\/site\/wp-json\/wp\/v2\/posts\/14253\/revisions"}],"predecessor-version":[{"id":14255,"href":"https:\/\/www.kirche-hettenhausen.de\/site\/wp-json\/wp\/v2\/posts\/14253\/revisions\/14255"}],"wp:featuredmedia":[{"embeddable":true,"href":"https:\/\/www.kirche-hettenhausen.de\/site\/wp-json\/wp\/v2\/media\/14250"}],"wp:attachment":[{"href":"https:\/\/www.kirche-hettenhausen.de\/site\/wp-json\/wp\/v2\/media?parent=14253"}],"wp:term":[{"taxonomy":"category","embeddable":true,"href":"https:\/\/www.kirche-hettenhausen.de\/site\/wp-json\/wp\/v2\/categories?post=14253"},{"taxonomy":"post_tag","embeddable":true,"href":"https:\/\/www.kirche-hettenhausen.de\/site\/wp-json\/wp\/v2\/tags?post=14253"}],"curies":[{"name":"wp","href":"https:\/\/api.w.org\/{rel}","templated":true}]}}