{"id":1364,"date":"2017-04-22T20:13:28","date_gmt":"2017-04-22T18:13:28","guid":{"rendered":"https:\/\/kirche-hettenhausen.de\/site\/?p=1364"},"modified":"2020-09-15T13:59:54","modified_gmt":"2020-09-15T11:59:54","slug":"gemeindefahrt-nach-eisenach","status":"publish","type":"post","link":"https:\/\/www.kirche-hettenhausen.de\/site\/2017\/04\/gemeindefahrt-nach-eisenach\/","title":{"rendered":"Gemeindefahrt nach Eisenach 2017"},"content":{"rendered":"<p>Was liegt n\u00e4her, als im Jahr des 500. Jubil\u00e4ums des Thesenanschlags durch Martin Luther eine Fahrt zu unternehmen in eine der wohl bekanntesten Wirkungsst\u00e4tten des Reformators? So brachen wir an einem zugegeben etwas tr\u00fcben Samstag im M\u00e4rz auf in Richtung Eisenach. Das Wetter konnte der guten Stimmung im Bus nat\u00fcrlich nichts anhaben und so erreichten wir als erstes Zwischenziel den Parkplatz unterhalb der Wartburg, wo wir uns mit selbstgebackenen Leckereien und Kaffee f\u00fcr den \u201eAufstieg\u201c zur Burg st\u00e4rkten.<\/p>\n<p>Oben angekommen, erwartete uns eine sehr informative F\u00fchrung durch den Palas, dem aus dem 12. Jahrhundert erhaltenen Hauptgeb\u00e4ude der Burg. Die Burg selbst wurde der Sage nach im Jahr 1067 gegr\u00fcndet und wird bis heute mit vielen ber\u00fchmten Namen in Verbindung gebracht, wie Walther von der Vogelweide, Wolfram von Eschenbach, Elisabeth von Th\u00fcringen, Martin Luther, Lucas Cranach d.\u00a0\u00c4., Johann Wolfgang Goethe, Richard Wagner.<\/p>\n<p>Auf eigene Faust durften wir dann die Lutherstube besichtigen, in der Martin Luther w\u00e4hrend seines Aufenthalts auf der Wartburg in nur 11\u00a0Wochen das Neue Testament vom Griechischen ins Deutsche \u00fcbersetzte, sowie die sich anschlie\u00dfende Bibliothek mit ihren historischen Sch\u00e4tzen.<\/p>\n<p>Leider blieb nicht gen\u00fcgend Zeit, die gesamte Wartburg zu erkunden, die 1999 von der UNESCO zum \u201eWelterbe der Menschheit\u201c erkl\u00e4rt wurde. Denn schon dr\u00e4ngte die Zeit, da nach dem gemeinsamen Mittagessen noch eine F\u00fchrung durch die Stadt Eisenach auf dem Plan stand, die aber buchst\u00e4blich \u201eins Wasser\u201c gefallen ist. Wer f\u00fcr den prompt nach der Mittagspause einsetzenden Starkregen \u201everantwortlich\u201c war, lie\u00df sich nicht abschlie\u00dfend kl\u00e4ren. Tapfer und dem Regen trotzend lauschten wir dem sehr interessanten Vortrag des Stadtf\u00fchrers, der uns viele interessante Orte in der Stadt zeigte und dabei auch allerlei Anekdoten zum Besten gab. Doch so kurzweilig die Erz\u00e4hlungen auch waren, mussten wir doch irgendwann dem Wetter Tribut zollen und die Stadtf\u00fchrung leider vorzeitig abbrechen.<\/p>\n<p>Vollkommen durchweicht betraten wir das Bachhaus Eisenach, ein Museum, das dem dort geborenen Komponisten Johann Sebastian Bach gewidmet ist und das viele Originalexponate zeigt. In einem kleinen Konzert wurden uns f\u00fcnf Tasteninstrumente vorgef\u00fchrt, zwei Orgelpositive, ein Clavichord, ein Spinett und ein Cembalo.<\/p>\n<p>Danach hatten wir noch Gelegenheit, um uns das restliche Museum inkl. der historischen R\u00e4umlichkeiten anzusehen. Und auch f\u00fcr einen Kaffee zum Abschluss in einer nahe gelegenen Konditorei war noch gen\u00fcgend Zeit, bevor wir wieder die Heimreise Richtung Hettenhausen antraten.<\/p>\n<p>Ein gro\u00dfes Dankesch\u00f6n an Simone Ke\u00dfler f\u00fcr die Planung und Organisation der Gemeindefahrt. Es hat wie immer sehr viel Spa\u00df gemacht.<\/p>\n<p>&nbsp;<\/p>\n<p style=\"text-align: right;\">(mf)<\/p>\n","protected":false},"excerpt":{"rendered":"<p>Was liegt n\u00e4her, als im Jahr des 500. Jubil\u00e4ums des Thesenanschlags durch Martin Luther eine Fahrt zu unternehmen in eine der wohl bekanntesten Wirkungsst\u00e4tten des Reformators? So brachen wir an einem zugegeben etwas tr\u00fcben Samstag im M\u00e4rz auf in Richtung Eisenach. Das Wetter konnte der guten Stimmung im Bus nat\u00fcrlich nichts anhaben und so erreichten [&hellip;]<\/p>\n","protected":false},"author":2,"featured_media":1367,"comment_status":"closed","ping_status":"open","sticky":false,"template":"","format":"standard","meta":{"footnotes":""},"categories":[25],"tags":[82,91,81,39],"class_list":["post-1364","post","type-post","status-publish","format-standard","has-post-thumbnail","hentry","category-veranstaltungen","tag-gemeindefahrt","tag-oekumene","tag-reformation","tag-veranstaltungen"],"yoast_head":"<!-- This site is optimized with the Yoast SEO plugin v27.4 - https:\/\/yoast.com\/product\/yoast-seo-wordpress\/ -->\n<title>Gemeindefahrt nach Eisenach 2017 - Ev.-luth. Kirchengemeinde Hettenhausen - Dalherda<\/title>\n<meta name=\"robots\" content=\"index, follow, max-snippet:-1, max-image-preview:large, max-video-preview:-1\" \/>\n<link rel=\"canonical\" href=\"https:\/\/www.kirche-hettenhausen.de\/site\/2017\/04\/gemeindefahrt-nach-eisenach\/\" \/>\n<meta property=\"og:locale\" content=\"de_DE\" \/>\n<meta property=\"og:type\" content=\"article\" \/>\n<meta property=\"og:title\" content=\"Gemeindefahrt nach Eisenach 2017 - Ev.-luth. Kirchengemeinde Hettenhausen - Dalherda\" \/>\n<meta property=\"og:description\" content=\"Was liegt n\u00e4her, als im Jahr des 500. Jubil\u00e4ums des Thesenanschlags durch Martin Luther eine Fahrt zu unternehmen in eine der wohl bekanntesten Wirkungsst\u00e4tten des Reformators? So brachen wir an einem zugegeben etwas tr\u00fcben Samstag im M\u00e4rz auf in Richtung Eisenach. Das Wetter konnte der guten Stimmung im Bus nat\u00fcrlich nichts anhaben und so erreichten [&hellip;]\" \/>\n<meta property=\"og:url\" content=\"https:\/\/www.kirche-hettenhausen.de\/site\/2017\/04\/gemeindefahrt-nach-eisenach\/\" \/>\n<meta property=\"og:site_name\" content=\"Ev.-luth. Kirchengemeinde Hettenhausen - Dalherda\" \/>\n<meta property=\"article:published_time\" content=\"2017-04-22T18:13:28+00:00\" \/>\n<meta property=\"article:modified_time\" content=\"2020-09-15T11:59:54+00:00\" \/>\n<meta property=\"og:image\" content=\"https:\/\/www.kirche-hettenhausen.de\/site\/wp-content\/uploads\/2017\/04\/Wartburg-e1587196112471.jpg\" \/>\n\t<meta property=\"og:image:width\" content=\"336\" \/>\n\t<meta property=\"og:image:height\" content=\"448\" \/>\n\t<meta property=\"og:image:type\" content=\"image\/jpeg\" \/>\n<meta name=\"author\" content=\"Marion Friedrich\" \/>\n<meta name=\"twitter:card\" content=\"summary_large_image\" \/>\n<meta name=\"twitter:label1\" content=\"Verfasst von\" \/>\n\t<meta name=\"twitter:data1\" content=\"Marion Friedrich\" \/>\n\t<meta name=\"twitter:label2\" content=\"Gesch\u00e4tzte Lesezeit\" \/>\n\t<meta name=\"twitter:data2\" content=\"2\u00a0Minuten\" \/>\n<script type=\"application\/ld+json\" class=\"yoast-schema-graph\">{\"@context\":\"https:\\\/\\\/schema.org\",\"@graph\":[{\"@type\":\"Article\",\"@id\":\"https:\\\/\\\/www.kirche-hettenhausen.de\\\/site\\\/2017\\\/04\\\/gemeindefahrt-nach-eisenach\\\/#article\",\"isPartOf\":{\"@id\":\"https:\\\/\\\/www.kirche-hettenhausen.de\\\/site\\\/2017\\\/04\\\/gemeindefahrt-nach-eisenach\\\/\"},\"author\":{\"name\":\"Marion Friedrich\",\"@id\":\"https:\\\/\\\/www.kirche-hettenhausen.de\\\/site\\\/#\\\/schema\\\/person\\\/7740d89d8f816da861ece2b378a21c57\"},\"headline\":\"Gemeindefahrt nach Eisenach 2017\",\"datePublished\":\"2017-04-22T18:13:28+00:00\",\"dateModified\":\"2020-09-15T11:59:54+00:00\",\"mainEntityOfPage\":{\"@id\":\"https:\\\/\\\/www.kirche-hettenhausen.de\\\/site\\\/2017\\\/04\\\/gemeindefahrt-nach-eisenach\\\/\"},\"wordCount\":435,\"image\":{\"@id\":\"https:\\\/\\\/www.kirche-hettenhausen.de\\\/site\\\/2017\\\/04\\\/gemeindefahrt-nach-eisenach\\\/#primaryimage\"},\"thumbnailUrl\":\"https:\\\/\\\/www.kirche-hettenhausen.de\\\/site\\\/wp-content\\\/uploads\\\/2017\\\/04\\\/Wartburg-e1587196112471.jpg\",\"keywords\":[\"Gemeindefahrt\",\"\u00d6kumene\",\"Reformation\",\"Veranstaltungen\"],\"articleSection\":[\"Veranstaltungen\"],\"inLanguage\":\"de\"},{\"@type\":\"WebPage\",\"@id\":\"https:\\\/\\\/www.kirche-hettenhausen.de\\\/site\\\/2017\\\/04\\\/gemeindefahrt-nach-eisenach\\\/\",\"url\":\"https:\\\/\\\/www.kirche-hettenhausen.de\\\/site\\\/2017\\\/04\\\/gemeindefahrt-nach-eisenach\\\/\",\"name\":\"Gemeindefahrt nach Eisenach 2017 - Ev.-luth. Kirchengemeinde Hettenhausen - Dalherda\",\"isPartOf\":{\"@id\":\"https:\\\/\\\/www.kirche-hettenhausen.de\\\/site\\\/#website\"},\"primaryImageOfPage\":{\"@id\":\"https:\\\/\\\/www.kirche-hettenhausen.de\\\/site\\\/2017\\\/04\\\/gemeindefahrt-nach-eisenach\\\/#primaryimage\"},\"image\":{\"@id\":\"https:\\\/\\\/www.kirche-hettenhausen.de\\\/site\\\/2017\\\/04\\\/gemeindefahrt-nach-eisenach\\\/#primaryimage\"},\"thumbnailUrl\":\"https:\\\/\\\/www.kirche-hettenhausen.de\\\/site\\\/wp-content\\\/uploads\\\/2017\\\/04\\\/Wartburg-e1587196112471.jpg\",\"datePublished\":\"2017-04-22T18:13:28+00:00\",\"dateModified\":\"2020-09-15T11:59:54+00:00\",\"author\":{\"@id\":\"https:\\\/\\\/www.kirche-hettenhausen.de\\\/site\\\/#\\\/schema\\\/person\\\/7740d89d8f816da861ece2b378a21c57\"},\"breadcrumb\":{\"@id\":\"https:\\\/\\\/www.kirche-hettenhausen.de\\\/site\\\/2017\\\/04\\\/gemeindefahrt-nach-eisenach\\\/#breadcrumb\"},\"inLanguage\":\"de\",\"potentialAction\":[{\"@type\":\"ReadAction\",\"target\":[\"https:\\\/\\\/www.kirche-hettenhausen.de\\\/site\\\/2017\\\/04\\\/gemeindefahrt-nach-eisenach\\\/\"]}]},{\"@type\":\"ImageObject\",\"inLanguage\":\"de\",\"@id\":\"https:\\\/\\\/www.kirche-hettenhausen.de\\\/site\\\/2017\\\/04\\\/gemeindefahrt-nach-eisenach\\\/#primaryimage\",\"url\":\"https:\\\/\\\/www.kirche-hettenhausen.de\\\/site\\\/wp-content\\\/uploads\\\/2017\\\/04\\\/Wartburg-e1587196112471.jpg\",\"contentUrl\":\"https:\\\/\\\/www.kirche-hettenhausen.de\\\/site\\\/wp-content\\\/uploads\\\/2017\\\/04\\\/Wartburg-e1587196112471.jpg\",\"width\":336,\"height\":448},{\"@type\":\"BreadcrumbList\",\"@id\":\"https:\\\/\\\/www.kirche-hettenhausen.de\\\/site\\\/2017\\\/04\\\/gemeindefahrt-nach-eisenach\\\/#breadcrumb\",\"itemListElement\":[{\"@type\":\"ListItem\",\"position\":1,\"name\":\"Startseite\",\"item\":\"https:\\\/\\\/www.kirche-hettenhausen.de\\\/site\\\/\"},{\"@type\":\"ListItem\",\"position\":2,\"name\":\"Gemeindefahrt nach Eisenach 2017\"}]},{\"@type\":\"WebSite\",\"@id\":\"https:\\\/\\\/www.kirche-hettenhausen.de\\\/site\\\/#website\",\"url\":\"https:\\\/\\\/www.kirche-hettenhausen.de\\\/site\\\/\",\"name\":\"Ev.-luth. Kirchengemeinde Hettenhausen - Dalherda\",\"description\":\"Homepage der Ev.-luth. Kirchengemeinde Hettenhausen - Dalherda\",\"potentialAction\":[{\"@type\":\"SearchAction\",\"target\":{\"@type\":\"EntryPoint\",\"urlTemplate\":\"https:\\\/\\\/www.kirche-hettenhausen.de\\\/site\\\/?s={search_term_string}\"},\"query-input\":{\"@type\":\"PropertyValueSpecification\",\"valueRequired\":true,\"valueName\":\"search_term_string\"}}],\"inLanguage\":\"de\"},{\"@type\":\"Person\",\"@id\":\"https:\\\/\\\/www.kirche-hettenhausen.de\\\/site\\\/#\\\/schema\\\/person\\\/7740d89d8f816da861ece2b378a21c57\",\"name\":\"Marion Friedrich\",\"url\":\"https:\\\/\\\/www.kirche-hettenhausen.de\\\/site\\\/author\\\/m-friedrichkirche-hettenhausen-de\\\/\"}]}<\/script>\n<!-- \/ Yoast SEO plugin. -->","yoast_head_json":{"title":"Gemeindefahrt nach Eisenach 2017 - Ev.-luth. Kirchengemeinde Hettenhausen - Dalherda","robots":{"index":"index","follow":"follow","max-snippet":"max-snippet:-1","max-image-preview":"max-image-preview:large","max-video-preview":"max-video-preview:-1"},"canonical":"https:\/\/www.kirche-hettenhausen.de\/site\/2017\/04\/gemeindefahrt-nach-eisenach\/","og_locale":"de_DE","og_type":"article","og_title":"Gemeindefahrt nach Eisenach 2017 - Ev.-luth. Kirchengemeinde Hettenhausen - Dalherda","og_description":"Was liegt n\u00e4her, als im Jahr des 500. Jubil\u00e4ums des Thesenanschlags durch Martin Luther eine Fahrt zu unternehmen in eine der wohl bekanntesten Wirkungsst\u00e4tten des Reformators? So brachen wir an einem zugegeben etwas tr\u00fcben Samstag im M\u00e4rz auf in Richtung Eisenach. Das Wetter konnte der guten Stimmung im Bus nat\u00fcrlich nichts anhaben und so erreichten [&hellip;]","og_url":"https:\/\/www.kirche-hettenhausen.de\/site\/2017\/04\/gemeindefahrt-nach-eisenach\/","og_site_name":"Ev.-luth. Kirchengemeinde Hettenhausen - Dalherda","article_published_time":"2017-04-22T18:13:28+00:00","article_modified_time":"2020-09-15T11:59:54+00:00","og_image":[{"width":336,"height":448,"url":"https:\/\/www.kirche-hettenhausen.de\/site\/wp-content\/uploads\/2017\/04\/Wartburg-e1587196112471.jpg","type":"image\/jpeg"}],"author":"Marion Friedrich","twitter_card":"summary_large_image","twitter_misc":{"Verfasst von":"Marion Friedrich","Gesch\u00e4tzte Lesezeit":"2\u00a0Minuten"},"schema":{"@context":"https:\/\/schema.org","@graph":[{"@type":"Article","@id":"https:\/\/www.kirche-hettenhausen.de\/site\/2017\/04\/gemeindefahrt-nach-eisenach\/#article","isPartOf":{"@id":"https:\/\/www.kirche-hettenhausen.de\/site\/2017\/04\/gemeindefahrt-nach-eisenach\/"},"author":{"name":"Marion Friedrich","@id":"https:\/\/www.kirche-hettenhausen.de\/site\/#\/schema\/person\/7740d89d8f816da861ece2b378a21c57"},"headline":"Gemeindefahrt nach Eisenach 2017","datePublished":"2017-04-22T18:13:28+00:00","dateModified":"2020-09-15T11:59:54+00:00","mainEntityOfPage":{"@id":"https:\/\/www.kirche-hettenhausen.de\/site\/2017\/04\/gemeindefahrt-nach-eisenach\/"},"wordCount":435,"image":{"@id":"https:\/\/www.kirche-hettenhausen.de\/site\/2017\/04\/gemeindefahrt-nach-eisenach\/#primaryimage"},"thumbnailUrl":"https:\/\/www.kirche-hettenhausen.de\/site\/wp-content\/uploads\/2017\/04\/Wartburg-e1587196112471.jpg","keywords":["Gemeindefahrt","\u00d6kumene","Reformation","Veranstaltungen"],"articleSection":["Veranstaltungen"],"inLanguage":"de"},{"@type":"WebPage","@id":"https:\/\/www.kirche-hettenhausen.de\/site\/2017\/04\/gemeindefahrt-nach-eisenach\/","url":"https:\/\/www.kirche-hettenhausen.de\/site\/2017\/04\/gemeindefahrt-nach-eisenach\/","name":"Gemeindefahrt nach Eisenach 2017 - Ev.-luth. Kirchengemeinde Hettenhausen - Dalherda","isPartOf":{"@id":"https:\/\/www.kirche-hettenhausen.de\/site\/#website"},"primaryImageOfPage":{"@id":"https:\/\/www.kirche-hettenhausen.de\/site\/2017\/04\/gemeindefahrt-nach-eisenach\/#primaryimage"},"image":{"@id":"https:\/\/www.kirche-hettenhausen.de\/site\/2017\/04\/gemeindefahrt-nach-eisenach\/#primaryimage"},"thumbnailUrl":"https:\/\/www.kirche-hettenhausen.de\/site\/wp-content\/uploads\/2017\/04\/Wartburg-e1587196112471.jpg","datePublished":"2017-04-22T18:13:28+00:00","dateModified":"2020-09-15T11:59:54+00:00","author":{"@id":"https:\/\/www.kirche-hettenhausen.de\/site\/#\/schema\/person\/7740d89d8f816da861ece2b378a21c57"},"breadcrumb":{"@id":"https:\/\/www.kirche-hettenhausen.de\/site\/2017\/04\/gemeindefahrt-nach-eisenach\/#breadcrumb"},"inLanguage":"de","potentialAction":[{"@type":"ReadAction","target":["https:\/\/www.kirche-hettenhausen.de\/site\/2017\/04\/gemeindefahrt-nach-eisenach\/"]}]},{"@type":"ImageObject","inLanguage":"de","@id":"https:\/\/www.kirche-hettenhausen.de\/site\/2017\/04\/gemeindefahrt-nach-eisenach\/#primaryimage","url":"https:\/\/www.kirche-hettenhausen.de\/site\/wp-content\/uploads\/2017\/04\/Wartburg-e1587196112471.jpg","contentUrl":"https:\/\/www.kirche-hettenhausen.de\/site\/wp-content\/uploads\/2017\/04\/Wartburg-e1587196112471.jpg","width":336,"height":448},{"@type":"BreadcrumbList","@id":"https:\/\/www.kirche-hettenhausen.de\/site\/2017\/04\/gemeindefahrt-nach-eisenach\/#breadcrumb","itemListElement":[{"@type":"ListItem","position":1,"name":"Startseite","item":"https:\/\/www.kirche-hettenhausen.de\/site\/"},{"@type":"ListItem","position":2,"name":"Gemeindefahrt nach Eisenach 2017"}]},{"@type":"WebSite","@id":"https:\/\/www.kirche-hettenhausen.de\/site\/#website","url":"https:\/\/www.kirche-hettenhausen.de\/site\/","name":"Ev.-luth. Kirchengemeinde Hettenhausen - Dalherda","description":"Homepage der Ev.-luth. Kirchengemeinde Hettenhausen - Dalherda","potentialAction":[{"@type":"SearchAction","target":{"@type":"EntryPoint","urlTemplate":"https:\/\/www.kirche-hettenhausen.de\/site\/?s={search_term_string}"},"query-input":{"@type":"PropertyValueSpecification","valueRequired":true,"valueName":"search_term_string"}}],"inLanguage":"de"},{"@type":"Person","@id":"https:\/\/www.kirche-hettenhausen.de\/site\/#\/schema\/person\/7740d89d8f816da861ece2b378a21c57","name":"Marion Friedrich","url":"https:\/\/www.kirche-hettenhausen.de\/site\/author\/m-friedrichkirche-hettenhausen-de\/"}]}},"_links":{"self":[{"href":"https:\/\/www.kirche-hettenhausen.de\/site\/wp-json\/wp\/v2\/posts\/1364","targetHints":{"allow":["GET"]}}],"collection":[{"href":"https:\/\/www.kirche-hettenhausen.de\/site\/wp-json\/wp\/v2\/posts"}],"about":[{"href":"https:\/\/www.kirche-hettenhausen.de\/site\/wp-json\/wp\/v2\/types\/post"}],"author":[{"embeddable":true,"href":"https:\/\/www.kirche-hettenhausen.de\/site\/wp-json\/wp\/v2\/users\/2"}],"replies":[{"embeddable":true,"href":"https:\/\/www.kirche-hettenhausen.de\/site\/wp-json\/wp\/v2\/comments?post=1364"}],"version-history":[{"count":5,"href":"https:\/\/www.kirche-hettenhausen.de\/site\/wp-json\/wp\/v2\/posts\/1364\/revisions"}],"predecessor-version":[{"id":4952,"href":"https:\/\/www.kirche-hettenhausen.de\/site\/wp-json\/wp\/v2\/posts\/1364\/revisions\/4952"}],"wp:featuredmedia":[{"embeddable":true,"href":"https:\/\/www.kirche-hettenhausen.de\/site\/wp-json\/wp\/v2\/media\/1367"}],"wp:attachment":[{"href":"https:\/\/www.kirche-hettenhausen.de\/site\/wp-json\/wp\/v2\/media?parent=1364"}],"wp:term":[{"taxonomy":"category","embeddable":true,"href":"https:\/\/www.kirche-hettenhausen.de\/site\/wp-json\/wp\/v2\/categories?post=1364"},{"taxonomy":"post_tag","embeddable":true,"href":"https:\/\/www.kirche-hettenhausen.de\/site\/wp-json\/wp\/v2\/tags?post=1364"}],"curies":[{"name":"wp","href":"https:\/\/api.w.org\/{rel}","templated":true}]}}