{"id":12356,"date":"2022-10-09T12:08:15","date_gmt":"2022-10-09T10:08:15","guid":{"rendered":"https:\/\/kirche-hettenhausen.de\/site\/?p=12356"},"modified":"2022-10-15T11:25:35","modified_gmt":"2022-10-15T09:25:35","slug":"chor-trifft-chor","status":"publish","type":"post","link":"https:\/\/www.kirche-hettenhausen.de\/site\/2022\/10\/chor-trifft-chor\/","title":{"rendered":"Chor trifft Chor"},"content":{"rendered":"<p>Bezirkskantorin Brigitte Lamohr hatte am Samstag, 8. Oktober 2022, alle Ch\u00f6re des Kirchenkreises zu einer gemeinsamen Probe eingeladen. Das Ziel war, einfache Chorliteratur einzustudieren und damit den anschlie\u00dfenden Abendgottesdienst in der Christuskirche zu bereichern. Nach der f\u00fcr viele gerade im musikalischen Bereich sehr entbehrungsreichen Zeit wollte Frau Lamohr ein Zeichen setzen, nicht aufzugeben und motivieren, dass auch in Zukunft Ch\u00f6re in unseren Kirchen zu h\u00f6ren sind. Denn auch die Kirchenmusik ist eine Form der Verk\u00fcndigung, Musik \u00f6ffnet Ohren und Herzen und erreicht dadurch viele Menschen.<\/p>\n<p>Die Einladung fand auch in unserem Hettenh\u00e4user Kirchenchor regen Zuspruch und so machten wir uns mit 10 S\u00e4ngerinnen nachmittags auf nach Fulda. Zusammen mit S\u00e4ngerinnen und S\u00e4ngern aus anderen Ch\u00f6ren trafen wir uns um 15:00 Uhr in der Christuskirche und \u00fcbten teils bekannte, aber auch f\u00fcr uns neue Lieder, Motetten und Kanons ein. Mit zwei Pausen, in denen Zeit zum gegenseitigen Kennenlernen, f\u00fcr Gespr\u00e4che und eine kleine St\u00e4rkung war (Kaffee, Kuchen, Getr\u00e4nke und ein kleiner Snack am Abend wurden vom Kirchenkreis und Pfarrer Scheer spendiert), verging der Nachmittag sehr schnell und kurzweilig.<\/p>\n\n\t\t<style type=\"text\/css\">\n\t\t\t#gallery-1 {\n\t\t\t\tmargin: auto;\n\t\t\t}\n\t\t\t#gallery-1 .gallery-item {\n\t\t\t\tfloat: left;\n\t\t\t\tmargin-top: 10px;\n\t\t\t\ttext-align: center;\n\t\t\t\twidth: 50%;\n\t\t\t}\n\t\t\t#gallery-1 img {\n\t\t\t\tborder: 2px solid #cfcfcf;\n\t\t\t}\n\t\t\t#gallery-1 .gallery-caption {\n\t\t\t\tmargin-left: 0;\n\t\t\t}\n\t\t\t\/* see gallery_shortcode() in wp-includes\/media.php *\/\n\t\t<\/style>\n\t\t<div id='gallery-1' class='gallery galleryid-12356 gallery-columns-2 gallery-size-large'><dl class='gallery-item'>\n\t\t\t<dt class='gallery-icon portrait'>\n\t\t\t\t<img loading=\"lazy\" decoding=\"async\" width=\"565\" height=\"800\" src=\"https:\/\/www.kirche-hettenhausen.de\/site\/wp-content\/uploads\/2022\/10\/Gottesdienst-Plakat-8.10..jpg\" class=\"attachment-large size-large\" alt=\"Kirchenchor\" srcset=\"https:\/\/www.kirche-hettenhausen.de\/site\/wp-content\/uploads\/2022\/10\/Gottesdienst-Plakat-8.10..jpg 565w, https:\/\/www.kirche-hettenhausen.de\/site\/wp-content\/uploads\/2022\/10\/Gottesdienst-Plakat-8.10.-212x300.jpg 212w\" sizes=\"auto, (max-width: 565px) 100vw, 565px\" \/>\n\t\t\t<\/dt><\/dl><dl class='gallery-item'>\n\t\t\t<dt class='gallery-icon landscape'>\n\t\t\t\t<img loading=\"lazy\" decoding=\"async\" width=\"540\" height=\"404\" src=\"https:\/\/www.kirche-hettenhausen.de\/site\/wp-content\/uploads\/2022\/10\/Chorprojekt-Christuskirche-2022-6.jpg\" class=\"attachment-large size-large\" alt=\"Kirchenchor\" srcset=\"https:\/\/www.kirche-hettenhausen.de\/site\/wp-content\/uploads\/2022\/10\/Chorprojekt-Christuskirche-2022-6.jpg 540w, https:\/\/www.kirche-hettenhausen.de\/site\/wp-content\/uploads\/2022\/10\/Chorprojekt-Christuskirche-2022-6-300x224.jpg 300w\" sizes=\"auto, (max-width: 540px) 100vw, 540px\" \/>\n\t\t\t<\/dt><\/dl><br style=\"clear: both\" \/><dl class='gallery-item'>\n\t\t\t<dt class='gallery-icon landscape'>\n\t\t\t\t<img loading=\"lazy\" decoding=\"async\" width=\"500\" height=\"398\" src=\"https:\/\/www.kirche-hettenhausen.de\/site\/wp-content\/uploads\/2022\/10\/Chorprojekt-Christuskirche-2022-4.jpg\" class=\"attachment-large size-large\" alt=\"Kirchenchor\" srcset=\"https:\/\/www.kirche-hettenhausen.de\/site\/wp-content\/uploads\/2022\/10\/Chorprojekt-Christuskirche-2022-4.jpg 500w, https:\/\/www.kirche-hettenhausen.de\/site\/wp-content\/uploads\/2022\/10\/Chorprojekt-Christuskirche-2022-4-300x239.jpg 300w\" sizes=\"auto, (max-width: 500px) 100vw, 500px\" \/>\n\t\t\t<\/dt><\/dl><dl class='gallery-item'>\n\t\t\t<dt class='gallery-icon portrait'>\n\t\t\t\t<img loading=\"lazy\" decoding=\"async\" width=\"523\" height=\"670\" src=\"https:\/\/www.kirche-hettenhausen.de\/site\/wp-content\/uploads\/2022\/10\/Chorprojekt-Christuskirche-2022-3.jpg\" class=\"attachment-large size-large\" alt=\"Kirchenchor\" srcset=\"https:\/\/www.kirche-hettenhausen.de\/site\/wp-content\/uploads\/2022\/10\/Chorprojekt-Christuskirche-2022-3.jpg 523w, https:\/\/www.kirche-hettenhausen.de\/site\/wp-content\/uploads\/2022\/10\/Chorprojekt-Christuskirche-2022-3-234x300.jpg 234w\" sizes=\"auto, (max-width: 523px) 100vw, 523px\" \/>\n\t\t\t<\/dt><\/dl><br style=\"clear: both\" \/><dl class='gallery-item'>\n\t\t\t<dt class='gallery-icon portrait'>\n\t\t\t\t<img loading=\"lazy\" decoding=\"async\" width=\"453\" height=\"544\" src=\"https:\/\/www.kirche-hettenhausen.de\/site\/wp-content\/uploads\/2022\/10\/Chorprojekt-Christuskirche-2022-1.jpg\" class=\"attachment-large size-large\" alt=\"Kirchenchor\" srcset=\"https:\/\/www.kirche-hettenhausen.de\/site\/wp-content\/uploads\/2022\/10\/Chorprojekt-Christuskirche-2022-1.jpg 453w, https:\/\/www.kirche-hettenhausen.de\/site\/wp-content\/uploads\/2022\/10\/Chorprojekt-Christuskirche-2022-1-250x300.jpg 250w\" sizes=\"auto, (max-width: 453px) 100vw, 453px\" \/>\n\t\t\t<\/dt><\/dl><dl class='gallery-item'>\n\t\t\t<dt class='gallery-icon landscape'>\n\t\t\t\t<img loading=\"lazy\" decoding=\"async\" width=\"540\" height=\"404\" src=\"https:\/\/www.kirche-hettenhausen.de\/site\/wp-content\/uploads\/2022\/10\/Chorprojekt-Christuskirche-2022-5.jpg\" class=\"attachment-large size-large\" alt=\"Kirchenchor\" srcset=\"https:\/\/www.kirche-hettenhausen.de\/site\/wp-content\/uploads\/2022\/10\/Chorprojekt-Christuskirche-2022-5.jpg 540w, https:\/\/www.kirche-hettenhausen.de\/site\/wp-content\/uploads\/2022\/10\/Chorprojekt-Christuskirche-2022-5-300x224.jpg 300w\" sizes=\"auto, (max-width: 540px) 100vw, 540px\" \/>\n\t\t\t<\/dt><\/dl><br style=\"clear: both\" \/>\n\t\t<\/div>\n\n<p>&nbsp;<\/p>\n<p>&nbsp;<\/p>\n<p>Der anschlie\u00dfende Gottesdienst war der Auftakt zu einem neuen Gottesdienstformat der Christuskirche Fulda. Jeden zweiten Samstag im Monat findet in den n\u00e4chsten 6 Monaten unter dem Motto &#8222;Sinnvoll&#8220; ein Abendgottesdienst um 19:00 Uhr statt (anstelle des Sonntagsgottesdienstes). Alle Sinne sollen angesprochen werden, und im ersten Gottesdienst ging es ums H\u00f6ren, wie Pfarrer J\u00f6rg Scheer in seiner Predigt herausgehoben hat.<\/p>\n<p>Wir vom Kirchenchor Hettenhausen bedanken uns f\u00fcr die Einladung zu diesem &#8222;singenden und klingenden Samstag&#8220;, es hat uns allen sehr viel Spa\u00df gemacht und motiviert. Vielen Dank auch an alle, die &#8222;nur&#8220; zum Gottesdienst gekommen sind, um uns zu h\u00f6ren. \ud83d\ude42<\/p>\n<p><a href=\"https:\/\/www.kirche-hettenhausen.de\/site\/wp-content\/uploads\/2022\/10\/Chorprojekt-Christuskirche-2022-2.jpg\"><img loading=\"lazy\" decoding=\"async\" class=\"aligncenter wp-image-12372 size-full\" src=\"https:\/\/www.kirche-hettenhausen.de\/site\/wp-content\/uploads\/2022\/10\/Chorprojekt-Christuskirche-2022-2.jpg\" alt=\"Kirchenchor\" width=\"540\" height=\"638\" srcset=\"https:\/\/www.kirche-hettenhausen.de\/site\/wp-content\/uploads\/2022\/10\/Chorprojekt-Christuskirche-2022-2.jpg 540w, https:\/\/www.kirche-hettenhausen.de\/site\/wp-content\/uploads\/2022\/10\/Chorprojekt-Christuskirche-2022-2-254x300.jpg 254w\" sizes=\"auto, (max-width: 540px) 100vw, 540px\" \/><\/a><\/p>\n<p>&nbsp;<\/p>\n<p>Brigitte Lamohr l\u00e4dt ebenfalls herzlich ein zu den Konzerten von &#8222;Gospel of Joy&#8220;, am 15. Oktober in der Christuskirche Fulda und am 16. Oktober in der ev. Kirche Gersfeld. Hier sind, zusammen mit der Gospel-Band unter der Leitung von Alexander Jacobi, moderne Gospels und Songs zu h\u00f6ren, gerne auch zum Mitsingen!<\/p>\n<p><a href=\"https:\/\/www.kirche-hettenhausen.de\/site\/wp-content\/uploads\/2022\/10\/Plakat-Gospel-of-Joy.jpg\"><img loading=\"lazy\" decoding=\"async\" class=\"aligncenter wp-image-12393 size-full\" src=\"https:\/\/www.kirche-hettenhausen.de\/site\/wp-content\/uploads\/2022\/10\/Plakat-Gospel-of-Joy.jpg\" alt=\"\" width=\"535\" height=\"758\" srcset=\"https:\/\/www.kirche-hettenhausen.de\/site\/wp-content\/uploads\/2022\/10\/Plakat-Gospel-of-Joy.jpg 535w, https:\/\/www.kirche-hettenhausen.de\/site\/wp-content\/uploads\/2022\/10\/Plakat-Gospel-of-Joy-212x300.jpg 212w\" sizes=\"auto, (max-width: 535px) 100vw, 535px\" \/><\/a><\/p>\n<p>&nbsp;<\/p>\n<p><a href=\"https:\/\/fulda-evangelisch.de\/blog\/konzerte-von-gospel-of-joy\/\">Konzerte von Gospel of Joy &#8211; Evangelischer Kirchenkreis Fulda (fulda-evangelisch.de)<\/a><\/p>\n<p>&nbsp;<\/p>\n<p style=\"text-align: right;\">(Marion Friedrich)<\/p>\n","protected":false},"excerpt":{"rendered":"<p>Bezirkskantorin Brigitte Lamohr hatte am Samstag, 8. Oktober 2022, alle Ch\u00f6re des Kirchenkreises zu einer gemeinsamen Probe eingeladen. Das Ziel war, einfache Chorliteratur einzustudieren und damit den anschlie\u00dfenden Abendgottesdienst in der Christuskirche zu bereichern. Nach der f\u00fcr viele gerade im musikalischen Bereich sehr entbehrungsreichen Zeit wollte Frau Lamohr ein Zeichen setzen, nicht aufzugeben und motivieren, [&hellip;]<\/p>\n","protected":false},"author":2,"featured_media":12368,"comment_status":"closed","ping_status":"closed","sticky":false,"template":"","format":"standard","meta":{"footnotes":""},"categories":[18,23,25],"tags":[33,128,36,7,67,39],"class_list":["post-12356","post","type-post","status-publish","format-standard","has-post-thumbnail","hentry","category-gottesdienst","category-kirchenmusik","category-veranstaltungen","tag-gottesdienst","tag-hettenhausen","tag-musik","tag-pfarrer","tag-singen","tag-veranstaltungen"],"yoast_head":"<!-- This site is optimized with the Yoast SEO plugin v27.4 - https:\/\/yoast.com\/product\/yoast-seo-wordpress\/ -->\n<title>Chor trifft Chor - Ev.-luth. Kirchengemeinde Hettenhausen - Dalherda<\/title>\n<meta name=\"description\" content=\"Ev.-luth. Kirchengemeinde Hettenhausen - Dalherda - Kirchenmusik - Chor trifft Chor -\" \/>\n<meta name=\"robots\" content=\"index, follow, max-snippet:-1, max-image-preview:large, max-video-preview:-1\" \/>\n<link rel=\"canonical\" href=\"https:\/\/www.kirche-hettenhausen.de\/site\/2022\/10\/chor-trifft-chor\/\" \/>\n<meta property=\"og:locale\" content=\"de_DE\" \/>\n<meta property=\"og:type\" content=\"article\" \/>\n<meta property=\"og:title\" content=\"Chor trifft Chor - Ev.-luth. Kirchengemeinde Hettenhausen - Dalherda\" \/>\n<meta property=\"og:description\" content=\"Ev.-luth. Kirchengemeinde Hettenhausen - Dalherda - Kirchenmusik - Chor trifft Chor -\" \/>\n<meta property=\"og:url\" content=\"https:\/\/www.kirche-hettenhausen.de\/site\/2022\/10\/chor-trifft-chor\/\" \/>\n<meta property=\"og:site_name\" content=\"Ev.-luth. Kirchengemeinde Hettenhausen - Dalherda\" \/>\n<meta property=\"article:published_time\" content=\"2022-10-09T10:08:15+00:00\" \/>\n<meta property=\"article:modified_time\" content=\"2022-10-15T09:25:35+00:00\" \/>\n<meta property=\"og:image\" content=\"https:\/\/www.kirche-hettenhausen.de\/site\/wp-content\/uploads\/2022\/10\/Gottesdienst-Plakat-8.10..jpg\" \/>\n\t<meta property=\"og:image:width\" content=\"565\" \/>\n\t<meta property=\"og:image:height\" content=\"800\" \/>\n\t<meta property=\"og:image:type\" content=\"image\/jpeg\" \/>\n<meta name=\"author\" content=\"Marion Friedrich\" \/>\n<meta name=\"twitter:card\" content=\"summary_large_image\" \/>\n<meta name=\"twitter:label1\" content=\"Verfasst von\" \/>\n\t<meta name=\"twitter:data1\" content=\"Marion Friedrich\" \/>\n\t<meta name=\"twitter:label2\" content=\"Gesch\u00e4tzte Lesezeit\" \/>\n\t<meta name=\"twitter:data2\" content=\"3\u00a0Minuten\" \/>\n<script type=\"application\/ld+json\" class=\"yoast-schema-graph\">{\"@context\":\"https:\\\/\\\/schema.org\",\"@graph\":[{\"@type\":\"Article\",\"@id\":\"https:\\\/\\\/www.kirche-hettenhausen.de\\\/site\\\/2022\\\/10\\\/chor-trifft-chor\\\/#article\",\"isPartOf\":{\"@id\":\"https:\\\/\\\/www.kirche-hettenhausen.de\\\/site\\\/2022\\\/10\\\/chor-trifft-chor\\\/\"},\"author\":{\"name\":\"Marion Friedrich\",\"@id\":\"https:\\\/\\\/www.kirche-hettenhausen.de\\\/site\\\/#\\\/schema\\\/person\\\/7740d89d8f816da861ece2b378a21c57\"},\"headline\":\"Chor trifft Chor\",\"datePublished\":\"2022-10-09T10:08:15+00:00\",\"dateModified\":\"2022-10-15T09:25:35+00:00\",\"mainEntityOfPage\":{\"@id\":\"https:\\\/\\\/www.kirche-hettenhausen.de\\\/site\\\/2022\\\/10\\\/chor-trifft-chor\\\/\"},\"wordCount\":372,\"image\":{\"@id\":\"https:\\\/\\\/www.kirche-hettenhausen.de\\\/site\\\/2022\\\/10\\\/chor-trifft-chor\\\/#primaryimage\"},\"thumbnailUrl\":\"https:\\\/\\\/www.kirche-hettenhausen.de\\\/site\\\/wp-content\\\/uploads\\\/2022\\\/10\\\/Gottesdienst-Plakat-8.10..jpg\",\"keywords\":[\"Gottesdienst\",\"Hettenhausen\",\"Musik\",\"Pfarrer\",\"Singen\",\"Veranstaltungen\"],\"articleSection\":[\"Gottesdienst\",\"Kirchenmusik\",\"Veranstaltungen\"],\"inLanguage\":\"de\"},{\"@type\":\"WebPage\",\"@id\":\"https:\\\/\\\/www.kirche-hettenhausen.de\\\/site\\\/2022\\\/10\\\/chor-trifft-chor\\\/\",\"url\":\"https:\\\/\\\/www.kirche-hettenhausen.de\\\/site\\\/2022\\\/10\\\/chor-trifft-chor\\\/\",\"name\":\"Chor trifft Chor - Ev.-luth. Kirchengemeinde Hettenhausen - Dalherda\",\"isPartOf\":{\"@id\":\"https:\\\/\\\/www.kirche-hettenhausen.de\\\/site\\\/#website\"},\"primaryImageOfPage\":{\"@id\":\"https:\\\/\\\/www.kirche-hettenhausen.de\\\/site\\\/2022\\\/10\\\/chor-trifft-chor\\\/#primaryimage\"},\"image\":{\"@id\":\"https:\\\/\\\/www.kirche-hettenhausen.de\\\/site\\\/2022\\\/10\\\/chor-trifft-chor\\\/#primaryimage\"},\"thumbnailUrl\":\"https:\\\/\\\/www.kirche-hettenhausen.de\\\/site\\\/wp-content\\\/uploads\\\/2022\\\/10\\\/Gottesdienst-Plakat-8.10..jpg\",\"datePublished\":\"2022-10-09T10:08:15+00:00\",\"dateModified\":\"2022-10-15T09:25:35+00:00\",\"author\":{\"@id\":\"https:\\\/\\\/www.kirche-hettenhausen.de\\\/site\\\/#\\\/schema\\\/person\\\/7740d89d8f816da861ece2b378a21c57\"},\"description\":\"Ev.-luth. Kirchengemeinde Hettenhausen - Dalherda - Kirchenmusik - Chor trifft Chor -\",\"breadcrumb\":{\"@id\":\"https:\\\/\\\/www.kirche-hettenhausen.de\\\/site\\\/2022\\\/10\\\/chor-trifft-chor\\\/#breadcrumb\"},\"inLanguage\":\"de\",\"potentialAction\":[{\"@type\":\"ReadAction\",\"target\":[\"https:\\\/\\\/www.kirche-hettenhausen.de\\\/site\\\/2022\\\/10\\\/chor-trifft-chor\\\/\"]}]},{\"@type\":\"ImageObject\",\"inLanguage\":\"de\",\"@id\":\"https:\\\/\\\/www.kirche-hettenhausen.de\\\/site\\\/2022\\\/10\\\/chor-trifft-chor\\\/#primaryimage\",\"url\":\"https:\\\/\\\/www.kirche-hettenhausen.de\\\/site\\\/wp-content\\\/uploads\\\/2022\\\/10\\\/Gottesdienst-Plakat-8.10..jpg\",\"contentUrl\":\"https:\\\/\\\/www.kirche-hettenhausen.de\\\/site\\\/wp-content\\\/uploads\\\/2022\\\/10\\\/Gottesdienst-Plakat-8.10..jpg\",\"width\":565,\"height\":800,\"caption\":\"Kirchenchor\"},{\"@type\":\"BreadcrumbList\",\"@id\":\"https:\\\/\\\/www.kirche-hettenhausen.de\\\/site\\\/2022\\\/10\\\/chor-trifft-chor\\\/#breadcrumb\",\"itemListElement\":[{\"@type\":\"ListItem\",\"position\":1,\"name\":\"Startseite\",\"item\":\"https:\\\/\\\/www.kirche-hettenhausen.de\\\/site\\\/\"},{\"@type\":\"ListItem\",\"position\":2,\"name\":\"Chor trifft Chor\"}]},{\"@type\":\"WebSite\",\"@id\":\"https:\\\/\\\/www.kirche-hettenhausen.de\\\/site\\\/#website\",\"url\":\"https:\\\/\\\/www.kirche-hettenhausen.de\\\/site\\\/\",\"name\":\"Ev.-luth. Kirchengemeinde Hettenhausen - Dalherda\",\"description\":\"Homepage der Ev.-luth. Kirchengemeinde Hettenhausen - Dalherda\",\"potentialAction\":[{\"@type\":\"SearchAction\",\"target\":{\"@type\":\"EntryPoint\",\"urlTemplate\":\"https:\\\/\\\/www.kirche-hettenhausen.de\\\/site\\\/?s={search_term_string}\"},\"query-input\":{\"@type\":\"PropertyValueSpecification\",\"valueRequired\":true,\"valueName\":\"search_term_string\"}}],\"inLanguage\":\"de\"},{\"@type\":\"Person\",\"@id\":\"https:\\\/\\\/www.kirche-hettenhausen.de\\\/site\\\/#\\\/schema\\\/person\\\/7740d89d8f816da861ece2b378a21c57\",\"name\":\"Marion Friedrich\",\"url\":\"https:\\\/\\\/www.kirche-hettenhausen.de\\\/site\\\/author\\\/m-friedrichkirche-hettenhausen-de\\\/\"}]}<\/script>\n<!-- \/ Yoast SEO plugin. -->","yoast_head_json":{"title":"Chor trifft Chor - Ev.-luth. Kirchengemeinde Hettenhausen - Dalherda","description":"Ev.-luth. Kirchengemeinde Hettenhausen - Dalherda - Kirchenmusik - Chor trifft Chor -","robots":{"index":"index","follow":"follow","max-snippet":"max-snippet:-1","max-image-preview":"max-image-preview:large","max-video-preview":"max-video-preview:-1"},"canonical":"https:\/\/www.kirche-hettenhausen.de\/site\/2022\/10\/chor-trifft-chor\/","og_locale":"de_DE","og_type":"article","og_title":"Chor trifft Chor - Ev.-luth. Kirchengemeinde Hettenhausen - Dalherda","og_description":"Ev.-luth. Kirchengemeinde Hettenhausen - Dalherda - Kirchenmusik - Chor trifft Chor -","og_url":"https:\/\/www.kirche-hettenhausen.de\/site\/2022\/10\/chor-trifft-chor\/","og_site_name":"Ev.-luth. Kirchengemeinde Hettenhausen - Dalherda","article_published_time":"2022-10-09T10:08:15+00:00","article_modified_time":"2022-10-15T09:25:35+00:00","og_image":[{"width":565,"height":800,"url":"https:\/\/www.kirche-hettenhausen.de\/site\/wp-content\/uploads\/2022\/10\/Gottesdienst-Plakat-8.10..jpg","type":"image\/jpeg"}],"author":"Marion Friedrich","twitter_card":"summary_large_image","twitter_misc":{"Verfasst von":"Marion Friedrich","Gesch\u00e4tzte Lesezeit":"3\u00a0Minuten"},"schema":{"@context":"https:\/\/schema.org","@graph":[{"@type":"Article","@id":"https:\/\/www.kirche-hettenhausen.de\/site\/2022\/10\/chor-trifft-chor\/#article","isPartOf":{"@id":"https:\/\/www.kirche-hettenhausen.de\/site\/2022\/10\/chor-trifft-chor\/"},"author":{"name":"Marion Friedrich","@id":"https:\/\/www.kirche-hettenhausen.de\/site\/#\/schema\/person\/7740d89d8f816da861ece2b378a21c57"},"headline":"Chor trifft Chor","datePublished":"2022-10-09T10:08:15+00:00","dateModified":"2022-10-15T09:25:35+00:00","mainEntityOfPage":{"@id":"https:\/\/www.kirche-hettenhausen.de\/site\/2022\/10\/chor-trifft-chor\/"},"wordCount":372,"image":{"@id":"https:\/\/www.kirche-hettenhausen.de\/site\/2022\/10\/chor-trifft-chor\/#primaryimage"},"thumbnailUrl":"https:\/\/www.kirche-hettenhausen.de\/site\/wp-content\/uploads\/2022\/10\/Gottesdienst-Plakat-8.10..jpg","keywords":["Gottesdienst","Hettenhausen","Musik","Pfarrer","Singen","Veranstaltungen"],"articleSection":["Gottesdienst","Kirchenmusik","Veranstaltungen"],"inLanguage":"de"},{"@type":"WebPage","@id":"https:\/\/www.kirche-hettenhausen.de\/site\/2022\/10\/chor-trifft-chor\/","url":"https:\/\/www.kirche-hettenhausen.de\/site\/2022\/10\/chor-trifft-chor\/","name":"Chor trifft Chor - Ev.-luth. Kirchengemeinde Hettenhausen - Dalherda","isPartOf":{"@id":"https:\/\/www.kirche-hettenhausen.de\/site\/#website"},"primaryImageOfPage":{"@id":"https:\/\/www.kirche-hettenhausen.de\/site\/2022\/10\/chor-trifft-chor\/#primaryimage"},"image":{"@id":"https:\/\/www.kirche-hettenhausen.de\/site\/2022\/10\/chor-trifft-chor\/#primaryimage"},"thumbnailUrl":"https:\/\/www.kirche-hettenhausen.de\/site\/wp-content\/uploads\/2022\/10\/Gottesdienst-Plakat-8.10..jpg","datePublished":"2022-10-09T10:08:15+00:00","dateModified":"2022-10-15T09:25:35+00:00","author":{"@id":"https:\/\/www.kirche-hettenhausen.de\/site\/#\/schema\/person\/7740d89d8f816da861ece2b378a21c57"},"description":"Ev.-luth. Kirchengemeinde Hettenhausen - Dalherda - Kirchenmusik - Chor trifft Chor -","breadcrumb":{"@id":"https:\/\/www.kirche-hettenhausen.de\/site\/2022\/10\/chor-trifft-chor\/#breadcrumb"},"inLanguage":"de","potentialAction":[{"@type":"ReadAction","target":["https:\/\/www.kirche-hettenhausen.de\/site\/2022\/10\/chor-trifft-chor\/"]}]},{"@type":"ImageObject","inLanguage":"de","@id":"https:\/\/www.kirche-hettenhausen.de\/site\/2022\/10\/chor-trifft-chor\/#primaryimage","url":"https:\/\/www.kirche-hettenhausen.de\/site\/wp-content\/uploads\/2022\/10\/Gottesdienst-Plakat-8.10..jpg","contentUrl":"https:\/\/www.kirche-hettenhausen.de\/site\/wp-content\/uploads\/2022\/10\/Gottesdienst-Plakat-8.10..jpg","width":565,"height":800,"caption":"Kirchenchor"},{"@type":"BreadcrumbList","@id":"https:\/\/www.kirche-hettenhausen.de\/site\/2022\/10\/chor-trifft-chor\/#breadcrumb","itemListElement":[{"@type":"ListItem","position":1,"name":"Startseite","item":"https:\/\/www.kirche-hettenhausen.de\/site\/"},{"@type":"ListItem","position":2,"name":"Chor trifft Chor"}]},{"@type":"WebSite","@id":"https:\/\/www.kirche-hettenhausen.de\/site\/#website","url":"https:\/\/www.kirche-hettenhausen.de\/site\/","name":"Ev.-luth. Kirchengemeinde Hettenhausen - Dalherda","description":"Homepage der Ev.-luth. Kirchengemeinde Hettenhausen - Dalherda","potentialAction":[{"@type":"SearchAction","target":{"@type":"EntryPoint","urlTemplate":"https:\/\/www.kirche-hettenhausen.de\/site\/?s={search_term_string}"},"query-input":{"@type":"PropertyValueSpecification","valueRequired":true,"valueName":"search_term_string"}}],"inLanguage":"de"},{"@type":"Person","@id":"https:\/\/www.kirche-hettenhausen.de\/site\/#\/schema\/person\/7740d89d8f816da861ece2b378a21c57","name":"Marion Friedrich","url":"https:\/\/www.kirche-hettenhausen.de\/site\/author\/m-friedrichkirche-hettenhausen-de\/"}]}},"_links":{"self":[{"href":"https:\/\/www.kirche-hettenhausen.de\/site\/wp-json\/wp\/v2\/posts\/12356","targetHints":{"allow":["GET"]}}],"collection":[{"href":"https:\/\/www.kirche-hettenhausen.de\/site\/wp-json\/wp\/v2\/posts"}],"about":[{"href":"https:\/\/www.kirche-hettenhausen.de\/site\/wp-json\/wp\/v2\/types\/post"}],"author":[{"embeddable":true,"href":"https:\/\/www.kirche-hettenhausen.de\/site\/wp-json\/wp\/v2\/users\/2"}],"replies":[{"embeddable":true,"href":"https:\/\/www.kirche-hettenhausen.de\/site\/wp-json\/wp\/v2\/comments?post=12356"}],"version-history":[{"count":20,"href":"https:\/\/www.kirche-hettenhausen.de\/site\/wp-json\/wp\/v2\/posts\/12356\/revisions"}],"predecessor-version":[{"id":12395,"href":"https:\/\/www.kirche-hettenhausen.de\/site\/wp-json\/wp\/v2\/posts\/12356\/revisions\/12395"}],"wp:featuredmedia":[{"embeddable":true,"href":"https:\/\/www.kirche-hettenhausen.de\/site\/wp-json\/wp\/v2\/media\/12368"}],"wp:attachment":[{"href":"https:\/\/www.kirche-hettenhausen.de\/site\/wp-json\/wp\/v2\/media?parent=12356"}],"wp:term":[{"taxonomy":"category","embeddable":true,"href":"https:\/\/www.kirche-hettenhausen.de\/site\/wp-json\/wp\/v2\/categories?post=12356"},{"taxonomy":"post_tag","embeddable":true,"href":"https:\/\/www.kirche-hettenhausen.de\/site\/wp-json\/wp\/v2\/tags?post=12356"}],"curies":[{"name":"wp","href":"https:\/\/api.w.org\/{rel}","templated":true}]}}