{"id":12290,"date":"2022-10-28T13:30:59","date_gmt":"2022-10-28T11:30:59","guid":{"rendered":"https:\/\/kirche-hettenhausen.de\/site\/?p=12290"},"modified":"2022-10-28T14:28:51","modified_gmt":"2022-10-28T12:28:51","slug":"heizung-in-unseren-kirchengebaeuden","status":"publish","type":"post","link":"https:\/\/www.kirche-hettenhausen.de\/site\/2022\/10\/heizung-in-unseren-kirchengebaeuden\/","title":{"rendered":"Heizung in unseren Kirchengeb\u00e4uden"},"content":{"rendered":"<p>Energiesparen macht auch vor unseren Kirchent\u00fcren nicht Halt. Die Zeiten, in denen es in unseren Kirchen kuschelig warm war, sind vorbei. Von dieser Vorstellung m\u00fcssen wir uns verabschieden, das sollte jedem von uns bereits klar sein im Hinblick auf die dramatisch gestiegenen Energiekosten.<\/p>\n<p>Wir bitten Sie daher, sich darauf einzustellen, dass wir w\u00e4hrend des Gottesdienstes nicht mehr die Temperaturen gew\u00e4hrleisten k\u00f6nnen, die Sie bisher gewohnt waren. Denken Sie an entsprechende Kleidung. In Hettenhausen stehen auch die Decken zur Verf\u00fcgung, die uns eine Konfirmandengruppe vor einigen Jahren gespendet hat.<\/p>\n<p>In Hettenhausen kommt erschwerend hinzu, dass die bestehende Heizungsanlage dringend erneuert werden muss. Entsprechende Optionen werden gerade vom Kirchenvorstand in Zusammenarbeit mit einem beauftragten Planungsb\u00fcro, dem Geb\u00e4udemanager des Kirchenkreises sowie dem Kirchenkreisvorstand er\u00f6rtert. Wir hoffen, dass wir hier so bald wie m\u00f6glich eine f\u00fcr alle Seiten praktikable und finanzierbare L\u00f6sung finden.<\/p>\n<p>In diesem Zusammenhang weisen wir auch darauf hin, dass wir die Heizkostenpauschale f\u00fcr unsere Gemeindeh\u00e4user in den Wintermonaten erh\u00f6hen mussten.<\/p>\n<p>Wir hoffen auf Ihr Verst\u00e4ndnis.<\/p>\n<p style=\"text-align: right;\">(Der Kirchenvorstand)<\/p>\n<p>&nbsp;<\/p>\n<p>Lesen Sie hier zwei Artikel zu dem Thema, ver\u00f6ffentlicht von unserer Landeskirche:<\/p>\n<div id=\"attachment_12467\" style=\"width: 1758px\" class=\"wp-caption aligncenter\"><a href=\"https:\/\/www.kirche-hettenhausen.de\/site\/wp-content\/uploads\/2022\/10\/93883_klimaschutz_warme_kirche_rgb.jpg\"><img loading=\"lazy\" decoding=\"async\" aria-describedby=\"caption-attachment-12467\" class=\"wp-image-12467 size-full\" src=\"https:\/\/www.kirche-hettenhausen.de\/site\/wp-content\/uploads\/2022\/10\/93883_klimaschutz_warme_kirche_rgb.jpg\" alt=\"Wie warm muss die Kirche sein?\" width=\"1748\" height=\"2480\" srcset=\"https:\/\/www.kirche-hettenhausen.de\/site\/wp-content\/uploads\/2022\/10\/93883_klimaschutz_warme_kirche_rgb.jpg 1748w, https:\/\/www.kirche-hettenhausen.de\/site\/wp-content\/uploads\/2022\/10\/93883_klimaschutz_warme_kirche_rgb-211x300.jpg 211w, https:\/\/www.kirche-hettenhausen.de\/site\/wp-content\/uploads\/2022\/10\/93883_klimaschutz_warme_kirche_rgb-722x1024.jpg 722w, https:\/\/www.kirche-hettenhausen.de\/site\/wp-content\/uploads\/2022\/10\/93883_klimaschutz_warme_kirche_rgb-768x1090.jpg 768w, https:\/\/www.kirche-hettenhausen.de\/site\/wp-content\/uploads\/2022\/10\/93883_klimaschutz_warme_kirche_rgb-1083x1536.jpg 1083w, https:\/\/www.kirche-hettenhausen.de\/site\/wp-content\/uploads\/2022\/10\/93883_klimaschutz_warme_kirche_rgb-1444x2048.jpg 1444w\" sizes=\"auto, (max-width: 1748px) 100vw, 1748px\" \/><\/a><p id=\"caption-attachment-12467\" class=\"wp-caption-text\">Klimaschutz: Temperaturen in Kirchen<br \/>Wie warm muss die Kirche sein?<br \/>Text: Pfarrer Stefan Wei\u00df, Klimaschutzbeauftragter der EKKW<br \/>Foto: medio.tv\/Schauderna<\/p><\/div>\n<p>&nbsp;<\/p>\n<div id=\"attachment_12466\" style=\"width: 1758px\" class=\"wp-caption aligncenter\"><a href=\"https:\/\/www.kirche-hettenhausen.de\/site\/wp-content\/uploads\/2022\/10\/93927_orgel_temperatur_rgb.jpg\"><img loading=\"lazy\" decoding=\"async\" aria-describedby=\"caption-attachment-12466\" class=\"wp-image-12466 size-full\" src=\"https:\/\/www.kirche-hettenhausen.de\/site\/wp-content\/uploads\/2022\/10\/93927_orgel_temperatur_rgb.jpg\" alt=\"Die Orgel mag es k\u00fchl\" width=\"1748\" height=\"2480\" srcset=\"https:\/\/www.kirche-hettenhausen.de\/site\/wp-content\/uploads\/2022\/10\/93927_orgel_temperatur_rgb.jpg 1748w, https:\/\/www.kirche-hettenhausen.de\/site\/wp-content\/uploads\/2022\/10\/93927_orgel_temperatur_rgb-211x300.jpg 211w, https:\/\/www.kirche-hettenhausen.de\/site\/wp-content\/uploads\/2022\/10\/93927_orgel_temperatur_rgb-722x1024.jpg 722w, https:\/\/www.kirche-hettenhausen.de\/site\/wp-content\/uploads\/2022\/10\/93927_orgel_temperatur_rgb-768x1090.jpg 768w, https:\/\/www.kirche-hettenhausen.de\/site\/wp-content\/uploads\/2022\/10\/93927_orgel_temperatur_rgb-1083x1536.jpg 1083w, https:\/\/www.kirche-hettenhausen.de\/site\/wp-content\/uploads\/2022\/10\/93927_orgel_temperatur_rgb-1444x2048.jpg 1444w\" sizes=\"auto, (max-width: 1748px) 100vw, 1748px\" \/><\/a><p id=\"caption-attachment-12466\" class=\"wp-caption-text\">K\u00e4lte in Kirchen<br \/>Schadet die K\u00e4lte Kunstwerken und Orgeln?<br \/>Text: Uwe Maibaum, Landeskichenmusikdirektor<br \/>Foto: medio.tv\/Schauderna<\/p><\/div>\n","protected":false},"excerpt":{"rendered":"<p>Energiesparen macht auch vor unseren Kirchent\u00fcren nicht Halt. Die Zeiten, in denen es in unseren Kirchen kuschelig warm war, sind vorbei. Von dieser Vorstellung m\u00fcssen wir uns verabschieden, das sollte jedem von uns bereits klar sein im Hinblick auf die dramatisch gestiegenen Energiekosten. Wir bitten Sie daher, sich darauf einzustellen, dass wir w\u00e4hrend des Gottesdienstes [&hellip;]<\/p>\n","protected":false},"author":2,"featured_media":12297,"comment_status":"closed","ping_status":"closed","sticky":false,"template":"","format":"standard","meta":{"footnotes":""},"categories":[104,18,129,22,76,97,21,105],"tags":[15,102,33,128,77,98,37,34,103],"class_list":["post-12290","post","type-post","status-publish","format-standard","has-post-thumbnail","hentry","category-dalherda","category-gottesdienst","category-hettenhausen","category-kirche-st-georg","category-kirchenvorstand","category-landeskirche","category-martin-luther-haus","category-poppenhausen","tag-adam-eifert-orgel","tag-dalherda","tag-gottesdienst","tag-hettenhausen","tag-kirchenvorstand","tag-landeskirche","tag-martin-luther-haus","tag-pfarrkirche-st-georg","tag-poppenhausen"],"yoast_head":"<!-- This site is optimized with the Yoast SEO plugin v27.4 - https:\/\/yoast.com\/product\/yoast-seo-wordpress\/ -->\n<title>Heizung in unseren Kirchengeb\u00e4uden - Ev.-luth. Kirchengemeinde Hettenhausen - Dalherda<\/title>\n<meta name=\"description\" content=\"Ev.-luth. Kirchengemeinde Hettenhausen - Dalherda - Heizung in unseren Kirchengeb\u00e4uden -\" \/>\n<meta name=\"robots\" content=\"index, follow, max-snippet:-1, max-image-preview:large, max-video-preview:-1\" \/>\n<link rel=\"canonical\" href=\"https:\/\/www.kirche-hettenhausen.de\/site\/2022\/10\/heizung-in-unseren-kirchengebaeuden\/\" \/>\n<meta property=\"og:locale\" content=\"de_DE\" \/>\n<meta property=\"og:type\" content=\"article\" \/>\n<meta property=\"og:title\" content=\"Heizung in unseren Kirchengeb\u00e4uden - Ev.-luth. Kirchengemeinde Hettenhausen - Dalherda\" \/>\n<meta property=\"og:description\" content=\"Ev.-luth. Kirchengemeinde Hettenhausen - Dalherda - Heizung in unseren Kirchengeb\u00e4uden -\" \/>\n<meta property=\"og:url\" content=\"https:\/\/www.kirche-hettenhausen.de\/site\/2022\/10\/heizung-in-unseren-kirchengebaeuden\/\" \/>\n<meta property=\"og:site_name\" content=\"Ev.-luth. Kirchengemeinde Hettenhausen - Dalherda\" \/>\n<meta property=\"article:published_time\" content=\"2022-10-28T11:30:59+00:00\" \/>\n<meta property=\"article:modified_time\" content=\"2022-10-28T12:28:51+00:00\" \/>\n<meta property=\"og:image\" content=\"https:\/\/www.kirche-hettenhausen.de\/site\/wp-content\/uploads\/2022\/10\/20221002_095800.jpg\" \/>\n\t<meta property=\"og:image:width\" content=\"448\" \/>\n\t<meta property=\"og:image:height\" content=\"336\" \/>\n\t<meta property=\"og:image:type\" content=\"image\/jpeg\" \/>\n<meta name=\"author\" content=\"Marion Friedrich\" \/>\n<meta name=\"twitter:card\" content=\"summary_large_image\" \/>\n<meta name=\"twitter:label1\" content=\"Verfasst von\" \/>\n\t<meta name=\"twitter:data1\" content=\"Marion Friedrich\" \/>\n\t<meta name=\"twitter:label2\" content=\"Gesch\u00e4tzte Lesezeit\" \/>\n\t<meta name=\"twitter:data2\" content=\"2\u00a0Minuten\" \/>\n<script type=\"application\/ld+json\" class=\"yoast-schema-graph\">{\"@context\":\"https:\\\/\\\/schema.org\",\"@graph\":[{\"@type\":\"Article\",\"@id\":\"https:\\\/\\\/www.kirche-hettenhausen.de\\\/site\\\/2022\\\/10\\\/heizung-in-unseren-kirchengebaeuden\\\/#article\",\"isPartOf\":{\"@id\":\"https:\\\/\\\/www.kirche-hettenhausen.de\\\/site\\\/2022\\\/10\\\/heizung-in-unseren-kirchengebaeuden\\\/\"},\"author\":{\"name\":\"Marion Friedrich\",\"@id\":\"https:\\\/\\\/www.kirche-hettenhausen.de\\\/site\\\/#\\\/schema\\\/person\\\/7740d89d8f816da861ece2b378a21c57\"},\"headline\":\"Heizung in unseren Kirchengeb\u00e4uden\",\"datePublished\":\"2022-10-28T11:30:59+00:00\",\"dateModified\":\"2022-10-28T12:28:51+00:00\",\"mainEntityOfPage\":{\"@id\":\"https:\\\/\\\/www.kirche-hettenhausen.de\\\/site\\\/2022\\\/10\\\/heizung-in-unseren-kirchengebaeuden\\\/\"},\"wordCount\":252,\"image\":{\"@id\":\"https:\\\/\\\/www.kirche-hettenhausen.de\\\/site\\\/2022\\\/10\\\/heizung-in-unseren-kirchengebaeuden\\\/#primaryimage\"},\"thumbnailUrl\":\"https:\\\/\\\/www.kirche-hettenhausen.de\\\/site\\\/wp-content\\\/uploads\\\/2022\\\/10\\\/20221002_095800.jpg\",\"keywords\":[\"Adam-Eifert-Orgel\",\"Dalherda\",\"Gottesdienst\",\"Hettenhausen\",\"Kirchenvorstand\",\"Landeskirche\",\"Martin-Luther-Haus\",\"Pfarrkirche St. Georg\",\"Poppenhausen\"],\"articleSection\":[\"Dalherda\",\"Gottesdienst\",\"Hettenhausen\",\"Kirche St. Georg\",\"Kirchenvorstand\",\"Landeskirche\",\"Martin-Luther-Haus\",\"Poppenhausen\"],\"inLanguage\":\"de\"},{\"@type\":\"WebPage\",\"@id\":\"https:\\\/\\\/www.kirche-hettenhausen.de\\\/site\\\/2022\\\/10\\\/heizung-in-unseren-kirchengebaeuden\\\/\",\"url\":\"https:\\\/\\\/www.kirche-hettenhausen.de\\\/site\\\/2022\\\/10\\\/heizung-in-unseren-kirchengebaeuden\\\/\",\"name\":\"Heizung in unseren Kirchengeb\u00e4uden - Ev.-luth. Kirchengemeinde Hettenhausen - Dalherda\",\"isPartOf\":{\"@id\":\"https:\\\/\\\/www.kirche-hettenhausen.de\\\/site\\\/#website\"},\"primaryImageOfPage\":{\"@id\":\"https:\\\/\\\/www.kirche-hettenhausen.de\\\/site\\\/2022\\\/10\\\/heizung-in-unseren-kirchengebaeuden\\\/#primaryimage\"},\"image\":{\"@id\":\"https:\\\/\\\/www.kirche-hettenhausen.de\\\/site\\\/2022\\\/10\\\/heizung-in-unseren-kirchengebaeuden\\\/#primaryimage\"},\"thumbnailUrl\":\"https:\\\/\\\/www.kirche-hettenhausen.de\\\/site\\\/wp-content\\\/uploads\\\/2022\\\/10\\\/20221002_095800.jpg\",\"datePublished\":\"2022-10-28T11:30:59+00:00\",\"dateModified\":\"2022-10-28T12:28:51+00:00\",\"author\":{\"@id\":\"https:\\\/\\\/www.kirche-hettenhausen.de\\\/site\\\/#\\\/schema\\\/person\\\/7740d89d8f816da861ece2b378a21c57\"},\"description\":\"Ev.-luth. Kirchengemeinde Hettenhausen - Dalherda - Heizung in unseren Kirchengeb\u00e4uden -\",\"breadcrumb\":{\"@id\":\"https:\\\/\\\/www.kirche-hettenhausen.de\\\/site\\\/2022\\\/10\\\/heizung-in-unseren-kirchengebaeuden\\\/#breadcrumb\"},\"inLanguage\":\"de\",\"potentialAction\":[{\"@type\":\"ReadAction\",\"target\":[\"https:\\\/\\\/www.kirche-hettenhausen.de\\\/site\\\/2022\\\/10\\\/heizung-in-unseren-kirchengebaeuden\\\/\"]}]},{\"@type\":\"ImageObject\",\"inLanguage\":\"de\",\"@id\":\"https:\\\/\\\/www.kirche-hettenhausen.de\\\/site\\\/2022\\\/10\\\/heizung-in-unseren-kirchengebaeuden\\\/#primaryimage\",\"url\":\"https:\\\/\\\/www.kirche-hettenhausen.de\\\/site\\\/wp-content\\\/uploads\\\/2022\\\/10\\\/20221002_095800.jpg\",\"contentUrl\":\"https:\\\/\\\/www.kirche-hettenhausen.de\\\/site\\\/wp-content\\\/uploads\\\/2022\\\/10\\\/20221002_095800.jpg\",\"width\":448,\"height\":336},{\"@type\":\"BreadcrumbList\",\"@id\":\"https:\\\/\\\/www.kirche-hettenhausen.de\\\/site\\\/2022\\\/10\\\/heizung-in-unseren-kirchengebaeuden\\\/#breadcrumb\",\"itemListElement\":[{\"@type\":\"ListItem\",\"position\":1,\"name\":\"Startseite\",\"item\":\"https:\\\/\\\/www.kirche-hettenhausen.de\\\/site\\\/\"},{\"@type\":\"ListItem\",\"position\":2,\"name\":\"Heizung in unseren Kirchengeb\u00e4uden\"}]},{\"@type\":\"WebSite\",\"@id\":\"https:\\\/\\\/www.kirche-hettenhausen.de\\\/site\\\/#website\",\"url\":\"https:\\\/\\\/www.kirche-hettenhausen.de\\\/site\\\/\",\"name\":\"Ev.-luth. Kirchengemeinde Hettenhausen - Dalherda\",\"description\":\"Homepage der Ev.-luth. Kirchengemeinde Hettenhausen - Dalherda\",\"potentialAction\":[{\"@type\":\"SearchAction\",\"target\":{\"@type\":\"EntryPoint\",\"urlTemplate\":\"https:\\\/\\\/www.kirche-hettenhausen.de\\\/site\\\/?s={search_term_string}\"},\"query-input\":{\"@type\":\"PropertyValueSpecification\",\"valueRequired\":true,\"valueName\":\"search_term_string\"}}],\"inLanguage\":\"de\"},{\"@type\":\"Person\",\"@id\":\"https:\\\/\\\/www.kirche-hettenhausen.de\\\/site\\\/#\\\/schema\\\/person\\\/7740d89d8f816da861ece2b378a21c57\",\"name\":\"Marion Friedrich\",\"url\":\"https:\\\/\\\/www.kirche-hettenhausen.de\\\/site\\\/author\\\/m-friedrichkirche-hettenhausen-de\\\/\"}]}<\/script>\n<!-- \/ Yoast SEO plugin. -->","yoast_head_json":{"title":"Heizung in unseren Kirchengeb\u00e4uden - Ev.-luth. Kirchengemeinde Hettenhausen - Dalherda","description":"Ev.-luth. Kirchengemeinde Hettenhausen - Dalherda - Heizung in unseren Kirchengeb\u00e4uden -","robots":{"index":"index","follow":"follow","max-snippet":"max-snippet:-1","max-image-preview":"max-image-preview:large","max-video-preview":"max-video-preview:-1"},"canonical":"https:\/\/www.kirche-hettenhausen.de\/site\/2022\/10\/heizung-in-unseren-kirchengebaeuden\/","og_locale":"de_DE","og_type":"article","og_title":"Heizung in unseren Kirchengeb\u00e4uden - Ev.-luth. Kirchengemeinde Hettenhausen - Dalherda","og_description":"Ev.-luth. Kirchengemeinde Hettenhausen - Dalherda - Heizung in unseren Kirchengeb\u00e4uden -","og_url":"https:\/\/www.kirche-hettenhausen.de\/site\/2022\/10\/heizung-in-unseren-kirchengebaeuden\/","og_site_name":"Ev.-luth. Kirchengemeinde Hettenhausen - Dalherda","article_published_time":"2022-10-28T11:30:59+00:00","article_modified_time":"2022-10-28T12:28:51+00:00","og_image":[{"width":448,"height":336,"url":"https:\/\/www.kirche-hettenhausen.de\/site\/wp-content\/uploads\/2022\/10\/20221002_095800.jpg","type":"image\/jpeg"}],"author":"Marion Friedrich","twitter_card":"summary_large_image","twitter_misc":{"Verfasst von":"Marion Friedrich","Gesch\u00e4tzte Lesezeit":"2\u00a0Minuten"},"schema":{"@context":"https:\/\/schema.org","@graph":[{"@type":"Article","@id":"https:\/\/www.kirche-hettenhausen.de\/site\/2022\/10\/heizung-in-unseren-kirchengebaeuden\/#article","isPartOf":{"@id":"https:\/\/www.kirche-hettenhausen.de\/site\/2022\/10\/heizung-in-unseren-kirchengebaeuden\/"},"author":{"name":"Marion Friedrich","@id":"https:\/\/www.kirche-hettenhausen.de\/site\/#\/schema\/person\/7740d89d8f816da861ece2b378a21c57"},"headline":"Heizung in unseren Kirchengeb\u00e4uden","datePublished":"2022-10-28T11:30:59+00:00","dateModified":"2022-10-28T12:28:51+00:00","mainEntityOfPage":{"@id":"https:\/\/www.kirche-hettenhausen.de\/site\/2022\/10\/heizung-in-unseren-kirchengebaeuden\/"},"wordCount":252,"image":{"@id":"https:\/\/www.kirche-hettenhausen.de\/site\/2022\/10\/heizung-in-unseren-kirchengebaeuden\/#primaryimage"},"thumbnailUrl":"https:\/\/www.kirche-hettenhausen.de\/site\/wp-content\/uploads\/2022\/10\/20221002_095800.jpg","keywords":["Adam-Eifert-Orgel","Dalherda","Gottesdienst","Hettenhausen","Kirchenvorstand","Landeskirche","Martin-Luther-Haus","Pfarrkirche St. Georg","Poppenhausen"],"articleSection":["Dalherda","Gottesdienst","Hettenhausen","Kirche St. Georg","Kirchenvorstand","Landeskirche","Martin-Luther-Haus","Poppenhausen"],"inLanguage":"de"},{"@type":"WebPage","@id":"https:\/\/www.kirche-hettenhausen.de\/site\/2022\/10\/heizung-in-unseren-kirchengebaeuden\/","url":"https:\/\/www.kirche-hettenhausen.de\/site\/2022\/10\/heizung-in-unseren-kirchengebaeuden\/","name":"Heizung in unseren Kirchengeb\u00e4uden - Ev.-luth. Kirchengemeinde Hettenhausen - Dalherda","isPartOf":{"@id":"https:\/\/www.kirche-hettenhausen.de\/site\/#website"},"primaryImageOfPage":{"@id":"https:\/\/www.kirche-hettenhausen.de\/site\/2022\/10\/heizung-in-unseren-kirchengebaeuden\/#primaryimage"},"image":{"@id":"https:\/\/www.kirche-hettenhausen.de\/site\/2022\/10\/heizung-in-unseren-kirchengebaeuden\/#primaryimage"},"thumbnailUrl":"https:\/\/www.kirche-hettenhausen.de\/site\/wp-content\/uploads\/2022\/10\/20221002_095800.jpg","datePublished":"2022-10-28T11:30:59+00:00","dateModified":"2022-10-28T12:28:51+00:00","author":{"@id":"https:\/\/www.kirche-hettenhausen.de\/site\/#\/schema\/person\/7740d89d8f816da861ece2b378a21c57"},"description":"Ev.-luth. Kirchengemeinde Hettenhausen - Dalherda - Heizung in unseren Kirchengeb\u00e4uden -","breadcrumb":{"@id":"https:\/\/www.kirche-hettenhausen.de\/site\/2022\/10\/heizung-in-unseren-kirchengebaeuden\/#breadcrumb"},"inLanguage":"de","potentialAction":[{"@type":"ReadAction","target":["https:\/\/www.kirche-hettenhausen.de\/site\/2022\/10\/heizung-in-unseren-kirchengebaeuden\/"]}]},{"@type":"ImageObject","inLanguage":"de","@id":"https:\/\/www.kirche-hettenhausen.de\/site\/2022\/10\/heizung-in-unseren-kirchengebaeuden\/#primaryimage","url":"https:\/\/www.kirche-hettenhausen.de\/site\/wp-content\/uploads\/2022\/10\/20221002_095800.jpg","contentUrl":"https:\/\/www.kirche-hettenhausen.de\/site\/wp-content\/uploads\/2022\/10\/20221002_095800.jpg","width":448,"height":336},{"@type":"BreadcrumbList","@id":"https:\/\/www.kirche-hettenhausen.de\/site\/2022\/10\/heizung-in-unseren-kirchengebaeuden\/#breadcrumb","itemListElement":[{"@type":"ListItem","position":1,"name":"Startseite","item":"https:\/\/www.kirche-hettenhausen.de\/site\/"},{"@type":"ListItem","position":2,"name":"Heizung in unseren Kirchengeb\u00e4uden"}]},{"@type":"WebSite","@id":"https:\/\/www.kirche-hettenhausen.de\/site\/#website","url":"https:\/\/www.kirche-hettenhausen.de\/site\/","name":"Ev.-luth. Kirchengemeinde Hettenhausen - Dalherda","description":"Homepage der Ev.-luth. Kirchengemeinde Hettenhausen - Dalherda","potentialAction":[{"@type":"SearchAction","target":{"@type":"EntryPoint","urlTemplate":"https:\/\/www.kirche-hettenhausen.de\/site\/?s={search_term_string}"},"query-input":{"@type":"PropertyValueSpecification","valueRequired":true,"valueName":"search_term_string"}}],"inLanguage":"de"},{"@type":"Person","@id":"https:\/\/www.kirche-hettenhausen.de\/site\/#\/schema\/person\/7740d89d8f816da861ece2b378a21c57","name":"Marion Friedrich","url":"https:\/\/www.kirche-hettenhausen.de\/site\/author\/m-friedrichkirche-hettenhausen-de\/"}]}},"_links":{"self":[{"href":"https:\/\/www.kirche-hettenhausen.de\/site\/wp-json\/wp\/v2\/posts\/12290","targetHints":{"allow":["GET"]}}],"collection":[{"href":"https:\/\/www.kirche-hettenhausen.de\/site\/wp-json\/wp\/v2\/posts"}],"about":[{"href":"https:\/\/www.kirche-hettenhausen.de\/site\/wp-json\/wp\/v2\/types\/post"}],"author":[{"embeddable":true,"href":"https:\/\/www.kirche-hettenhausen.de\/site\/wp-json\/wp\/v2\/users\/2"}],"replies":[{"embeddable":true,"href":"https:\/\/www.kirche-hettenhausen.de\/site\/wp-json\/wp\/v2\/comments?post=12290"}],"version-history":[{"count":6,"href":"https:\/\/www.kirche-hettenhausen.de\/site\/wp-json\/wp\/v2\/posts\/12290\/revisions"}],"predecessor-version":[{"id":12473,"href":"https:\/\/www.kirche-hettenhausen.de\/site\/wp-json\/wp\/v2\/posts\/12290\/revisions\/12473"}],"wp:featuredmedia":[{"embeddable":true,"href":"https:\/\/www.kirche-hettenhausen.de\/site\/wp-json\/wp\/v2\/media\/12297"}],"wp:attachment":[{"href":"https:\/\/www.kirche-hettenhausen.de\/site\/wp-json\/wp\/v2\/media?parent=12290"}],"wp:term":[{"taxonomy":"category","embeddable":true,"href":"https:\/\/www.kirche-hettenhausen.de\/site\/wp-json\/wp\/v2\/categories?post=12290"},{"taxonomy":"post_tag","embeddable":true,"href":"https:\/\/www.kirche-hettenhausen.de\/site\/wp-json\/wp\/v2\/tags?post=12290"}],"curies":[{"name":"wp","href":"https:\/\/api.w.org\/{rel}","templated":true}]}}