{"id":12267,"date":"2022-09-25T16:13:18","date_gmt":"2022-09-25T14:13:18","guid":{"rendered":"https:\/\/kirche-hettenhausen.de\/site\/?p=12267"},"modified":"2022-11-12T08:25:21","modified_gmt":"2022-11-12T07:25:21","slug":"da-bluehe-ich-auf","status":"publish","type":"post","link":"https:\/\/www.kirche-hettenhausen.de\/site\/2022\/09\/da-bluehe-ich-auf\/","title":{"rendered":"DA BL\u00dcHE ICH AUF"},"content":{"rendered":"<p><img loading=\"lazy\" decoding=\"async\" class=\"aligncenter wp-image-12269 size-medium\" src=\"https:\/\/www.kirche-hettenhausen.de\/site\/wp-content\/uploads\/2022\/09\/Logo_DaBlueheIchAuf_4c_Zusatz_1-300x300.jpg\" alt=\"\" width=\"300\" height=\"300\" srcset=\"https:\/\/www.kirche-hettenhausen.de\/site\/wp-content\/uploads\/2022\/09\/Logo_DaBlueheIchAuf_4c_Zusatz_1-300x300.jpg 300w, https:\/\/www.kirche-hettenhausen.de\/site\/wp-content\/uploads\/2022\/09\/Logo_DaBlueheIchAuf_4c_Zusatz_1-150x150.jpg 150w, https:\/\/www.kirche-hettenhausen.de\/site\/wp-content\/uploads\/2022\/09\/Logo_DaBlueheIchAuf_4c_Zusatz_1-260x260.jpg 260w, https:\/\/www.kirche-hettenhausen.de\/site\/wp-content\/uploads\/2022\/09\/Logo_DaBlueheIchAuf_4c_Zusatz_1-65x65.jpg 65w, https:\/\/www.kirche-hettenhausen.de\/site\/wp-content\/uploads\/2022\/09\/Logo_DaBlueheIchAuf_4c_Zusatz_1.jpg 336w\" sizes=\"auto, (max-width: 300px) 100vw, 300px\" \/><\/p>\n<p>Das Motto der Landesgartenschau 2023 ist schon seit einiger Zeit auch das Motto auf unserem Kirchberg in Hettenhausen.<\/p>\n<p>An diesem Erntedankfest wollen wir gemeinsam daf\u00fcr sorgen, dass er auch im n\u00e4chsten Jahr wieder reichlich aufbl\u00fcht \u2013 mit Blumenzwiebeln, die wir in die Erde setzen. Diese sind nach dem Gottesdienst gegen eine Spende von 2,00\u00a0\u20ac zugunsten der Beschallungsanlage in unserer Kirche erh\u00e4ltlich.<\/p>\n<p>&nbsp;<\/p>\n<p>Daher laden wir alle ganz herzlich ein zum<\/p>\n<h4 style=\"text-align: center;\">Familiengottesdienst am Erntedankfest<br \/>\nSonntag, 2. Oktober 2022 um 10:30 Uhr<br \/>\nin der Pfarrkirche St. Georg Hettenhausen<\/h4>\n<p>&nbsp;<\/p>\n\n\t\t<style type=\"text\/css\">\n\t\t\t#gallery-1 {\n\t\t\t\tmargin: auto;\n\t\t\t}\n\t\t\t#gallery-1 .gallery-item {\n\t\t\t\tfloat: left;\n\t\t\t\tmargin-top: 10px;\n\t\t\t\ttext-align: center;\n\t\t\t\twidth: 33%;\n\t\t\t}\n\t\t\t#gallery-1 img {\n\t\t\t\tborder: 2px solid #cfcfcf;\n\t\t\t}\n\t\t\t#gallery-1 .gallery-caption {\n\t\t\t\tmargin-left: 0;\n\t\t\t}\n\t\t\t\/* see gallery_shortcode() in wp-includes\/media.php *\/\n\t\t<\/style>\n\t\t<div id='gallery-1' class='gallery galleryid-12267 gallery-columns-3 gallery-size-medium'><dl class='gallery-item'>\n\t\t\t<dt class='gallery-icon landscape'>\n\t\t\t\t<img loading=\"lazy\" decoding=\"async\" width=\"300\" height=\"225\" src=\"https:\/\/www.kirche-hettenhausen.de\/site\/wp-content\/uploads\/2021\/10\/20211003_100953_1-300x225.jpg\" class=\"attachment-medium size-medium\" alt=\"\" srcset=\"https:\/\/www.kirche-hettenhausen.de\/site\/wp-content\/uploads\/2021\/10\/20211003_100953_1-300x225.jpg 300w, https:\/\/www.kirche-hettenhausen.de\/site\/wp-content\/uploads\/2021\/10\/20211003_100953_1-768x576.jpg 768w, https:\/\/www.kirche-hettenhausen.de\/site\/wp-content\/uploads\/2021\/10\/20211003_100953_1.jpg 1024w\" sizes=\"auto, (max-width: 300px) 100vw, 300px\" \/>\n\t\t\t<\/dt><\/dl><dl class='gallery-item'>\n\t\t\t<dt class='gallery-icon portrait'>\n\t\t\t\t<img loading=\"lazy\" decoding=\"async\" width=\"200\" height=\"300\" src=\"https:\/\/www.kirche-hettenhausen.de\/site\/wp-content\/uploads\/2019\/10\/DSC07198_1-200x300.jpg\" class=\"attachment-medium size-medium\" alt=\"Pflanzaktion 2019\" srcset=\"https:\/\/www.kirche-hettenhausen.de\/site\/wp-content\/uploads\/2019\/10\/DSC07198_1-200x300.jpg 200w, https:\/\/www.kirche-hettenhausen.de\/site\/wp-content\/uploads\/2019\/10\/DSC07198_1.jpg 299w\" sizes=\"auto, (max-width: 200px) 100vw, 200px\" \/>\n\t\t\t<\/dt><\/dl><dl class='gallery-item'>\n\t\t\t<dt class='gallery-icon landscape'>\n\t\t\t\t<img loading=\"lazy\" decoding=\"async\" width=\"300\" height=\"225\" src=\"https:\/\/www.kirche-hettenhausen.de\/site\/wp-content\/uploads\/2021\/10\/20211003_112225_1-300x225.jpg\" class=\"attachment-medium size-medium\" alt=\"\" srcset=\"https:\/\/www.kirche-hettenhausen.de\/site\/wp-content\/uploads\/2021\/10\/20211003_112225_1-300x225.jpg 300w, https:\/\/www.kirche-hettenhausen.de\/site\/wp-content\/uploads\/2021\/10\/20211003_112225_1-768x576.jpg 768w, https:\/\/www.kirche-hettenhausen.de\/site\/wp-content\/uploads\/2021\/10\/20211003_112225_1.jpg 1024w\" sizes=\"auto, (max-width: 300px) 100vw, 300px\" \/>\n\t\t\t<\/dt><\/dl><br style=\"clear: both\" \/>\n\t\t<\/div>\n\n<p>&nbsp;<\/p>\n<p>Im Anschluss findet traditionell das letzte Kirchenkaffee f\u00fcr dieses Jahr statt, wie immer mit besonderen Leckereien.<\/p>\n<p>Wir freuen uns auf euch, und auf einen bunten Kirchberg im n\u00e4chsten Fr\u00fchling!<\/p>\n","protected":false},"excerpt":{"rendered":"<p>Das Motto der Landesgartenschau 2023 ist schon seit einiger Zeit auch das Motto auf unserem Kirchberg in Hettenhausen. An diesem Erntedankfest wollen wir gemeinsam daf\u00fcr sorgen, dass er auch im n\u00e4chsten Jahr wieder reichlich aufbl\u00fcht \u2013 mit Blumenzwiebeln, die wir in die Erde setzen. Diese sind nach dem Gottesdienst gegen eine Spende von 2,00\u00a0\u20ac zugunsten [&hellip;]<\/p>\n","protected":false},"author":2,"featured_media":12269,"comment_status":"closed","ping_status":"closed","sticky":false,"template":"","format":"standard","meta":{"footnotes":""},"categories":[48,18,129,97,25],"tags":[78,33,128,64,52,58,196,34,39],"class_list":["post-12267","post","type-post","status-publish","format-standard","has-post-thumbnail","hentry","category-feier-festtage","category-gottesdienst","category-hettenhausen","category-landeskirche","category-veranstaltungen","tag-erntedank","tag-gottesdienst","tag-hettenhausen","tag-kaffee","tag-kreis-fuer-gemeindearbeit","tag-kuchen","tag-landesgartenschau-2023","tag-pfarrkirche-st-georg","tag-veranstaltungen"],"yoast_head":"<!-- This site is optimized with the Yoast SEO plugin v27.4 - https:\/\/yoast.com\/product\/yoast-seo-wordpress\/ -->\n<title>DA BL\u00dcHE ICH AUF - Ev.-luth. Kirchengemeinde Hettenhausen - Dalherda<\/title>\n<meta name=\"description\" content=\"Ev.-luth. Kirchengemeinde Hettenhausen - Dalherda - DA BL\u00dcHE ICH AUF -\" \/>\n<meta name=\"robots\" content=\"index, follow, max-snippet:-1, max-image-preview:large, max-video-preview:-1\" \/>\n<link rel=\"canonical\" href=\"https:\/\/www.kirche-hettenhausen.de\/site\/2022\/09\/da-bluehe-ich-auf\/\" \/>\n<meta property=\"og:locale\" content=\"de_DE\" \/>\n<meta property=\"og:type\" content=\"article\" \/>\n<meta property=\"og:title\" content=\"DA BL\u00dcHE ICH AUF - Ev.-luth. Kirchengemeinde Hettenhausen - Dalherda\" \/>\n<meta property=\"og:description\" content=\"Ev.-luth. Kirchengemeinde Hettenhausen - Dalherda - DA BL\u00dcHE ICH AUF -\" \/>\n<meta property=\"og:url\" content=\"https:\/\/www.kirche-hettenhausen.de\/site\/2022\/09\/da-bluehe-ich-auf\/\" \/>\n<meta property=\"og:site_name\" content=\"Ev.-luth. Kirchengemeinde Hettenhausen - Dalherda\" \/>\n<meta property=\"article:published_time\" content=\"2022-09-25T14:13:18+00:00\" \/>\n<meta property=\"article:modified_time\" content=\"2022-11-12T07:25:21+00:00\" \/>\n<meta property=\"og:image\" content=\"https:\/\/www.kirche-hettenhausen.de\/site\/wp-content\/uploads\/2022\/09\/Logo_DaBlueheIchAuf_4c_Zusatz_1.jpg\" \/>\n\t<meta property=\"og:image:width\" content=\"336\" \/>\n\t<meta property=\"og:image:height\" content=\"336\" \/>\n\t<meta property=\"og:image:type\" content=\"image\/jpeg\" \/>\n<meta name=\"author\" content=\"Marion Friedrich\" \/>\n<meta name=\"twitter:card\" content=\"summary_large_image\" \/>\n<meta name=\"twitter:label1\" content=\"Verfasst von\" \/>\n\t<meta name=\"twitter:data1\" content=\"Marion Friedrich\" \/>\n\t<meta name=\"twitter:label2\" content=\"Gesch\u00e4tzte Lesezeit\" \/>\n\t<meta name=\"twitter:data2\" content=\"1\u00a0Minute\" \/>\n<script type=\"application\/ld+json\" class=\"yoast-schema-graph\">{\"@context\":\"https:\\\/\\\/schema.org\",\"@graph\":[{\"@type\":\"Article\",\"@id\":\"https:\\\/\\\/www.kirche-hettenhausen.de\\\/site\\\/2022\\\/09\\\/da-bluehe-ich-auf\\\/#article\",\"isPartOf\":{\"@id\":\"https:\\\/\\\/www.kirche-hettenhausen.de\\\/site\\\/2022\\\/09\\\/da-bluehe-ich-auf\\\/\"},\"author\":{\"name\":\"Marion Friedrich\",\"@id\":\"https:\\\/\\\/www.kirche-hettenhausen.de\\\/site\\\/#\\\/schema\\\/person\\\/7740d89d8f816da861ece2b378a21c57\"},\"headline\":\"DA BL\u00dcHE ICH AUF\",\"datePublished\":\"2022-09-25T14:13:18+00:00\",\"dateModified\":\"2022-11-12T07:25:21+00:00\",\"mainEntityOfPage\":{\"@id\":\"https:\\\/\\\/www.kirche-hettenhausen.de\\\/site\\\/2022\\\/09\\\/da-bluehe-ich-auf\\\/\"},\"wordCount\":129,\"image\":{\"@id\":\"https:\\\/\\\/www.kirche-hettenhausen.de\\\/site\\\/2022\\\/09\\\/da-bluehe-ich-auf\\\/#primaryimage\"},\"thumbnailUrl\":\"https:\\\/\\\/www.kirche-hettenhausen.de\\\/site\\\/wp-content\\\/uploads\\\/2022\\\/09\\\/Logo_DaBlueheIchAuf_4c_Zusatz_1.jpg\",\"keywords\":[\"Erntedank\",\"Gottesdienst\",\"Hettenhausen\",\"Kaffee\",\"Kreis f\u00fcr Gemeindearbeit\",\"Kuchen\",\"Landesgartenschau 2023\",\"Pfarrkirche St. Georg\",\"Veranstaltungen\"],\"articleSection\":[\"Feier-\\\/Festtage\",\"Gottesdienst\",\"Hettenhausen\",\"Landeskirche\",\"Veranstaltungen\"],\"inLanguage\":\"de\"},{\"@type\":\"WebPage\",\"@id\":\"https:\\\/\\\/www.kirche-hettenhausen.de\\\/site\\\/2022\\\/09\\\/da-bluehe-ich-auf\\\/\",\"url\":\"https:\\\/\\\/www.kirche-hettenhausen.de\\\/site\\\/2022\\\/09\\\/da-bluehe-ich-auf\\\/\",\"name\":\"DA BL\u00dcHE ICH AUF - Ev.-luth. Kirchengemeinde Hettenhausen - Dalherda\",\"isPartOf\":{\"@id\":\"https:\\\/\\\/www.kirche-hettenhausen.de\\\/site\\\/#website\"},\"primaryImageOfPage\":{\"@id\":\"https:\\\/\\\/www.kirche-hettenhausen.de\\\/site\\\/2022\\\/09\\\/da-bluehe-ich-auf\\\/#primaryimage\"},\"image\":{\"@id\":\"https:\\\/\\\/www.kirche-hettenhausen.de\\\/site\\\/2022\\\/09\\\/da-bluehe-ich-auf\\\/#primaryimage\"},\"thumbnailUrl\":\"https:\\\/\\\/www.kirche-hettenhausen.de\\\/site\\\/wp-content\\\/uploads\\\/2022\\\/09\\\/Logo_DaBlueheIchAuf_4c_Zusatz_1.jpg\",\"datePublished\":\"2022-09-25T14:13:18+00:00\",\"dateModified\":\"2022-11-12T07:25:21+00:00\",\"author\":{\"@id\":\"https:\\\/\\\/www.kirche-hettenhausen.de\\\/site\\\/#\\\/schema\\\/person\\\/7740d89d8f816da861ece2b378a21c57\"},\"description\":\"Ev.-luth. Kirchengemeinde Hettenhausen - Dalherda - DA BL\u00dcHE ICH AUF -\",\"breadcrumb\":{\"@id\":\"https:\\\/\\\/www.kirche-hettenhausen.de\\\/site\\\/2022\\\/09\\\/da-bluehe-ich-auf\\\/#breadcrumb\"},\"inLanguage\":\"de\",\"potentialAction\":[{\"@type\":\"ReadAction\",\"target\":[\"https:\\\/\\\/www.kirche-hettenhausen.de\\\/site\\\/2022\\\/09\\\/da-bluehe-ich-auf\\\/\"]}]},{\"@type\":\"ImageObject\",\"inLanguage\":\"de\",\"@id\":\"https:\\\/\\\/www.kirche-hettenhausen.de\\\/site\\\/2022\\\/09\\\/da-bluehe-ich-auf\\\/#primaryimage\",\"url\":\"https:\\\/\\\/www.kirche-hettenhausen.de\\\/site\\\/wp-content\\\/uploads\\\/2022\\\/09\\\/Logo_DaBlueheIchAuf_4c_Zusatz_1.jpg\",\"contentUrl\":\"https:\\\/\\\/www.kirche-hettenhausen.de\\\/site\\\/wp-content\\\/uploads\\\/2022\\\/09\\\/Logo_DaBlueheIchAuf_4c_Zusatz_1.jpg\",\"width\":336,\"height\":336},{\"@type\":\"BreadcrumbList\",\"@id\":\"https:\\\/\\\/www.kirche-hettenhausen.de\\\/site\\\/2022\\\/09\\\/da-bluehe-ich-auf\\\/#breadcrumb\",\"itemListElement\":[{\"@type\":\"ListItem\",\"position\":1,\"name\":\"Startseite\",\"item\":\"https:\\\/\\\/www.kirche-hettenhausen.de\\\/site\\\/\"},{\"@type\":\"ListItem\",\"position\":2,\"name\":\"DA BL\u00dcHE ICH AUF\"}]},{\"@type\":\"WebSite\",\"@id\":\"https:\\\/\\\/www.kirche-hettenhausen.de\\\/site\\\/#website\",\"url\":\"https:\\\/\\\/www.kirche-hettenhausen.de\\\/site\\\/\",\"name\":\"Ev.-luth. Kirchengemeinde Hettenhausen - Dalherda\",\"description\":\"Homepage der Ev.-luth. Kirchengemeinde Hettenhausen - Dalherda\",\"potentialAction\":[{\"@type\":\"SearchAction\",\"target\":{\"@type\":\"EntryPoint\",\"urlTemplate\":\"https:\\\/\\\/www.kirche-hettenhausen.de\\\/site\\\/?s={search_term_string}\"},\"query-input\":{\"@type\":\"PropertyValueSpecification\",\"valueRequired\":true,\"valueName\":\"search_term_string\"}}],\"inLanguage\":\"de\"},{\"@type\":\"Person\",\"@id\":\"https:\\\/\\\/www.kirche-hettenhausen.de\\\/site\\\/#\\\/schema\\\/person\\\/7740d89d8f816da861ece2b378a21c57\",\"name\":\"Marion Friedrich\",\"url\":\"https:\\\/\\\/www.kirche-hettenhausen.de\\\/site\\\/author\\\/m-friedrichkirche-hettenhausen-de\\\/\"}]}<\/script>\n<!-- \/ Yoast SEO plugin. -->","yoast_head_json":{"title":"DA BL\u00dcHE ICH AUF - Ev.-luth. Kirchengemeinde Hettenhausen - Dalherda","description":"Ev.-luth. Kirchengemeinde Hettenhausen - Dalherda - DA BL\u00dcHE ICH AUF -","robots":{"index":"index","follow":"follow","max-snippet":"max-snippet:-1","max-image-preview":"max-image-preview:large","max-video-preview":"max-video-preview:-1"},"canonical":"https:\/\/www.kirche-hettenhausen.de\/site\/2022\/09\/da-bluehe-ich-auf\/","og_locale":"de_DE","og_type":"article","og_title":"DA BL\u00dcHE ICH AUF - Ev.-luth. Kirchengemeinde Hettenhausen - Dalherda","og_description":"Ev.-luth. Kirchengemeinde Hettenhausen - Dalherda - DA BL\u00dcHE ICH AUF -","og_url":"https:\/\/www.kirche-hettenhausen.de\/site\/2022\/09\/da-bluehe-ich-auf\/","og_site_name":"Ev.-luth. Kirchengemeinde Hettenhausen - Dalherda","article_published_time":"2022-09-25T14:13:18+00:00","article_modified_time":"2022-11-12T07:25:21+00:00","og_image":[{"width":336,"height":336,"url":"https:\/\/www.kirche-hettenhausen.de\/site\/wp-content\/uploads\/2022\/09\/Logo_DaBlueheIchAuf_4c_Zusatz_1.jpg","type":"image\/jpeg"}],"author":"Marion Friedrich","twitter_card":"summary_large_image","twitter_misc":{"Verfasst von":"Marion Friedrich","Gesch\u00e4tzte Lesezeit":"1\u00a0Minute"},"schema":{"@context":"https:\/\/schema.org","@graph":[{"@type":"Article","@id":"https:\/\/www.kirche-hettenhausen.de\/site\/2022\/09\/da-bluehe-ich-auf\/#article","isPartOf":{"@id":"https:\/\/www.kirche-hettenhausen.de\/site\/2022\/09\/da-bluehe-ich-auf\/"},"author":{"name":"Marion Friedrich","@id":"https:\/\/www.kirche-hettenhausen.de\/site\/#\/schema\/person\/7740d89d8f816da861ece2b378a21c57"},"headline":"DA BL\u00dcHE ICH AUF","datePublished":"2022-09-25T14:13:18+00:00","dateModified":"2022-11-12T07:25:21+00:00","mainEntityOfPage":{"@id":"https:\/\/www.kirche-hettenhausen.de\/site\/2022\/09\/da-bluehe-ich-auf\/"},"wordCount":129,"image":{"@id":"https:\/\/www.kirche-hettenhausen.de\/site\/2022\/09\/da-bluehe-ich-auf\/#primaryimage"},"thumbnailUrl":"https:\/\/www.kirche-hettenhausen.de\/site\/wp-content\/uploads\/2022\/09\/Logo_DaBlueheIchAuf_4c_Zusatz_1.jpg","keywords":["Erntedank","Gottesdienst","Hettenhausen","Kaffee","Kreis f\u00fcr Gemeindearbeit","Kuchen","Landesgartenschau 2023","Pfarrkirche St. Georg","Veranstaltungen"],"articleSection":["Feier-\/Festtage","Gottesdienst","Hettenhausen","Landeskirche","Veranstaltungen"],"inLanguage":"de"},{"@type":"WebPage","@id":"https:\/\/www.kirche-hettenhausen.de\/site\/2022\/09\/da-bluehe-ich-auf\/","url":"https:\/\/www.kirche-hettenhausen.de\/site\/2022\/09\/da-bluehe-ich-auf\/","name":"DA BL\u00dcHE ICH AUF - Ev.-luth. Kirchengemeinde Hettenhausen - Dalherda","isPartOf":{"@id":"https:\/\/www.kirche-hettenhausen.de\/site\/#website"},"primaryImageOfPage":{"@id":"https:\/\/www.kirche-hettenhausen.de\/site\/2022\/09\/da-bluehe-ich-auf\/#primaryimage"},"image":{"@id":"https:\/\/www.kirche-hettenhausen.de\/site\/2022\/09\/da-bluehe-ich-auf\/#primaryimage"},"thumbnailUrl":"https:\/\/www.kirche-hettenhausen.de\/site\/wp-content\/uploads\/2022\/09\/Logo_DaBlueheIchAuf_4c_Zusatz_1.jpg","datePublished":"2022-09-25T14:13:18+00:00","dateModified":"2022-11-12T07:25:21+00:00","author":{"@id":"https:\/\/www.kirche-hettenhausen.de\/site\/#\/schema\/person\/7740d89d8f816da861ece2b378a21c57"},"description":"Ev.-luth. Kirchengemeinde Hettenhausen - Dalherda - DA BL\u00dcHE ICH AUF -","breadcrumb":{"@id":"https:\/\/www.kirche-hettenhausen.de\/site\/2022\/09\/da-bluehe-ich-auf\/#breadcrumb"},"inLanguage":"de","potentialAction":[{"@type":"ReadAction","target":["https:\/\/www.kirche-hettenhausen.de\/site\/2022\/09\/da-bluehe-ich-auf\/"]}]},{"@type":"ImageObject","inLanguage":"de","@id":"https:\/\/www.kirche-hettenhausen.de\/site\/2022\/09\/da-bluehe-ich-auf\/#primaryimage","url":"https:\/\/www.kirche-hettenhausen.de\/site\/wp-content\/uploads\/2022\/09\/Logo_DaBlueheIchAuf_4c_Zusatz_1.jpg","contentUrl":"https:\/\/www.kirche-hettenhausen.de\/site\/wp-content\/uploads\/2022\/09\/Logo_DaBlueheIchAuf_4c_Zusatz_1.jpg","width":336,"height":336},{"@type":"BreadcrumbList","@id":"https:\/\/www.kirche-hettenhausen.de\/site\/2022\/09\/da-bluehe-ich-auf\/#breadcrumb","itemListElement":[{"@type":"ListItem","position":1,"name":"Startseite","item":"https:\/\/www.kirche-hettenhausen.de\/site\/"},{"@type":"ListItem","position":2,"name":"DA BL\u00dcHE ICH AUF"}]},{"@type":"WebSite","@id":"https:\/\/www.kirche-hettenhausen.de\/site\/#website","url":"https:\/\/www.kirche-hettenhausen.de\/site\/","name":"Ev.-luth. Kirchengemeinde Hettenhausen - Dalherda","description":"Homepage der Ev.-luth. Kirchengemeinde Hettenhausen - Dalherda","potentialAction":[{"@type":"SearchAction","target":{"@type":"EntryPoint","urlTemplate":"https:\/\/www.kirche-hettenhausen.de\/site\/?s={search_term_string}"},"query-input":{"@type":"PropertyValueSpecification","valueRequired":true,"valueName":"search_term_string"}}],"inLanguage":"de"},{"@type":"Person","@id":"https:\/\/www.kirche-hettenhausen.de\/site\/#\/schema\/person\/7740d89d8f816da861ece2b378a21c57","name":"Marion Friedrich","url":"https:\/\/www.kirche-hettenhausen.de\/site\/author\/m-friedrichkirche-hettenhausen-de\/"}]}},"_links":{"self":[{"href":"https:\/\/www.kirche-hettenhausen.de\/site\/wp-json\/wp\/v2\/posts\/12267","targetHints":{"allow":["GET"]}}],"collection":[{"href":"https:\/\/www.kirche-hettenhausen.de\/site\/wp-json\/wp\/v2\/posts"}],"about":[{"href":"https:\/\/www.kirche-hettenhausen.de\/site\/wp-json\/wp\/v2\/types\/post"}],"author":[{"embeddable":true,"href":"https:\/\/www.kirche-hettenhausen.de\/site\/wp-json\/wp\/v2\/users\/2"}],"replies":[{"embeddable":true,"href":"https:\/\/www.kirche-hettenhausen.de\/site\/wp-json\/wp\/v2\/comments?post=12267"}],"version-history":[{"count":5,"href":"https:\/\/www.kirche-hettenhausen.de\/site\/wp-json\/wp\/v2\/posts\/12267\/revisions"}],"predecessor-version":[{"id":12273,"href":"https:\/\/www.kirche-hettenhausen.de\/site\/wp-json\/wp\/v2\/posts\/12267\/revisions\/12273"}],"wp:featuredmedia":[{"embeddable":true,"href":"https:\/\/www.kirche-hettenhausen.de\/site\/wp-json\/wp\/v2\/media\/12269"}],"wp:attachment":[{"href":"https:\/\/www.kirche-hettenhausen.de\/site\/wp-json\/wp\/v2\/media?parent=12267"}],"wp:term":[{"taxonomy":"category","embeddable":true,"href":"https:\/\/www.kirche-hettenhausen.de\/site\/wp-json\/wp\/v2\/categories?post=12267"},{"taxonomy":"post_tag","embeddable":true,"href":"https:\/\/www.kirche-hettenhausen.de\/site\/wp-json\/wp\/v2\/tags?post=12267"}],"curies":[{"name":"wp","href":"https:\/\/api.w.org\/{rel}","templated":true}]}}