{"id":11985,"date":"2022-07-26T19:14:30","date_gmt":"2022-07-26T17:14:30","guid":{"rendered":"https:\/\/kirche-hettenhausen.de\/site\/?p=11985"},"modified":"2022-07-26T19:26:16","modified_gmt":"2022-07-26T17:26:16","slug":"neues-kreuz-fuer-den-friedhof","status":"publish","type":"post","link":"https:\/\/www.kirche-hettenhausen.de\/site\/2022\/07\/neues-kreuz-fuer-den-friedhof\/","title":{"rendered":"Neues Kreuz f\u00fcr den Friedhof"},"content":{"rendered":"<p>Das alte Kreuz auf dem Dalherdaer Friedhof war in die Jahre gekommen und es war dringend n\u00f6tig, dieses zu ersetzen. Reinhold Rausch hatte sich dankenswerterweise dazu bereiterkl\u00e4rt und fertigte ein imposantes, 6 Meter hohes Kreuz aus L\u00e4rchenholz. Das Kreuz wurde am 25. Juli 2022 mithilfe von Lukas Rausch, Harald Preis und schwerem Ger\u00e4t am Friedhof in Dalherda aufgestellt. Rolf Banik und Ira Magerhans sorgten f\u00fcr ein, zwei k\u00fchle Biere nach getaner Arbeit.<\/p>\n<p>Ein gro\u00dfes Dankesch\u00f6n an die flei\u00dfigen ehrenamtlichen Helfer!<\/p>\n<p>Die Einweihung des Kreuzes ist am 28. August 2022 im Anschluss an den Gottesdienst geplant. Sie sind alle ganz herzlich eingeladen!<\/p>\n<p>&nbsp;<\/p>\n<div id=\"metaslider-id-11987\" style=\"width: 100%;\" class=\"ml-slider-3-108-0 metaslider metaslider-nivo metaslider-11987 ml-slider ms-theme-default\" role=\"region\" aria-label=\"Friedhofskreuz Dalherda\" data-height=\"650\" data-width=\"550\">\n    <div id=\"metaslider_container_11987\">\n        <div class='slider-wrapper theme-default'><div class='ribbon'><\/div><div id='metaslider_11987' class='nivoSlider'><img loading=\"lazy\" decoding=\"async\" src=\"https:\/\/www.kirche-hettenhausen.de\/site\/wp-content\/uploads\/2022\/07\/Screenshot_20220726-160358_Photos-550x650.jpg\" height=\"650\" width=\"550\" title=\"Friedhofskreuz\" alt=\"Friedhofskreuz Dalherda\" class=\"slider-11987 slide-11988 msDefaultImage\" \/><img loading=\"lazy\" decoding=\"async\" src=\"https:\/\/www.kirche-hettenhausen.de\/site\/wp-content\/uploads\/2022\/07\/20220725_184124_1-550x650.jpg\" height=\"650\" width=\"550\" title=\"Friedhofskreuz\" alt=\"Friedhofskreuz Dalherda\" class=\"slider-11987 slide-11989 msDefaultImage\" \/><img loading=\"lazy\" decoding=\"async\" src=\"https:\/\/www.kirche-hettenhausen.de\/site\/wp-content\/uploads\/2022\/07\/Screenshot_20220725-203006_Gallery-428x505.jpg\" height=\"650\" width=\"550\" title=\"Friedhofskreuz\" alt=\"Friedhofskreuz Dalherda\" class=\"slider-11987 slide-11990 msDefaultImage\" \/><img loading=\"lazy\" decoding=\"async\" src=\"https:\/\/www.kirche-hettenhausen.de\/site\/wp-content\/uploads\/2022\/07\/20220725_185059_1-550x650.jpg\" height=\"650\" width=\"550\" title=\"Friedhofskreuz\" alt=\"Friedhofskreuz Dalherda\" class=\"slider-11987 slide-11992 msDefaultImage\" \/><img loading=\"lazy\" decoding=\"async\" src=\"https:\/\/www.kirche-hettenhausen.de\/site\/wp-content\/uploads\/2022\/07\/20220725_185107_1-487x576.jpg\" height=\"650\" width=\"550\" title=\"Friedhofskreuz\" alt=\"Friedhofskreuz Dalherda\" class=\"slider-11987 slide-11991 msDefaultImage\" \/><img loading=\"lazy\" decoding=\"async\" src=\"https:\/\/www.kirche-hettenhausen.de\/site\/wp-content\/uploads\/2022\/07\/20220725_191022_1-550x650.jpg\" height=\"650\" width=\"550\" title=\"Friedhofskreuz\" alt=\"Friedhofskreuz Dalherda\" class=\"slider-11987 slide-11993 msDefaultImage\" \/><img loading=\"lazy\" decoding=\"async\" src=\"https:\/\/www.kirche-hettenhausen.de\/site\/wp-content\/uploads\/2022\/07\/20220725_191808_1-rotated-e1658853398393-550x650.jpg\" height=\"650\" width=\"550\" title=\"Friedhofskreuz\" alt=\"Friedhofskreuz Dalherda\" class=\"slider-11987 slide-11994 msDefaultImage\" \/><\/div><\/div>\n        \n    <\/div>\n<\/div>\n<p>&nbsp;<\/p>\n<p style=\"text-align: right;\">(Ira Magerhans, Marion Friedrich)<\/p>\n","protected":false},"excerpt":{"rendered":"<p>Das alte Kreuz auf dem Dalherdaer Friedhof war in die Jahre gekommen und es war dringend n\u00f6tig, dieses zu ersetzen. Reinhold Rausch hatte sich dankenswerterweise dazu bereiterkl\u00e4rt und fertigte ein imposantes, 6 Meter hohes Kreuz aus L\u00e4rchenholz. Das Kreuz wurde am 25. Juli 2022 mithilfe von Lukas Rausch, Harald Preis und schwerem Ger\u00e4t am Friedhof [&hellip;]<\/p>\n","protected":false},"author":2,"featured_media":11977,"comment_status":"closed","ping_status":"closed","sticky":false,"template":"","format":"standard","meta":{"footnotes":""},"categories":[104,20,25],"tags":[102,35,39],"class_list":["post-11985","post","type-post","status-publish","format-standard","has-post-thumbnail","hentry","category-dalherda","category-friedhof","category-veranstaltungen","tag-dalherda","tag-friedhof","tag-veranstaltungen"],"yoast_head":"<!-- This site is optimized with the Yoast SEO plugin v27.4 - https:\/\/yoast.com\/product\/yoast-seo-wordpress\/ -->\n<title>Neues Kreuz f\u00fcr den Friedhof - Ev.-luth. Kirchengemeinde Hettenhausen - Dalherda<\/title>\n<meta name=\"description\" content=\"Ev.-luth. Kirchengemeinde Hettenhausen - Dalherda - Dalherda Neues Kreuz f\u00fcr den Friedhof\" \/>\n<meta name=\"robots\" content=\"index, follow, max-snippet:-1, max-image-preview:large, max-video-preview:-1\" \/>\n<link rel=\"canonical\" href=\"https:\/\/www.kirche-hettenhausen.de\/site\/2022\/07\/neues-kreuz-fuer-den-friedhof\/\" \/>\n<meta property=\"og:locale\" content=\"de_DE\" \/>\n<meta property=\"og:type\" content=\"article\" \/>\n<meta property=\"og:title\" content=\"Neues Kreuz f\u00fcr den Friedhof - Ev.-luth. Kirchengemeinde Hettenhausen - Dalherda\" \/>\n<meta property=\"og:description\" content=\"Ev.-luth. Kirchengemeinde Hettenhausen - Dalherda - Dalherda Neues Kreuz f\u00fcr den Friedhof\" \/>\n<meta property=\"og:url\" content=\"https:\/\/www.kirche-hettenhausen.de\/site\/2022\/07\/neues-kreuz-fuer-den-friedhof\/\" \/>\n<meta property=\"og:site_name\" content=\"Ev.-luth. Kirchengemeinde Hettenhausen - Dalherda\" \/>\n<meta property=\"article:published_time\" content=\"2022-07-26T17:14:30+00:00\" \/>\n<meta property=\"article:modified_time\" content=\"2022-07-26T17:26:16+00:00\" \/>\n<meta property=\"og:image\" content=\"https:\/\/www.kirche-hettenhausen.de\/site\/wp-content\/uploads\/2022\/07\/Screenshot_20220726-160358_Photos.jpg\" \/>\n\t<meta property=\"og:image:width\" content=\"1080\" \/>\n\t<meta property=\"og:image:height\" content=\"2056\" \/>\n\t<meta property=\"og:image:type\" content=\"image\/jpeg\" \/>\n<meta name=\"author\" content=\"Marion Friedrich\" \/>\n<meta name=\"twitter:card\" content=\"summary_large_image\" \/>\n<meta name=\"twitter:label1\" content=\"Verfasst von\" \/>\n\t<meta name=\"twitter:data1\" content=\"Marion Friedrich\" \/>\n\t<meta name=\"twitter:label2\" content=\"Gesch\u00e4tzte Lesezeit\" \/>\n\t<meta name=\"twitter:data2\" content=\"1\u00a0Minute\" \/>\n<script type=\"application\/ld+json\" class=\"yoast-schema-graph\">{\"@context\":\"https:\\\/\\\/schema.org\",\"@graph\":[{\"@type\":\"Article\",\"@id\":\"https:\\\/\\\/www.kirche-hettenhausen.de\\\/site\\\/2022\\\/07\\\/neues-kreuz-fuer-den-friedhof\\\/#article\",\"isPartOf\":{\"@id\":\"https:\\\/\\\/www.kirche-hettenhausen.de\\\/site\\\/2022\\\/07\\\/neues-kreuz-fuer-den-friedhof\\\/\"},\"author\":{\"name\":\"Marion Friedrich\",\"@id\":\"https:\\\/\\\/www.kirche-hettenhausen.de\\\/site\\\/#\\\/schema\\\/person\\\/7740d89d8f816da861ece2b378a21c57\"},\"headline\":\"Neues Kreuz f\u00fcr den Friedhof\",\"datePublished\":\"2022-07-26T17:14:30+00:00\",\"dateModified\":\"2022-07-26T17:26:16+00:00\",\"mainEntityOfPage\":{\"@id\":\"https:\\\/\\\/www.kirche-hettenhausen.de\\\/site\\\/2022\\\/07\\\/neues-kreuz-fuer-den-friedhof\\\/\"},\"wordCount\":119,\"image\":{\"@id\":\"https:\\\/\\\/www.kirche-hettenhausen.de\\\/site\\\/2022\\\/07\\\/neues-kreuz-fuer-den-friedhof\\\/#primaryimage\"},\"thumbnailUrl\":\"https:\\\/\\\/www.kirche-hettenhausen.de\\\/site\\\/wp-content\\\/uploads\\\/2022\\\/07\\\/Screenshot_20220726-160358_Photos.jpg\",\"keywords\":[\"Dalherda\",\"Friedhof\",\"Veranstaltungen\"],\"articleSection\":[\"Dalherda\",\"Friedhof\",\"Veranstaltungen\"],\"inLanguage\":\"de\"},{\"@type\":\"WebPage\",\"@id\":\"https:\\\/\\\/www.kirche-hettenhausen.de\\\/site\\\/2022\\\/07\\\/neues-kreuz-fuer-den-friedhof\\\/\",\"url\":\"https:\\\/\\\/www.kirche-hettenhausen.de\\\/site\\\/2022\\\/07\\\/neues-kreuz-fuer-den-friedhof\\\/\",\"name\":\"Neues Kreuz f\u00fcr den Friedhof - Ev.-luth. Kirchengemeinde Hettenhausen - Dalherda\",\"isPartOf\":{\"@id\":\"https:\\\/\\\/www.kirche-hettenhausen.de\\\/site\\\/#website\"},\"primaryImageOfPage\":{\"@id\":\"https:\\\/\\\/www.kirche-hettenhausen.de\\\/site\\\/2022\\\/07\\\/neues-kreuz-fuer-den-friedhof\\\/#primaryimage\"},\"image\":{\"@id\":\"https:\\\/\\\/www.kirche-hettenhausen.de\\\/site\\\/2022\\\/07\\\/neues-kreuz-fuer-den-friedhof\\\/#primaryimage\"},\"thumbnailUrl\":\"https:\\\/\\\/www.kirche-hettenhausen.de\\\/site\\\/wp-content\\\/uploads\\\/2022\\\/07\\\/Screenshot_20220726-160358_Photos.jpg\",\"datePublished\":\"2022-07-26T17:14:30+00:00\",\"dateModified\":\"2022-07-26T17:26:16+00:00\",\"author\":{\"@id\":\"https:\\\/\\\/www.kirche-hettenhausen.de\\\/site\\\/#\\\/schema\\\/person\\\/7740d89d8f816da861ece2b378a21c57\"},\"description\":\"Ev.-luth. Kirchengemeinde Hettenhausen - Dalherda - Dalherda Neues Kreuz f\u00fcr den Friedhof\",\"breadcrumb\":{\"@id\":\"https:\\\/\\\/www.kirche-hettenhausen.de\\\/site\\\/2022\\\/07\\\/neues-kreuz-fuer-den-friedhof\\\/#breadcrumb\"},\"inLanguage\":\"de\",\"potentialAction\":[{\"@type\":\"ReadAction\",\"target\":[\"https:\\\/\\\/www.kirche-hettenhausen.de\\\/site\\\/2022\\\/07\\\/neues-kreuz-fuer-den-friedhof\\\/\"]}]},{\"@type\":\"ImageObject\",\"inLanguage\":\"de\",\"@id\":\"https:\\\/\\\/www.kirche-hettenhausen.de\\\/site\\\/2022\\\/07\\\/neues-kreuz-fuer-den-friedhof\\\/#primaryimage\",\"url\":\"https:\\\/\\\/www.kirche-hettenhausen.de\\\/site\\\/wp-content\\\/uploads\\\/2022\\\/07\\\/Screenshot_20220726-160358_Photos.jpg\",\"contentUrl\":\"https:\\\/\\\/www.kirche-hettenhausen.de\\\/site\\\/wp-content\\\/uploads\\\/2022\\\/07\\\/Screenshot_20220726-160358_Photos.jpg\",\"width\":1080,\"height\":2056,\"caption\":\"Friedhofskreuz Dalherda\"},{\"@type\":\"BreadcrumbList\",\"@id\":\"https:\\\/\\\/www.kirche-hettenhausen.de\\\/site\\\/2022\\\/07\\\/neues-kreuz-fuer-den-friedhof\\\/#breadcrumb\",\"itemListElement\":[{\"@type\":\"ListItem\",\"position\":1,\"name\":\"Startseite\",\"item\":\"https:\\\/\\\/www.kirche-hettenhausen.de\\\/site\\\/\"},{\"@type\":\"ListItem\",\"position\":2,\"name\":\"Neues Kreuz f\u00fcr den Friedhof\"}]},{\"@type\":\"WebSite\",\"@id\":\"https:\\\/\\\/www.kirche-hettenhausen.de\\\/site\\\/#website\",\"url\":\"https:\\\/\\\/www.kirche-hettenhausen.de\\\/site\\\/\",\"name\":\"Ev.-luth. Kirchengemeinde Hettenhausen - Dalherda\",\"description\":\"Homepage der Ev.-luth. Kirchengemeinde Hettenhausen - Dalherda\",\"potentialAction\":[{\"@type\":\"SearchAction\",\"target\":{\"@type\":\"EntryPoint\",\"urlTemplate\":\"https:\\\/\\\/www.kirche-hettenhausen.de\\\/site\\\/?s={search_term_string}\"},\"query-input\":{\"@type\":\"PropertyValueSpecification\",\"valueRequired\":true,\"valueName\":\"search_term_string\"}}],\"inLanguage\":\"de\"},{\"@type\":\"Person\",\"@id\":\"https:\\\/\\\/www.kirche-hettenhausen.de\\\/site\\\/#\\\/schema\\\/person\\\/7740d89d8f816da861ece2b378a21c57\",\"name\":\"Marion Friedrich\",\"url\":\"https:\\\/\\\/www.kirche-hettenhausen.de\\\/site\\\/author\\\/m-friedrichkirche-hettenhausen-de\\\/\"}]}<\/script>\n<!-- \/ Yoast SEO plugin. -->","yoast_head_json":{"title":"Neues Kreuz f\u00fcr den Friedhof - Ev.-luth. Kirchengemeinde Hettenhausen - Dalherda","description":"Ev.-luth. Kirchengemeinde Hettenhausen - Dalherda - Dalherda Neues Kreuz f\u00fcr den Friedhof","robots":{"index":"index","follow":"follow","max-snippet":"max-snippet:-1","max-image-preview":"max-image-preview:large","max-video-preview":"max-video-preview:-1"},"canonical":"https:\/\/www.kirche-hettenhausen.de\/site\/2022\/07\/neues-kreuz-fuer-den-friedhof\/","og_locale":"de_DE","og_type":"article","og_title":"Neues Kreuz f\u00fcr den Friedhof - Ev.-luth. Kirchengemeinde Hettenhausen - Dalherda","og_description":"Ev.-luth. Kirchengemeinde Hettenhausen - Dalherda - Dalherda Neues Kreuz f\u00fcr den Friedhof","og_url":"https:\/\/www.kirche-hettenhausen.de\/site\/2022\/07\/neues-kreuz-fuer-den-friedhof\/","og_site_name":"Ev.-luth. Kirchengemeinde Hettenhausen - Dalherda","article_published_time":"2022-07-26T17:14:30+00:00","article_modified_time":"2022-07-26T17:26:16+00:00","og_image":[{"width":1080,"height":2056,"url":"https:\/\/www.kirche-hettenhausen.de\/site\/wp-content\/uploads\/2022\/07\/Screenshot_20220726-160358_Photos.jpg","type":"image\/jpeg"}],"author":"Marion Friedrich","twitter_card":"summary_large_image","twitter_misc":{"Verfasst von":"Marion Friedrich","Gesch\u00e4tzte Lesezeit":"1\u00a0Minute"},"schema":{"@context":"https:\/\/schema.org","@graph":[{"@type":"Article","@id":"https:\/\/www.kirche-hettenhausen.de\/site\/2022\/07\/neues-kreuz-fuer-den-friedhof\/#article","isPartOf":{"@id":"https:\/\/www.kirche-hettenhausen.de\/site\/2022\/07\/neues-kreuz-fuer-den-friedhof\/"},"author":{"name":"Marion Friedrich","@id":"https:\/\/www.kirche-hettenhausen.de\/site\/#\/schema\/person\/7740d89d8f816da861ece2b378a21c57"},"headline":"Neues Kreuz f\u00fcr den Friedhof","datePublished":"2022-07-26T17:14:30+00:00","dateModified":"2022-07-26T17:26:16+00:00","mainEntityOfPage":{"@id":"https:\/\/www.kirche-hettenhausen.de\/site\/2022\/07\/neues-kreuz-fuer-den-friedhof\/"},"wordCount":119,"image":{"@id":"https:\/\/www.kirche-hettenhausen.de\/site\/2022\/07\/neues-kreuz-fuer-den-friedhof\/#primaryimage"},"thumbnailUrl":"https:\/\/www.kirche-hettenhausen.de\/site\/wp-content\/uploads\/2022\/07\/Screenshot_20220726-160358_Photos.jpg","keywords":["Dalherda","Friedhof","Veranstaltungen"],"articleSection":["Dalherda","Friedhof","Veranstaltungen"],"inLanguage":"de"},{"@type":"WebPage","@id":"https:\/\/www.kirche-hettenhausen.de\/site\/2022\/07\/neues-kreuz-fuer-den-friedhof\/","url":"https:\/\/www.kirche-hettenhausen.de\/site\/2022\/07\/neues-kreuz-fuer-den-friedhof\/","name":"Neues Kreuz f\u00fcr den Friedhof - Ev.-luth. Kirchengemeinde Hettenhausen - Dalherda","isPartOf":{"@id":"https:\/\/www.kirche-hettenhausen.de\/site\/#website"},"primaryImageOfPage":{"@id":"https:\/\/www.kirche-hettenhausen.de\/site\/2022\/07\/neues-kreuz-fuer-den-friedhof\/#primaryimage"},"image":{"@id":"https:\/\/www.kirche-hettenhausen.de\/site\/2022\/07\/neues-kreuz-fuer-den-friedhof\/#primaryimage"},"thumbnailUrl":"https:\/\/www.kirche-hettenhausen.de\/site\/wp-content\/uploads\/2022\/07\/Screenshot_20220726-160358_Photos.jpg","datePublished":"2022-07-26T17:14:30+00:00","dateModified":"2022-07-26T17:26:16+00:00","author":{"@id":"https:\/\/www.kirche-hettenhausen.de\/site\/#\/schema\/person\/7740d89d8f816da861ece2b378a21c57"},"description":"Ev.-luth. Kirchengemeinde Hettenhausen - Dalherda - Dalherda Neues Kreuz f\u00fcr den Friedhof","breadcrumb":{"@id":"https:\/\/www.kirche-hettenhausen.de\/site\/2022\/07\/neues-kreuz-fuer-den-friedhof\/#breadcrumb"},"inLanguage":"de","potentialAction":[{"@type":"ReadAction","target":["https:\/\/www.kirche-hettenhausen.de\/site\/2022\/07\/neues-kreuz-fuer-den-friedhof\/"]}]},{"@type":"ImageObject","inLanguage":"de","@id":"https:\/\/www.kirche-hettenhausen.de\/site\/2022\/07\/neues-kreuz-fuer-den-friedhof\/#primaryimage","url":"https:\/\/www.kirche-hettenhausen.de\/site\/wp-content\/uploads\/2022\/07\/Screenshot_20220726-160358_Photos.jpg","contentUrl":"https:\/\/www.kirche-hettenhausen.de\/site\/wp-content\/uploads\/2022\/07\/Screenshot_20220726-160358_Photos.jpg","width":1080,"height":2056,"caption":"Friedhofskreuz Dalherda"},{"@type":"BreadcrumbList","@id":"https:\/\/www.kirche-hettenhausen.de\/site\/2022\/07\/neues-kreuz-fuer-den-friedhof\/#breadcrumb","itemListElement":[{"@type":"ListItem","position":1,"name":"Startseite","item":"https:\/\/www.kirche-hettenhausen.de\/site\/"},{"@type":"ListItem","position":2,"name":"Neues Kreuz f\u00fcr den Friedhof"}]},{"@type":"WebSite","@id":"https:\/\/www.kirche-hettenhausen.de\/site\/#website","url":"https:\/\/www.kirche-hettenhausen.de\/site\/","name":"Ev.-luth. Kirchengemeinde Hettenhausen - Dalherda","description":"Homepage der Ev.-luth. Kirchengemeinde Hettenhausen - Dalherda","potentialAction":[{"@type":"SearchAction","target":{"@type":"EntryPoint","urlTemplate":"https:\/\/www.kirche-hettenhausen.de\/site\/?s={search_term_string}"},"query-input":{"@type":"PropertyValueSpecification","valueRequired":true,"valueName":"search_term_string"}}],"inLanguage":"de"},{"@type":"Person","@id":"https:\/\/www.kirche-hettenhausen.de\/site\/#\/schema\/person\/7740d89d8f816da861ece2b378a21c57","name":"Marion Friedrich","url":"https:\/\/www.kirche-hettenhausen.de\/site\/author\/m-friedrichkirche-hettenhausen-de\/"}]}},"_links":{"self":[{"href":"https:\/\/www.kirche-hettenhausen.de\/site\/wp-json\/wp\/v2\/posts\/11985","targetHints":{"allow":["GET"]}}],"collection":[{"href":"https:\/\/www.kirche-hettenhausen.de\/site\/wp-json\/wp\/v2\/posts"}],"about":[{"href":"https:\/\/www.kirche-hettenhausen.de\/site\/wp-json\/wp\/v2\/types\/post"}],"author":[{"embeddable":true,"href":"https:\/\/www.kirche-hettenhausen.de\/site\/wp-json\/wp\/v2\/users\/2"}],"replies":[{"embeddable":true,"href":"https:\/\/www.kirche-hettenhausen.de\/site\/wp-json\/wp\/v2\/comments?post=11985"}],"version-history":[{"count":4,"href":"https:\/\/www.kirche-hettenhausen.de\/site\/wp-json\/wp\/v2\/posts\/11985\/revisions"}],"predecessor-version":[{"id":11997,"href":"https:\/\/www.kirche-hettenhausen.de\/site\/wp-json\/wp\/v2\/posts\/11985\/revisions\/11997"}],"wp:featuredmedia":[{"embeddable":true,"href":"https:\/\/www.kirche-hettenhausen.de\/site\/wp-json\/wp\/v2\/media\/11977"}],"wp:attachment":[{"href":"https:\/\/www.kirche-hettenhausen.de\/site\/wp-json\/wp\/v2\/media?parent=11985"}],"wp:term":[{"taxonomy":"category","embeddable":true,"href":"https:\/\/www.kirche-hettenhausen.de\/site\/wp-json\/wp\/v2\/categories?post=11985"},{"taxonomy":"post_tag","embeddable":true,"href":"https:\/\/www.kirche-hettenhausen.de\/site\/wp-json\/wp\/v2\/tags?post=11985"}],"curies":[{"name":"wp","href":"https:\/\/api.w.org\/{rel}","templated":true}]}}