{"id":11137,"date":"2022-03-01T00:01:08","date_gmt":"2022-02-28T23:01:08","guid":{"rendered":"https:\/\/kirche-hettenhausen.de\/site\/?p=11137"},"modified":"2022-03-19T11:35:31","modified_gmt":"2022-03-19T10:35:31","slug":"geistliches-wort-fruehjahr-2022","status":"publish","type":"post","link":"https:\/\/www.kirche-hettenhausen.de\/site\/2022\/03\/geistliches-wort-fruehjahr-2022\/","title":{"rendered":"Geistliches Wort &#8211; Fr\u00fchjahr 2022"},"content":{"rendered":"<h3><span style=\"color: #db1385;\">&#8222;\u00dcben! Sieben Wochen ohne Stillstand&#8220;<\/span><\/h3>\n<p>Mein Magen knurrt. Ich schaue auf die Uhr. Zehn Uhr. Noch drei Stunden, dann darf ich endlich wieder was essen. Ich faste sechzehn Stunden am Tag. Ich opfere meine Snacks und meine geliebten Nutella-Br\u00f6tchen am Morgen. Ich habe schlechte Laune und in meiner K\u00fcche stapeln sich die S\u00fc\u00dfigkeiten. Ist ja keiner da, der sie essen k\u00f6nnte.<\/p>\n<p>Ich w\u00fcnschte, ich k\u00f6nnte sagen: &#8222;Ich mache das, um mich und meine Beziehung zu Gott zu hinterfragen.&#8220; Aber der Grund ist leider v\u00f6llig banal: Mein schwarzer Anzug zwickt und ich bin zu eitel ihn zum Schneider zu bringen.<\/p>\n<p>Obwohl mir das Fasten schwerfiel, hat es in mir ein Feuer geweckt, das ich schon fast vergessen hatte: Die Lust am Neuen. Seit Jahren war ich gefangen in meinen Routinen. Fr\u00fcher habe ich halbj\u00e4hrlich neue Sachen probiert. Ich habe Tuba, Kontrabass und Schlagzeug gespielt; bin Schlittschuh gelaufen, Skateboard gefahren und habe mich durch B\u00fccher von Dostojewskij gequ\u00e4lt. Vieles habe ich nach ein paar Wochen fallen lassen. Aber ein paar Sachen haben mein Leben komplett auf den Kopf gestellt. Wie der Moment, als ich das erste Mal meinen Vater auf seiner Joggingstrecke begleitet habe. Als wir nach einer halben Stunde wieder das Auto erreichten, ging es mir richtig schlecht. Alles drehte sich, mein Kopf dr\u00f6hnte, das Rauschen des Baches und das Zwitschern der V\u00f6gel waren unertr\u00e4glich laut. Woche f\u00fcr Woche habe ich mich \u00fcber die Waldpiste gequ\u00e4lt, bis zu diesem einen Tag im Mai. Langsam trabten wir los, immer entlang der Katzbach, vorbei an dem alten Baum, der Waldh\u00fctte, den Fischteichen und der Schlucht. Wir qu\u00e4lten uns das letzte St\u00fcck \u00fcber eine Kuppe, drehen um und pl\u00f6tzlich funkelt die untergehende Sonne durch die B\u00e4ume. Wir \u00fcberqueren die Anh\u00f6he und sind gekleidet in dem goldenen Schein der Sonne.<\/p>\n<p>Sowas habe ich vorher noch nicht erlebt. Alle Schmerzen sind vergessen. Ich f\u00fchle mich federleicht und fliege \u00fcber den Waldweg hinweg zum Auto. Seitdem hat mich der Laufsport nie wieder losgelassen.<\/p>\n<p>Die Fastenaktion der evangelischen Kirche setzt in diesem Jahr genau da an. Sie hei\u00dft: <strong><a href=\"https:\/\/7wochenohne.evangelisch.de\/ueben-sieben-wochen-ohne-stillstand\" target=\"_blank\" rel=\"noopener\"><span style=\"color: #db1385;\">&#8222;\u00dcben! Sieben Wochen ohne Stillstand&#8220;<\/span><\/a><\/strong>. Es ist die Ermutigung, den Alltag aufzubrechen. Etwas Neues zu probieren. Etwas Neues einzu\u00fcben. Zwei Dingen werden Sie auf dem Weg sicher begegnen: Dem Schweinehund und dem \u00dcberraschungserfolg &#8211; aber vielleicht begegnen Sie auch Gott, denn wo etwas aufbricht, kann sein g\u00f6ttliches Licht durchleuchten.<\/p>\n<p>&nbsp;<\/p>\n<p>Ihr Pfarrer Jonas Schindelmann<\/p>\n","protected":false},"excerpt":{"rendered":"<p>&#8222;\u00dcben! Sieben Wochen ohne Stillstand&#8220; Mein Magen knurrt. Ich schaue auf die Uhr. Zehn Uhr. Noch drei Stunden, dann darf ich endlich wieder was essen. Ich faste sechzehn Stunden am Tag. Ich opfere meine Snacks und meine geliebten Nutella-Br\u00f6tchen am Morgen. Ich habe schlechte Laune und in meiner K\u00fcche stapeln sich die S\u00fc\u00dfigkeiten. Ist ja [&hellip;]<\/p>\n","protected":false},"author":2,"featured_media":6416,"comment_status":"closed","ping_status":"closed","sticky":false,"template":"","format":"standard","meta":{"footnotes":""},"categories":[27],"tags":[176,40,44,175,7],"class_list":["post-11137","post","type-post","status-publish","format-standard","has-post-thumbnail","hentry","category-kirchen-kurier","tag-fasten","tag-kirchen-kurier","tag-ostern","tag-passion","tag-pfarrer"],"yoast_head":"<!-- This site is optimized with the Yoast SEO plugin v27.4 - https:\/\/yoast.com\/product\/yoast-seo-wordpress\/ -->\n<title>Geistliches Wort - Fr\u00fchjahr 2022 - Ev.-luth. Kirchengemeinde Hettenhausen - Dalherda<\/title>\n<meta name=\"description\" content=\"Ev.-luth. Kirchengemeinde Hettenhausen - Dalherda - Kirchen-Kurier - Geistliches Wort - Fr\u00fchjahr 2022 -\" \/>\n<meta name=\"robots\" content=\"index, follow, max-snippet:-1, max-image-preview:large, max-video-preview:-1\" \/>\n<link rel=\"canonical\" href=\"https:\/\/www.kirche-hettenhausen.de\/site\/2022\/03\/geistliches-wort-fruehjahr-2022\/\" \/>\n<meta property=\"og:locale\" content=\"de_DE\" \/>\n<meta property=\"og:type\" content=\"article\" \/>\n<meta property=\"og:title\" content=\"Geistliches Wort - Fr\u00fchjahr 2022 - Ev.-luth. Kirchengemeinde Hettenhausen - Dalherda\" \/>\n<meta property=\"og:description\" content=\"Ev.-luth. Kirchengemeinde Hettenhausen - Dalherda - Kirchen-Kurier - Geistliches Wort - Fr\u00fchjahr 2022 -\" \/>\n<meta property=\"og:url\" content=\"https:\/\/www.kirche-hettenhausen.de\/site\/2022\/03\/geistliches-wort-fruehjahr-2022\/\" \/>\n<meta property=\"og:site_name\" content=\"Ev.-luth. Kirchengemeinde Hettenhausen - Dalherda\" \/>\n<meta property=\"article:published_time\" content=\"2022-02-28T23:01:08+00:00\" \/>\n<meta property=\"article:modified_time\" content=\"2022-03-19T10:35:31+00:00\" \/>\n<meta property=\"og:image\" content=\"https:\/\/www.kirche-hettenhausen.de\/site\/wp-content\/uploads\/2020\/11\/DSC09133a.jpg\" \/>\n\t<meta property=\"og:image:width\" content=\"760\" \/>\n\t<meta property=\"og:image:height\" content=\"1135\" \/>\n\t<meta property=\"og:image:type\" content=\"image\/jpeg\" \/>\n<meta name=\"author\" content=\"Marion Friedrich\" \/>\n<meta name=\"twitter:card\" content=\"summary_large_image\" \/>\n<meta name=\"twitter:label1\" content=\"Verfasst von\" \/>\n\t<meta name=\"twitter:data1\" content=\"Marion Friedrich\" \/>\n\t<meta name=\"twitter:label2\" content=\"Gesch\u00e4tzte Lesezeit\" \/>\n\t<meta name=\"twitter:data2\" content=\"3\u00a0Minuten\" \/>\n<script type=\"application\/ld+json\" class=\"yoast-schema-graph\">{\"@context\":\"https:\\\/\\\/schema.org\",\"@graph\":[{\"@type\":\"Article\",\"@id\":\"https:\\\/\\\/www.kirche-hettenhausen.de\\\/site\\\/2022\\\/03\\\/geistliches-wort-fruehjahr-2022\\\/#article\",\"isPartOf\":{\"@id\":\"https:\\\/\\\/www.kirche-hettenhausen.de\\\/site\\\/2022\\\/03\\\/geistliches-wort-fruehjahr-2022\\\/\"},\"author\":{\"name\":\"Marion Friedrich\",\"@id\":\"https:\\\/\\\/www.kirche-hettenhausen.de\\\/site\\\/#\\\/schema\\\/person\\\/7740d89d8f816da861ece2b378a21c57\"},\"headline\":\"Geistliches Wort &#8211; Fr\u00fchjahr 2022\",\"datePublished\":\"2022-02-28T23:01:08+00:00\",\"dateModified\":\"2022-03-19T10:35:31+00:00\",\"mainEntityOfPage\":{\"@id\":\"https:\\\/\\\/www.kirche-hettenhausen.de\\\/site\\\/2022\\\/03\\\/geistliches-wort-fruehjahr-2022\\\/\"},\"wordCount\":425,\"image\":{\"@id\":\"https:\\\/\\\/www.kirche-hettenhausen.de\\\/site\\\/2022\\\/03\\\/geistliches-wort-fruehjahr-2022\\\/#primaryimage\"},\"thumbnailUrl\":\"https:\\\/\\\/www.kirche-hettenhausen.de\\\/site\\\/wp-content\\\/uploads\\\/2020\\\/11\\\/DSC09133a.jpg\",\"keywords\":[\"Fasten\",\"Kirchen-Kurier\",\"Ostern\",\"Passion\",\"Pfarrer\"],\"articleSection\":[\"Kirchen-Kurier\"],\"inLanguage\":\"de\"},{\"@type\":\"WebPage\",\"@id\":\"https:\\\/\\\/www.kirche-hettenhausen.de\\\/site\\\/2022\\\/03\\\/geistliches-wort-fruehjahr-2022\\\/\",\"url\":\"https:\\\/\\\/www.kirche-hettenhausen.de\\\/site\\\/2022\\\/03\\\/geistliches-wort-fruehjahr-2022\\\/\",\"name\":\"Geistliches Wort - Fr\u00fchjahr 2022 - Ev.-luth. Kirchengemeinde Hettenhausen - Dalherda\",\"isPartOf\":{\"@id\":\"https:\\\/\\\/www.kirche-hettenhausen.de\\\/site\\\/#website\"},\"primaryImageOfPage\":{\"@id\":\"https:\\\/\\\/www.kirche-hettenhausen.de\\\/site\\\/2022\\\/03\\\/geistliches-wort-fruehjahr-2022\\\/#primaryimage\"},\"image\":{\"@id\":\"https:\\\/\\\/www.kirche-hettenhausen.de\\\/site\\\/2022\\\/03\\\/geistliches-wort-fruehjahr-2022\\\/#primaryimage\"},\"thumbnailUrl\":\"https:\\\/\\\/www.kirche-hettenhausen.de\\\/site\\\/wp-content\\\/uploads\\\/2020\\\/11\\\/DSC09133a.jpg\",\"datePublished\":\"2022-02-28T23:01:08+00:00\",\"dateModified\":\"2022-03-19T10:35:31+00:00\",\"author\":{\"@id\":\"https:\\\/\\\/www.kirche-hettenhausen.de\\\/site\\\/#\\\/schema\\\/person\\\/7740d89d8f816da861ece2b378a21c57\"},\"description\":\"Ev.-luth. Kirchengemeinde Hettenhausen - Dalherda - Kirchen-Kurier - Geistliches Wort - Fr\u00fchjahr 2022 -\",\"breadcrumb\":{\"@id\":\"https:\\\/\\\/www.kirche-hettenhausen.de\\\/site\\\/2022\\\/03\\\/geistliches-wort-fruehjahr-2022\\\/#breadcrumb\"},\"inLanguage\":\"de\",\"potentialAction\":[{\"@type\":\"ReadAction\",\"target\":[\"https:\\\/\\\/www.kirche-hettenhausen.de\\\/site\\\/2022\\\/03\\\/geistliches-wort-fruehjahr-2022\\\/\"]}]},{\"@type\":\"ImageObject\",\"inLanguage\":\"de\",\"@id\":\"https:\\\/\\\/www.kirche-hettenhausen.de\\\/site\\\/2022\\\/03\\\/geistliches-wort-fruehjahr-2022\\\/#primaryimage\",\"url\":\"https:\\\/\\\/www.kirche-hettenhausen.de\\\/site\\\/wp-content\\\/uploads\\\/2020\\\/11\\\/DSC09133a.jpg\",\"contentUrl\":\"https:\\\/\\\/www.kirche-hettenhausen.de\\\/site\\\/wp-content\\\/uploads\\\/2020\\\/11\\\/DSC09133a.jpg\",\"width\":760,\"height\":1135,\"caption\":\"Pfarrer\"},{\"@type\":\"BreadcrumbList\",\"@id\":\"https:\\\/\\\/www.kirche-hettenhausen.de\\\/site\\\/2022\\\/03\\\/geistliches-wort-fruehjahr-2022\\\/#breadcrumb\",\"itemListElement\":[{\"@type\":\"ListItem\",\"position\":1,\"name\":\"Startseite\",\"item\":\"https:\\\/\\\/www.kirche-hettenhausen.de\\\/site\\\/\"},{\"@type\":\"ListItem\",\"position\":2,\"name\":\"Geistliches Wort &#8211; Fr\u00fchjahr 2022\"}]},{\"@type\":\"WebSite\",\"@id\":\"https:\\\/\\\/www.kirche-hettenhausen.de\\\/site\\\/#website\",\"url\":\"https:\\\/\\\/www.kirche-hettenhausen.de\\\/site\\\/\",\"name\":\"Ev.-luth. Kirchengemeinde Hettenhausen - Dalherda\",\"description\":\"Homepage der Ev.-luth. Kirchengemeinde Hettenhausen - Dalherda\",\"potentialAction\":[{\"@type\":\"SearchAction\",\"target\":{\"@type\":\"EntryPoint\",\"urlTemplate\":\"https:\\\/\\\/www.kirche-hettenhausen.de\\\/site\\\/?s={search_term_string}\"},\"query-input\":{\"@type\":\"PropertyValueSpecification\",\"valueRequired\":true,\"valueName\":\"search_term_string\"}}],\"inLanguage\":\"de\"},{\"@type\":\"Person\",\"@id\":\"https:\\\/\\\/www.kirche-hettenhausen.de\\\/site\\\/#\\\/schema\\\/person\\\/7740d89d8f816da861ece2b378a21c57\",\"name\":\"Marion Friedrich\",\"url\":\"https:\\\/\\\/www.kirche-hettenhausen.de\\\/site\\\/author\\\/m-friedrichkirche-hettenhausen-de\\\/\"}]}<\/script>\n<!-- \/ Yoast SEO plugin. -->","yoast_head_json":{"title":"Geistliches Wort - Fr\u00fchjahr 2022 - Ev.-luth. Kirchengemeinde Hettenhausen - Dalherda","description":"Ev.-luth. Kirchengemeinde Hettenhausen - Dalherda - Kirchen-Kurier - Geistliches Wort - Fr\u00fchjahr 2022 -","robots":{"index":"index","follow":"follow","max-snippet":"max-snippet:-1","max-image-preview":"max-image-preview:large","max-video-preview":"max-video-preview:-1"},"canonical":"https:\/\/www.kirche-hettenhausen.de\/site\/2022\/03\/geistliches-wort-fruehjahr-2022\/","og_locale":"de_DE","og_type":"article","og_title":"Geistliches Wort - Fr\u00fchjahr 2022 - Ev.-luth. Kirchengemeinde Hettenhausen - Dalherda","og_description":"Ev.-luth. Kirchengemeinde Hettenhausen - Dalherda - Kirchen-Kurier - Geistliches Wort - Fr\u00fchjahr 2022 -","og_url":"https:\/\/www.kirche-hettenhausen.de\/site\/2022\/03\/geistliches-wort-fruehjahr-2022\/","og_site_name":"Ev.-luth. Kirchengemeinde Hettenhausen - Dalherda","article_published_time":"2022-02-28T23:01:08+00:00","article_modified_time":"2022-03-19T10:35:31+00:00","og_image":[{"width":760,"height":1135,"url":"https:\/\/www.kirche-hettenhausen.de\/site\/wp-content\/uploads\/2020\/11\/DSC09133a.jpg","type":"image\/jpeg"}],"author":"Marion Friedrich","twitter_card":"summary_large_image","twitter_misc":{"Verfasst von":"Marion Friedrich","Gesch\u00e4tzte Lesezeit":"3\u00a0Minuten"},"schema":{"@context":"https:\/\/schema.org","@graph":[{"@type":"Article","@id":"https:\/\/www.kirche-hettenhausen.de\/site\/2022\/03\/geistliches-wort-fruehjahr-2022\/#article","isPartOf":{"@id":"https:\/\/www.kirche-hettenhausen.de\/site\/2022\/03\/geistliches-wort-fruehjahr-2022\/"},"author":{"name":"Marion Friedrich","@id":"https:\/\/www.kirche-hettenhausen.de\/site\/#\/schema\/person\/7740d89d8f816da861ece2b378a21c57"},"headline":"Geistliches Wort &#8211; Fr\u00fchjahr 2022","datePublished":"2022-02-28T23:01:08+00:00","dateModified":"2022-03-19T10:35:31+00:00","mainEntityOfPage":{"@id":"https:\/\/www.kirche-hettenhausen.de\/site\/2022\/03\/geistliches-wort-fruehjahr-2022\/"},"wordCount":425,"image":{"@id":"https:\/\/www.kirche-hettenhausen.de\/site\/2022\/03\/geistliches-wort-fruehjahr-2022\/#primaryimage"},"thumbnailUrl":"https:\/\/www.kirche-hettenhausen.de\/site\/wp-content\/uploads\/2020\/11\/DSC09133a.jpg","keywords":["Fasten","Kirchen-Kurier","Ostern","Passion","Pfarrer"],"articleSection":["Kirchen-Kurier"],"inLanguage":"de"},{"@type":"WebPage","@id":"https:\/\/www.kirche-hettenhausen.de\/site\/2022\/03\/geistliches-wort-fruehjahr-2022\/","url":"https:\/\/www.kirche-hettenhausen.de\/site\/2022\/03\/geistliches-wort-fruehjahr-2022\/","name":"Geistliches Wort - Fr\u00fchjahr 2022 - Ev.-luth. Kirchengemeinde Hettenhausen - Dalherda","isPartOf":{"@id":"https:\/\/www.kirche-hettenhausen.de\/site\/#website"},"primaryImageOfPage":{"@id":"https:\/\/www.kirche-hettenhausen.de\/site\/2022\/03\/geistliches-wort-fruehjahr-2022\/#primaryimage"},"image":{"@id":"https:\/\/www.kirche-hettenhausen.de\/site\/2022\/03\/geistliches-wort-fruehjahr-2022\/#primaryimage"},"thumbnailUrl":"https:\/\/www.kirche-hettenhausen.de\/site\/wp-content\/uploads\/2020\/11\/DSC09133a.jpg","datePublished":"2022-02-28T23:01:08+00:00","dateModified":"2022-03-19T10:35:31+00:00","author":{"@id":"https:\/\/www.kirche-hettenhausen.de\/site\/#\/schema\/person\/7740d89d8f816da861ece2b378a21c57"},"description":"Ev.-luth. Kirchengemeinde Hettenhausen - Dalherda - Kirchen-Kurier - Geistliches Wort - Fr\u00fchjahr 2022 -","breadcrumb":{"@id":"https:\/\/www.kirche-hettenhausen.de\/site\/2022\/03\/geistliches-wort-fruehjahr-2022\/#breadcrumb"},"inLanguage":"de","potentialAction":[{"@type":"ReadAction","target":["https:\/\/www.kirche-hettenhausen.de\/site\/2022\/03\/geistliches-wort-fruehjahr-2022\/"]}]},{"@type":"ImageObject","inLanguage":"de","@id":"https:\/\/www.kirche-hettenhausen.de\/site\/2022\/03\/geistliches-wort-fruehjahr-2022\/#primaryimage","url":"https:\/\/www.kirche-hettenhausen.de\/site\/wp-content\/uploads\/2020\/11\/DSC09133a.jpg","contentUrl":"https:\/\/www.kirche-hettenhausen.de\/site\/wp-content\/uploads\/2020\/11\/DSC09133a.jpg","width":760,"height":1135,"caption":"Pfarrer"},{"@type":"BreadcrumbList","@id":"https:\/\/www.kirche-hettenhausen.de\/site\/2022\/03\/geistliches-wort-fruehjahr-2022\/#breadcrumb","itemListElement":[{"@type":"ListItem","position":1,"name":"Startseite","item":"https:\/\/www.kirche-hettenhausen.de\/site\/"},{"@type":"ListItem","position":2,"name":"Geistliches Wort &#8211; Fr\u00fchjahr 2022"}]},{"@type":"WebSite","@id":"https:\/\/www.kirche-hettenhausen.de\/site\/#website","url":"https:\/\/www.kirche-hettenhausen.de\/site\/","name":"Ev.-luth. Kirchengemeinde Hettenhausen - Dalherda","description":"Homepage der Ev.-luth. Kirchengemeinde Hettenhausen - Dalherda","potentialAction":[{"@type":"SearchAction","target":{"@type":"EntryPoint","urlTemplate":"https:\/\/www.kirche-hettenhausen.de\/site\/?s={search_term_string}"},"query-input":{"@type":"PropertyValueSpecification","valueRequired":true,"valueName":"search_term_string"}}],"inLanguage":"de"},{"@type":"Person","@id":"https:\/\/www.kirche-hettenhausen.de\/site\/#\/schema\/person\/7740d89d8f816da861ece2b378a21c57","name":"Marion Friedrich","url":"https:\/\/www.kirche-hettenhausen.de\/site\/author\/m-friedrichkirche-hettenhausen-de\/"}]}},"_links":{"self":[{"href":"https:\/\/www.kirche-hettenhausen.de\/site\/wp-json\/wp\/v2\/posts\/11137","targetHints":{"allow":["GET"]}}],"collection":[{"href":"https:\/\/www.kirche-hettenhausen.de\/site\/wp-json\/wp\/v2\/posts"}],"about":[{"href":"https:\/\/www.kirche-hettenhausen.de\/site\/wp-json\/wp\/v2\/types\/post"}],"author":[{"embeddable":true,"href":"https:\/\/www.kirche-hettenhausen.de\/site\/wp-json\/wp\/v2\/users\/2"}],"replies":[{"embeddable":true,"href":"https:\/\/www.kirche-hettenhausen.de\/site\/wp-json\/wp\/v2\/comments?post=11137"}],"version-history":[{"count":8,"href":"https:\/\/www.kirche-hettenhausen.de\/site\/wp-json\/wp\/v2\/posts\/11137\/revisions"}],"predecessor-version":[{"id":11314,"href":"https:\/\/www.kirche-hettenhausen.de\/site\/wp-json\/wp\/v2\/posts\/11137\/revisions\/11314"}],"wp:featuredmedia":[{"embeddable":true,"href":"https:\/\/www.kirche-hettenhausen.de\/site\/wp-json\/wp\/v2\/media\/6416"}],"wp:attachment":[{"href":"https:\/\/www.kirche-hettenhausen.de\/site\/wp-json\/wp\/v2\/media?parent=11137"}],"wp:term":[{"taxonomy":"category","embeddable":true,"href":"https:\/\/www.kirche-hettenhausen.de\/site\/wp-json\/wp\/v2\/categories?post=11137"},{"taxonomy":"post_tag","embeddable":true,"href":"https:\/\/www.kirche-hettenhausen.de\/site\/wp-json\/wp\/v2\/tags?post=11137"}],"curies":[{"name":"wp","href":"https:\/\/api.w.org\/{rel}","templated":true}]}}