{"id":11127,"date":"2022-02-28T19:00:23","date_gmt":"2022-02-28T18:00:23","guid":{"rendered":"https:\/\/kirche-hettenhausen.de\/site\/?p=11127"},"modified":"2022-03-09T21:50:44","modified_gmt":"2022-03-09T20:50:44","slug":"plaedoyer-fuer-eine-gemeindeversammlung","status":"publish","type":"post","link":"https:\/\/www.kirche-hettenhausen.de\/site\/2022\/02\/plaedoyer-fuer-eine-gemeindeversammlung\/","title":{"rendered":"Pl\u00e4doyer f\u00fcr eine Gemeindeversammlung"},"content":{"rendered":"<h4 style=\"text-align: center;\">(anl\u00e4sslich des Reformationstages)<\/h4>\n<p>&nbsp;<\/p>\n<p>Am Sonntag, dem 31. Oktober 2021, fand in Dalherda der erste gemeinsame Gottesdienst der Gemeinde Hettenhausen\u2013Dalherda statt, mit anschlie\u00dfendem Kirchenkaffee auf dem Kirchplatz. Zur gleichen Zeit wurde auch im Melanchthonhaus in Poppenhausen an den Beginn der Reformation am 31. Oktober 1517 in Wittenberg erinnert. Der folgende Text wurde im Gottesdienst vorgetragen:<\/p>\n<p>&nbsp;<\/p>\n<p><em>Vor \u00fcber einem Jahr \u2013 im September 2020 \u2013 lud das Kirchenkreisamt zu einer \u201eGemeindeversammlung\u201c ein. Die Einladung richtete sich informell an m\u00f6gliche Interessenten, vor allem an die bekannten Gottesdienstbesucher. Es ging um die Zukunft der Gemeinde Dalherda-Poppenhausen. In dieser Versammlung wurde die Vorbereitung der \u201eFusion\u201c, des Zusammenschlusses mit Hettenhausen, einem Ausschuss anvertraut. Die Vorstellung des neuen Pfarrers Jonas Schindelmann am 8. November in Dalherda war eine Gelegenheit, alle Gemeindemitglieder zum gemeinsamen Gottesdienst pers\u00f6nlich einzuladen und \u00fcber die Arbeit des Fusionsausschusses zu informieren. Dies war auch die Reaktion auf die Kritik, dass es so etwas wie eine \u201ekleine Gemeindeversammlung\u201c \u2013 wie es im Protokoll hie\u00df \u2013 nicht geben k\u00f6nne.<\/em><\/p>\n<p><em>Welche Voraussetzungen hat bei uns eine Gemeindeversammlung? Wie wendet sich \u201eKirche\u201c in der neuen Gemeinde Hettenhausen-Dalherda an die \u00d6ffentlichkeit?<\/em><\/p>\n<h3><\/h3>\n<p>&nbsp;<\/p>\n<h3><span style=\"color: #db1385;\"><em>Der<\/em><\/span><span style=\"color: #db1385;\"><em> Kirc<\/em><\/span><span style=\"color: #db1385;\"><em>hen-Kurier<\/em><\/span><\/h3>\n<p><em>\u201eUnsere Gemeinde\u201c (zuletzt \u201eDeine Gemeinde\u201c) hie\u00df \u00fcber viele Jahre der Gemeindebrief f\u00fcr Dalherda und Poppenhausen. Der neue Gemeindebrief ist der den Hettenh\u00e4usern vertraute \u201eKirchen-Kurier\u201c, seit Dezember 2020 mit zwei Kircht\u00fcrmen als neuem Logo. Es ist eine Publikation, die sich an alle Kirchenmitglieder wendet, sie wird aus Spenden finanziert. Die Redaktion und Gestaltung sind ehrenamtlich, und freiwillige Helfer tragen das Heft viermal im Jahr \u2013 jeweils mit einem jahreszeitlichen Motiv auf der Titelseite \u2013 zu den H\u00e4usern. Mit der Zeit kennen sie zum Teil die Adressaten, und diese wissen, wer vorbeigekommen ist und ihnen das Heft in den Briefkasten gesteckt hat. Manchmal kommt es auch zu Gespr\u00e4chen an der Haust\u00fcr.<\/em><\/p>\n<p>&nbsp;<\/p>\n<h3><span style=\"color: #db1385;\"><em><img loading=\"lazy\" decoding=\"async\" class=\"alignleft wp-image-11124 size-medium\" src=\"https:\/\/www.kirche-hettenhausen.de\/site\/wp-content\/uploads\/2022\/03\/A170218-R1-01-2-rotated-e1646764158964-300x203.jpg\" alt=\"Melanchthonhaus Poppenhausen\" width=\"300\" height=\"203\" srcset=\"https:\/\/www.kirche-hettenhausen.de\/site\/wp-content\/uploads\/2022\/03\/A170218-R1-01-2-rotated-e1646764158964-300x203.jpg 300w, https:\/\/www.kirche-hettenhausen.de\/site\/wp-content\/uploads\/2022\/03\/A170218-R1-01-2-rotated-e1646764158964-1024x692.jpg 1024w, https:\/\/www.kirche-hettenhausen.de\/site\/wp-content\/uploads\/2022\/03\/A170218-R1-01-2-rotated-e1646764158964-768x519.jpg 768w, https:\/\/www.kirche-hettenhausen.de\/site\/wp-content\/uploads\/2022\/03\/A170218-R1-01-2-rotated-e1646764158964-1536x1038.jpg 1536w, https:\/\/www.kirche-hettenhausen.de\/site\/wp-content\/uploads\/2022\/03\/A170218-R1-01-2-rotated-e1646764158964.jpg 1818w\" sizes=\"auto, (max-width: 300px) 100vw, 300px\" \/>Die Gottesdienstgemeinde<\/em><\/span><\/h3>\n<p><em>Der Kirchen-Kurier enth\u00e4lt die Gottesdienstzeiten f\u00fcr Hettenhausen, Dalherda und Poppenhausen farblich unterschieden und f\u00fcr ein Vierteljahr im \u00dcberblick. Es ist die \u201eGottesdienstgemeinde\u201c, die auf dieses Angebot zugeht, ein bestimmter Personenkreis, der regelm\u00e4\u00dfig \u201ezur Kirche geht\u201c und der variiert bei kirchlichen Festen wie Konfirmation und Weihnachten.<\/em><\/p>\n<p>&nbsp;<\/p>\n<p>&nbsp;<\/p>\n<h3><span style=\"color: #db1385;\"><em><img loading=\"lazy\" decoding=\"async\" class=\"alignleft wp-image-11126 size-medium\" src=\"https:\/\/www.kirche-hettenhausen.de\/site\/wp-content\/uploads\/2022\/03\/IMG-20210213-WA0003_1-225x300.jpg\" alt=\"Kirche Hettenhausen\" width=\"225\" height=\"300\" srcset=\"https:\/\/www.kirche-hettenhausen.de\/site\/wp-content\/uploads\/2022\/03\/IMG-20210213-WA0003_1-225x300.jpg 225w, https:\/\/www.kirche-hettenhausen.de\/site\/wp-content\/uploads\/2022\/03\/IMG-20210213-WA0003_1-300x400.jpg 300w, https:\/\/www.kirche-hettenhausen.de\/site\/wp-content\/uploads\/2022\/03\/IMG-20210213-WA0003_1.jpg 604w\" sizes=\"auto, (max-width: 225px) 100vw, 225px\" \/><\/em><\/span><\/h3>\n<h3><span style=\"color: #db1385;\"><em>Die Dorfgemeinde<\/em><\/span><\/h3>\n<p><em>Gottesdienste, f\u00fcr die es keine Ank\u00fcndigung im Kirchen-Kurier gibt, sind Taufen, Trauungen und Beerdigungen. Die Familien laden dazu ein. Sie nehmen die Dorfkirche und den Pfarrer f\u00fcr ihre Feier in Anspruch, nicht f\u00fcr eine geschlossene Gesellschaft, sondern zum Dorf hin ge\u00f6ffnet. Im Kirchen-Kurier werden diese Feiern im R\u00fcckblick erw\u00e4hnt als \u201eKasualien\u201c, als Amtshandlungen.<\/em><\/p>\n<p><em>Die Dorfgemeinde ist auch Adressat des Kirmesgottesdienstes sowie vieler Angebote, die zum Gemeindeleben geh\u00f6ren: Kinderkirche, Krabbelgruppe, Sommerfest im Pfarrgarten, Konzertveranstaltungen, Seniorennachmittag, Lebendiger Adventskalender, die Busvermietung und der Zeltplatz.<\/em><\/p>\n<p><em>Die Kirche wird t\u00e4glich ge\u00f6ffnet und die Glocken l\u00e4uten f\u00fcr alle.<\/em><\/p>\n<p>&nbsp;<\/p>\n<p>&nbsp;<\/p>\n<h3><span style=\"color: #db1385;\"><em><img loading=\"lazy\" decoding=\"async\" class=\"alignleft wp-image-11125 size-medium\" src=\"https:\/\/www.kirche-hettenhausen.de\/site\/wp-content\/uploads\/2022\/03\/A170218-R1-02-3-rotated-e1646764134723-300x203.jpg\" alt=\"Kirche Dalherda\" width=\"300\" height=\"203\" srcset=\"https:\/\/www.kirche-hettenhausen.de\/site\/wp-content\/uploads\/2022\/03\/A170218-R1-02-3-rotated-e1646764134723-300x203.jpg 300w, https:\/\/www.kirche-hettenhausen.de\/site\/wp-content\/uploads\/2022\/03\/A170218-R1-02-3-rotated-e1646764134723-1024x692.jpg 1024w, https:\/\/www.kirche-hettenhausen.de\/site\/wp-content\/uploads\/2022\/03\/A170218-R1-02-3-rotated-e1646764134723-768x519.jpg 768w, https:\/\/www.kirche-hettenhausen.de\/site\/wp-content\/uploads\/2022\/03\/A170218-R1-02-3-rotated-e1646764134723-1536x1038.jpg 1536w, https:\/\/www.kirche-hettenhausen.de\/site\/wp-content\/uploads\/2022\/03\/A170218-R1-02-3-rotated-e1646764134723.jpg 1818w\" sizes=\"auto, (max-width: 300px) 100vw, 300px\" \/>Die Kirchenvorstandsgemeinde<\/em><\/span><\/h3>\n<p><em>Einmal im Monat trifft sich der Kirchenvorstand. Hettenhausen, Dalherda und Poppenhausen sind hier vertreten (im Kirchen-Kurier stehen ihre Namen und Aufgaben). Die Sitzungen sind nicht \u00f6ffentlich; Tagesordnung, Themen, Gespr\u00e4che und Beschl\u00fcsse werden im Protokollbuch festgehalten. Der Kirchenvorstand diskutiert und verwaltet die Belange der Gemeinde und steht dabei selbstverst\u00e4ndlich im Dialog mit dieser.<\/em><\/p>\n<p><em>Der Kirchenvorstand wird von den Gemeindegliedern gew\u00e4hlt. Zur Wahl werden alle aufgerufen. Dem w\u00fcrde eine Einladung zur Gemeindeversammlung entsprechen.<\/em><\/p>\n<p>&nbsp;<\/p>\n<p><em>.<\/em><\/p>\n<h3><span style=\"color: #db1385;\"><em>Die Gemeindeversammlung<\/em><\/span><\/h3>\n<p><em>Helfer, Kirchenvorsteher und Pfarrer arbeiten f\u00fcr die Gemeinde, beruflich und ehrenamtlich. Im vergangenen Jahr, dem ersten Jahr der \u201eFusion\u201c, ist viel getan worden, wor\u00fcber im Gespr\u00e4ch berichtet werden sollte. Deshalb pl\u00e4diere ich f\u00fcr eine Gemeindeversammlung, zu der alle eingeladen werden und f\u00fcr die geworben wird. Diese Versammlung m\u00fcsste gut vorbereitet werden, vielleicht dezentral organisiert, aber als Forum einer Gemeinde. Zurzeit scheint sie noch nicht m\u00f6glich zu sein, denn es geht darum, sich zu sehen und zu h\u00f6ren, Fragen zu stellen, Probleme zu benennen und Anregungen zu geben.<\/em><\/p>\n<p><em>W\u00e4re eine solche Versammlung einen Versuch wert?<\/em><\/p>\n<p>&nbsp;<\/p>\n<p style=\"text-align: right;\">(Edzard Kr\u00fcckeberg)<\/p>\n<p>&nbsp;<\/p>\n","protected":false},"excerpt":{"rendered":"<p>(anl\u00e4sslich des Reformationstages) &nbsp; Am Sonntag, dem 31. Oktober 2021, fand in Dalherda der erste gemeinsame Gottesdienst der Gemeinde Hettenhausen\u2013Dalherda statt, mit anschlie\u00dfendem Kirchenkaffee auf dem Kirchplatz. Zur gleichen Zeit wurde auch im Melanchthonhaus in Poppenhausen an den Beginn der Reformation am 31. Oktober 1517 in Wittenberg erinnert. Der folgende Text wurde im Gottesdienst vorgetragen: [&hellip;]<\/p>\n","protected":false},"author":2,"featured_media":8124,"comment_status":"closed","ping_status":"closed","sticky":false,"template":"","format":"standard","meta":{"footnotes":""},"categories":[1,104,48,18,129,22,27,76,105],"tags":[102,33,128,64,40,77,59,58,7,34,103,81],"class_list":["post-11127","post","type-post","status-publish","format-standard","has-post-thumbnail","hentry","category-allgemein","category-dalherda","category-feier-festtage","category-gottesdienst","category-hettenhausen","category-kirche-st-georg","category-kirchen-kurier","category-kirchenvorstand","category-poppenhausen","tag-dalherda","tag-gottesdienst","tag-hettenhausen","tag-kaffee","tag-kirchen-kurier","tag-kirchenvorstand","tag-kirchspiel","tag-kuchen","tag-pfarrer","tag-pfarrkirche-st-georg","tag-poppenhausen","tag-reformation"],"yoast_head":"<!-- This site is optimized with the Yoast SEO plugin v27.5 - https:\/\/yoast.com\/product\/yoast-seo-wordpress\/ -->\n<title>Pl\u00e4doyer f\u00fcr eine Gemeindeversammlung - Ev.-luth. Kirchengemeinde Hettenhausen - Dalherda<\/title>\n<meta name=\"description\" content=\"Ev.-luth. Kirchengemeinde Hettenhausen - Dalherda - Pl\u00e4doyer f\u00fcr eine Gemeindeversammlung -\" \/>\n<meta name=\"robots\" content=\"index, follow, max-snippet:-1, max-image-preview:large, max-video-preview:-1\" \/>\n<link rel=\"canonical\" href=\"https:\/\/www.kirche-hettenhausen.de\/site\/2022\/02\/plaedoyer-fuer-eine-gemeindeversammlung\/\" \/>\n<meta property=\"og:locale\" content=\"de_DE\" \/>\n<meta property=\"og:type\" content=\"article\" \/>\n<meta property=\"og:title\" content=\"Pl\u00e4doyer f\u00fcr eine Gemeindeversammlung - Ev.-luth. Kirchengemeinde Hettenhausen - Dalherda\" \/>\n<meta property=\"og:description\" content=\"Ev.-luth. Kirchengemeinde Hettenhausen - Dalherda - Pl\u00e4doyer f\u00fcr eine Gemeindeversammlung -\" \/>\n<meta property=\"og:url\" content=\"https:\/\/www.kirche-hettenhausen.de\/site\/2022\/02\/plaedoyer-fuer-eine-gemeindeversammlung\/\" \/>\n<meta property=\"og:site_name\" content=\"Ev.-luth. Kirchengemeinde Hettenhausen - Dalherda\" \/>\n<meta property=\"article:published_time\" content=\"2022-02-28T18:00:23+00:00\" \/>\n<meta property=\"article:modified_time\" content=\"2022-03-09T20:50:44+00:00\" \/>\n<meta property=\"og:image\" content=\"https:\/\/www.kirche-hettenhausen.de\/site\/wp-content\/uploads\/2021\/03\/Kindergottesdienst-300x300-1.png\" \/>\n\t<meta property=\"og:image:width\" content=\"300\" \/>\n\t<meta property=\"og:image:height\" content=\"300\" \/>\n\t<meta property=\"og:image:type\" content=\"image\/png\" \/>\n<meta name=\"author\" content=\"Marion Friedrich\" \/>\n<meta name=\"twitter:card\" content=\"summary_large_image\" \/>\n<meta name=\"twitter:label1\" content=\"Verfasst von\" \/>\n\t<meta name=\"twitter:data1\" content=\"Marion Friedrich\" \/>\n\t<meta name=\"twitter:label2\" content=\"Gesch\u00e4tzte Lesezeit\" \/>\n\t<meta name=\"twitter:data2\" content=\"4\u00a0Minuten\" \/>\n<script type=\"application\/ld+json\" class=\"yoast-schema-graph\">{\"@context\":\"https:\\\/\\\/schema.org\",\"@graph\":[{\"@type\":\"Article\",\"@id\":\"https:\\\/\\\/www.kirche-hettenhausen.de\\\/site\\\/2022\\\/02\\\/plaedoyer-fuer-eine-gemeindeversammlung\\\/#article\",\"isPartOf\":{\"@id\":\"https:\\\/\\\/www.kirche-hettenhausen.de\\\/site\\\/2022\\\/02\\\/plaedoyer-fuer-eine-gemeindeversammlung\\\/\"},\"author\":{\"name\":\"Marion Friedrich\",\"@id\":\"https:\\\/\\\/www.kirche-hettenhausen.de\\\/site\\\/#\\\/schema\\\/person\\\/7740d89d8f816da861ece2b378a21c57\"},\"headline\":\"Pl\u00e4doyer f\u00fcr eine Gemeindeversammlung\",\"datePublished\":\"2022-02-28T18:00:23+00:00\",\"dateModified\":\"2022-03-09T20:50:44+00:00\",\"mainEntityOfPage\":{\"@id\":\"https:\\\/\\\/www.kirche-hettenhausen.de\\\/site\\\/2022\\\/02\\\/plaedoyer-fuer-eine-gemeindeversammlung\\\/\"},\"wordCount\":654,\"image\":{\"@id\":\"https:\\\/\\\/www.kirche-hettenhausen.de\\\/site\\\/2022\\\/02\\\/plaedoyer-fuer-eine-gemeindeversammlung\\\/#primaryimage\"},\"thumbnailUrl\":\"https:\\\/\\\/www.kirche-hettenhausen.de\\\/site\\\/wp-content\\\/uploads\\\/2021\\\/03\\\/Kindergottesdienst-300x300-1.png\",\"keywords\":[\"Dalherda\",\"Gottesdienst\",\"Hettenhausen\",\"Kaffee\",\"Kirchen-Kurier\",\"Kirchenvorstand\",\"Kirchspiel\",\"Kuchen\",\"Pfarrer\",\"Pfarrkirche St. Georg\",\"Poppenhausen\",\"Reformation\"],\"articleSection\":{\"1\":\"Dalherda\",\"2\":\"Feier-\\\/Festtage\",\"3\":\"Gottesdienst\",\"4\":\"Hettenhausen\",\"5\":\"Kirche St. Georg\",\"6\":\"Kirchen-Kurier\",\"7\":\"Kirchenvorstand\",\"8\":\"Poppenhausen\"},\"inLanguage\":\"de\"},{\"@type\":\"WebPage\",\"@id\":\"https:\\\/\\\/www.kirche-hettenhausen.de\\\/site\\\/2022\\\/02\\\/plaedoyer-fuer-eine-gemeindeversammlung\\\/\",\"url\":\"https:\\\/\\\/www.kirche-hettenhausen.de\\\/site\\\/2022\\\/02\\\/plaedoyer-fuer-eine-gemeindeversammlung\\\/\",\"name\":\"Pl\u00e4doyer f\u00fcr eine Gemeindeversammlung - Ev.-luth. Kirchengemeinde Hettenhausen - Dalherda\",\"isPartOf\":{\"@id\":\"https:\\\/\\\/www.kirche-hettenhausen.de\\\/site\\\/#website\"},\"primaryImageOfPage\":{\"@id\":\"https:\\\/\\\/www.kirche-hettenhausen.de\\\/site\\\/2022\\\/02\\\/plaedoyer-fuer-eine-gemeindeversammlung\\\/#primaryimage\"},\"image\":{\"@id\":\"https:\\\/\\\/www.kirche-hettenhausen.de\\\/site\\\/2022\\\/02\\\/plaedoyer-fuer-eine-gemeindeversammlung\\\/#primaryimage\"},\"thumbnailUrl\":\"https:\\\/\\\/www.kirche-hettenhausen.de\\\/site\\\/wp-content\\\/uploads\\\/2021\\\/03\\\/Kindergottesdienst-300x300-1.png\",\"datePublished\":\"2022-02-28T18:00:23+00:00\",\"dateModified\":\"2022-03-09T20:50:44+00:00\",\"author\":{\"@id\":\"https:\\\/\\\/www.kirche-hettenhausen.de\\\/site\\\/#\\\/schema\\\/person\\\/7740d89d8f816da861ece2b378a21c57\"},\"description\":\"Ev.-luth. Kirchengemeinde Hettenhausen - Dalherda - Pl\u00e4doyer f\u00fcr eine Gemeindeversammlung -\",\"breadcrumb\":{\"@id\":\"https:\\\/\\\/www.kirche-hettenhausen.de\\\/site\\\/2022\\\/02\\\/plaedoyer-fuer-eine-gemeindeversammlung\\\/#breadcrumb\"},\"inLanguage\":\"de\",\"potentialAction\":[{\"@type\":\"ReadAction\",\"target\":[\"https:\\\/\\\/www.kirche-hettenhausen.de\\\/site\\\/2022\\\/02\\\/plaedoyer-fuer-eine-gemeindeversammlung\\\/\"]}]},{\"@type\":\"ImageObject\",\"inLanguage\":\"de\",\"@id\":\"https:\\\/\\\/www.kirche-hettenhausen.de\\\/site\\\/2022\\\/02\\\/plaedoyer-fuer-eine-gemeindeversammlung\\\/#primaryimage\",\"url\":\"https:\\\/\\\/www.kirche-hettenhausen.de\\\/site\\\/wp-content\\\/uploads\\\/2021\\\/03\\\/Kindergottesdienst-300x300-1.png\",\"contentUrl\":\"https:\\\/\\\/www.kirche-hettenhausen.de\\\/site\\\/wp-content\\\/uploads\\\/2021\\\/03\\\/Kindergottesdienst-300x300-1.png\",\"width\":300,\"height\":300,\"caption\":\"Konfirmanden-Unterricht\"},{\"@type\":\"BreadcrumbList\",\"@id\":\"https:\\\/\\\/www.kirche-hettenhausen.de\\\/site\\\/2022\\\/02\\\/plaedoyer-fuer-eine-gemeindeversammlung\\\/#breadcrumb\",\"itemListElement\":[{\"@type\":\"ListItem\",\"position\":1,\"name\":\"Startseite\",\"item\":\"https:\\\/\\\/www.kirche-hettenhausen.de\\\/site\\\/\"},{\"@type\":\"ListItem\",\"position\":2,\"name\":\"Pl\u00e4doyer f\u00fcr eine Gemeindeversammlung\"}]},{\"@type\":\"WebSite\",\"@id\":\"https:\\\/\\\/www.kirche-hettenhausen.de\\\/site\\\/#website\",\"url\":\"https:\\\/\\\/www.kirche-hettenhausen.de\\\/site\\\/\",\"name\":\"Ev.-luth. Kirchengemeinde Hettenhausen - Dalherda\",\"description\":\"Homepage der Ev.-luth. Kirchengemeinde Hettenhausen - Dalherda\",\"potentialAction\":[{\"@type\":\"SearchAction\",\"target\":{\"@type\":\"EntryPoint\",\"urlTemplate\":\"https:\\\/\\\/www.kirche-hettenhausen.de\\\/site\\\/?s={search_term_string}\"},\"query-input\":{\"@type\":\"PropertyValueSpecification\",\"valueRequired\":true,\"valueName\":\"search_term_string\"}}],\"inLanguage\":\"de\"},{\"@type\":\"Person\",\"@id\":\"https:\\\/\\\/www.kirche-hettenhausen.de\\\/site\\\/#\\\/schema\\\/person\\\/7740d89d8f816da861ece2b378a21c57\",\"name\":\"Marion Friedrich\",\"url\":\"https:\\\/\\\/www.kirche-hettenhausen.de\\\/site\\\/author\\\/m-friedrichkirche-hettenhausen-de\\\/\"}]}<\/script>\n<!-- \/ Yoast SEO plugin. -->","yoast_head_json":{"title":"Pl\u00e4doyer f\u00fcr eine Gemeindeversammlung - Ev.-luth. Kirchengemeinde Hettenhausen - Dalherda","description":"Ev.-luth. Kirchengemeinde Hettenhausen - Dalherda - Pl\u00e4doyer f\u00fcr eine Gemeindeversammlung -","robots":{"index":"index","follow":"follow","max-snippet":"max-snippet:-1","max-image-preview":"max-image-preview:large","max-video-preview":"max-video-preview:-1"},"canonical":"https:\/\/www.kirche-hettenhausen.de\/site\/2022\/02\/plaedoyer-fuer-eine-gemeindeversammlung\/","og_locale":"de_DE","og_type":"article","og_title":"Pl\u00e4doyer f\u00fcr eine Gemeindeversammlung - Ev.-luth. Kirchengemeinde Hettenhausen - Dalherda","og_description":"Ev.-luth. Kirchengemeinde Hettenhausen - Dalherda - Pl\u00e4doyer f\u00fcr eine Gemeindeversammlung -","og_url":"https:\/\/www.kirche-hettenhausen.de\/site\/2022\/02\/plaedoyer-fuer-eine-gemeindeversammlung\/","og_site_name":"Ev.-luth. Kirchengemeinde Hettenhausen - Dalherda","article_published_time":"2022-02-28T18:00:23+00:00","article_modified_time":"2022-03-09T20:50:44+00:00","og_image":[{"width":300,"height":300,"url":"https:\/\/www.kirche-hettenhausen.de\/site\/wp-content\/uploads\/2021\/03\/Kindergottesdienst-300x300-1.png","type":"image\/png"}],"author":"Marion Friedrich","twitter_card":"summary_large_image","twitter_misc":{"Verfasst von":"Marion Friedrich","Gesch\u00e4tzte Lesezeit":"4\u00a0Minuten"},"schema":{"@context":"https:\/\/schema.org","@graph":[{"@type":"Article","@id":"https:\/\/www.kirche-hettenhausen.de\/site\/2022\/02\/plaedoyer-fuer-eine-gemeindeversammlung\/#article","isPartOf":{"@id":"https:\/\/www.kirche-hettenhausen.de\/site\/2022\/02\/plaedoyer-fuer-eine-gemeindeversammlung\/"},"author":{"name":"Marion Friedrich","@id":"https:\/\/www.kirche-hettenhausen.de\/site\/#\/schema\/person\/7740d89d8f816da861ece2b378a21c57"},"headline":"Pl\u00e4doyer f\u00fcr eine Gemeindeversammlung","datePublished":"2022-02-28T18:00:23+00:00","dateModified":"2022-03-09T20:50:44+00:00","mainEntityOfPage":{"@id":"https:\/\/www.kirche-hettenhausen.de\/site\/2022\/02\/plaedoyer-fuer-eine-gemeindeversammlung\/"},"wordCount":654,"image":{"@id":"https:\/\/www.kirche-hettenhausen.de\/site\/2022\/02\/plaedoyer-fuer-eine-gemeindeversammlung\/#primaryimage"},"thumbnailUrl":"https:\/\/www.kirche-hettenhausen.de\/site\/wp-content\/uploads\/2021\/03\/Kindergottesdienst-300x300-1.png","keywords":["Dalherda","Gottesdienst","Hettenhausen","Kaffee","Kirchen-Kurier","Kirchenvorstand","Kirchspiel","Kuchen","Pfarrer","Pfarrkirche St. Georg","Poppenhausen","Reformation"],"articleSection":{"1":"Dalherda","2":"Feier-\/Festtage","3":"Gottesdienst","4":"Hettenhausen","5":"Kirche St. Georg","6":"Kirchen-Kurier","7":"Kirchenvorstand","8":"Poppenhausen"},"inLanguage":"de"},{"@type":"WebPage","@id":"https:\/\/www.kirche-hettenhausen.de\/site\/2022\/02\/plaedoyer-fuer-eine-gemeindeversammlung\/","url":"https:\/\/www.kirche-hettenhausen.de\/site\/2022\/02\/plaedoyer-fuer-eine-gemeindeversammlung\/","name":"Pl\u00e4doyer f\u00fcr eine Gemeindeversammlung - Ev.-luth. Kirchengemeinde Hettenhausen - Dalherda","isPartOf":{"@id":"https:\/\/www.kirche-hettenhausen.de\/site\/#website"},"primaryImageOfPage":{"@id":"https:\/\/www.kirche-hettenhausen.de\/site\/2022\/02\/plaedoyer-fuer-eine-gemeindeversammlung\/#primaryimage"},"image":{"@id":"https:\/\/www.kirche-hettenhausen.de\/site\/2022\/02\/plaedoyer-fuer-eine-gemeindeversammlung\/#primaryimage"},"thumbnailUrl":"https:\/\/www.kirche-hettenhausen.de\/site\/wp-content\/uploads\/2021\/03\/Kindergottesdienst-300x300-1.png","datePublished":"2022-02-28T18:00:23+00:00","dateModified":"2022-03-09T20:50:44+00:00","author":{"@id":"https:\/\/www.kirche-hettenhausen.de\/site\/#\/schema\/person\/7740d89d8f816da861ece2b378a21c57"},"description":"Ev.-luth. Kirchengemeinde Hettenhausen - Dalherda - Pl\u00e4doyer f\u00fcr eine Gemeindeversammlung -","breadcrumb":{"@id":"https:\/\/www.kirche-hettenhausen.de\/site\/2022\/02\/plaedoyer-fuer-eine-gemeindeversammlung\/#breadcrumb"},"inLanguage":"de","potentialAction":[{"@type":"ReadAction","target":["https:\/\/www.kirche-hettenhausen.de\/site\/2022\/02\/plaedoyer-fuer-eine-gemeindeversammlung\/"]}]},{"@type":"ImageObject","inLanguage":"de","@id":"https:\/\/www.kirche-hettenhausen.de\/site\/2022\/02\/plaedoyer-fuer-eine-gemeindeversammlung\/#primaryimage","url":"https:\/\/www.kirche-hettenhausen.de\/site\/wp-content\/uploads\/2021\/03\/Kindergottesdienst-300x300-1.png","contentUrl":"https:\/\/www.kirche-hettenhausen.de\/site\/wp-content\/uploads\/2021\/03\/Kindergottesdienst-300x300-1.png","width":300,"height":300,"caption":"Konfirmanden-Unterricht"},{"@type":"BreadcrumbList","@id":"https:\/\/www.kirche-hettenhausen.de\/site\/2022\/02\/plaedoyer-fuer-eine-gemeindeversammlung\/#breadcrumb","itemListElement":[{"@type":"ListItem","position":1,"name":"Startseite","item":"https:\/\/www.kirche-hettenhausen.de\/site\/"},{"@type":"ListItem","position":2,"name":"Pl\u00e4doyer f\u00fcr eine Gemeindeversammlung"}]},{"@type":"WebSite","@id":"https:\/\/www.kirche-hettenhausen.de\/site\/#website","url":"https:\/\/www.kirche-hettenhausen.de\/site\/","name":"Ev.-luth. Kirchengemeinde Hettenhausen - Dalherda","description":"Homepage der Ev.-luth. Kirchengemeinde Hettenhausen - Dalherda","potentialAction":[{"@type":"SearchAction","target":{"@type":"EntryPoint","urlTemplate":"https:\/\/www.kirche-hettenhausen.de\/site\/?s={search_term_string}"},"query-input":{"@type":"PropertyValueSpecification","valueRequired":true,"valueName":"search_term_string"}}],"inLanguage":"de"},{"@type":"Person","@id":"https:\/\/www.kirche-hettenhausen.de\/site\/#\/schema\/person\/7740d89d8f816da861ece2b378a21c57","name":"Marion Friedrich","url":"https:\/\/www.kirche-hettenhausen.de\/site\/author\/m-friedrichkirche-hettenhausen-de\/"}]}},"_links":{"self":[{"href":"https:\/\/www.kirche-hettenhausen.de\/site\/wp-json\/wp\/v2\/posts\/11127","targetHints":{"allow":["GET"]}}],"collection":[{"href":"https:\/\/www.kirche-hettenhausen.de\/site\/wp-json\/wp\/v2\/posts"}],"about":[{"href":"https:\/\/www.kirche-hettenhausen.de\/site\/wp-json\/wp\/v2\/types\/post"}],"author":[{"embeddable":true,"href":"https:\/\/www.kirche-hettenhausen.de\/site\/wp-json\/wp\/v2\/users\/2"}],"replies":[{"embeddable":true,"href":"https:\/\/www.kirche-hettenhausen.de\/site\/wp-json\/wp\/v2\/comments?post=11127"}],"version-history":[{"count":19,"href":"https:\/\/www.kirche-hettenhausen.de\/site\/wp-json\/wp\/v2\/posts\/11127\/revisions"}],"predecessor-version":[{"id":11176,"href":"https:\/\/www.kirche-hettenhausen.de\/site\/wp-json\/wp\/v2\/posts\/11127\/revisions\/11176"}],"wp:featuredmedia":[{"embeddable":true,"href":"https:\/\/www.kirche-hettenhausen.de\/site\/wp-json\/wp\/v2\/media\/8124"}],"wp:attachment":[{"href":"https:\/\/www.kirche-hettenhausen.de\/site\/wp-json\/wp\/v2\/media?parent=11127"}],"wp:term":[{"taxonomy":"category","embeddable":true,"href":"https:\/\/www.kirche-hettenhausen.de\/site\/wp-json\/wp\/v2\/categories?post=11127"},{"taxonomy":"post_tag","embeddable":true,"href":"https:\/\/www.kirche-hettenhausen.de\/site\/wp-json\/wp\/v2\/tags?post=11127"}],"curies":[{"name":"wp","href":"https:\/\/api.w.org\/{rel}","templated":true}]}}