{"id":10746,"date":"2021-12-31T00:00:34","date_gmt":"2021-12-30T23:00:34","guid":{"rendered":"https:\/\/kirche-hettenhausen.de\/site\/?p=10746"},"modified":"2022-01-11T21:21:30","modified_gmt":"2022-01-11T20:21:30","slug":"dankeweihnachtenimdorf","status":"publish","type":"post","link":"https:\/\/www.kirche-hettenhausen.de\/site\/2021\/12\/dankeweihnachtenimdorf\/","title":{"rendered":"DANKE#WeihnachtenImDorf"},"content":{"rendered":"<p>Liebe Gemeinde,<\/p>\n<p>ja, Weihnachten ist schon wieder anders in diesem Jahr, irgendwie. Aber irgendwie auch nicht, denn Gott macht uns wie jedes Jahr das gr\u00f6\u00dfte Geschenk: seinen Sohn. Und zeigt uns damit, wie sehr er uns Menschen liebt.<\/p>\n<p>Deshalb wollen wir dankbar sein, in all der momentanen Unbest\u00e4ndigkeit und Ungewissheit einen festen Anker zu haben, an dem wir uns festhalten k\u00f6nnen. Das neugeborene Jesuskind in der Krippe, das f\u00fcr uns da ist, egal was kommt.<\/p>\n<p><strong>Und der Engel sprach zu ihnen: F\u00fcrchtet euch nicht! Siehe, ich verk\u00fcndige euch gro\u00dfe Freude, die allem Volk widerfahren wird; denn euch ist heute der Heiland geboren, welcher ist Christus, der Herr, in der Stadt Davids. Ehre sei Gott in der H\u00f6he und Friede auf Erden bei den Menschen seines Wohlgefallens. (Lk 2,10.11.14)<\/strong><\/p>\n<p>&nbsp;<\/p>\n<h2><img loading=\"lazy\" decoding=\"async\" class=\"aligncenter wp-image-10745 size-full\" src=\"https:\/\/www.kirche-hettenhausen.de\/site\/wp-content\/uploads\/2021\/12\/Weihnachten-im-Dorf.jpg\" alt=\"Gru\u00dfkarte Weihnachten\" width=\"842\" height=\"595\" srcset=\"https:\/\/www.kirche-hettenhausen.de\/site\/wp-content\/uploads\/2021\/12\/Weihnachten-im-Dorf.jpg 842w, https:\/\/www.kirche-hettenhausen.de\/site\/wp-content\/uploads\/2021\/12\/Weihnachten-im-Dorf-300x212.jpg 300w, https:\/\/www.kirche-hettenhausen.de\/site\/wp-content\/uploads\/2021\/12\/Weihnachten-im-Dorf-768x543.jpg 768w\" sizes=\"auto, (max-width: 842px) 100vw, 842px\" \/><\/h2>\n<h2 style=\"text-align: center;\"><a href=\"https:\/\/www.kirche-hettenhausen.de\/site\/wp-content\/uploads\/2021\/12\/Weihnachten-im-Dorf-mit-Gruss.pdf\" target=\"_blank\" rel=\"noopener\">Karte \u00f6ffnen<\/a><\/h2>\n<p>&nbsp;<\/p>\n<p>&nbsp;<\/p>\n\n\t\t<style type=\"text\/css\">\n\t\t\t#gallery-1 {\n\t\t\t\tmargin: auto;\n\t\t\t}\n\t\t\t#gallery-1 .gallery-item {\n\t\t\t\tfloat: left;\n\t\t\t\tmargin-top: 10px;\n\t\t\t\ttext-align: center;\n\t\t\t\twidth: 50%;\n\t\t\t}\n\t\t\t#gallery-1 img {\n\t\t\t\tborder: 2px solid #cfcfcf;\n\t\t\t}\n\t\t\t#gallery-1 .gallery-caption {\n\t\t\t\tmargin-left: 0;\n\t\t\t}\n\t\t\t\/* see gallery_shortcode() in wp-includes\/media.php *\/\n\t\t<\/style>\n\t\t<div id='gallery-1' class='gallery galleryid-10746 gallery-columns-2 gallery-size-medium'><dl class='gallery-item'>\n\t\t\t<dt class='gallery-icon landscape'>\n\t\t\t\t<img loading=\"lazy\" decoding=\"async\" width=\"300\" height=\"201\" src=\"https:\/\/www.kirche-hettenhausen.de\/site\/wp-content\/uploads\/2022\/01\/Schoene-Weihnachten_1-300x201.jpg\" class=\"attachment-medium size-medium\" alt=\"Weihnachten im Dorf\" srcset=\"https:\/\/www.kirche-hettenhausen.de\/site\/wp-content\/uploads\/2022\/01\/Schoene-Weihnachten_1-300x201.jpg 300w, https:\/\/www.kirche-hettenhausen.de\/site\/wp-content\/uploads\/2022\/01\/Schoene-Weihnachten_1-768x514.jpg 768w, https:\/\/www.kirche-hettenhausen.de\/site\/wp-content\/uploads\/2022\/01\/Schoene-Weihnachten_1.jpg 1024w\" sizes=\"auto, (max-width: 300px) 100vw, 300px\" \/>\n\t\t\t<\/dt><\/dl><dl class='gallery-item'>\n\t\t\t<dt class='gallery-icon landscape'>\n\t\t\t\t<img loading=\"lazy\" decoding=\"async\" width=\"300\" height=\"201\" src=\"https:\/\/www.kirche-hettenhausen.de\/site\/wp-content\/uploads\/2022\/01\/ChristkindWeihnachtenImDorf-300x201.jpg\" class=\"attachment-medium size-medium\" alt=\"Weihnachten im Dorf\" srcset=\"https:\/\/www.kirche-hettenhausen.de\/site\/wp-content\/uploads\/2022\/01\/ChristkindWeihnachtenImDorf-300x201.jpg 300w, https:\/\/www.kirche-hettenhausen.de\/site\/wp-content\/uploads\/2022\/01\/ChristkindWeihnachtenImDorf-1024x685.jpg 1024w, https:\/\/www.kirche-hettenhausen.de\/site\/wp-content\/uploads\/2022\/01\/ChristkindWeihnachtenImDorf-768x514.jpg 768w, https:\/\/www.kirche-hettenhausen.de\/site\/wp-content\/uploads\/2022\/01\/ChristkindWeihnachtenImDorf-1536x1028.jpg 1536w, https:\/\/www.kirche-hettenhausen.de\/site\/wp-content\/uploads\/2022\/01\/ChristkindWeihnachtenImDorf-2048x1370.jpg 2048w\" sizes=\"auto, (max-width: 300px) 100vw, 300px\" \/>\n\t\t\t<\/dt><\/dl><br style=\"clear: both\" \/><dl class='gallery-item'>\n\t\t\t<dt class='gallery-icon landscape'>\n\t\t\t\t<img loading=\"lazy\" decoding=\"async\" width=\"300\" height=\"225\" src=\"https:\/\/www.kirche-hettenhausen.de\/site\/wp-content\/uploads\/2022\/01\/HeiligabendWeihnachtenImDorf_1-300x225.jpg\" class=\"attachment-medium size-medium\" alt=\"Weihnachten im Dorf\" srcset=\"https:\/\/www.kirche-hettenhausen.de\/site\/wp-content\/uploads\/2022\/01\/HeiligabendWeihnachtenImDorf_1-300x225.jpg 300w, https:\/\/www.kirche-hettenhausen.de\/site\/wp-content\/uploads\/2022\/01\/HeiligabendWeihnachtenImDorf_1-768x576.jpg 768w, https:\/\/www.kirche-hettenhausen.de\/site\/wp-content\/uploads\/2022\/01\/HeiligabendWeihnachtenImDorf_1.jpg 1024w\" sizes=\"auto, (max-width: 300px) 100vw, 300px\" \/>\n\t\t\t<\/dt><\/dl><dl class='gallery-item'>\n\t\t\t<dt class='gallery-icon landscape'>\n\t\t\t\t<img loading=\"lazy\" decoding=\"async\" width=\"300\" height=\"225\" src=\"https:\/\/www.kirche-hettenhausen.de\/site\/wp-content\/uploads\/2022\/01\/Schoene-Weihnachten-Nacht_1-300x225.jpg\" class=\"attachment-medium size-medium\" alt=\"Weihnachten im Dorf\" srcset=\"https:\/\/www.kirche-hettenhausen.de\/site\/wp-content\/uploads\/2022\/01\/Schoene-Weihnachten-Nacht_1-300x225.jpg 300w, https:\/\/www.kirche-hettenhausen.de\/site\/wp-content\/uploads\/2022\/01\/Schoene-Weihnachten-Nacht_1-768x576.jpg 768w, https:\/\/www.kirche-hettenhausen.de\/site\/wp-content\/uploads\/2022\/01\/Schoene-Weihnachten-Nacht_1.jpg 1024w\" sizes=\"auto, (max-width: 300px) 100vw, 300px\" \/>\n\t\t\t<\/dt><\/dl><br style=\"clear: both\" \/>\n\t\t<\/div>\n\n<p>&nbsp;<\/p>\n<p style=\"text-align: right;\">(mf)<\/p>\n","protected":false},"excerpt":{"rendered":"<p>Liebe Gemeinde, ja, Weihnachten ist schon wieder anders in diesem Jahr, irgendwie. Aber irgendwie auch nicht, denn Gott macht uns wie jedes Jahr das gr\u00f6\u00dfte Geschenk: seinen Sohn. Und zeigt uns damit, wie sehr er uns Menschen liebt. Deshalb wollen wir dankbar sein, in all der momentanen Unbest\u00e4ndigkeit und Ungewissheit einen festen Anker zu haben, [&hellip;]<\/p>\n","protected":false},"author":2,"featured_media":10745,"comment_status":"closed","ping_status":"closed","sticky":false,"template":"","format":"standard","meta":{"footnotes":""},"categories":[1,48,129],"tags":[128,52,91,45],"class_list":["post-10746","post","type-post","status-publish","format-standard","has-post-thumbnail","hentry","category-allgemein","category-feier-festtage","category-hettenhausen","tag-hettenhausen","tag-kreis-fuer-gemeindearbeit","tag-oekumene","tag-weihnachten"],"yoast_head":"<!-- This site is optimized with the Yoast SEO plugin v27.4 - https:\/\/yoast.com\/product\/yoast-seo-wordpress\/ -->\n<title>DANKE#WeihnachtenImDorf - Ev.-luth. Kirchengemeinde Hettenhausen - Dalherda<\/title>\n<meta name=\"description\" content=\"Ev.-luth. Kirchengemeinde Hettenhausen - Dalherda - Hettenhausen DANKE#WeihnachtenImDorf -\" \/>\n<meta name=\"robots\" content=\"index, follow, max-snippet:-1, max-image-preview:large, max-video-preview:-1\" \/>\n<link rel=\"canonical\" href=\"https:\/\/www.kirche-hettenhausen.de\/site\/2021\/12\/dankeweihnachtenimdorf\/\" \/>\n<meta property=\"og:locale\" content=\"de_DE\" \/>\n<meta property=\"og:type\" content=\"article\" \/>\n<meta property=\"og:title\" content=\"DANKE#WeihnachtenImDorf - Ev.-luth. Kirchengemeinde Hettenhausen - Dalherda\" \/>\n<meta property=\"og:description\" content=\"Ev.-luth. Kirchengemeinde Hettenhausen - Dalherda - Hettenhausen DANKE#WeihnachtenImDorf -\" \/>\n<meta property=\"og:url\" content=\"https:\/\/www.kirche-hettenhausen.de\/site\/2021\/12\/dankeweihnachtenimdorf\/\" \/>\n<meta property=\"og:site_name\" content=\"Ev.-luth. Kirchengemeinde Hettenhausen - Dalherda\" \/>\n<meta property=\"article:published_time\" content=\"2021-12-30T23:00:34+00:00\" \/>\n<meta property=\"article:modified_time\" content=\"2022-01-11T20:21:30+00:00\" \/>\n<meta property=\"og:image\" content=\"https:\/\/www.kirche-hettenhausen.de\/site\/wp-content\/uploads\/2021\/12\/Weihnachten-im-Dorf.jpg\" \/>\n\t<meta property=\"og:image:width\" content=\"842\" \/>\n\t<meta property=\"og:image:height\" content=\"595\" \/>\n\t<meta property=\"og:image:type\" content=\"image\/jpeg\" \/>\n<meta name=\"author\" content=\"Marion Friedrich\" \/>\n<meta name=\"twitter:card\" content=\"summary_large_image\" \/>\n<meta name=\"twitter:label1\" content=\"Verfasst von\" \/>\n\t<meta name=\"twitter:data1\" content=\"Marion Friedrich\" \/>\n\t<meta name=\"twitter:label2\" content=\"Gesch\u00e4tzte Lesezeit\" \/>\n\t<meta name=\"twitter:data2\" content=\"1\u00a0Minute\" \/>\n<script type=\"application\/ld+json\" class=\"yoast-schema-graph\">{\"@context\":\"https:\\\/\\\/schema.org\",\"@graph\":[{\"@type\":\"Article\",\"@id\":\"https:\\\/\\\/www.kirche-hettenhausen.de\\\/site\\\/2021\\\/12\\\/dankeweihnachtenimdorf\\\/#article\",\"isPartOf\":{\"@id\":\"https:\\\/\\\/www.kirche-hettenhausen.de\\\/site\\\/2021\\\/12\\\/dankeweihnachtenimdorf\\\/\"},\"author\":{\"name\":\"Marion Friedrich\",\"@id\":\"https:\\\/\\\/www.kirche-hettenhausen.de\\\/site\\\/#\\\/schema\\\/person\\\/7740d89d8f816da861ece2b378a21c57\"},\"headline\":\"DANKE#WeihnachtenImDorf\",\"datePublished\":\"2021-12-30T23:00:34+00:00\",\"dateModified\":\"2022-01-11T20:21:30+00:00\",\"mainEntityOfPage\":{\"@id\":\"https:\\\/\\\/www.kirche-hettenhausen.de\\\/site\\\/2021\\\/12\\\/dankeweihnachtenimdorf\\\/\"},\"wordCount\":151,\"image\":{\"@id\":\"https:\\\/\\\/www.kirche-hettenhausen.de\\\/site\\\/2021\\\/12\\\/dankeweihnachtenimdorf\\\/#primaryimage\"},\"thumbnailUrl\":\"https:\\\/\\\/www.kirche-hettenhausen.de\\\/site\\\/wp-content\\\/uploads\\\/2021\\\/12\\\/Weihnachten-im-Dorf.jpg\",\"keywords\":[\"Hettenhausen\",\"Kreis f\u00fcr Gemeindearbeit\",\"\u00d6kumene\",\"Weihnachten\"],\"articleSection\":{\"1\":\"Feier-\\\/Festtage\",\"2\":\"Hettenhausen\"},\"inLanguage\":\"de\"},{\"@type\":\"WebPage\",\"@id\":\"https:\\\/\\\/www.kirche-hettenhausen.de\\\/site\\\/2021\\\/12\\\/dankeweihnachtenimdorf\\\/\",\"url\":\"https:\\\/\\\/www.kirche-hettenhausen.de\\\/site\\\/2021\\\/12\\\/dankeweihnachtenimdorf\\\/\",\"name\":\"DANKE#WeihnachtenImDorf - Ev.-luth. Kirchengemeinde Hettenhausen - Dalherda\",\"isPartOf\":{\"@id\":\"https:\\\/\\\/www.kirche-hettenhausen.de\\\/site\\\/#website\"},\"primaryImageOfPage\":{\"@id\":\"https:\\\/\\\/www.kirche-hettenhausen.de\\\/site\\\/2021\\\/12\\\/dankeweihnachtenimdorf\\\/#primaryimage\"},\"image\":{\"@id\":\"https:\\\/\\\/www.kirche-hettenhausen.de\\\/site\\\/2021\\\/12\\\/dankeweihnachtenimdorf\\\/#primaryimage\"},\"thumbnailUrl\":\"https:\\\/\\\/www.kirche-hettenhausen.de\\\/site\\\/wp-content\\\/uploads\\\/2021\\\/12\\\/Weihnachten-im-Dorf.jpg\",\"datePublished\":\"2021-12-30T23:00:34+00:00\",\"dateModified\":\"2022-01-11T20:21:30+00:00\",\"author\":{\"@id\":\"https:\\\/\\\/www.kirche-hettenhausen.de\\\/site\\\/#\\\/schema\\\/person\\\/7740d89d8f816da861ece2b378a21c57\"},\"description\":\"Ev.-luth. Kirchengemeinde Hettenhausen - Dalherda - Hettenhausen DANKE#WeihnachtenImDorf -\",\"breadcrumb\":{\"@id\":\"https:\\\/\\\/www.kirche-hettenhausen.de\\\/site\\\/2021\\\/12\\\/dankeweihnachtenimdorf\\\/#breadcrumb\"},\"inLanguage\":\"de\",\"potentialAction\":[{\"@type\":\"ReadAction\",\"target\":[\"https:\\\/\\\/www.kirche-hettenhausen.de\\\/site\\\/2021\\\/12\\\/dankeweihnachtenimdorf\\\/\"]}]},{\"@type\":\"ImageObject\",\"inLanguage\":\"de\",\"@id\":\"https:\\\/\\\/www.kirche-hettenhausen.de\\\/site\\\/2021\\\/12\\\/dankeweihnachtenimdorf\\\/#primaryimage\",\"url\":\"https:\\\/\\\/www.kirche-hettenhausen.de\\\/site\\\/wp-content\\\/uploads\\\/2021\\\/12\\\/Weihnachten-im-Dorf.jpg\",\"contentUrl\":\"https:\\\/\\\/www.kirche-hettenhausen.de\\\/site\\\/wp-content\\\/uploads\\\/2021\\\/12\\\/Weihnachten-im-Dorf.jpg\",\"width\":842,\"height\":595,\"caption\":\"Gru\u00dfkarte Weihnachten\"},{\"@type\":\"BreadcrumbList\",\"@id\":\"https:\\\/\\\/www.kirche-hettenhausen.de\\\/site\\\/2021\\\/12\\\/dankeweihnachtenimdorf\\\/#breadcrumb\",\"itemListElement\":[{\"@type\":\"ListItem\",\"position\":1,\"name\":\"Startseite\",\"item\":\"https:\\\/\\\/www.kirche-hettenhausen.de\\\/site\\\/\"},{\"@type\":\"ListItem\",\"position\":2,\"name\":\"DANKE#WeihnachtenImDorf\"}]},{\"@type\":\"WebSite\",\"@id\":\"https:\\\/\\\/www.kirche-hettenhausen.de\\\/site\\\/#website\",\"url\":\"https:\\\/\\\/www.kirche-hettenhausen.de\\\/site\\\/\",\"name\":\"Ev.-luth. Kirchengemeinde Hettenhausen - Dalherda\",\"description\":\"Homepage der Ev.-luth. Kirchengemeinde Hettenhausen - Dalherda\",\"potentialAction\":[{\"@type\":\"SearchAction\",\"target\":{\"@type\":\"EntryPoint\",\"urlTemplate\":\"https:\\\/\\\/www.kirche-hettenhausen.de\\\/site\\\/?s={search_term_string}\"},\"query-input\":{\"@type\":\"PropertyValueSpecification\",\"valueRequired\":true,\"valueName\":\"search_term_string\"}}],\"inLanguage\":\"de\"},{\"@type\":\"Person\",\"@id\":\"https:\\\/\\\/www.kirche-hettenhausen.de\\\/site\\\/#\\\/schema\\\/person\\\/7740d89d8f816da861ece2b378a21c57\",\"name\":\"Marion Friedrich\",\"url\":\"https:\\\/\\\/www.kirche-hettenhausen.de\\\/site\\\/author\\\/m-friedrichkirche-hettenhausen-de\\\/\"}]}<\/script>\n<!-- \/ Yoast SEO plugin. -->","yoast_head_json":{"title":"DANKE#WeihnachtenImDorf - Ev.-luth. Kirchengemeinde Hettenhausen - Dalherda","description":"Ev.-luth. Kirchengemeinde Hettenhausen - Dalherda - Hettenhausen DANKE#WeihnachtenImDorf -","robots":{"index":"index","follow":"follow","max-snippet":"max-snippet:-1","max-image-preview":"max-image-preview:large","max-video-preview":"max-video-preview:-1"},"canonical":"https:\/\/www.kirche-hettenhausen.de\/site\/2021\/12\/dankeweihnachtenimdorf\/","og_locale":"de_DE","og_type":"article","og_title":"DANKE#WeihnachtenImDorf - Ev.-luth. Kirchengemeinde Hettenhausen - Dalherda","og_description":"Ev.-luth. Kirchengemeinde Hettenhausen - Dalherda - Hettenhausen DANKE#WeihnachtenImDorf -","og_url":"https:\/\/www.kirche-hettenhausen.de\/site\/2021\/12\/dankeweihnachtenimdorf\/","og_site_name":"Ev.-luth. Kirchengemeinde Hettenhausen - Dalherda","article_published_time":"2021-12-30T23:00:34+00:00","article_modified_time":"2022-01-11T20:21:30+00:00","og_image":[{"width":842,"height":595,"url":"https:\/\/www.kirche-hettenhausen.de\/site\/wp-content\/uploads\/2021\/12\/Weihnachten-im-Dorf.jpg","type":"image\/jpeg"}],"author":"Marion Friedrich","twitter_card":"summary_large_image","twitter_misc":{"Verfasst von":"Marion Friedrich","Gesch\u00e4tzte Lesezeit":"1\u00a0Minute"},"schema":{"@context":"https:\/\/schema.org","@graph":[{"@type":"Article","@id":"https:\/\/www.kirche-hettenhausen.de\/site\/2021\/12\/dankeweihnachtenimdorf\/#article","isPartOf":{"@id":"https:\/\/www.kirche-hettenhausen.de\/site\/2021\/12\/dankeweihnachtenimdorf\/"},"author":{"name":"Marion Friedrich","@id":"https:\/\/www.kirche-hettenhausen.de\/site\/#\/schema\/person\/7740d89d8f816da861ece2b378a21c57"},"headline":"DANKE#WeihnachtenImDorf","datePublished":"2021-12-30T23:00:34+00:00","dateModified":"2022-01-11T20:21:30+00:00","mainEntityOfPage":{"@id":"https:\/\/www.kirche-hettenhausen.de\/site\/2021\/12\/dankeweihnachtenimdorf\/"},"wordCount":151,"image":{"@id":"https:\/\/www.kirche-hettenhausen.de\/site\/2021\/12\/dankeweihnachtenimdorf\/#primaryimage"},"thumbnailUrl":"https:\/\/www.kirche-hettenhausen.de\/site\/wp-content\/uploads\/2021\/12\/Weihnachten-im-Dorf.jpg","keywords":["Hettenhausen","Kreis f\u00fcr Gemeindearbeit","\u00d6kumene","Weihnachten"],"articleSection":{"1":"Feier-\/Festtage","2":"Hettenhausen"},"inLanguage":"de"},{"@type":"WebPage","@id":"https:\/\/www.kirche-hettenhausen.de\/site\/2021\/12\/dankeweihnachtenimdorf\/","url":"https:\/\/www.kirche-hettenhausen.de\/site\/2021\/12\/dankeweihnachtenimdorf\/","name":"DANKE#WeihnachtenImDorf - Ev.-luth. Kirchengemeinde Hettenhausen - Dalherda","isPartOf":{"@id":"https:\/\/www.kirche-hettenhausen.de\/site\/#website"},"primaryImageOfPage":{"@id":"https:\/\/www.kirche-hettenhausen.de\/site\/2021\/12\/dankeweihnachtenimdorf\/#primaryimage"},"image":{"@id":"https:\/\/www.kirche-hettenhausen.de\/site\/2021\/12\/dankeweihnachtenimdorf\/#primaryimage"},"thumbnailUrl":"https:\/\/www.kirche-hettenhausen.de\/site\/wp-content\/uploads\/2021\/12\/Weihnachten-im-Dorf.jpg","datePublished":"2021-12-30T23:00:34+00:00","dateModified":"2022-01-11T20:21:30+00:00","author":{"@id":"https:\/\/www.kirche-hettenhausen.de\/site\/#\/schema\/person\/7740d89d8f816da861ece2b378a21c57"},"description":"Ev.-luth. Kirchengemeinde Hettenhausen - Dalherda - Hettenhausen DANKE#WeihnachtenImDorf -","breadcrumb":{"@id":"https:\/\/www.kirche-hettenhausen.de\/site\/2021\/12\/dankeweihnachtenimdorf\/#breadcrumb"},"inLanguage":"de","potentialAction":[{"@type":"ReadAction","target":["https:\/\/www.kirche-hettenhausen.de\/site\/2021\/12\/dankeweihnachtenimdorf\/"]}]},{"@type":"ImageObject","inLanguage":"de","@id":"https:\/\/www.kirche-hettenhausen.de\/site\/2021\/12\/dankeweihnachtenimdorf\/#primaryimage","url":"https:\/\/www.kirche-hettenhausen.de\/site\/wp-content\/uploads\/2021\/12\/Weihnachten-im-Dorf.jpg","contentUrl":"https:\/\/www.kirche-hettenhausen.de\/site\/wp-content\/uploads\/2021\/12\/Weihnachten-im-Dorf.jpg","width":842,"height":595,"caption":"Gru\u00dfkarte Weihnachten"},{"@type":"BreadcrumbList","@id":"https:\/\/www.kirche-hettenhausen.de\/site\/2021\/12\/dankeweihnachtenimdorf\/#breadcrumb","itemListElement":[{"@type":"ListItem","position":1,"name":"Startseite","item":"https:\/\/www.kirche-hettenhausen.de\/site\/"},{"@type":"ListItem","position":2,"name":"DANKE#WeihnachtenImDorf"}]},{"@type":"WebSite","@id":"https:\/\/www.kirche-hettenhausen.de\/site\/#website","url":"https:\/\/www.kirche-hettenhausen.de\/site\/","name":"Ev.-luth. Kirchengemeinde Hettenhausen - Dalherda","description":"Homepage der Ev.-luth. Kirchengemeinde Hettenhausen - Dalherda","potentialAction":[{"@type":"SearchAction","target":{"@type":"EntryPoint","urlTemplate":"https:\/\/www.kirche-hettenhausen.de\/site\/?s={search_term_string}"},"query-input":{"@type":"PropertyValueSpecification","valueRequired":true,"valueName":"search_term_string"}}],"inLanguage":"de"},{"@type":"Person","@id":"https:\/\/www.kirche-hettenhausen.de\/site\/#\/schema\/person\/7740d89d8f816da861ece2b378a21c57","name":"Marion Friedrich","url":"https:\/\/www.kirche-hettenhausen.de\/site\/author\/m-friedrichkirche-hettenhausen-de\/"}]}},"_links":{"self":[{"href":"https:\/\/www.kirche-hettenhausen.de\/site\/wp-json\/wp\/v2\/posts\/10746","targetHints":{"allow":["GET"]}}],"collection":[{"href":"https:\/\/www.kirche-hettenhausen.de\/site\/wp-json\/wp\/v2\/posts"}],"about":[{"href":"https:\/\/www.kirche-hettenhausen.de\/site\/wp-json\/wp\/v2\/types\/post"}],"author":[{"embeddable":true,"href":"https:\/\/www.kirche-hettenhausen.de\/site\/wp-json\/wp\/v2\/users\/2"}],"replies":[{"embeddable":true,"href":"https:\/\/www.kirche-hettenhausen.de\/site\/wp-json\/wp\/v2\/comments?post=10746"}],"version-history":[{"count":25,"href":"https:\/\/www.kirche-hettenhausen.de\/site\/wp-json\/wp\/v2\/posts\/10746\/revisions"}],"predecessor-version":[{"id":10862,"href":"https:\/\/www.kirche-hettenhausen.de\/site\/wp-json\/wp\/v2\/posts\/10746\/revisions\/10862"}],"wp:featuredmedia":[{"embeddable":true,"href":"https:\/\/www.kirche-hettenhausen.de\/site\/wp-json\/wp\/v2\/media\/10745"}],"wp:attachment":[{"href":"https:\/\/www.kirche-hettenhausen.de\/site\/wp-json\/wp\/v2\/media?parent=10746"}],"wp:term":[{"taxonomy":"category","embeddable":true,"href":"https:\/\/www.kirche-hettenhausen.de\/site\/wp-json\/wp\/v2\/categories?post=10746"},{"taxonomy":"post_tag","embeddable":true,"href":"https:\/\/www.kirche-hettenhausen.de\/site\/wp-json\/wp\/v2\/tags?post=10746"}],"curies":[{"name":"wp","href":"https:\/\/api.w.org\/{rel}","templated":true}]}}