{"id":10019,"date":"2021-09-05T22:30:03","date_gmt":"2021-09-05T20:30:03","guid":{"rendered":"https:\/\/kirche-hettenhausen.de\/site\/?p=10019"},"modified":"2021-09-07T06:43:49","modified_gmt":"2021-09-07T04:43:49","slug":"gottesdienst-des-kooperationsraums-rhoen","status":"publish","type":"post","link":"https:\/\/www.kirche-hettenhausen.de\/site\/2021\/09\/gottesdienst-des-kooperationsraums-rhoen\/","title":{"rendered":"Gottesdienst des Kooperationsraums Rh\u00f6n"},"content":{"rendered":"<h2 style=\"text-align: center;\"><span style=\"color: #00dbd0;\">\u201eDamit Str\u00f6me lebendigen Wassers flie\u00dfen\u201c<\/span><\/h2>\n<p>&nbsp;<\/p>\n<p>Am Sonntag, den 5. September 2021 fand der zweite gemeinsame Gottesdienst der Gemeinden des Kooperationsraums Rh\u00f6n statt.<\/p>\n<p><!--more--><\/p>\n<p>Bereits am Freitagabend haben sich (vier) flei\u00dfige Helferinnen auf Gut Weihershof eingefunden, um alles f\u00fcr den Sonntag aufzubauen und vorzubereiten.<\/p>\n<p>Passend zum Thema \u201eSch\u00f6pfung\u201c feierten wir einen wundersch\u00f6nen Gottesdienst mitten in der Natur; parallel dazu fand ein Kindergottesdienst unter freiem Himmel statt.<\/p>\n<p>Viele Gottesdienstbesucher aus den umliegenden Gemeinden nahmen trotz Hygienebestimmungen die M\u00f6glichkeit wahr daran teilzunehmen. Im Anschluss gab es die Gelegenheit bei einem k\u00fchlen Getr\u00e4nk noch einen Moment zu verweilen und ein paar Worte zu wechseln.<\/p>\n<p>Die Kollekte des diesj\u00e4hrigen Kooperations-Gottesdienstes ist gedacht f\u00fcr die Sanierung der Orgel auf Schloss Bieberstein.<\/p>\n<p>Herzlichen Dank vor allen Dingen an Familie Kirchhoff, dass wir den Gottesdienst in dieser wunderbaren Kulisse feiern durften, an die Pfarrer Schindelmann und Ander-Moln\u00e1r, die Bl\u00e4ser aus dem Umkreis und Wilhelm Rehorst f\u00fcr die musikalische Unterst\u00fctzung sowie alle anderen, die dazu beigetragen haben, dass wir gemeinsam einen so sch\u00f6nen Sonntagmorgen verbringen konnten.<\/p>\n<p>&nbsp;<\/p>\n<div id=\"metaslider-id-10035\" style=\"width: 100%;\" class=\"ml-slider-3-108-0 metaslider metaslider-nivo metaslider-10035 ml-slider ms-theme-default\" role=\"region\" aria-label=\"Kooperationsgottesdienst 2021\" data-height=\"600\" data-width=\"700\">\n    <div id=\"metaslider_container_10035\">\n        <div class='slider-wrapper theme-default'><div class='ribbon'><\/div><div id='metaslider_10035' class='nivoSlider'><img loading=\"lazy\" decoding=\"async\" src=\"https:\/\/www.kirche-hettenhausen.de\/site\/wp-content\/uploads\/2021\/07\/Kooperationsraum-Gottesdienst-05.09.2021-360x308.jpg\" height=\"600\" width=\"700\" title=\"Kooperationsraum-Gottesdienst 05.09.2021\" alt=\"\" class=\"slider-10035 slide-10036 msDefaultImage\" \/><img loading=\"lazy\" decoding=\"async\" src=\"https:\/\/www.kirche-hettenhausen.de\/site\/wp-content\/uploads\/2021\/09\/20210905_120718_1-rotated-e1630873537856-700x600.jpg\" height=\"600\" width=\"700\" title=\"Kooperationsraumgottesdienst 2021\" alt=\"Gut Weihershof\" class=\"slider-10035 slide-10037 msDefaultImage\" \/><img loading=\"lazy\" decoding=\"async\" src=\"https:\/\/www.kirche-hettenhausen.de\/site\/wp-content\/uploads\/2021\/09\/20210905_110338_1-700x600.jpg\" height=\"600\" width=\"700\" title=\"Kooperationsraumgottesdienst 2021\" alt=\"Gut Weihershof\" class=\"slider-10035 slide-10038 msDefaultImage\" \/><img loading=\"lazy\" decoding=\"async\" src=\"https:\/\/www.kirche-hettenhausen.de\/site\/wp-content\/uploads\/2021\/09\/20210905_110842_1-700x600.jpg\" height=\"600\" width=\"700\" title=\"Kooperationsraumgottesdienst 2021\" alt=\"Gut Weihershof\" class=\"slider-10035 slide-10039 msDefaultImage\" \/><img loading=\"lazy\" decoding=\"async\" src=\"https:\/\/www.kirche-hettenhausen.de\/site\/wp-content\/uploads\/2021\/09\/20210905_110400_1-700x600.jpg\" height=\"600\" width=\"700\" title=\"Kooperationsraumgottesdienst 2021\" alt=\"Gut Weihershof\" class=\"slider-10035 slide-10040 msDefaultImage\" \/><img loading=\"lazy\" decoding=\"async\" src=\"https:\/\/www.kirche-hettenhausen.de\/site\/wp-content\/uploads\/2021\/09\/20210905_110313_1-700x600.jpg\" height=\"600\" width=\"700\" title=\"Kooperationsraumgottesdienst 2021\" alt=\"Gut Weihershof\" class=\"slider-10035 slide-10041 msDefaultImage\" \/><img loading=\"lazy\" decoding=\"async\" src=\"https:\/\/www.kirche-hettenhausen.de\/site\/wp-content\/uploads\/2021\/09\/20210905_112544_1-rotated-e1630873507509-700x600.jpg\" height=\"600\" width=\"700\" title=\"Kooperationsraumgottesdienst 2021\" alt=\"Gut Weihershof\" class=\"slider-10035 slide-10042 msDefaultImage\" \/><img loading=\"lazy\" decoding=\"async\" src=\"https:\/\/www.kirche-hettenhausen.de\/site\/wp-content\/uploads\/2021\/09\/20210905_114155_1-rotated-e1630873479644-700x600.jpg\" height=\"600\" width=\"700\" title=\"Kooperationsraumgottesdienst 2021\" alt=\"Gut Weihershof\" class=\"slider-10035 slide-10043 msDefaultImage\" \/><img loading=\"lazy\" decoding=\"async\" src=\"https:\/\/www.kirche-hettenhausen.de\/site\/wp-content\/uploads\/2021\/09\/20210905_115622_1-700x600.jpg\" height=\"600\" width=\"700\" title=\"Kooperationsraumgottesdienst 2021\" alt=\"Gut Weihershof\" class=\"slider-10035 slide-10044 msDefaultImage\" \/><\/div><\/div>\n        \n    <\/div>\n<\/div>\n<p>&nbsp;<\/p>\n<p>Wenn Sie sich den Gottesdienst noch einmal anschauen m\u00f6chten, finden Sie den Livestream unter<\/p>\n<p><strong><a href=\"https:\/\/www.youtube.com\/watch?v=mW5CvxsnNbA\" target=\"_blank\" rel=\"noopener\">https:\/\/www.youtube.com\/watch?v=mW5CvxsnNbA<\/a><\/strong><\/p>\n<p>&nbsp;<\/p>\n<p style=\"text-align: right;\">(Bettina Lindner)<\/p>\n","protected":false},"excerpt":{"rendered":"<p>\u201eDamit Str\u00f6me lebendigen Wassers flie\u00dfen\u201c &nbsp; Am Sonntag, den 5. September 2021 fand der zweite gemeinsame Gottesdienst der Gemeinden des Kooperationsraums Rh\u00f6n statt.<\/p>\n","protected":false},"author":2,"featured_media":10024,"comment_status":"closed","ping_status":"closed","sticky":false,"template":"","format":"standard","meta":{"footnotes":""},"categories":[18,23,24,25],"tags":[32,33,28,54,55,30,95,36,7,67,39],"class_list":["post-10019","post","type-post","status-publish","format-standard","has-post-thumbnail","hentry","category-gottesdienst","category-kirchenmusik","category-kooperationsraum-rhoen","category-veranstaltungen","tag-corona","tag-gottesdienst","tag-kinder","tag-kindergottesdienst","tag-kirche-mit-kindern","tag-kooperationsraum-rhoen","tag-livestream","tag-musik","tag-pfarrer","tag-singen","tag-veranstaltungen"],"yoast_head":"<!-- This site is optimized with the Yoast SEO plugin v27.4 - https:\/\/yoast.com\/product\/yoast-seo-wordpress\/ -->\n<title>Gottesdienst des Kooperationsraums Rh\u00f6n - Ev.-luth. Kirchengemeinde Hettenhausen - Dalherda<\/title>\n<meta name=\"description\" content=\"Ev.-luth. Kirchengemeinde Hettenhausen - Dalherda - Gottesdienst des Kooperationsraums Rh\u00f6n -\" \/>\n<meta name=\"robots\" content=\"index, follow, max-snippet:-1, max-image-preview:large, max-video-preview:-1\" \/>\n<link rel=\"canonical\" href=\"https:\/\/www.kirche-hettenhausen.de\/site\/2021\/09\/gottesdienst-des-kooperationsraums-rhoen\/\" \/>\n<meta property=\"og:locale\" content=\"de_DE\" \/>\n<meta property=\"og:type\" content=\"article\" \/>\n<meta property=\"og:title\" content=\"Gottesdienst des Kooperationsraums Rh\u00f6n - Ev.-luth. Kirchengemeinde Hettenhausen - Dalherda\" \/>\n<meta property=\"og:description\" content=\"Ev.-luth. Kirchengemeinde Hettenhausen - Dalherda - Gottesdienst des Kooperationsraums Rh\u00f6n -\" \/>\n<meta property=\"og:url\" content=\"https:\/\/www.kirche-hettenhausen.de\/site\/2021\/09\/gottesdienst-des-kooperationsraums-rhoen\/\" \/>\n<meta property=\"og:site_name\" content=\"Ev.-luth. Kirchengemeinde Hettenhausen - Dalherda\" \/>\n<meta property=\"article:published_time\" content=\"2021-09-05T20:30:03+00:00\" \/>\n<meta property=\"article:modified_time\" content=\"2021-09-07T04:43:49+00:00\" \/>\n<meta property=\"og:image\" content=\"https:\/\/www.kirche-hettenhausen.de\/site\/wp-content\/uploads\/2021\/09\/20210905_110338_1.jpg\" \/>\n\t<meta property=\"og:image:width\" content=\"1024\" \/>\n\t<meta property=\"og:image:height\" content=\"768\" \/>\n\t<meta property=\"og:image:type\" content=\"image\/jpeg\" \/>\n<meta name=\"author\" content=\"Marion Friedrich\" \/>\n<meta name=\"twitter:card\" content=\"summary_large_image\" \/>\n<meta name=\"twitter:label1\" content=\"Verfasst von\" \/>\n\t<meta name=\"twitter:data1\" content=\"Marion Friedrich\" \/>\n\t<meta name=\"twitter:label2\" content=\"Gesch\u00e4tzte Lesezeit\" \/>\n\t<meta name=\"twitter:data2\" content=\"1\u00a0Minute\" \/>\n<script type=\"application\/ld+json\" class=\"yoast-schema-graph\">{\"@context\":\"https:\\\/\\\/schema.org\",\"@graph\":[{\"@type\":\"Article\",\"@id\":\"https:\\\/\\\/www.kirche-hettenhausen.de\\\/site\\\/2021\\\/09\\\/gottesdienst-des-kooperationsraums-rhoen\\\/#article\",\"isPartOf\":{\"@id\":\"https:\\\/\\\/www.kirche-hettenhausen.de\\\/site\\\/2021\\\/09\\\/gottesdienst-des-kooperationsraums-rhoen\\\/\"},\"author\":{\"name\":\"Marion Friedrich\",\"@id\":\"https:\\\/\\\/www.kirche-hettenhausen.de\\\/site\\\/#\\\/schema\\\/person\\\/7740d89d8f816da861ece2b378a21c57\"},\"headline\":\"Gottesdienst des Kooperationsraums Rh\u00f6n\",\"datePublished\":\"2021-09-05T20:30:03+00:00\",\"dateModified\":\"2021-09-07T04:43:49+00:00\",\"mainEntityOfPage\":{\"@id\":\"https:\\\/\\\/www.kirche-hettenhausen.de\\\/site\\\/2021\\\/09\\\/gottesdienst-des-kooperationsraums-rhoen\\\/\"},\"wordCount\":217,\"image\":{\"@id\":\"https:\\\/\\\/www.kirche-hettenhausen.de\\\/site\\\/2021\\\/09\\\/gottesdienst-des-kooperationsraums-rhoen\\\/#primaryimage\"},\"thumbnailUrl\":\"https:\\\/\\\/www.kirche-hettenhausen.de\\\/site\\\/wp-content\\\/uploads\\\/2021\\\/09\\\/20210905_110338_1.jpg\",\"keywords\":[\"Corona\",\"Gottesdienst\",\"Kinder\",\"Kindergottesdienst\",\"Kirche mit Kindern\",\"Kooperationsraum Rh\u00f6n\",\"Livestream\",\"Musik\",\"Pfarrer\",\"Singen\",\"Veranstaltungen\"],\"articleSection\":[\"Gottesdienst\",\"Kirchenmusik\",\"Kooperationsraum Rh\u00f6n\",\"Veranstaltungen\"],\"inLanguage\":\"de\"},{\"@type\":\"WebPage\",\"@id\":\"https:\\\/\\\/www.kirche-hettenhausen.de\\\/site\\\/2021\\\/09\\\/gottesdienst-des-kooperationsraums-rhoen\\\/\",\"url\":\"https:\\\/\\\/www.kirche-hettenhausen.de\\\/site\\\/2021\\\/09\\\/gottesdienst-des-kooperationsraums-rhoen\\\/\",\"name\":\"Gottesdienst des Kooperationsraums Rh\u00f6n - Ev.-luth. Kirchengemeinde Hettenhausen - Dalherda\",\"isPartOf\":{\"@id\":\"https:\\\/\\\/www.kirche-hettenhausen.de\\\/site\\\/#website\"},\"primaryImageOfPage\":{\"@id\":\"https:\\\/\\\/www.kirche-hettenhausen.de\\\/site\\\/2021\\\/09\\\/gottesdienst-des-kooperationsraums-rhoen\\\/#primaryimage\"},\"image\":{\"@id\":\"https:\\\/\\\/www.kirche-hettenhausen.de\\\/site\\\/2021\\\/09\\\/gottesdienst-des-kooperationsraums-rhoen\\\/#primaryimage\"},\"thumbnailUrl\":\"https:\\\/\\\/www.kirche-hettenhausen.de\\\/site\\\/wp-content\\\/uploads\\\/2021\\\/09\\\/20210905_110338_1.jpg\",\"datePublished\":\"2021-09-05T20:30:03+00:00\",\"dateModified\":\"2021-09-07T04:43:49+00:00\",\"author\":{\"@id\":\"https:\\\/\\\/www.kirche-hettenhausen.de\\\/site\\\/#\\\/schema\\\/person\\\/7740d89d8f816da861ece2b378a21c57\"},\"description\":\"Ev.-luth. Kirchengemeinde Hettenhausen - Dalherda - Gottesdienst des Kooperationsraums Rh\u00f6n -\",\"breadcrumb\":{\"@id\":\"https:\\\/\\\/www.kirche-hettenhausen.de\\\/site\\\/2021\\\/09\\\/gottesdienst-des-kooperationsraums-rhoen\\\/#breadcrumb\"},\"inLanguage\":\"de\",\"potentialAction\":[{\"@type\":\"ReadAction\",\"target\":[\"https:\\\/\\\/www.kirche-hettenhausen.de\\\/site\\\/2021\\\/09\\\/gottesdienst-des-kooperationsraums-rhoen\\\/\"]}]},{\"@type\":\"ImageObject\",\"inLanguage\":\"de\",\"@id\":\"https:\\\/\\\/www.kirche-hettenhausen.de\\\/site\\\/2021\\\/09\\\/gottesdienst-des-kooperationsraums-rhoen\\\/#primaryimage\",\"url\":\"https:\\\/\\\/www.kirche-hettenhausen.de\\\/site\\\/wp-content\\\/uploads\\\/2021\\\/09\\\/20210905_110338_1.jpg\",\"contentUrl\":\"https:\\\/\\\/www.kirche-hettenhausen.de\\\/site\\\/wp-content\\\/uploads\\\/2021\\\/09\\\/20210905_110338_1.jpg\",\"width\":1024,\"height\":768,\"caption\":\"Gut Weihershof\"},{\"@type\":\"BreadcrumbList\",\"@id\":\"https:\\\/\\\/www.kirche-hettenhausen.de\\\/site\\\/2021\\\/09\\\/gottesdienst-des-kooperationsraums-rhoen\\\/#breadcrumb\",\"itemListElement\":[{\"@type\":\"ListItem\",\"position\":1,\"name\":\"Startseite\",\"item\":\"https:\\\/\\\/www.kirche-hettenhausen.de\\\/site\\\/\"},{\"@type\":\"ListItem\",\"position\":2,\"name\":\"Gottesdienst des Kooperationsraums Rh\u00f6n\"}]},{\"@type\":\"WebSite\",\"@id\":\"https:\\\/\\\/www.kirche-hettenhausen.de\\\/site\\\/#website\",\"url\":\"https:\\\/\\\/www.kirche-hettenhausen.de\\\/site\\\/\",\"name\":\"Ev.-luth. Kirchengemeinde Hettenhausen - Dalherda\",\"description\":\"Homepage der Ev.-luth. Kirchengemeinde Hettenhausen - Dalherda\",\"potentialAction\":[{\"@type\":\"SearchAction\",\"target\":{\"@type\":\"EntryPoint\",\"urlTemplate\":\"https:\\\/\\\/www.kirche-hettenhausen.de\\\/site\\\/?s={search_term_string}\"},\"query-input\":{\"@type\":\"PropertyValueSpecification\",\"valueRequired\":true,\"valueName\":\"search_term_string\"}}],\"inLanguage\":\"de\"},{\"@type\":\"Person\",\"@id\":\"https:\\\/\\\/www.kirche-hettenhausen.de\\\/site\\\/#\\\/schema\\\/person\\\/7740d89d8f816da861ece2b378a21c57\",\"name\":\"Marion Friedrich\",\"url\":\"https:\\\/\\\/www.kirche-hettenhausen.de\\\/site\\\/author\\\/m-friedrichkirche-hettenhausen-de\\\/\"}]}<\/script>\n<!-- \/ Yoast SEO plugin. -->","yoast_head_json":{"title":"Gottesdienst des Kooperationsraums Rh\u00f6n - Ev.-luth. Kirchengemeinde Hettenhausen - Dalherda","description":"Ev.-luth. Kirchengemeinde Hettenhausen - Dalherda - Gottesdienst des Kooperationsraums Rh\u00f6n -","robots":{"index":"index","follow":"follow","max-snippet":"max-snippet:-1","max-image-preview":"max-image-preview:large","max-video-preview":"max-video-preview:-1"},"canonical":"https:\/\/www.kirche-hettenhausen.de\/site\/2021\/09\/gottesdienst-des-kooperationsraums-rhoen\/","og_locale":"de_DE","og_type":"article","og_title":"Gottesdienst des Kooperationsraums Rh\u00f6n - Ev.-luth. Kirchengemeinde Hettenhausen - Dalherda","og_description":"Ev.-luth. Kirchengemeinde Hettenhausen - Dalherda - Gottesdienst des Kooperationsraums Rh\u00f6n -","og_url":"https:\/\/www.kirche-hettenhausen.de\/site\/2021\/09\/gottesdienst-des-kooperationsraums-rhoen\/","og_site_name":"Ev.-luth. Kirchengemeinde Hettenhausen - Dalherda","article_published_time":"2021-09-05T20:30:03+00:00","article_modified_time":"2021-09-07T04:43:49+00:00","og_image":[{"width":1024,"height":768,"url":"https:\/\/www.kirche-hettenhausen.de\/site\/wp-content\/uploads\/2021\/09\/20210905_110338_1.jpg","type":"image\/jpeg"}],"author":"Marion Friedrich","twitter_card":"summary_large_image","twitter_misc":{"Verfasst von":"Marion Friedrich","Gesch\u00e4tzte Lesezeit":"1\u00a0Minute"},"schema":{"@context":"https:\/\/schema.org","@graph":[{"@type":"Article","@id":"https:\/\/www.kirche-hettenhausen.de\/site\/2021\/09\/gottesdienst-des-kooperationsraums-rhoen\/#article","isPartOf":{"@id":"https:\/\/www.kirche-hettenhausen.de\/site\/2021\/09\/gottesdienst-des-kooperationsraums-rhoen\/"},"author":{"name":"Marion Friedrich","@id":"https:\/\/www.kirche-hettenhausen.de\/site\/#\/schema\/person\/7740d89d8f816da861ece2b378a21c57"},"headline":"Gottesdienst des Kooperationsraums Rh\u00f6n","datePublished":"2021-09-05T20:30:03+00:00","dateModified":"2021-09-07T04:43:49+00:00","mainEntityOfPage":{"@id":"https:\/\/www.kirche-hettenhausen.de\/site\/2021\/09\/gottesdienst-des-kooperationsraums-rhoen\/"},"wordCount":217,"image":{"@id":"https:\/\/www.kirche-hettenhausen.de\/site\/2021\/09\/gottesdienst-des-kooperationsraums-rhoen\/#primaryimage"},"thumbnailUrl":"https:\/\/www.kirche-hettenhausen.de\/site\/wp-content\/uploads\/2021\/09\/20210905_110338_1.jpg","keywords":["Corona","Gottesdienst","Kinder","Kindergottesdienst","Kirche mit Kindern","Kooperationsraum Rh\u00f6n","Livestream","Musik","Pfarrer","Singen","Veranstaltungen"],"articleSection":["Gottesdienst","Kirchenmusik","Kooperationsraum Rh\u00f6n","Veranstaltungen"],"inLanguage":"de"},{"@type":"WebPage","@id":"https:\/\/www.kirche-hettenhausen.de\/site\/2021\/09\/gottesdienst-des-kooperationsraums-rhoen\/","url":"https:\/\/www.kirche-hettenhausen.de\/site\/2021\/09\/gottesdienst-des-kooperationsraums-rhoen\/","name":"Gottesdienst des Kooperationsraums Rh\u00f6n - Ev.-luth. Kirchengemeinde Hettenhausen - Dalherda","isPartOf":{"@id":"https:\/\/www.kirche-hettenhausen.de\/site\/#website"},"primaryImageOfPage":{"@id":"https:\/\/www.kirche-hettenhausen.de\/site\/2021\/09\/gottesdienst-des-kooperationsraums-rhoen\/#primaryimage"},"image":{"@id":"https:\/\/www.kirche-hettenhausen.de\/site\/2021\/09\/gottesdienst-des-kooperationsraums-rhoen\/#primaryimage"},"thumbnailUrl":"https:\/\/www.kirche-hettenhausen.de\/site\/wp-content\/uploads\/2021\/09\/20210905_110338_1.jpg","datePublished":"2021-09-05T20:30:03+00:00","dateModified":"2021-09-07T04:43:49+00:00","author":{"@id":"https:\/\/www.kirche-hettenhausen.de\/site\/#\/schema\/person\/7740d89d8f816da861ece2b378a21c57"},"description":"Ev.-luth. Kirchengemeinde Hettenhausen - Dalherda - Gottesdienst des Kooperationsraums Rh\u00f6n -","breadcrumb":{"@id":"https:\/\/www.kirche-hettenhausen.de\/site\/2021\/09\/gottesdienst-des-kooperationsraums-rhoen\/#breadcrumb"},"inLanguage":"de","potentialAction":[{"@type":"ReadAction","target":["https:\/\/www.kirche-hettenhausen.de\/site\/2021\/09\/gottesdienst-des-kooperationsraums-rhoen\/"]}]},{"@type":"ImageObject","inLanguage":"de","@id":"https:\/\/www.kirche-hettenhausen.de\/site\/2021\/09\/gottesdienst-des-kooperationsraums-rhoen\/#primaryimage","url":"https:\/\/www.kirche-hettenhausen.de\/site\/wp-content\/uploads\/2021\/09\/20210905_110338_1.jpg","contentUrl":"https:\/\/www.kirche-hettenhausen.de\/site\/wp-content\/uploads\/2021\/09\/20210905_110338_1.jpg","width":1024,"height":768,"caption":"Gut Weihershof"},{"@type":"BreadcrumbList","@id":"https:\/\/www.kirche-hettenhausen.de\/site\/2021\/09\/gottesdienst-des-kooperationsraums-rhoen\/#breadcrumb","itemListElement":[{"@type":"ListItem","position":1,"name":"Startseite","item":"https:\/\/www.kirche-hettenhausen.de\/site\/"},{"@type":"ListItem","position":2,"name":"Gottesdienst des Kooperationsraums Rh\u00f6n"}]},{"@type":"WebSite","@id":"https:\/\/www.kirche-hettenhausen.de\/site\/#website","url":"https:\/\/www.kirche-hettenhausen.de\/site\/","name":"Ev.-luth. Kirchengemeinde Hettenhausen - Dalherda","description":"Homepage der Ev.-luth. Kirchengemeinde Hettenhausen - Dalherda","potentialAction":[{"@type":"SearchAction","target":{"@type":"EntryPoint","urlTemplate":"https:\/\/www.kirche-hettenhausen.de\/site\/?s={search_term_string}"},"query-input":{"@type":"PropertyValueSpecification","valueRequired":true,"valueName":"search_term_string"}}],"inLanguage":"de"},{"@type":"Person","@id":"https:\/\/www.kirche-hettenhausen.de\/site\/#\/schema\/person\/7740d89d8f816da861ece2b378a21c57","name":"Marion Friedrich","url":"https:\/\/www.kirche-hettenhausen.de\/site\/author\/m-friedrichkirche-hettenhausen-de\/"}]}},"_links":{"self":[{"href":"https:\/\/www.kirche-hettenhausen.de\/site\/wp-json\/wp\/v2\/posts\/10019","targetHints":{"allow":["GET"]}}],"collection":[{"href":"https:\/\/www.kirche-hettenhausen.de\/site\/wp-json\/wp\/v2\/posts"}],"about":[{"href":"https:\/\/www.kirche-hettenhausen.de\/site\/wp-json\/wp\/v2\/types\/post"}],"author":[{"embeddable":true,"href":"https:\/\/www.kirche-hettenhausen.de\/site\/wp-json\/wp\/v2\/users\/2"}],"replies":[{"embeddable":true,"href":"https:\/\/www.kirche-hettenhausen.de\/site\/wp-json\/wp\/v2\/comments?post=10019"}],"version-history":[{"count":15,"href":"https:\/\/www.kirche-hettenhausen.de\/site\/wp-json\/wp\/v2\/posts\/10019\/revisions"}],"predecessor-version":[{"id":10054,"href":"https:\/\/www.kirche-hettenhausen.de\/site\/wp-json\/wp\/v2\/posts\/10019\/revisions\/10054"}],"wp:featuredmedia":[{"embeddable":true,"href":"https:\/\/www.kirche-hettenhausen.de\/site\/wp-json\/wp\/v2\/media\/10024"}],"wp:attachment":[{"href":"https:\/\/www.kirche-hettenhausen.de\/site\/wp-json\/wp\/v2\/media?parent=10019"}],"wp:term":[{"taxonomy":"category","embeddable":true,"href":"https:\/\/www.kirche-hettenhausen.de\/site\/wp-json\/wp\/v2\/categories?post=10019"},{"taxonomy":"post_tag","embeddable":true,"href":"https:\/\/www.kirche-hettenhausen.de\/site\/wp-json\/wp\/v2\/tags?post=10019"}],"curies":[{"name":"wp","href":"https:\/\/api.w.org\/{rel}","templated":true}]}}